{"id":118347,"date":"2024-02-05T00:06:27","date_gmt":"2024-02-05T03:06:27","guid":{"rendered":"https:\/\/infoecos.com.ar\/?p=118347"},"modified":"2024-02-05T00:06:27","modified_gmt":"2024-02-05T03:06:27","slug":"relevamiento-de-la-came-las-ventas-en-comercios-minoristas-descendieron-al-64","status":"publish","type":"post","link":"https:\/\/infoecos.com.ar\/index.php\/relevamiento-de-la-came-las-ventas-en-comercios-minoristas-descendieron-al-64\/","title":{"rendered":"Relevamiento de la CAME: las ventas en comercios minoristas descendieron al 6,4%"},"content":{"rendered":"\n<figure class=\"wp-block-image alignright size-large is-resized\"><img loading=\"lazy\" decoding=\"async\" src=\"https:\/\/infoecos.com.ar\/wp-content\/uploads\/01-3-920x552.jpg\" alt=\"\" class=\"wp-image-59760\" width=\"403\" height=\"242\" srcset=\"https:\/\/infoecos.com.ar\/wp-content\/uploads\/01-3-920x552.jpg 920w, https:\/\/infoecos.com.ar\/wp-content\/uploads\/01-3-460x276.jpg 460w, https:\/\/infoecos.com.ar\/wp-content\/uploads\/01-3-768x461.jpg 768w, https:\/\/infoecos.com.ar\/wp-content\/uploads\/01-3-1024x614.jpg 1024w, https:\/\/infoecos.com.ar\/wp-content\/uploads\/01-3.jpg 1280w\" sizes=\"(max-width: 403px) 100vw, 403px\" \/><figcaption class=\"wp-element-caption\">Comercios<\/figcaption><\/figure>\n\n\n\n<p>Las ventas en los comercios minoristas pymes registraron en enero una ca\u00edda anual de 28,5%, y descendieron en la comparaci\u00f3n mensual 6,4%, seg\u00fan un relevamiento realizado por la Confederaci\u00f3n Argentina de la Mediana Empresa (CAME).<\/p>\n\n\n\n<p>El mes de enero marc\u00f3 una baja de 28,5% interanual, seg\u00fan la medici\u00f3n a precios constantes de CAME, y en t\u00e9rminos intermensuales desestacionalizado, se registr\u00f3 un descenso de 6,4%, impulsado por \u201cun mal desempe\u00f1o en el sector comercial, marcado por escasas transacciones y una baja afluencia de p\u00fablico en los locales\u201d, de acuerdo a la entidad empresaria.<\/p>\n\n\n\n<p>Los resultados surgen del \u00cdndice de Ventas Minoristas Pymes de CAME, elaborado en base a un relevamiento mensual entre 1.256 comercios minoristas del pa\u00eds, realizado del 1 y 2 de febrero de 2024, precis\u00f3 la entidad en un comunicado difundido hoy.<\/p>\n\n\n\n<p>Desde CAME destacaron que \u201ca pesar de este escenario desafiante, el sector textil emergi\u00f3 como la excepci\u00f3n, logrando un aumento del 0,9% en comparaci\u00f3n con enero del a\u00f1o anterior (en aquella ocasi\u00f3n hab\u00eda registrado una baja del 14,4%)\u201d y atribuyeron ese incremento a la combinaci\u00f3n de ofertas atractivas y a las compras realizadas en gran cantidad por turistas internacionales que recorrieron las ciudades argentinas.<\/p>\n\n\n\n<p>Por otro lado, se\u00f1alaron que para el consumidor promedio, en el mes de enero, \u201ctodo result\u00f3 costoso, lo que llev\u00f3 a una selecci\u00f3n m\u00e1s cuidadosa de compras, priorizando las necesidades m\u00e1s urgentes para resguardar ingresos\u201d.<\/p>\n\n\n\n<p>Por sectores, seis de los siete rubros relevados en diciembre registraron ca\u00eddas interanuales en sus ventas, en donde la mayor retracci\u00f3n anual se detect\u00f3 en Farmacias (-45,8% i.a.), seguido por Alimentos y Bebidas (-37,1% i.a) y el \u00fanico sector en alza fue Textil e Indumentaria (+0,9% i.a.).<\/p>\n","protected":false},"excerpt":{"rendered":"<p>El mes de enero marc\u00f3 una baja de 28,5% interanual, seg\u00fan la medici\u00f3n a precios constantes de CAME<\/p>\n","protected":false},"author":2,"featured_media":59760,"comment_status":"closed","ping_status":"open","sticky":false,"template":"","format":"standard","meta":{"footnotes":""},"categories":[45],"tags":[10001],"class_list":["post-118347","post","type-post","status-publish","format-standard","has-post-thumbnail","hentry","category-c1nota2","tag-en-enero"],"yoast_head":"<!-- This site is optimized with the Yoast SEO plugin v23.4 - https:\/\/yoast.com\/wordpress\/plugins\/seo\/ -->\n<title>Relevamiento de la CAME: las ventas en comercios minoristas descendieron al 6,4% - Infoecos<\/title>\n<meta name=\"robots\" content=\"index, follow, max-snippet:-1, max-image-preview:large, max-video-preview:-1\" \/>\n<link rel=\"canonical\" href=\"https:\/\/infoecos.com.ar\/index.php\/relevamiento-de-la-came-las-ventas-en-comercios-minoristas-descendieron-al-64\/\" \/>\n<meta property=\"og:locale\" content=\"es_ES\" \/>\n<meta property=\"og:type\" content=\"article\" \/>\n<meta property=\"og:title\" content=\"Relevamiento de la CAME: las ventas en comercios minoristas descendieron al 6,4% - Infoecos\" \/>\n<meta property=\"og:description\" content=\"El mes de enero marc\u00f3 una baja de 28,5% interanual, seg\u00fan la medici\u00f3n a precios constantes de CAME\" \/>\n<meta property=\"og:url\" content=\"https:\/\/infoecos.com.ar\/index.php\/relevamiento-de-la-came-las-ventas-en-comercios-minoristas-descendieron-al-64\/\" \/>\n<meta property=\"og:site_name\" content=\"Infoecos\" \/>\n<meta property=\"article:publisher\" content=\"https:\/\/www.facebook.com\/profile.php?id=100063200290284\" \/>\n<meta property=\"article:published_time\" content=\"2024-02-05T03:06:27+00:00\" \/>\n<meta property=\"og:image\" content=\"https:\/\/infoecos.com.ar\/wp-content\/uploads\/01-3.jpg\" \/>\n\t<meta property=\"og:image:width\" content=\"1280\" \/>\n\t<meta property=\"og:image:height\" content=\"768\" \/>\n\t<meta property=\"og:image:type\" content=\"image\/jpeg\" \/>\n<meta name=\"author\" content=\"Jorge Matheus\" \/>\n<meta name=\"twitter:card\" content=\"summary_large_image\" \/>\n<meta name=\"twitter:creator\" content=\"@infoecos\" \/>\n<meta name=\"twitter:site\" content=\"@infoecos\" \/>\n<meta name=\"twitter:label1\" content=\"Escrito por\" \/>\n\t<meta name=\"twitter:data1\" content=\"Jorge Matheus\" \/>\n\t<meta name=\"twitter:label2\" content=\"Tiempo de lectura\" \/>\n\t<meta name=\"twitter:data2\" content=\"2 minutos\" \/>\n<script type=\"application\/ld+json\" class=\"yoast-schema-graph\">{\"@context\":\"https:\/\/schema.org\",\"@graph\":[{\"@type\":\"Article\",\"@id\":\"https:\/\/infoecos.com.ar\/index.php\/relevamiento-de-la-came-las-ventas-en-comercios-minoristas-descendieron-al-64\/#article\",\"isPartOf\":{\"@id\":\"https:\/\/infoecos.com.ar\/index.php\/relevamiento-de-la-came-las-ventas-en-comercios-minoristas-descendieron-al-64\/\"},\"author\":{\"name\":\"Jorge Matheus\",\"@id\":\"https:\/\/infoecos.com.ar\/#\/schema\/person\/8f5ace5ce73b4b4aac4b7245aee6f191\"},\"headline\":\"Relevamiento de la CAME: las ventas en comercios minoristas descendieron al 6,4%\",\"datePublished\":\"2024-02-05T03:06:27+00:00\",\"dateModified\":\"2024-02-05T03:06:27+00:00\",\"mainEntityOfPage\":{\"@id\":\"https:\/\/infoecos.com.ar\/index.php\/relevamiento-de-la-came-las-ventas-en-comercios-minoristas-descendieron-al-64\/\"},\"wordCount\":305,\"publisher\":{\"@id\":\"https:\/\/infoecos.com.ar\/#organization\"},\"image\":{\"@id\":\"https:\/\/infoecos.com.ar\/index.php\/relevamiento-de-la-came-las-ventas-en-comercios-minoristas-descendieron-al-64\/#primaryimage\"},\"thumbnailUrl\":\"https:\/\/infoecos.com.ar\/wp-content\/uploads\/01-3.jpg\",\"keywords\":[\"en enero\"],\"articleSection\":[\"C1 N2\"],\"inLanguage\":\"es\"},{\"@type\":\"WebPage\",\"@id\":\"https:\/\/infoecos.com.ar\/index.php\/relevamiento-de-la-came-las-ventas-en-comercios-minoristas-descendieron-al-64\/\",\"url\":\"https:\/\/infoecos.com.ar\/index.php\/relevamiento-de-la-came-las-ventas-en-comercios-minoristas-descendieron-al-64\/\",\"name\":\"Relevamiento de la CAME: las ventas en comercios minoristas descendieron al 6,4% - Infoecos\",\"isPartOf\":{\"@id\":\"https:\/\/infoecos.com.ar\/#website\"},\"primaryImageOfPage\":{\"@id\":\"https:\/\/infoecos.com.ar\/index.php\/relevamiento-de-la-came-las-ventas-en-comercios-minoristas-descendieron-al-64\/#primaryimage\"},\"image\":{\"@id\":\"https:\/\/infoecos.com.ar\/index.php\/relevamiento-de-la-came-las-ventas-en-comercios-minoristas-descendieron-al-64\/#primaryimage\"},\"thumbnailUrl\":\"https:\/\/infoecos.com.ar\/wp-content\/uploads\/01-3.jpg\",\"datePublished\":\"2024-02-05T03:06:27+00:00\",\"dateModified\":\"2024-02-05T03:06:27+00:00\",\"breadcrumb\":{\"@id\":\"https:\/\/infoecos.com.ar\/index.php\/relevamiento-de-la-came-las-ventas-en-comercios-minoristas-descendieron-al-64\/#breadcrumb\"},\"inLanguage\":\"es\",\"potentialAction\":[{\"@type\":\"ReadAction\",\"target\":[\"https:\/\/infoecos.com.ar\/index.php\/relevamiento-de-la-came-las-ventas-en-comercios-minoristas-descendieron-al-64\/\"]}]},{\"@type\":\"ImageObject\",\"inLanguage\":\"es\",\"@id\":\"https:\/\/infoecos.com.ar\/index.php\/relevamiento-de-la-came-las-ventas-en-comercios-minoristas-descendieron-al-64\/#primaryimage\",\"url\":\"https:\/\/infoecos.com.ar\/wp-content\/uploads\/01-3.jpg\",\"contentUrl\":\"https:\/\/infoecos.com.ar\/wp-content\/uploads\/01-3.jpg\",\"width\":1280,\"height\":768,\"caption\":\"Comercios\"},{\"@type\":\"BreadcrumbList\",\"@id\":\"https:\/\/infoecos.com.ar\/index.php\/relevamiento-de-la-came-las-ventas-en-comercios-minoristas-descendieron-al-64\/#breadcrumb\",\"itemListElement\":[{\"@type\":\"ListItem\",\"position\":1,\"name\":\"Portada\",\"item\":\"https:\/\/infoecos.com.ar\/\"},{\"@type\":\"ListItem\",\"position\":2,\"name\":\"Relevamiento de la CAME: las ventas en comercios minoristas descendieron al 6,4%\"}]},{\"@type\":\"WebSite\",\"@id\":\"https:\/\/infoecos.com.ar\/#website\",\"url\":\"https:\/\/infoecos.com.ar\/\",\"name\":\"Infoecos\",\"description\":\"Noticias de trenque lauquen y la zona\",\"publisher\":{\"@id\":\"https:\/\/infoecos.com.ar\/#organization\"},\"alternateName\":\"Noticias\",\"potentialAction\":[{\"@type\":\"SearchAction\",\"target\":{\"@type\":\"EntryPoint\",\"urlTemplate\":\"https:\/\/infoecos.com.ar\/?s={search_term_string}\"},\"query-input\":{\"@type\":\"PropertyValueSpecification\",\"valueRequired\":true,\"valueName\":\"search_term_string\"}}],\"inLanguage\":\"es\"},{\"@type\":\"Organization\",\"@id\":\"https:\/\/infoecos.com.ar\/#organization\",\"name\":\"Infoecos\",\"alternateName\":\"Noticias\",\"url\":\"https:\/\/infoecos.com.ar\/\",\"logo\":{\"@type\":\"ImageObject\",\"inLanguage\":\"es\",\"@id\":\"https:\/\/infoecos.com.ar\/#\/schema\/logo\/image\/\",\"url\":\"https:\/\/infoecos.com.ar\/wp-content\/uploads\/2024\/03\/cropped-logo.png\",\"contentUrl\":\"https:\/\/infoecos.com.ar\/wp-content\/uploads\/2024\/03\/cropped-logo.png\",\"width\":374,\"height\":90,\"caption\":\"Infoecos\"},\"image\":{\"@id\":\"https:\/\/infoecos.com.ar\/#\/schema\/logo\/image\/\"},\"sameAs\":[\"https:\/\/www.facebook.com\/profile.php?id=100063200290284\",\"https:\/\/x.com\/infoecos\"]},{\"@type\":\"Person\",\"@id\":\"https:\/\/infoecos.com.ar\/#\/schema\/person\/8f5ace5ce73b4b4aac4b7245aee6f191\",\"name\":\"Jorge Matheus\",\"url\":\"https:\/\/infoecos.com.ar\/index.php\/author\/jomatheus\/\"}]}<\/script>\n<!-- \/ Yoast SEO plugin. -->","yoast_head_json":{"title":"Relevamiento de la CAME: las ventas en comercios minoristas descendieron al 6,4% - Infoecos","robots":{"index":"index","follow":"follow","max-snippet":"max-snippet:-1","max-image-preview":"max-image-preview:large","max-video-preview":"max-video-preview:-1"},"canonical":"https:\/\/infoecos.com.ar\/index.php\/relevamiento-de-la-came-las-ventas-en-comercios-minoristas-descendieron-al-64\/","og_locale":"es_ES","og_type":"article","og_title":"Relevamiento de la CAME: las ventas en comercios minoristas descendieron al 6,4% - Infoecos","og_description":"El mes de enero marc\u00f3 una baja de 28,5% interanual, seg\u00fan la medici\u00f3n a precios constantes de CAME","og_url":"https:\/\/infoecos.com.ar\/index.php\/relevamiento-de-la-came-las-ventas-en-comercios-minoristas-descendieron-al-64\/","og_site_name":"Infoecos","article_publisher":"https:\/\/www.facebook.com\/profile.php?id=100063200290284","article_published_time":"2024-02-05T03:06:27+00:00","og_image":[{"width":1280,"height":768,"url":"https:\/\/infoecos.com.ar\/wp-content\/uploads\/01-3.jpg","type":"image\/jpeg"}],"author":"Jorge Matheus","twitter_card":"summary_large_image","twitter_creator":"@infoecos","twitter_site":"@infoecos","twitter_misc":{"Escrito por":"Jorge Matheus","Tiempo de lectura":"2 minutos"},"schema":{"@context":"https:\/\/schema.org","@graph":[{"@type":"Article","@id":"https:\/\/infoecos.com.ar\/index.php\/relevamiento-de-la-came-las-ventas-en-comercios-minoristas-descendieron-al-64\/#article","isPartOf":{"@id":"https:\/\/infoecos.com.ar\/index.php\/relevamiento-de-la-came-las-ventas-en-comercios-minoristas-descendieron-al-64\/"},"author":{"name":"Jorge Matheus","@id":"https:\/\/infoecos.com.ar\/#\/schema\/person\/8f5ace5ce73b4b4aac4b7245aee6f191"},"headline":"Relevamiento de la CAME: las ventas en comercios minoristas descendieron al 6,4%","datePublished":"2024-02-05T03:06:27+00:00","dateModified":"2024-02-05T03:06:27+00:00","mainEntityOfPage":{"@id":"https:\/\/infoecos.com.ar\/index.php\/relevamiento-de-la-came-las-ventas-en-comercios-minoristas-descendieron-al-64\/"},"wordCount":305,"publisher":{"@id":"https:\/\/infoecos.com.ar\/#organization"},"image":{"@id":"https:\/\/infoecos.com.ar\/index.php\/relevamiento-de-la-came-las-ventas-en-comercios-minoristas-descendieron-al-64\/#primaryimage"},"thumbnailUrl":"https:\/\/infoecos.com.ar\/wp-content\/uploads\/01-3.jpg","keywords":["en enero"],"articleSection":["C1 N2"],"inLanguage":"es"},{"@type":"WebPage","@id":"https:\/\/infoecos.com.ar\/index.php\/relevamiento-de-la-came-las-ventas-en-comercios-minoristas-descendieron-al-64\/","url":"https:\/\/infoecos.com.ar\/index.php\/relevamiento-de-la-came-las-ventas-en-comercios-minoristas-descendieron-al-64\/","name":"Relevamiento de la CAME: las ventas en comercios minoristas descendieron al 6,4% - Infoecos","isPartOf":{"@id":"https:\/\/infoecos.com.ar\/#website"},"primaryImageOfPage":{"@id":"https:\/\/infoecos.com.ar\/index.php\/relevamiento-de-la-came-las-ventas-en-comercios-minoristas-descendieron-al-64\/#primaryimage"},"image":{"@id":"https:\/\/infoecos.com.ar\/index.php\/relevamiento-de-la-came-las-ventas-en-comercios-minoristas-descendieron-al-64\/#primaryimage"},"thumbnailUrl":"https:\/\/infoecos.com.ar\/wp-content\/uploads\/01-3.jpg","datePublished":"2024-02-05T03:06:27+00:00","dateModified":"2024-02-05T03:06:27+00:00","breadcrumb":{"@id":"https:\/\/infoecos.com.ar\/index.php\/relevamiento-de-la-came-las-ventas-en-comercios-minoristas-descendieron-al-64\/#breadcrumb"},"inLanguage":"es","potentialAction":[{"@type":"ReadAction","target":["https:\/\/infoecos.com.ar\/index.php\/relevamiento-de-la-came-las-ventas-en-comercios-minoristas-descendieron-al-64\/"]}]},{"@type":"ImageObject","inLanguage":"es","@id":"https:\/\/infoecos.com.ar\/index.php\/relevamiento-de-la-came-las-ventas-en-comercios-minoristas-descendieron-al-64\/#primaryimage","url":"https:\/\/infoecos.com.ar\/wp-content\/uploads\/01-3.jpg","contentUrl":"https:\/\/infoecos.com.ar\/wp-content\/uploads\/01-3.jpg","width":1280,"height":768,"caption":"Comercios"},{"@type":"BreadcrumbList","@id":"https:\/\/infoecos.com.ar\/index.php\/relevamiento-de-la-came-las-ventas-en-comercios-minoristas-descendieron-al-64\/#breadcrumb","itemListElement":[{"@type":"ListItem","position":1,"name":"Portada","item":"https:\/\/infoecos.com.ar\/"},{"@type":"ListItem","position":2,"name":"Relevamiento de la CAME: las ventas en comercios minoristas descendieron al 6,4%"}]},{"@type":"WebSite","@id":"https:\/\/infoecos.com.ar\/#website","url":"https:\/\/infoecos.com.ar\/","name":"Infoecos","description":"Noticias de trenque lauquen y la zona","publisher":{"@id":"https:\/\/infoecos.com.ar\/#organization"},"alternateName":"Noticias","potentialAction":[{"@type":"SearchAction","target":{"@type":"EntryPoint","urlTemplate":"https:\/\/infoecos.com.ar\/?s={search_term_string}"},"query-input":{"@type":"PropertyValueSpecification","valueRequired":true,"valueName":"search_term_string"}}],"inLanguage":"es"},{"@type":"Organization","@id":"https:\/\/infoecos.com.ar\/#organization","name":"Infoecos","alternateName":"Noticias","url":"https:\/\/infoecos.com.ar\/","logo":{"@type":"ImageObject","inLanguage":"es","@id":"https:\/\/infoecos.com.ar\/#\/schema\/logo\/image\/","url":"https:\/\/infoecos.com.ar\/wp-content\/uploads\/2024\/03\/cropped-logo.png","contentUrl":"https:\/\/infoecos.com.ar\/wp-content\/uploads\/2024\/03\/cropped-logo.png","width":374,"height":90,"caption":"Infoecos"},"image":{"@id":"https:\/\/infoecos.com.ar\/#\/schema\/logo\/image\/"},"sameAs":["https:\/\/www.facebook.com\/profile.php?id=100063200290284","https:\/\/x.com\/infoecos"]},{"@type":"Person","@id":"https:\/\/infoecos.com.ar\/#\/schema\/person\/8f5ace5ce73b4b4aac4b7245aee6f191","name":"Jorge Matheus","url":"https:\/\/infoecos.com.ar\/index.php\/author\/jomatheus\/"}]}},"featured_image_urls":{"full":["https:\/\/infoecos.com.ar\/wp-content\/uploads\/01-3.jpg",1280,768,false],"thumbnail":["https:\/\/infoecos.com.ar\/wp-content\/uploads\/01-3-150x150.jpg",150,150,true],"medium":["https:\/\/infoecos.com.ar\/wp-content\/uploads\/01-3-460x276.jpg",460,276,true],"medium_large":["https:\/\/infoecos.com.ar\/wp-content\/uploads\/01-3-768x461.jpg",640,384,true],"large":["https:\/\/infoecos.com.ar\/wp-content\/uploads\/01-3-920x552.jpg",640,384,true],"1536x1536":["https:\/\/infoecos.com.ar\/wp-content\/uploads\/01-3.jpg",1280,768,false],"2048x2048":["https:\/\/infoecos.com.ar\/wp-content\/uploads\/01-3.jpg",1280,768,false],"covernews-slider-full":["https:\/\/infoecos.com.ar\/wp-content\/uploads\/01-3.jpg",1115,669,false],"covernews-slider-center":["https:\/\/infoecos.com.ar\/wp-content\/uploads\/01-3-936x768.jpg",609,500,true],"covernews-featured":["https:\/\/infoecos.com.ar\/wp-content\/uploads\/01-3-1024x614.jpg",1024,614,true],"covernews-medium":["https:\/\/infoecos.com.ar\/wp-content\/uploads\/01-3-720x380.jpg",540,285,true],"covernews-medium-square":["https:\/\/infoecos.com.ar\/wp-content\/uploads\/01-3-675x450.jpg",375,250,true]},"author_info":{"info":["Jorge Matheus"]},"category_info":"<a href=\"https:\/\/infoecos.com.ar\/index.php\/category\/c1nota2\/\" rel=\"category tag\">C1 N2<\/a>","tag_info":"C1 N2","comment_count":"0","_links":{"self":[{"href":"https:\/\/infoecos.com.ar\/index.php\/wp-json\/wp\/v2\/posts\/118347"}],"collection":[{"href":"https:\/\/infoecos.com.ar\/index.php\/wp-json\/wp\/v2\/posts"}],"about":[{"href":"https:\/\/infoecos.com.ar\/index.php\/wp-json\/wp\/v2\/types\/post"}],"author":[{"embeddable":true,"href":"https:\/\/infoecos.com.ar\/index.php\/wp-json\/wp\/v2\/users\/2"}],"replies":[{"embeddable":true,"href":"https:\/\/infoecos.com.ar\/index.php\/wp-json\/wp\/v2\/comments?post=118347"}],"version-history":[{"count":1,"href":"https:\/\/infoecos.com.ar\/index.php\/wp-json\/wp\/v2\/posts\/118347\/revisions"}],"predecessor-version":[{"id":118348,"href":"https:\/\/infoecos.com.ar\/index.php\/wp-json\/wp\/v2\/posts\/118347\/revisions\/118348"}],"wp:featuredmedia":[{"embeddable":true,"href":"https:\/\/infoecos.com.ar\/index.php\/wp-json\/wp\/v2\/media\/59760"}],"wp:attachment":[{"href":"https:\/\/infoecos.com.ar\/index.php\/wp-json\/wp\/v2\/media?parent=118347"}],"wp:term":[{"taxonomy":"category","embeddable":true,"href":"https:\/\/infoecos.com.ar\/index.php\/wp-json\/wp\/v2\/categories?post=118347"},{"taxonomy":"post_tag","embeddable":true,"href":"https:\/\/infoecos.com.ar\/index.php\/wp-json\/wp\/v2\/tags?post=118347"}],"curies":[{"name":"wp","href":"https:\/\/api.w.org\/{rel}","templated":true}]}}