{"id":118465,"date":"2024-02-07T04:50:41","date_gmt":"2024-02-07T07:50:41","guid":{"rendered":"https:\/\/infoecos.com.ar\/?p=118465"},"modified":"2024-02-07T04:50:41","modified_gmt":"2024-02-07T07:50:41","slug":"se-realiza-en-pehuajo-la-decima-edicion-del-festival-internacional-de-cine","status":"publish","type":"post","link":"https:\/\/infoecos.com.ar\/index.php\/se-realiza-en-pehuajo-la-decima-edicion-del-festival-internacional-de-cine\/","title":{"rendered":"Se realiza en Pehuaj\u00f3 la D\u00e9cima Edici\u00f3n del Festival Internacional de Cine"},"content":{"rendered":"\n<p>La D\u00e9cima Edici\u00f3n del FIC PEHUAJ\u00d3 ofrecer\u00e1 una exhibici\u00f3n de cortos y largometrajes locales, regionales, nacionales e internacionales desde los d\u00edas 6 al 12 de febrero en las instalaciones del Cine Zurro, con entrada libre y gratuita. Adem\u00e1s de charlas con directores y trabajadores del \u00e1rea audiovisual.<\/p>\n\n\n\n<p>La programaci\u00f3n incluye largometrajes nacionales como: M\u00e9xico 71 (Carolina Gil Solari y Carolina Fern\u00e1ndez), La bruja de Hitler (Virna Molina y Ernesto Ardito), Los m\u00e9dicos de Nietzsche (Jorge Leandro Col\u00e1s), Alemania (Mar\u00eda Zanetti), Lago Escondido, Soberan\u00eda en juego (Camilo G\u00f3mez Montero), El Castillo (Mart\u00edn Benchimol), Una mirada honesta (Roberto Persano y Santiago Nacif), El coso (N\u00e9stor Frenkel), entre otros.<\/p>\n\n\n\n<p>Dentro de las pel\u00edculas locales y regionales se encuentran: Esta mujer (Fancisco \u201cPanchi\u201d Anan\u00eda), La sutileza de las formas (Miki Francisco \u2013 Bol\u00edvar), Caut\u00edvame (Carlos Lasso \u2013 Henderson), Los Fabriqueros (Luis Gagnolo \u2013 Trenque Lauquen) y Abandono de cargo (Alejandro Vagnenkos \u2013 Lobos).<\/p>\n\n\n\n<p>En esta oportunidad, llegar\u00e1 a Pehuaj\u00f3 Bye Bye Amaz\u00f4nia del reconocido cineasta brasile\u00f1o Neville D\u00b4Almeida. Se trata de un documental estreno en Argentina, exclusivo para el FICP. Julianne Chaves, directora de fotograf\u00eda y montajista estar\u00e1 presente en la funci\u00f3n para dialogar con el p\u00fablico. Asimismo, se proyectar\u00e1n cortometrajes provenientes de Uruguay, Espa\u00f1a, Rusia, y de distintos puntos de Argentina.<\/p>\n\n\n\n<p>Este a\u00f1o se impartir\u00e1n presentaciones de directores y trabajadores de la industria audiovisual nacional. Como tambi\u00e9n, paneles de realizadores regionales compartiendo sus experiencias de rodaje en el territorio y un conversatorio sobre producci\u00f3n audiovisual en Argentina y Brasil.&nbsp;<\/p>\n","protected":false},"excerpt":{"rendered":"<p>Pel\u00edculas locales y regionales: Esta mujer (Fancisco \u201cPanchi\u201d Anan\u00eda), La sutileza de las formas (Miki Francisco \u2013 Bol\u00edvar), Caut\u00edvame (Carlos Lasso \u2013 Henderson), Los Fabriqueros (Luis Gagnolo \u2013 Trenque Lauquen) y Abandono de cargo (Alejandro Vagnenkos \u2013 Lobos)<\/p>\n","protected":false},"author":2,"featured_media":105135,"comment_status":"closed","ping_status":"open","sticky":false,"template":"","format":"standard","meta":{"footnotes":""},"categories":[45],"tags":[10016],"class_list":["post-118465","post","type-post","status-publish","format-standard","has-post-thumbnail","hentry","category-c1nota2","tag-hasta-el12-de-febrero"],"yoast_head":"<!-- This site is optimized with the Yoast SEO plugin v23.4 - https:\/\/yoast.com\/wordpress\/plugins\/seo\/ -->\n<title>Se realiza en Pehuaj\u00f3 la D\u00e9cima Edici\u00f3n del Festival Internacional de Cine - Infoecos<\/title>\n<meta name=\"robots\" content=\"index, follow, max-snippet:-1, max-image-preview:large, max-video-preview:-1\" \/>\n<link rel=\"canonical\" href=\"https:\/\/infoecos.com.ar\/index.php\/se-realiza-en-pehuajo-la-decima-edicion-del-festival-internacional-de-cine\/\" \/>\n<meta property=\"og:locale\" content=\"es_ES\" \/>\n<meta property=\"og:type\" content=\"article\" \/>\n<meta property=\"og:title\" content=\"Se realiza en Pehuaj\u00f3 la D\u00e9cima Edici\u00f3n del Festival Internacional de Cine - Infoecos\" \/>\n<meta property=\"og:description\" content=\"Pel\u00edculas locales y regionales: Esta mujer (Fancisco \u201cPanchi\u201d Anan\u00eda), La sutileza de las formas (Miki Francisco \u2013 Bol\u00edvar), Caut\u00edvame (Carlos Lasso \u2013 Henderson), Los Fabriqueros (Luis Gagnolo \u2013 Trenque Lauquen) y Abandono de cargo (Alejandro Vagnenkos \u2013 Lobos)\" \/>\n<meta property=\"og:url\" content=\"https:\/\/infoecos.com.ar\/index.php\/se-realiza-en-pehuajo-la-decima-edicion-del-festival-internacional-de-cine\/\" \/>\n<meta property=\"og:site_name\" content=\"Infoecos\" \/>\n<meta property=\"article:publisher\" content=\"https:\/\/www.facebook.com\/profile.php?id=100063200290284\" \/>\n<meta property=\"article:published_time\" content=\"2024-02-07T07:50:41+00:00\" \/>\n<meta property=\"og:image\" content=\"https:\/\/infoecos.com.ar\/wp-content\/uploads\/2023\/05\/cinezurro.jpg\" \/>\n\t<meta property=\"og:image:width\" content=\"1600\" \/>\n\t<meta property=\"og:image:height\" content=\"758\" \/>\n\t<meta property=\"og:image:type\" content=\"image\/jpeg\" \/>\n<meta name=\"author\" content=\"Jorge Matheus\" \/>\n<meta name=\"twitter:card\" content=\"summary_large_image\" \/>\n<meta name=\"twitter:creator\" content=\"@infoecos\" \/>\n<meta name=\"twitter:site\" content=\"@infoecos\" \/>\n<meta name=\"twitter:label1\" content=\"Escrito por\" \/>\n\t<meta name=\"twitter:data1\" content=\"Jorge Matheus\" \/>\n\t<meta name=\"twitter:label2\" content=\"Tiempo de lectura\" \/>\n\t<meta name=\"twitter:data2\" content=\"2 minutos\" \/>\n<script type=\"application\/ld+json\" class=\"yoast-schema-graph\">{\"@context\":\"https:\/\/schema.org\",\"@graph\":[{\"@type\":\"Article\",\"@id\":\"https:\/\/infoecos.com.ar\/index.php\/se-realiza-en-pehuajo-la-decima-edicion-del-festival-internacional-de-cine\/#article\",\"isPartOf\":{\"@id\":\"https:\/\/infoecos.com.ar\/index.php\/se-realiza-en-pehuajo-la-decima-edicion-del-festival-internacional-de-cine\/\"},\"author\":{\"name\":\"Jorge Matheus\",\"@id\":\"https:\/\/infoecos.com.ar\/#\/schema\/person\/8f5ace5ce73b4b4aac4b7245aee6f191\"},\"headline\":\"Se realiza en Pehuaj\u00f3 la D\u00e9cima Edici\u00f3n del Festival Internacional de Cine\",\"datePublished\":\"2024-02-07T07:50:41+00:00\",\"dateModified\":\"2024-02-07T07:50:41+00:00\",\"mainEntityOfPage\":{\"@id\":\"https:\/\/infoecos.com.ar\/index.php\/se-realiza-en-pehuajo-la-decima-edicion-del-festival-internacional-de-cine\/\"},\"wordCount\":285,\"publisher\":{\"@id\":\"https:\/\/infoecos.com.ar\/#organization\"},\"image\":{\"@id\":\"https:\/\/infoecos.com.ar\/index.php\/se-realiza-en-pehuajo-la-decima-edicion-del-festival-internacional-de-cine\/#primaryimage\"},\"thumbnailUrl\":\"https:\/\/infoecos.com.ar\/wp-content\/uploads\/2023\/05\/cinezurro.jpg\",\"keywords\":[\"Hasta el12 de febrero\"],\"articleSection\":[\"C1 N2\"],\"inLanguage\":\"es\"},{\"@type\":\"WebPage\",\"@id\":\"https:\/\/infoecos.com.ar\/index.php\/se-realiza-en-pehuajo-la-decima-edicion-del-festival-internacional-de-cine\/\",\"url\":\"https:\/\/infoecos.com.ar\/index.php\/se-realiza-en-pehuajo-la-decima-edicion-del-festival-internacional-de-cine\/\",\"name\":\"Se realiza en Pehuaj\u00f3 la D\u00e9cima Edici\u00f3n del Festival Internacional de Cine - Infoecos\",\"isPartOf\":{\"@id\":\"https:\/\/infoecos.com.ar\/#website\"},\"primaryImageOfPage\":{\"@id\":\"https:\/\/infoecos.com.ar\/index.php\/se-realiza-en-pehuajo-la-decima-edicion-del-festival-internacional-de-cine\/#primaryimage\"},\"image\":{\"@id\":\"https:\/\/infoecos.com.ar\/index.php\/se-realiza-en-pehuajo-la-decima-edicion-del-festival-internacional-de-cine\/#primaryimage\"},\"thumbnailUrl\":\"https:\/\/infoecos.com.ar\/wp-content\/uploads\/2023\/05\/cinezurro.jpg\",\"datePublished\":\"2024-02-07T07:50:41+00:00\",\"dateModified\":\"2024-02-07T07:50:41+00:00\",\"breadcrumb\":{\"@id\":\"https:\/\/infoecos.com.ar\/index.php\/se-realiza-en-pehuajo-la-decima-edicion-del-festival-internacional-de-cine\/#breadcrumb\"},\"inLanguage\":\"es\",\"potentialAction\":[{\"@type\":\"ReadAction\",\"target\":[\"https:\/\/infoecos.com.ar\/index.php\/se-realiza-en-pehuajo-la-decima-edicion-del-festival-internacional-de-cine\/\"]}]},{\"@type\":\"ImageObject\",\"inLanguage\":\"es\",\"@id\":\"https:\/\/infoecos.com.ar\/index.php\/se-realiza-en-pehuajo-la-decima-edicion-del-festival-internacional-de-cine\/#primaryimage\",\"url\":\"https:\/\/infoecos.com.ar\/wp-content\/uploads\/2023\/05\/cinezurro.jpg\",\"contentUrl\":\"https:\/\/infoecos.com.ar\/wp-content\/uploads\/2023\/05\/cinezurro.jpg\",\"width\":1600,\"height\":758},{\"@type\":\"BreadcrumbList\",\"@id\":\"https:\/\/infoecos.com.ar\/index.php\/se-realiza-en-pehuajo-la-decima-edicion-del-festival-internacional-de-cine\/#breadcrumb\",\"itemListElement\":[{\"@type\":\"ListItem\",\"position\":1,\"name\":\"Portada\",\"item\":\"https:\/\/infoecos.com.ar\/\"},{\"@type\":\"ListItem\",\"position\":2,\"name\":\"Se realiza en Pehuaj\u00f3 la D\u00e9cima Edici\u00f3n del Festival Internacional de Cine\"}]},{\"@type\":\"WebSite\",\"@id\":\"https:\/\/infoecos.com.ar\/#website\",\"url\":\"https:\/\/infoecos.com.ar\/\",\"name\":\"Infoecos\",\"description\":\"Noticias de trenque lauquen y la zona\",\"publisher\":{\"@id\":\"https:\/\/infoecos.com.ar\/#organization\"},\"alternateName\":\"Noticias\",\"potentialAction\":[{\"@type\":\"SearchAction\",\"target\":{\"@type\":\"EntryPoint\",\"urlTemplate\":\"https:\/\/infoecos.com.ar\/?s={search_term_string}\"},\"query-input\":{\"@type\":\"PropertyValueSpecification\",\"valueRequired\":true,\"valueName\":\"search_term_string\"}}],\"inLanguage\":\"es\"},{\"@type\":\"Organization\",\"@id\":\"https:\/\/infoecos.com.ar\/#organization\",\"name\":\"Infoecos\",\"alternateName\":\"Noticias\",\"url\":\"https:\/\/infoecos.com.ar\/\",\"logo\":{\"@type\":\"ImageObject\",\"inLanguage\":\"es\",\"@id\":\"https:\/\/infoecos.com.ar\/#\/schema\/logo\/image\/\",\"url\":\"https:\/\/infoecos.com.ar\/wp-content\/uploads\/2024\/03\/cropped-logo.png\",\"contentUrl\":\"https:\/\/infoecos.com.ar\/wp-content\/uploads\/2024\/03\/cropped-logo.png\",\"width\":374,\"height\":90,\"caption\":\"Infoecos\"},\"image\":{\"@id\":\"https:\/\/infoecos.com.ar\/#\/schema\/logo\/image\/\"},\"sameAs\":[\"https:\/\/www.facebook.com\/profile.php?id=100063200290284\",\"https:\/\/x.com\/infoecos\"]},{\"@type\":\"Person\",\"@id\":\"https:\/\/infoecos.com.ar\/#\/schema\/person\/8f5ace5ce73b4b4aac4b7245aee6f191\",\"name\":\"Jorge Matheus\",\"url\":\"https:\/\/infoecos.com.ar\/index.php\/author\/jomatheus\/\"}]}<\/script>\n<!-- \/ Yoast SEO plugin. -->","yoast_head_json":{"title":"Se realiza en Pehuaj\u00f3 la D\u00e9cima Edici\u00f3n del Festival Internacional de Cine - Infoecos","robots":{"index":"index","follow":"follow","max-snippet":"max-snippet:-1","max-image-preview":"max-image-preview:large","max-video-preview":"max-video-preview:-1"},"canonical":"https:\/\/infoecos.com.ar\/index.php\/se-realiza-en-pehuajo-la-decima-edicion-del-festival-internacional-de-cine\/","og_locale":"es_ES","og_type":"article","og_title":"Se realiza en Pehuaj\u00f3 la D\u00e9cima Edici\u00f3n del Festival Internacional de Cine - Infoecos","og_description":"Pel\u00edculas locales y regionales: Esta mujer (Fancisco \u201cPanchi\u201d Anan\u00eda), La sutileza de las formas (Miki Francisco \u2013 Bol\u00edvar), Caut\u00edvame (Carlos Lasso \u2013 Henderson), Los Fabriqueros (Luis Gagnolo \u2013 Trenque Lauquen) y Abandono de cargo (Alejandro Vagnenkos \u2013 Lobos)","og_url":"https:\/\/infoecos.com.ar\/index.php\/se-realiza-en-pehuajo-la-decima-edicion-del-festival-internacional-de-cine\/","og_site_name":"Infoecos","article_publisher":"https:\/\/www.facebook.com\/profile.php?id=100063200290284","article_published_time":"2024-02-07T07:50:41+00:00","og_image":[{"width":1600,"height":758,"url":"https:\/\/infoecos.com.ar\/wp-content\/uploads\/2023\/05\/cinezurro.jpg","type":"image\/jpeg"}],"author":"Jorge Matheus","twitter_card":"summary_large_image","twitter_creator":"@infoecos","twitter_site":"@infoecos","twitter_misc":{"Escrito por":"Jorge Matheus","Tiempo de lectura":"2 minutos"},"schema":{"@context":"https:\/\/schema.org","@graph":[{"@type":"Article","@id":"https:\/\/infoecos.com.ar\/index.php\/se-realiza-en-pehuajo-la-decima-edicion-del-festival-internacional-de-cine\/#article","isPartOf":{"@id":"https:\/\/infoecos.com.ar\/index.php\/se-realiza-en-pehuajo-la-decima-edicion-del-festival-internacional-de-cine\/"},"author":{"name":"Jorge Matheus","@id":"https:\/\/infoecos.com.ar\/#\/schema\/person\/8f5ace5ce73b4b4aac4b7245aee6f191"},"headline":"Se realiza en Pehuaj\u00f3 la D\u00e9cima Edici\u00f3n del Festival Internacional de Cine","datePublished":"2024-02-07T07:50:41+00:00","dateModified":"2024-02-07T07:50:41+00:00","mainEntityOfPage":{"@id":"https:\/\/infoecos.com.ar\/index.php\/se-realiza-en-pehuajo-la-decima-edicion-del-festival-internacional-de-cine\/"},"wordCount":285,"publisher":{"@id":"https:\/\/infoecos.com.ar\/#organization"},"image":{"@id":"https:\/\/infoecos.com.ar\/index.php\/se-realiza-en-pehuajo-la-decima-edicion-del-festival-internacional-de-cine\/#primaryimage"},"thumbnailUrl":"https:\/\/infoecos.com.ar\/wp-content\/uploads\/2023\/05\/cinezurro.jpg","keywords":["Hasta el12 de febrero"],"articleSection":["C1 N2"],"inLanguage":"es"},{"@type":"WebPage","@id":"https:\/\/infoecos.com.ar\/index.php\/se-realiza-en-pehuajo-la-decima-edicion-del-festival-internacional-de-cine\/","url":"https:\/\/infoecos.com.ar\/index.php\/se-realiza-en-pehuajo-la-decima-edicion-del-festival-internacional-de-cine\/","name":"Se realiza en Pehuaj\u00f3 la D\u00e9cima Edici\u00f3n del Festival Internacional de Cine - Infoecos","isPartOf":{"@id":"https:\/\/infoecos.com.ar\/#website"},"primaryImageOfPage":{"@id":"https:\/\/infoecos.com.ar\/index.php\/se-realiza-en-pehuajo-la-decima-edicion-del-festival-internacional-de-cine\/#primaryimage"},"image":{"@id":"https:\/\/infoecos.com.ar\/index.php\/se-realiza-en-pehuajo-la-decima-edicion-del-festival-internacional-de-cine\/#primaryimage"},"thumbnailUrl":"https:\/\/infoecos.com.ar\/wp-content\/uploads\/2023\/05\/cinezurro.jpg","datePublished":"2024-02-07T07:50:41+00:00","dateModified":"2024-02-07T07:50:41+00:00","breadcrumb":{"@id":"https:\/\/infoecos.com.ar\/index.php\/se-realiza-en-pehuajo-la-decima-edicion-del-festival-internacional-de-cine\/#breadcrumb"},"inLanguage":"es","potentialAction":[{"@type":"ReadAction","target":["https:\/\/infoecos.com.ar\/index.php\/se-realiza-en-pehuajo-la-decima-edicion-del-festival-internacional-de-cine\/"]}]},{"@type":"ImageObject","inLanguage":"es","@id":"https:\/\/infoecos.com.ar\/index.php\/se-realiza-en-pehuajo-la-decima-edicion-del-festival-internacional-de-cine\/#primaryimage","url":"https:\/\/infoecos.com.ar\/wp-content\/uploads\/2023\/05\/cinezurro.jpg","contentUrl":"https:\/\/infoecos.com.ar\/wp-content\/uploads\/2023\/05\/cinezurro.jpg","width":1600,"height":758},{"@type":"BreadcrumbList","@id":"https:\/\/infoecos.com.ar\/index.php\/se-realiza-en-pehuajo-la-decima-edicion-del-festival-internacional-de-cine\/#breadcrumb","itemListElement":[{"@type":"ListItem","position":1,"name":"Portada","item":"https:\/\/infoecos.com.ar\/"},{"@type":"ListItem","position":2,"name":"Se realiza en Pehuaj\u00f3 la D\u00e9cima Edici\u00f3n del Festival Internacional de Cine"}]},{"@type":"WebSite","@id":"https:\/\/infoecos.com.ar\/#website","url":"https:\/\/infoecos.com.ar\/","name":"Infoecos","description":"Noticias de trenque lauquen y la zona","publisher":{"@id":"https:\/\/infoecos.com.ar\/#organization"},"alternateName":"Noticias","potentialAction":[{"@type":"SearchAction","target":{"@type":"EntryPoint","urlTemplate":"https:\/\/infoecos.com.ar\/?s={search_term_string}"},"query-input":{"@type":"PropertyValueSpecification","valueRequired":true,"valueName":"search_term_string"}}],"inLanguage":"es"},{"@type":"Organization","@id":"https:\/\/infoecos.com.ar\/#organization","name":"Infoecos","alternateName":"Noticias","url":"https:\/\/infoecos.com.ar\/","logo":{"@type":"ImageObject","inLanguage":"es","@id":"https:\/\/infoecos.com.ar\/#\/schema\/logo\/image\/","url":"https:\/\/infoecos.com.ar\/wp-content\/uploads\/2024\/03\/cropped-logo.png","contentUrl":"https:\/\/infoecos.com.ar\/wp-content\/uploads\/2024\/03\/cropped-logo.png","width":374,"height":90,"caption":"Infoecos"},"image":{"@id":"https:\/\/infoecos.com.ar\/#\/schema\/logo\/image\/"},"sameAs":["https:\/\/www.facebook.com\/profile.php?id=100063200290284","https:\/\/x.com\/infoecos"]},{"@type":"Person","@id":"https:\/\/infoecos.com.ar\/#\/schema\/person\/8f5ace5ce73b4b4aac4b7245aee6f191","name":"Jorge Matheus","url":"https:\/\/infoecos.com.ar\/index.php\/author\/jomatheus\/"}]}},"featured_image_urls":{"full":["https:\/\/infoecos.com.ar\/wp-content\/uploads\/2023\/05\/cinezurro.jpg",1600,758,false],"thumbnail":["https:\/\/infoecos.com.ar\/wp-content\/uploads\/2023\/05\/cinezurro-300x150.jpg",300,150,true],"medium":["https:\/\/infoecos.com.ar\/wp-content\/uploads\/2023\/05\/cinezurro-800x379.jpg",800,379,true],"medium_large":["https:\/\/infoecos.com.ar\/wp-content\/uploads\/2023\/05\/cinezurro-768x364.jpg",640,303,true],"large":["https:\/\/infoecos.com.ar\/wp-content\/uploads\/2023\/05\/cinezurro.jpg",640,303,false],"1536x1536":["https:\/\/infoecos.com.ar\/wp-content\/uploads\/2023\/05\/cinezurro-1536x728.jpg",1536,728,true],"2048x2048":["https:\/\/infoecos.com.ar\/wp-content\/uploads\/2023\/05\/cinezurro.jpg",1600,758,false],"covernews-slider-full":["https:\/\/infoecos.com.ar\/wp-content\/uploads\/2023\/05\/cinezurro-1536x758.jpg",1115,550,true],"covernews-slider-center":["https:\/\/infoecos.com.ar\/wp-content\/uploads\/2023\/05\/cinezurro-936x758.jpg",617,500,true],"covernews-featured":["https:\/\/infoecos.com.ar\/wp-content\/uploads\/2023\/05\/cinezurro-1024x485.jpg",1024,485,true],"covernews-medium":["https:\/\/infoecos.com.ar\/wp-content\/uploads\/2023\/05\/cinezurro-720x380.jpg",540,285,true],"covernews-medium-square":["https:\/\/infoecos.com.ar\/wp-content\/uploads\/2023\/05\/cinezurro-675x450.jpg",375,250,true]},"author_info":{"info":["Jorge Matheus"]},"category_info":"<a href=\"https:\/\/infoecos.com.ar\/index.php\/category\/c1nota2\/\" rel=\"category tag\">C1 N2<\/a>","tag_info":"C1 N2","comment_count":"0","_links":{"self":[{"href":"https:\/\/infoecos.com.ar\/index.php\/wp-json\/wp\/v2\/posts\/118465"}],"collection":[{"href":"https:\/\/infoecos.com.ar\/index.php\/wp-json\/wp\/v2\/posts"}],"about":[{"href":"https:\/\/infoecos.com.ar\/index.php\/wp-json\/wp\/v2\/types\/post"}],"author":[{"embeddable":true,"href":"https:\/\/infoecos.com.ar\/index.php\/wp-json\/wp\/v2\/users\/2"}],"replies":[{"embeddable":true,"href":"https:\/\/infoecos.com.ar\/index.php\/wp-json\/wp\/v2\/comments?post=118465"}],"version-history":[{"count":1,"href":"https:\/\/infoecos.com.ar\/index.php\/wp-json\/wp\/v2\/posts\/118465\/revisions"}],"predecessor-version":[{"id":118466,"href":"https:\/\/infoecos.com.ar\/index.php\/wp-json\/wp\/v2\/posts\/118465\/revisions\/118466"}],"wp:featuredmedia":[{"embeddable":true,"href":"https:\/\/infoecos.com.ar\/index.php\/wp-json\/wp\/v2\/media\/105135"}],"wp:attachment":[{"href":"https:\/\/infoecos.com.ar\/index.php\/wp-json\/wp\/v2\/media?parent=118465"}],"wp:term":[{"taxonomy":"category","embeddable":true,"href":"https:\/\/infoecos.com.ar\/index.php\/wp-json\/wp\/v2\/categories?post=118465"},{"taxonomy":"post_tag","embeddable":true,"href":"https:\/\/infoecos.com.ar\/index.php\/wp-json\/wp\/v2\/tags?post=118465"}],"curies":[{"name":"wp","href":"https:\/\/api.w.org\/{rel}","templated":true}]}}