{"id":118495,"date":"2024-02-07T14:24:40","date_gmt":"2024-02-07T17:24:40","guid":{"rendered":"https:\/\/infoecos.com.ar\/?p=118495"},"modified":"2024-02-08T00:48:43","modified_gmt":"2024-02-08T03:48:43","slug":"kicillof-dejo-inaugurado-el-nuevo-edificio-de-la-escuela-tecnica-de-caruhe-y-lanzo-dardos-a-milei","status":"publish","type":"post","link":"https:\/\/infoecos.com.ar\/index.php\/kicillof-dejo-inaugurado-el-nuevo-edificio-de-la-escuela-tecnica-de-caruhe-y-lanzo-dardos-a-milei\/","title":{"rendered":"Kicillof dej\u00f3 inaugurado el nuevo edificio de la Escuela T\u00e9cnica de Caruh\u00e9 y lanz\u00f3 dardos a Milei"},"content":{"rendered":"\n<figure class=\"wp-block-image alignright size-large is-resized\"><img loading=\"lazy\" decoding=\"async\" src=\"https:\/\/infoecos.com.ar\/wp-content\/uploads\/2024\/02\/GFv8km-XMAAySbb-1600x1066.jpg\" alt=\"\" class=\"wp-image-118496\" width=\"335\" height=\"222\" srcset=\"https:\/\/infoecos.com.ar\/wp-content\/uploads\/2024\/02\/GFv8km-XMAAySbb-1600x1066.jpg 1600w, https:\/\/infoecos.com.ar\/wp-content\/uploads\/2024\/02\/GFv8km-XMAAySbb-800x533.jpg 800w, https:\/\/infoecos.com.ar\/wp-content\/uploads\/2024\/02\/GFv8km-XMAAySbb-768x512.jpg 768w, https:\/\/infoecos.com.ar\/wp-content\/uploads\/2024\/02\/GFv8km-XMAAySbb-1536x1020.jpg 1536w, https:\/\/infoecos.com.ar\/wp-content\/uploads\/2024\/02\/GFv8km-XMAAySbb-2048x1365.jpg 2048w, https:\/\/infoecos.com.ar\/wp-content\/uploads\/2024\/02\/GFv8km-XMAAySbb-1024x683.jpg 1024w, https:\/\/infoecos.com.ar\/wp-content\/uploads\/2024\/02\/GFv8km-XMAAySbb-675x450.jpg 675w\" sizes=\"(max-width: 335px) 100vw, 335px\" \/><\/figure>\n\n\n\n<p>\u00abLos recursos que nos quieren quitar est\u00e1n ac\u00e1, en m\u00e1s y mejores escuelas para los bonaerenses. Ese es el mandato que nos dio el pueblo de la provincia y el rumbo que vamos a seguir defendiendo\u00bb, escribi\u00f3 en su cuenta de X (@Kicillofok) el gobernador de la provincia de Buenos Aires, Axel Kicillof, al dejar inaugurado un nuevo edifico para la Escuela T\u00e9cnica n\u00famero 1 de Carhu\u00e9. <\/p>\n\n\n\n<p>El mandatario bonaerense expuso tambien que \u00ablos pibes y pibas ya no tendr\u00e1n que compartir espacio con otras instituciones y eso es lo que nos produce mayor satisfacci\u00f3n: saber que desde hoy cuentan con un lugar de calidad que les pertenece\u00bb.<\/p>\n\n\n\n<figure class=\"wp-block-gallery has-nested-images columns-default is-cropped wp-block-gallery-1 is-layout-flex wp-block-gallery-is-layout-flex\">\n<figure class=\"wp-block-image size-large\"><img loading=\"lazy\" decoding=\"async\" width=\"1600\" height=\"1067\" data-id=\"118499\" src=\"https:\/\/infoecos.com.ar\/wp-content\/uploads\/2024\/02\/GFv8hqTXgAAZPjj-1600x1067.jpg\" alt=\"\" class=\"wp-image-118499\" srcset=\"https:\/\/infoecos.com.ar\/wp-content\/uploads\/2024\/02\/GFv8hqTXgAAZPjj-1600x1067.jpg 1600w, https:\/\/infoecos.com.ar\/wp-content\/uploads\/2024\/02\/GFv8hqTXgAAZPjj-800x533.jpg 800w, https:\/\/infoecos.com.ar\/wp-content\/uploads\/2024\/02\/GFv8hqTXgAAZPjj-768x512.jpg 768w, https:\/\/infoecos.com.ar\/wp-content\/uploads\/2024\/02\/GFv8hqTXgAAZPjj-1536x1024.jpg 1536w, https:\/\/infoecos.com.ar\/wp-content\/uploads\/2024\/02\/GFv8hqTXgAAZPjj-2048x1366.jpg 2048w, https:\/\/infoecos.com.ar\/wp-content\/uploads\/2024\/02\/GFv8hqTXgAAZPjj-1024x683.jpg 1024w, https:\/\/infoecos.com.ar\/wp-content\/uploads\/2024\/02\/GFv8hqTXgAAZPjj-675x450.jpg 675w\" sizes=\"(max-width: 1600px) 100vw, 1600px\" \/><\/figure>\n\n\n\n<figure class=\"wp-block-image size-large\"><img loading=\"lazy\" decoding=\"async\" width=\"1600\" height=\"1066\" data-id=\"118497\" src=\"https:\/\/infoecos.com.ar\/wp-content\/uploads\/2024\/02\/GFv8jGiWkAAGH2p-1600x1066.jpg\" alt=\"\" class=\"wp-image-118497\" srcset=\"https:\/\/infoecos.com.ar\/wp-content\/uploads\/2024\/02\/GFv8jGiWkAAGH2p-1600x1066.jpg 1600w, https:\/\/infoecos.com.ar\/wp-content\/uploads\/2024\/02\/GFv8jGiWkAAGH2p-800x533.jpg 800w, https:\/\/infoecos.com.ar\/wp-content\/uploads\/2024\/02\/GFv8jGiWkAAGH2p-768x512.jpg 768w, https:\/\/infoecos.com.ar\/wp-content\/uploads\/2024\/02\/GFv8jGiWkAAGH2p-1536x1024.jpg 1536w, https:\/\/infoecos.com.ar\/wp-content\/uploads\/2024\/02\/GFv8jGiWkAAGH2p-2048x1365.jpg 2048w, https:\/\/infoecos.com.ar\/wp-content\/uploads\/2024\/02\/GFv8jGiWkAAGH2p-1024x683.jpg 1024w, https:\/\/infoecos.com.ar\/wp-content\/uploads\/2024\/02\/GFv8jGiWkAAGH2p-675x450.jpg 675w\" sizes=\"(max-width: 1600px) 100vw, 1600px\" \/><\/figure>\n\n\n\n<figure class=\"wp-block-image size-large\"><img loading=\"lazy\" decoding=\"async\" width=\"1600\" height=\"1066\" data-id=\"118498\" src=\"https:\/\/infoecos.com.ar\/wp-content\/uploads\/2024\/02\/GFv8km-XMAAySbb-1-1600x1066.jpg\" alt=\"\" class=\"wp-image-118498\" srcset=\"https:\/\/infoecos.com.ar\/wp-content\/uploads\/2024\/02\/GFv8km-XMAAySbb-1-1600x1066.jpg 1600w, https:\/\/infoecos.com.ar\/wp-content\/uploads\/2024\/02\/GFv8km-XMAAySbb-1-800x533.jpg 800w, https:\/\/infoecos.com.ar\/wp-content\/uploads\/2024\/02\/GFv8km-XMAAySbb-1-768x512.jpg 768w, https:\/\/infoecos.com.ar\/wp-content\/uploads\/2024\/02\/GFv8km-XMAAySbb-1-1536x1024.jpg 1536w, https:\/\/infoecos.com.ar\/wp-content\/uploads\/2024\/02\/GFv8km-XMAAySbb-1-2048x1365.jpg 2048w, https:\/\/infoecos.com.ar\/wp-content\/uploads\/2024\/02\/GFv8km-XMAAySbb-1-1024x683.jpg 1024w, https:\/\/infoecos.com.ar\/wp-content\/uploads\/2024\/02\/GFv8km-XMAAySbb-1-675x450.jpg 675w\" sizes=\"(max-width: 1600px) 100vw, 1600px\" \/><\/figure>\n<\/figure>\n\n\n\n<p>Kicillof apunt\u00f3 que \u00abLa Escuela T\u00e9cnica N\u00b01 de Carhu\u00e9 tiene su propio edificio, \u00a1el n\u00famero 209 que inauguramos en nuestra gesti\u00f3n! Un sue\u00f1o de la comunidad de Adolfo Alsina que ya es una realidad gracias a la inversi\u00f3n que realizamos junto a <a href=\"https:\/\/twitter.com\/JavierAndresInt\">@JavierAndresInt<\/a> (la direcci\u00f3n de X del intendente municipal, Javier Andr\u00e9s) y a nuestro compromiso inquebrantable con la educaci\u00f3n p\u00fablica\u00bb.<\/p>\n\n\n\n<p><\/p>\n\n\n\n<figure class=\"wp-block-image size-large\"><img loading=\"lazy\" decoding=\"async\" width=\"1600\" height=\"1066\" src=\"https:\/\/infoecos.com.ar\/wp-content\/uploads\/2024\/02\/GFv8oKAX0AA1cJY-1600x1066.jpg\" alt=\"\" class=\"wp-image-118500\" srcset=\"https:\/\/infoecos.com.ar\/wp-content\/uploads\/2024\/02\/GFv8oKAX0AA1cJY-1600x1066.jpg 1600w, https:\/\/infoecos.com.ar\/wp-content\/uploads\/2024\/02\/GFv8oKAX0AA1cJY-800x533.jpg 800w, https:\/\/infoecos.com.ar\/wp-content\/uploads\/2024\/02\/GFv8oKAX0AA1cJY-768x512.jpg 768w, https:\/\/infoecos.com.ar\/wp-content\/uploads\/2024\/02\/GFv8oKAX0AA1cJY-1536x1023.jpg 1536w, https:\/\/infoecos.com.ar\/wp-content\/uploads\/2024\/02\/GFv8oKAX0AA1cJY-2048x1364.jpg 2048w, https:\/\/infoecos.com.ar\/wp-content\/uploads\/2024\/02\/GFv8oKAX0AA1cJY-1024x682.jpg 1024w, https:\/\/infoecos.com.ar\/wp-content\/uploads\/2024\/02\/GFv8oKAX0AA1cJY-675x450.jpg 675w\" sizes=\"(max-width: 1600px) 100vw, 1600px\" \/><\/figure>\n","protected":false},"excerpt":{"rendered":"<p>Kicillof apunt\u00f3 que \u00abLa Escuela T\u00e9cnica N\u00b01 de Carhu\u00e9 tiene su propio edificio, \u00a1el n\u00famero 209 que inauguramos en nuestra gesti\u00f3n! Un sue\u00f1o de la comunidad de Adolfo Alsina que ya es una realidad gracias a la inversi\u00f3n que realizamos junto a @JavierAndresInt (la direcci\u00f3n de X del intendente municipal, Javier Andr\u00e9s) y a nuestro compromiso inquebrantable con la educaci\u00f3n p\u00fablica\u00bb<\/p>\n","protected":false},"author":2,"featured_media":118497,"comment_status":"closed","ping_status":"open","sticky":false,"template":"","format":"standard","meta":{"footnotes":""},"categories":[1325],"tags":[10020],"class_list":["post-118495","post","type-post","status-publish","format-standard","has-post-thumbnail","hentry","category-c1nota6","tag-los-recursos-que-nos-quitan"],"yoast_head":"<!-- This site is optimized with the Yoast SEO plugin v23.4 - https:\/\/yoast.com\/wordpress\/plugins\/seo\/ -->\n<title>Kicillof dej\u00f3 inaugurado el nuevo edificio de la Escuela T\u00e9cnica de Caruh\u00e9 y lanz\u00f3 dardos a Milei - Infoecos<\/title>\n<meta name=\"robots\" content=\"index, follow, max-snippet:-1, max-image-preview:large, max-video-preview:-1\" \/>\n<link rel=\"canonical\" href=\"https:\/\/infoecos.com.ar\/index.php\/kicillof-dejo-inaugurado-el-nuevo-edificio-de-la-escuela-tecnica-de-caruhe-y-lanzo-dardos-a-milei\/\" \/>\n<meta property=\"og:locale\" content=\"es_ES\" \/>\n<meta property=\"og:type\" content=\"article\" \/>\n<meta property=\"og:title\" content=\"Kicillof dej\u00f3 inaugurado el nuevo edificio de la Escuela T\u00e9cnica de Caruh\u00e9 y lanz\u00f3 dardos a Milei - Infoecos\" \/>\n<meta property=\"og:description\" content=\"Kicillof apunt\u00f3 que &quot;La Escuela T\u00e9cnica N\u00b01 de Carhu\u00e9 tiene su propio edificio, \u00a1el n\u00famero 209 que inauguramos en nuestra gesti\u00f3n! Un sue\u00f1o de la comunidad de Adolfo Alsina que ya es una realidad gracias a la inversi\u00f3n que realizamos junto a @JavierAndresInt (la direcci\u00f3n de X del intendente municipal, Javier Andr\u00e9s) y a nuestro compromiso inquebrantable con la educaci\u00f3n p\u00fablica&quot;\" \/>\n<meta property=\"og:url\" content=\"https:\/\/infoecos.com.ar\/index.php\/kicillof-dejo-inaugurado-el-nuevo-edificio-de-la-escuela-tecnica-de-caruhe-y-lanzo-dardos-a-milei\/\" \/>\n<meta property=\"og:site_name\" content=\"Infoecos\" \/>\n<meta property=\"article:publisher\" content=\"https:\/\/www.facebook.com\/profile.php?id=100063200290284\" \/>\n<meta property=\"article:published_time\" content=\"2024-02-07T17:24:40+00:00\" \/>\n<meta property=\"article:modified_time\" content=\"2024-02-08T03:48:43+00:00\" \/>\n<meta property=\"og:image\" content=\"https:\/\/infoecos.com.ar\/wp-content\/uploads\/2024\/02\/GFv8jGiWkAAGH2p-scaled.jpg\" \/>\n\t<meta property=\"og:image:width\" content=\"2560\" \/>\n\t<meta property=\"og:image:height\" content=\"1706\" \/>\n\t<meta property=\"og:image:type\" content=\"image\/jpeg\" \/>\n<meta name=\"author\" content=\"Jorge Matheus\" \/>\n<meta name=\"twitter:card\" content=\"summary_large_image\" \/>\n<meta name=\"twitter:creator\" content=\"@infoecos\" \/>\n<meta name=\"twitter:site\" content=\"@infoecos\" \/>\n<meta name=\"twitter:label1\" content=\"Escrito por\" \/>\n\t<meta name=\"twitter:data1\" content=\"Jorge Matheus\" \/>\n\t<meta name=\"twitter:label2\" content=\"Tiempo de lectura\" \/>\n\t<meta name=\"twitter:data2\" content=\"2 minutos\" \/>\n<script type=\"application\/ld+json\" class=\"yoast-schema-graph\">{\"@context\":\"https:\/\/schema.org\",\"@graph\":[{\"@type\":\"Article\",\"@id\":\"https:\/\/infoecos.com.ar\/index.php\/kicillof-dejo-inaugurado-el-nuevo-edificio-de-la-escuela-tecnica-de-caruhe-y-lanzo-dardos-a-milei\/#article\",\"isPartOf\":{\"@id\":\"https:\/\/infoecos.com.ar\/index.php\/kicillof-dejo-inaugurado-el-nuevo-edificio-de-la-escuela-tecnica-de-caruhe-y-lanzo-dardos-a-milei\/\"},\"author\":{\"name\":\"Jorge Matheus\",\"@id\":\"https:\/\/infoecos.com.ar\/#\/schema\/person\/8f5ace5ce73b4b4aac4b7245aee6f191\"},\"headline\":\"Kicillof dej\u00f3 inaugurado el nuevo edificio de la Escuela T\u00e9cnica de Caruh\u00e9 y lanz\u00f3 dardos a Milei\",\"datePublished\":\"2024-02-07T17:24:40+00:00\",\"dateModified\":\"2024-02-08T03:48:43+00:00\",\"mainEntityOfPage\":{\"@id\":\"https:\/\/infoecos.com.ar\/index.php\/kicillof-dejo-inaugurado-el-nuevo-edificio-de-la-escuela-tecnica-de-caruhe-y-lanzo-dardos-a-milei\/\"},\"wordCount\":200,\"publisher\":{\"@id\":\"https:\/\/infoecos.com.ar\/#organization\"},\"image\":{\"@id\":\"https:\/\/infoecos.com.ar\/index.php\/kicillof-dejo-inaugurado-el-nuevo-edificio-de-la-escuela-tecnica-de-caruhe-y-lanzo-dardos-a-milei\/#primaryimage\"},\"thumbnailUrl\":\"https:\/\/infoecos.com.ar\/wp-content\/uploads\/2024\/02\/GFv8jGiWkAAGH2p-scaled.jpg\",\"keywords\":[\"los recursos que nos quitan\"],\"articleSection\":[\"C1 nota 6\"],\"inLanguage\":\"es\"},{\"@type\":\"WebPage\",\"@id\":\"https:\/\/infoecos.com.ar\/index.php\/kicillof-dejo-inaugurado-el-nuevo-edificio-de-la-escuela-tecnica-de-caruhe-y-lanzo-dardos-a-milei\/\",\"url\":\"https:\/\/infoecos.com.ar\/index.php\/kicillof-dejo-inaugurado-el-nuevo-edificio-de-la-escuela-tecnica-de-caruhe-y-lanzo-dardos-a-milei\/\",\"name\":\"Kicillof dej\u00f3 inaugurado el nuevo edificio de la Escuela T\u00e9cnica de Caruh\u00e9 y lanz\u00f3 dardos a Milei - Infoecos\",\"isPartOf\":{\"@id\":\"https:\/\/infoecos.com.ar\/#website\"},\"primaryImageOfPage\":{\"@id\":\"https:\/\/infoecos.com.ar\/index.php\/kicillof-dejo-inaugurado-el-nuevo-edificio-de-la-escuela-tecnica-de-caruhe-y-lanzo-dardos-a-milei\/#primaryimage\"},\"image\":{\"@id\":\"https:\/\/infoecos.com.ar\/index.php\/kicillof-dejo-inaugurado-el-nuevo-edificio-de-la-escuela-tecnica-de-caruhe-y-lanzo-dardos-a-milei\/#primaryimage\"},\"thumbnailUrl\":\"https:\/\/infoecos.com.ar\/wp-content\/uploads\/2024\/02\/GFv8jGiWkAAGH2p-scaled.jpg\",\"datePublished\":\"2024-02-07T17:24:40+00:00\",\"dateModified\":\"2024-02-08T03:48:43+00:00\",\"breadcrumb\":{\"@id\":\"https:\/\/infoecos.com.ar\/index.php\/kicillof-dejo-inaugurado-el-nuevo-edificio-de-la-escuela-tecnica-de-caruhe-y-lanzo-dardos-a-milei\/#breadcrumb\"},\"inLanguage\":\"es\",\"potentialAction\":[{\"@type\":\"ReadAction\",\"target\":[\"https:\/\/infoecos.com.ar\/index.php\/kicillof-dejo-inaugurado-el-nuevo-edificio-de-la-escuela-tecnica-de-caruhe-y-lanzo-dardos-a-milei\/\"]}]},{\"@type\":\"ImageObject\",\"inLanguage\":\"es\",\"@id\":\"https:\/\/infoecos.com.ar\/index.php\/kicillof-dejo-inaugurado-el-nuevo-edificio-de-la-escuela-tecnica-de-caruhe-y-lanzo-dardos-a-milei\/#primaryimage\",\"url\":\"https:\/\/infoecos.com.ar\/wp-content\/uploads\/2024\/02\/GFv8jGiWkAAGH2p-scaled.jpg\",\"contentUrl\":\"https:\/\/infoecos.com.ar\/wp-content\/uploads\/2024\/02\/GFv8jGiWkAAGH2p-scaled.jpg\",\"width\":2560,\"height\":1706},{\"@type\":\"BreadcrumbList\",\"@id\":\"https:\/\/infoecos.com.ar\/index.php\/kicillof-dejo-inaugurado-el-nuevo-edificio-de-la-escuela-tecnica-de-caruhe-y-lanzo-dardos-a-milei\/#breadcrumb\",\"itemListElement\":[{\"@type\":\"ListItem\",\"position\":1,\"name\":\"Portada\",\"item\":\"https:\/\/infoecos.com.ar\/\"},{\"@type\":\"ListItem\",\"position\":2,\"name\":\"Kicillof dej\u00f3 inaugurado el nuevo edificio de la Escuela T\u00e9cnica de Caruh\u00e9 y lanz\u00f3 dardos a Milei\"}]},{\"@type\":\"WebSite\",\"@id\":\"https:\/\/infoecos.com.ar\/#website\",\"url\":\"https:\/\/infoecos.com.ar\/\",\"name\":\"Infoecos\",\"description\":\"Noticias de trenque lauquen y la zona\",\"publisher\":{\"@id\":\"https:\/\/infoecos.com.ar\/#organization\"},\"alternateName\":\"Noticias\",\"potentialAction\":[{\"@type\":\"SearchAction\",\"target\":{\"@type\":\"EntryPoint\",\"urlTemplate\":\"https:\/\/infoecos.com.ar\/?s={search_term_string}\"},\"query-input\":{\"@type\":\"PropertyValueSpecification\",\"valueRequired\":true,\"valueName\":\"search_term_string\"}}],\"inLanguage\":\"es\"},{\"@type\":\"Organization\",\"@id\":\"https:\/\/infoecos.com.ar\/#organization\",\"name\":\"Infoecos\",\"alternateName\":\"Noticias\",\"url\":\"https:\/\/infoecos.com.ar\/\",\"logo\":{\"@type\":\"ImageObject\",\"inLanguage\":\"es\",\"@id\":\"https:\/\/infoecos.com.ar\/#\/schema\/logo\/image\/\",\"url\":\"https:\/\/infoecos.com.ar\/wp-content\/uploads\/2024\/03\/cropped-logo.png\",\"contentUrl\":\"https:\/\/infoecos.com.ar\/wp-content\/uploads\/2024\/03\/cropped-logo.png\",\"width\":374,\"height\":90,\"caption\":\"Infoecos\"},\"image\":{\"@id\":\"https:\/\/infoecos.com.ar\/#\/schema\/logo\/image\/\"},\"sameAs\":[\"https:\/\/www.facebook.com\/profile.php?id=100063200290284\",\"https:\/\/x.com\/infoecos\"]},{\"@type\":\"Person\",\"@id\":\"https:\/\/infoecos.com.ar\/#\/schema\/person\/8f5ace5ce73b4b4aac4b7245aee6f191\",\"name\":\"Jorge Matheus\",\"url\":\"https:\/\/infoecos.com.ar\/index.php\/author\/jomatheus\/\"}]}<\/script>\n<!-- \/ Yoast SEO plugin. -->","yoast_head_json":{"title":"Kicillof dej\u00f3 inaugurado el nuevo edificio de la Escuela T\u00e9cnica de Caruh\u00e9 y lanz\u00f3 dardos a Milei - Infoecos","robots":{"index":"index","follow":"follow","max-snippet":"max-snippet:-1","max-image-preview":"max-image-preview:large","max-video-preview":"max-video-preview:-1"},"canonical":"https:\/\/infoecos.com.ar\/index.php\/kicillof-dejo-inaugurado-el-nuevo-edificio-de-la-escuela-tecnica-de-caruhe-y-lanzo-dardos-a-milei\/","og_locale":"es_ES","og_type":"article","og_title":"Kicillof dej\u00f3 inaugurado el nuevo edificio de la Escuela T\u00e9cnica de Caruh\u00e9 y lanz\u00f3 dardos a Milei - Infoecos","og_description":"Kicillof apunt\u00f3 que \"La Escuela T\u00e9cnica N\u00b01 de Carhu\u00e9 tiene su propio edificio, \u00a1el n\u00famero 209 que inauguramos en nuestra gesti\u00f3n! Un sue\u00f1o de la comunidad de Adolfo Alsina que ya es una realidad gracias a la inversi\u00f3n que realizamos junto a @JavierAndresInt (la direcci\u00f3n de X del intendente municipal, Javier Andr\u00e9s) y a nuestro compromiso inquebrantable con la educaci\u00f3n p\u00fablica\"","og_url":"https:\/\/infoecos.com.ar\/index.php\/kicillof-dejo-inaugurado-el-nuevo-edificio-de-la-escuela-tecnica-de-caruhe-y-lanzo-dardos-a-milei\/","og_site_name":"Infoecos","article_publisher":"https:\/\/www.facebook.com\/profile.php?id=100063200290284","article_published_time":"2024-02-07T17:24:40+00:00","article_modified_time":"2024-02-08T03:48:43+00:00","og_image":[{"width":2560,"height":1706,"url":"https:\/\/infoecos.com.ar\/wp-content\/uploads\/2024\/02\/GFv8jGiWkAAGH2p-scaled.jpg","type":"image\/jpeg"}],"author":"Jorge Matheus","twitter_card":"summary_large_image","twitter_creator":"@infoecos","twitter_site":"@infoecos","twitter_misc":{"Escrito por":"Jorge Matheus","Tiempo de lectura":"2 minutos"},"schema":{"@context":"https:\/\/schema.org","@graph":[{"@type":"Article","@id":"https:\/\/infoecos.com.ar\/index.php\/kicillof-dejo-inaugurado-el-nuevo-edificio-de-la-escuela-tecnica-de-caruhe-y-lanzo-dardos-a-milei\/#article","isPartOf":{"@id":"https:\/\/infoecos.com.ar\/index.php\/kicillof-dejo-inaugurado-el-nuevo-edificio-de-la-escuela-tecnica-de-caruhe-y-lanzo-dardos-a-milei\/"},"author":{"name":"Jorge Matheus","@id":"https:\/\/infoecos.com.ar\/#\/schema\/person\/8f5ace5ce73b4b4aac4b7245aee6f191"},"headline":"Kicillof dej\u00f3 inaugurado el nuevo edificio de la Escuela T\u00e9cnica de Caruh\u00e9 y lanz\u00f3 dardos a Milei","datePublished":"2024-02-07T17:24:40+00:00","dateModified":"2024-02-08T03:48:43+00:00","mainEntityOfPage":{"@id":"https:\/\/infoecos.com.ar\/index.php\/kicillof-dejo-inaugurado-el-nuevo-edificio-de-la-escuela-tecnica-de-caruhe-y-lanzo-dardos-a-milei\/"},"wordCount":200,"publisher":{"@id":"https:\/\/infoecos.com.ar\/#organization"},"image":{"@id":"https:\/\/infoecos.com.ar\/index.php\/kicillof-dejo-inaugurado-el-nuevo-edificio-de-la-escuela-tecnica-de-caruhe-y-lanzo-dardos-a-milei\/#primaryimage"},"thumbnailUrl":"https:\/\/infoecos.com.ar\/wp-content\/uploads\/2024\/02\/GFv8jGiWkAAGH2p-scaled.jpg","keywords":["los recursos que nos quitan"],"articleSection":["C1 nota 6"],"inLanguage":"es"},{"@type":"WebPage","@id":"https:\/\/infoecos.com.ar\/index.php\/kicillof-dejo-inaugurado-el-nuevo-edificio-de-la-escuela-tecnica-de-caruhe-y-lanzo-dardos-a-milei\/","url":"https:\/\/infoecos.com.ar\/index.php\/kicillof-dejo-inaugurado-el-nuevo-edificio-de-la-escuela-tecnica-de-caruhe-y-lanzo-dardos-a-milei\/","name":"Kicillof dej\u00f3 inaugurado el nuevo edificio de la Escuela T\u00e9cnica de Caruh\u00e9 y lanz\u00f3 dardos a Milei - Infoecos","isPartOf":{"@id":"https:\/\/infoecos.com.ar\/#website"},"primaryImageOfPage":{"@id":"https:\/\/infoecos.com.ar\/index.php\/kicillof-dejo-inaugurado-el-nuevo-edificio-de-la-escuela-tecnica-de-caruhe-y-lanzo-dardos-a-milei\/#primaryimage"},"image":{"@id":"https:\/\/infoecos.com.ar\/index.php\/kicillof-dejo-inaugurado-el-nuevo-edificio-de-la-escuela-tecnica-de-caruhe-y-lanzo-dardos-a-milei\/#primaryimage"},"thumbnailUrl":"https:\/\/infoecos.com.ar\/wp-content\/uploads\/2024\/02\/GFv8jGiWkAAGH2p-scaled.jpg","datePublished":"2024-02-07T17:24:40+00:00","dateModified":"2024-02-08T03:48:43+00:00","breadcrumb":{"@id":"https:\/\/infoecos.com.ar\/index.php\/kicillof-dejo-inaugurado-el-nuevo-edificio-de-la-escuela-tecnica-de-caruhe-y-lanzo-dardos-a-milei\/#breadcrumb"},"inLanguage":"es","potentialAction":[{"@type":"ReadAction","target":["https:\/\/infoecos.com.ar\/index.php\/kicillof-dejo-inaugurado-el-nuevo-edificio-de-la-escuela-tecnica-de-caruhe-y-lanzo-dardos-a-milei\/"]}]},{"@type":"ImageObject","inLanguage":"es","@id":"https:\/\/infoecos.com.ar\/index.php\/kicillof-dejo-inaugurado-el-nuevo-edificio-de-la-escuela-tecnica-de-caruhe-y-lanzo-dardos-a-milei\/#primaryimage","url":"https:\/\/infoecos.com.ar\/wp-content\/uploads\/2024\/02\/GFv8jGiWkAAGH2p-scaled.jpg","contentUrl":"https:\/\/infoecos.com.ar\/wp-content\/uploads\/2024\/02\/GFv8jGiWkAAGH2p-scaled.jpg","width":2560,"height":1706},{"@type":"BreadcrumbList","@id":"https:\/\/infoecos.com.ar\/index.php\/kicillof-dejo-inaugurado-el-nuevo-edificio-de-la-escuela-tecnica-de-caruhe-y-lanzo-dardos-a-milei\/#breadcrumb","itemListElement":[{"@type":"ListItem","position":1,"name":"Portada","item":"https:\/\/infoecos.com.ar\/"},{"@type":"ListItem","position":2,"name":"Kicillof dej\u00f3 inaugurado el nuevo edificio de la Escuela T\u00e9cnica de Caruh\u00e9 y lanz\u00f3 dardos a Milei"}]},{"@type":"WebSite","@id":"https:\/\/infoecos.com.ar\/#website","url":"https:\/\/infoecos.com.ar\/","name":"Infoecos","description":"Noticias de trenque lauquen y la zona","publisher":{"@id":"https:\/\/infoecos.com.ar\/#organization"},"alternateName":"Noticias","potentialAction":[{"@type":"SearchAction","target":{"@type":"EntryPoint","urlTemplate":"https:\/\/infoecos.com.ar\/?s={search_term_string}"},"query-input":{"@type":"PropertyValueSpecification","valueRequired":true,"valueName":"search_term_string"}}],"inLanguage":"es"},{"@type":"Organization","@id":"https:\/\/infoecos.com.ar\/#organization","name":"Infoecos","alternateName":"Noticias","url":"https:\/\/infoecos.com.ar\/","logo":{"@type":"ImageObject","inLanguage":"es","@id":"https:\/\/infoecos.com.ar\/#\/schema\/logo\/image\/","url":"https:\/\/infoecos.com.ar\/wp-content\/uploads\/2024\/03\/cropped-logo.png","contentUrl":"https:\/\/infoecos.com.ar\/wp-content\/uploads\/2024\/03\/cropped-logo.png","width":374,"height":90,"caption":"Infoecos"},"image":{"@id":"https:\/\/infoecos.com.ar\/#\/schema\/logo\/image\/"},"sameAs":["https:\/\/www.facebook.com\/profile.php?id=100063200290284","https:\/\/x.com\/infoecos"]},{"@type":"Person","@id":"https:\/\/infoecos.com.ar\/#\/schema\/person\/8f5ace5ce73b4b4aac4b7245aee6f191","name":"Jorge Matheus","url":"https:\/\/infoecos.com.ar\/index.php\/author\/jomatheus\/"}]}},"featured_image_urls":{"full":["https:\/\/infoecos.com.ar\/wp-content\/uploads\/2024\/02\/GFv8jGiWkAAGH2p-scaled.jpg",2560,1706,false],"thumbnail":["https:\/\/infoecos.com.ar\/wp-content\/uploads\/2024\/02\/GFv8jGiWkAAGH2p-300x150.jpg",300,150,true],"medium":["https:\/\/infoecos.com.ar\/wp-content\/uploads\/2024\/02\/GFv8jGiWkAAGH2p-800x533.jpg",800,533,true],"medium_large":["https:\/\/infoecos.com.ar\/wp-content\/uploads\/2024\/02\/GFv8jGiWkAAGH2p-768x512.jpg",640,427,true],"large":["https:\/\/infoecos.com.ar\/wp-content\/uploads\/2024\/02\/GFv8jGiWkAAGH2p-1600x1066.jpg",640,426,true],"1536x1536":["https:\/\/infoecos.com.ar\/wp-content\/uploads\/2024\/02\/GFv8jGiWkAAGH2p-1536x1024.jpg",1536,1024,true],"2048x2048":["https:\/\/infoecos.com.ar\/wp-content\/uploads\/2024\/02\/GFv8jGiWkAAGH2p-2048x1365.jpg",2048,1365,true],"covernews-slider-full":["https:\/\/infoecos.com.ar\/wp-content\/uploads\/2024\/02\/GFv8jGiWkAAGH2p-1536x1020.jpg",1077,715,true],"covernews-slider-center":["https:\/\/infoecos.com.ar\/wp-content\/uploads\/2024\/02\/GFv8jGiWkAAGH2p-936x897.jpg",522,500,true],"covernews-featured":["https:\/\/infoecos.com.ar\/wp-content\/uploads\/2024\/02\/GFv8jGiWkAAGH2p-1024x683.jpg",1024,683,true],"covernews-medium":["https:\/\/infoecos.com.ar\/wp-content\/uploads\/2024\/02\/GFv8jGiWkAAGH2p-720x380.jpg",540,285,true],"covernews-medium-square":["https:\/\/infoecos.com.ar\/wp-content\/uploads\/2024\/02\/GFv8jGiWkAAGH2p-675x450.jpg",375,250,true]},"author_info":{"info":["Jorge Matheus"]},"category_info":"<a href=\"https:\/\/infoecos.com.ar\/index.php\/category\/c1nota6\/\" rel=\"category tag\">C1 nota 6<\/a>","tag_info":"C1 nota 6","comment_count":"0","_links":{"self":[{"href":"https:\/\/infoecos.com.ar\/index.php\/wp-json\/wp\/v2\/posts\/118495"}],"collection":[{"href":"https:\/\/infoecos.com.ar\/index.php\/wp-json\/wp\/v2\/posts"}],"about":[{"href":"https:\/\/infoecos.com.ar\/index.php\/wp-json\/wp\/v2\/types\/post"}],"author":[{"embeddable":true,"href":"https:\/\/infoecos.com.ar\/index.php\/wp-json\/wp\/v2\/users\/2"}],"replies":[{"embeddable":true,"href":"https:\/\/infoecos.com.ar\/index.php\/wp-json\/wp\/v2\/comments?post=118495"}],"version-history":[{"count":1,"href":"https:\/\/infoecos.com.ar\/index.php\/wp-json\/wp\/v2\/posts\/118495\/revisions"}],"predecessor-version":[{"id":118501,"href":"https:\/\/infoecos.com.ar\/index.php\/wp-json\/wp\/v2\/posts\/118495\/revisions\/118501"}],"wp:featuredmedia":[{"embeddable":true,"href":"https:\/\/infoecos.com.ar\/index.php\/wp-json\/wp\/v2\/media\/118497"}],"wp:attachment":[{"href":"https:\/\/infoecos.com.ar\/index.php\/wp-json\/wp\/v2\/media?parent=118495"}],"wp:term":[{"taxonomy":"category","embeddable":true,"href":"https:\/\/infoecos.com.ar\/index.php\/wp-json\/wp\/v2\/categories?post=118495"},{"taxonomy":"post_tag","embeddable":true,"href":"https:\/\/infoecos.com.ar\/index.php\/wp-json\/wp\/v2\/tags?post=118495"}],"curies":[{"name":"wp","href":"https:\/\/api.w.org\/{rel}","templated":true}]}}