{"id":118502,"date":"2024-02-07T14:41:03","date_gmt":"2024-02-07T17:41:03","guid":{"rendered":"https:\/\/infoecos.com.ar\/?p=118502"},"modified":"2024-02-08T12:15:37","modified_gmt":"2024-02-08T15:15:37","slug":"lugares-para-disfrutar-en-los-dias-del-carnaval-nacional-artesanal-de-lincoln","status":"publish","type":"post","link":"https:\/\/infoecos.com.ar\/index.php\/lugares-para-disfrutar-en-los-dias-del-carnaval-nacional-artesanal-de-lincoln\/","title":{"rendered":"Lugares para disfrutar en los d\u00edas del Carnaval Nacional Artesanal de Lincoln"},"content":{"rendered":"\n<figure class=\"wp-block-image alignright size-large is-resized\"><img loading=\"lazy\" decoding=\"async\" src=\"https:\/\/infoecos.com.ar\/wp-content\/uploads\/2024\/02\/muestra-Mubal-1600x1068.jpg\" alt=\"\" class=\"wp-image-118503\" width=\"349\" height=\"232\" srcset=\"https:\/\/infoecos.com.ar\/wp-content\/uploads\/2024\/02\/muestra-Mubal-1600x1068.jpg 1600w, https:\/\/infoecos.com.ar\/wp-content\/uploads\/2024\/02\/muestra-Mubal-800x534.jpg 800w, https:\/\/infoecos.com.ar\/wp-content\/uploads\/2024\/02\/muestra-Mubal-768x513.jpg 768w, https:\/\/infoecos.com.ar\/wp-content\/uploads\/2024\/02\/muestra-Mubal-1536x1020.jpg 1536w, https:\/\/infoecos.com.ar\/wp-content\/uploads\/2024\/02\/muestra-Mubal-2048x1367.jpg 2048w, https:\/\/infoecos.com.ar\/wp-content\/uploads\/2024\/02\/muestra-Mubal-1024x684.jpg 1024w, https:\/\/infoecos.com.ar\/wp-content\/uploads\/2024\/02\/muestra-Mubal-675x450.jpg 675w\" sizes=\"(max-width: 349px) 100vw, 349px\" \/><figcaption class=\"wp-element-caption\">Muestra Mubal <\/figcaption><\/figure>\n\n\n\n<p><strong>Convocatoria del gobierno municipal de Lincoln:<\/strong><\/p>\n\n\n\n<p>Durante el fin de semana largo de Carnaval los turistas y linque\u00f1os que tengan inter\u00e9s de conectar con la historia del carnaval, desde una perspectiva art\u00edstica y cultural, podr\u00e1n visitar las distintas muestras y exposiciones que se estar\u00e1n presentando en el Museo MuBal (Alvear 125); Museo Hist\u00f3rico Municipal (ubicado en el Parque General San Mart\u00edn) y Museo Enrique Urcola (Av. 9 de Julio N\u00b0 260).<\/p>\n\n\n\n<p>La Capital Nacional del Carnaval Artesanal recibe cada verano a miles de visitantes deseosos de disfrutan de una fiesta \u00fanica que se destaca por sus motivos de cartapesta, sus ingeniosas atracciones mec\u00e1nicas y el brillo de sus comparsas y batucadas. En este marco, el p\u00fablico podr\u00e1 conocer m\u00e1s sobre el trabajo de artesanos y visitar los museos linque\u00f1os que exponen diferentes muestras sobre el arte carnestolendo.<\/p>\n\n\n\n<p><strong>-Museo Hist\u00f3rico Municipal<\/strong> (Parque Municipal Gral. San Mart\u00edn). Abierto de lunes a viernes de 8 a 20 horas, y los fines de semana de 15 a 20 horas. Durante enero y febrero se podr\u00e1 visitar la \u201cMuestra de Carnaval\u201d.<\/p>\n\n\n\n<p><strong>-Museo de Bellas Artes \u201cManuel Balarino\u201d<\/strong> (MuBal, Alvear 125). Durante febrero se podr\u00e1 visitar la muestra \u201cEsp\u00edritu Carnestolendo\u201d la cual podr\u00e1 visitarse de 9 a 17 horas y durante el fin de semana largo de carnaval de 17 a 20 hs.<\/p>\n\n\n\n<p><strong>-Museo Enrique Alejandro Urcola<\/strong> (MEU, Av. 9 de Julio 297) Durante los d\u00edas de carnaval contar\u00e1 con visitas guiadas de 18 a 21 horas. Es el primer museo de arte infantil y del carnaval artesanal de la Rep\u00fablica Argentina donde se atesora la mayor colecci\u00f3n mundial de dibujos y pinturas hechas por ni\u00f1os y ni\u00f1as. Entre su patrimonio se destacan las m\u00e1scaras originales del propio Enrique Alejandro Urcola (pionero de la cartapesta) y diversos elementos realizados bajo esta t\u00e9cnica artesanal.&nbsp;<\/p>\n","protected":false},"excerpt":{"rendered":"<p>Distintas muestras y exposiciones que se estar\u00e1n presentando en el Museo MuBal, Museo Hist\u00f3rico Municipal  y Museo Enrique Urcola<\/p>\n","protected":false},"author":2,"featured_media":118503,"comment_status":"closed","ping_status":"open","sticky":false,"template":"","format":"standard","meta":{"footnotes":""},"categories":[48],"tags":[10021],"class_list":["post-118502","post","type-post","status-publish","format-standard","has-post-thumbnail","hentry","category-c2nota3","tag-ya-comienzan"],"yoast_head":"<!-- This site is optimized with the Yoast SEO plugin v23.4 - https:\/\/yoast.com\/wordpress\/plugins\/seo\/ -->\n<title>Lugares para disfrutar en los d\u00edas del Carnaval Nacional Artesanal de Lincoln - Infoecos<\/title>\n<meta name=\"robots\" content=\"index, follow, max-snippet:-1, max-image-preview:large, max-video-preview:-1\" \/>\n<link rel=\"canonical\" href=\"https:\/\/infoecos.com.ar\/index.php\/lugares-para-disfrutar-en-los-dias-del-carnaval-nacional-artesanal-de-lincoln\/\" \/>\n<meta property=\"og:locale\" content=\"es_ES\" \/>\n<meta property=\"og:type\" content=\"article\" \/>\n<meta property=\"og:title\" content=\"Lugares para disfrutar en los d\u00edas del Carnaval Nacional Artesanal de Lincoln - Infoecos\" \/>\n<meta property=\"og:description\" content=\"Distintas muestras y exposiciones que se estar\u00e1n presentando en el Museo MuBal, Museo Hist\u00f3rico Municipal y Museo Enrique Urcola\" \/>\n<meta property=\"og:url\" content=\"https:\/\/infoecos.com.ar\/index.php\/lugares-para-disfrutar-en-los-dias-del-carnaval-nacional-artesanal-de-lincoln\/\" \/>\n<meta property=\"og:site_name\" content=\"Infoecos\" \/>\n<meta property=\"article:publisher\" content=\"https:\/\/www.facebook.com\/profile.php?id=100063200290284\" \/>\n<meta property=\"article:published_time\" content=\"2024-02-07T17:41:03+00:00\" \/>\n<meta property=\"article:modified_time\" content=\"2024-02-08T15:15:37+00:00\" \/>\n<meta property=\"og:image\" content=\"https:\/\/infoecos.com.ar\/wp-content\/uploads\/2024\/02\/muestra-Mubal-scaled.jpg\" \/>\n\t<meta property=\"og:image:width\" content=\"2560\" \/>\n\t<meta property=\"og:image:height\" content=\"1709\" \/>\n\t<meta property=\"og:image:type\" content=\"image\/jpeg\" \/>\n<meta name=\"author\" content=\"Jorge Matheus\" \/>\n<meta name=\"twitter:card\" content=\"summary_large_image\" \/>\n<meta name=\"twitter:creator\" content=\"@infoecos\" \/>\n<meta name=\"twitter:site\" content=\"@infoecos\" \/>\n<meta name=\"twitter:label1\" content=\"Escrito por\" \/>\n\t<meta name=\"twitter:data1\" content=\"Jorge Matheus\" \/>\n\t<meta name=\"twitter:label2\" content=\"Tiempo de lectura\" \/>\n\t<meta name=\"twitter:data2\" content=\"2 minutos\" \/>\n<script type=\"application\/ld+json\" class=\"yoast-schema-graph\">{\"@context\":\"https:\/\/schema.org\",\"@graph\":[{\"@type\":\"Article\",\"@id\":\"https:\/\/infoecos.com.ar\/index.php\/lugares-para-disfrutar-en-los-dias-del-carnaval-nacional-artesanal-de-lincoln\/#article\",\"isPartOf\":{\"@id\":\"https:\/\/infoecos.com.ar\/index.php\/lugares-para-disfrutar-en-los-dias-del-carnaval-nacional-artesanal-de-lincoln\/\"},\"author\":{\"name\":\"Jorge Matheus\",\"@id\":\"https:\/\/infoecos.com.ar\/#\/schema\/person\/8f5ace5ce73b4b4aac4b7245aee6f191\"},\"headline\":\"Lugares para disfrutar en los d\u00edas del Carnaval Nacional Artesanal de Lincoln\",\"datePublished\":\"2024-02-07T17:41:03+00:00\",\"dateModified\":\"2024-02-08T15:15:37+00:00\",\"mainEntityOfPage\":{\"@id\":\"https:\/\/infoecos.com.ar\/index.php\/lugares-para-disfrutar-en-los-dias-del-carnaval-nacional-artesanal-de-lincoln\/\"},\"wordCount\":318,\"publisher\":{\"@id\":\"https:\/\/infoecos.com.ar\/#organization\"},\"image\":{\"@id\":\"https:\/\/infoecos.com.ar\/index.php\/lugares-para-disfrutar-en-los-dias-del-carnaval-nacional-artesanal-de-lincoln\/#primaryimage\"},\"thumbnailUrl\":\"https:\/\/infoecos.com.ar\/wp-content\/uploads\/2024\/02\/muestra-Mubal-scaled.jpg\",\"keywords\":[\"ya comienzan\"],\"articleSection\":[\"C2 N3\"],\"inLanguage\":\"es\"},{\"@type\":\"WebPage\",\"@id\":\"https:\/\/infoecos.com.ar\/index.php\/lugares-para-disfrutar-en-los-dias-del-carnaval-nacional-artesanal-de-lincoln\/\",\"url\":\"https:\/\/infoecos.com.ar\/index.php\/lugares-para-disfrutar-en-los-dias-del-carnaval-nacional-artesanal-de-lincoln\/\",\"name\":\"Lugares para disfrutar en los d\u00edas del Carnaval Nacional Artesanal de Lincoln - Infoecos\",\"isPartOf\":{\"@id\":\"https:\/\/infoecos.com.ar\/#website\"},\"primaryImageOfPage\":{\"@id\":\"https:\/\/infoecos.com.ar\/index.php\/lugares-para-disfrutar-en-los-dias-del-carnaval-nacional-artesanal-de-lincoln\/#primaryimage\"},\"image\":{\"@id\":\"https:\/\/infoecos.com.ar\/index.php\/lugares-para-disfrutar-en-los-dias-del-carnaval-nacional-artesanal-de-lincoln\/#primaryimage\"},\"thumbnailUrl\":\"https:\/\/infoecos.com.ar\/wp-content\/uploads\/2024\/02\/muestra-Mubal-scaled.jpg\",\"datePublished\":\"2024-02-07T17:41:03+00:00\",\"dateModified\":\"2024-02-08T15:15:37+00:00\",\"breadcrumb\":{\"@id\":\"https:\/\/infoecos.com.ar\/index.php\/lugares-para-disfrutar-en-los-dias-del-carnaval-nacional-artesanal-de-lincoln\/#breadcrumb\"},\"inLanguage\":\"es\",\"potentialAction\":[{\"@type\":\"ReadAction\",\"target\":[\"https:\/\/infoecos.com.ar\/index.php\/lugares-para-disfrutar-en-los-dias-del-carnaval-nacional-artesanal-de-lincoln\/\"]}]},{\"@type\":\"ImageObject\",\"inLanguage\":\"es\",\"@id\":\"https:\/\/infoecos.com.ar\/index.php\/lugares-para-disfrutar-en-los-dias-del-carnaval-nacional-artesanal-de-lincoln\/#primaryimage\",\"url\":\"https:\/\/infoecos.com.ar\/wp-content\/uploads\/2024\/02\/muestra-Mubal-scaled.jpg\",\"contentUrl\":\"https:\/\/infoecos.com.ar\/wp-content\/uploads\/2024\/02\/muestra-Mubal-scaled.jpg\",\"width\":2560,\"height\":1709},{\"@type\":\"BreadcrumbList\",\"@id\":\"https:\/\/infoecos.com.ar\/index.php\/lugares-para-disfrutar-en-los-dias-del-carnaval-nacional-artesanal-de-lincoln\/#breadcrumb\",\"itemListElement\":[{\"@type\":\"ListItem\",\"position\":1,\"name\":\"Portada\",\"item\":\"https:\/\/infoecos.com.ar\/\"},{\"@type\":\"ListItem\",\"position\":2,\"name\":\"Lugares para disfrutar en los d\u00edas del Carnaval Nacional Artesanal de Lincoln\"}]},{\"@type\":\"WebSite\",\"@id\":\"https:\/\/infoecos.com.ar\/#website\",\"url\":\"https:\/\/infoecos.com.ar\/\",\"name\":\"Infoecos\",\"description\":\"Noticias de trenque lauquen y la zona\",\"publisher\":{\"@id\":\"https:\/\/infoecos.com.ar\/#organization\"},\"alternateName\":\"Noticias\",\"potentialAction\":[{\"@type\":\"SearchAction\",\"target\":{\"@type\":\"EntryPoint\",\"urlTemplate\":\"https:\/\/infoecos.com.ar\/?s={search_term_string}\"},\"query-input\":{\"@type\":\"PropertyValueSpecification\",\"valueRequired\":true,\"valueName\":\"search_term_string\"}}],\"inLanguage\":\"es\"},{\"@type\":\"Organization\",\"@id\":\"https:\/\/infoecos.com.ar\/#organization\",\"name\":\"Infoecos\",\"alternateName\":\"Noticias\",\"url\":\"https:\/\/infoecos.com.ar\/\",\"logo\":{\"@type\":\"ImageObject\",\"inLanguage\":\"es\",\"@id\":\"https:\/\/infoecos.com.ar\/#\/schema\/logo\/image\/\",\"url\":\"https:\/\/infoecos.com.ar\/wp-content\/uploads\/2024\/03\/cropped-logo.png\",\"contentUrl\":\"https:\/\/infoecos.com.ar\/wp-content\/uploads\/2024\/03\/cropped-logo.png\",\"width\":374,\"height\":90,\"caption\":\"Infoecos\"},\"image\":{\"@id\":\"https:\/\/infoecos.com.ar\/#\/schema\/logo\/image\/\"},\"sameAs\":[\"https:\/\/www.facebook.com\/profile.php?id=100063200290284\",\"https:\/\/x.com\/infoecos\"]},{\"@type\":\"Person\",\"@id\":\"https:\/\/infoecos.com.ar\/#\/schema\/person\/8f5ace5ce73b4b4aac4b7245aee6f191\",\"name\":\"Jorge Matheus\",\"url\":\"https:\/\/infoecos.com.ar\/index.php\/author\/jomatheus\/\"}]}<\/script>\n<!-- \/ Yoast SEO plugin. -->","yoast_head_json":{"title":"Lugares para disfrutar en los d\u00edas del Carnaval Nacional Artesanal de Lincoln - Infoecos","robots":{"index":"index","follow":"follow","max-snippet":"max-snippet:-1","max-image-preview":"max-image-preview:large","max-video-preview":"max-video-preview:-1"},"canonical":"https:\/\/infoecos.com.ar\/index.php\/lugares-para-disfrutar-en-los-dias-del-carnaval-nacional-artesanal-de-lincoln\/","og_locale":"es_ES","og_type":"article","og_title":"Lugares para disfrutar en los d\u00edas del Carnaval Nacional Artesanal de Lincoln - Infoecos","og_description":"Distintas muestras y exposiciones que se estar\u00e1n presentando en el Museo MuBal, Museo Hist\u00f3rico Municipal y Museo Enrique Urcola","og_url":"https:\/\/infoecos.com.ar\/index.php\/lugares-para-disfrutar-en-los-dias-del-carnaval-nacional-artesanal-de-lincoln\/","og_site_name":"Infoecos","article_publisher":"https:\/\/www.facebook.com\/profile.php?id=100063200290284","article_published_time":"2024-02-07T17:41:03+00:00","article_modified_time":"2024-02-08T15:15:37+00:00","og_image":[{"width":2560,"height":1709,"url":"https:\/\/infoecos.com.ar\/wp-content\/uploads\/2024\/02\/muestra-Mubal-scaled.jpg","type":"image\/jpeg"}],"author":"Jorge Matheus","twitter_card":"summary_large_image","twitter_creator":"@infoecos","twitter_site":"@infoecos","twitter_misc":{"Escrito por":"Jorge Matheus","Tiempo de lectura":"2 minutos"},"schema":{"@context":"https:\/\/schema.org","@graph":[{"@type":"Article","@id":"https:\/\/infoecos.com.ar\/index.php\/lugares-para-disfrutar-en-los-dias-del-carnaval-nacional-artesanal-de-lincoln\/#article","isPartOf":{"@id":"https:\/\/infoecos.com.ar\/index.php\/lugares-para-disfrutar-en-los-dias-del-carnaval-nacional-artesanal-de-lincoln\/"},"author":{"name":"Jorge Matheus","@id":"https:\/\/infoecos.com.ar\/#\/schema\/person\/8f5ace5ce73b4b4aac4b7245aee6f191"},"headline":"Lugares para disfrutar en los d\u00edas del Carnaval Nacional Artesanal de Lincoln","datePublished":"2024-02-07T17:41:03+00:00","dateModified":"2024-02-08T15:15:37+00:00","mainEntityOfPage":{"@id":"https:\/\/infoecos.com.ar\/index.php\/lugares-para-disfrutar-en-los-dias-del-carnaval-nacional-artesanal-de-lincoln\/"},"wordCount":318,"publisher":{"@id":"https:\/\/infoecos.com.ar\/#organization"},"image":{"@id":"https:\/\/infoecos.com.ar\/index.php\/lugares-para-disfrutar-en-los-dias-del-carnaval-nacional-artesanal-de-lincoln\/#primaryimage"},"thumbnailUrl":"https:\/\/infoecos.com.ar\/wp-content\/uploads\/2024\/02\/muestra-Mubal-scaled.jpg","keywords":["ya comienzan"],"articleSection":["C2 N3"],"inLanguage":"es"},{"@type":"WebPage","@id":"https:\/\/infoecos.com.ar\/index.php\/lugares-para-disfrutar-en-los-dias-del-carnaval-nacional-artesanal-de-lincoln\/","url":"https:\/\/infoecos.com.ar\/index.php\/lugares-para-disfrutar-en-los-dias-del-carnaval-nacional-artesanal-de-lincoln\/","name":"Lugares para disfrutar en los d\u00edas del Carnaval Nacional Artesanal de Lincoln - Infoecos","isPartOf":{"@id":"https:\/\/infoecos.com.ar\/#website"},"primaryImageOfPage":{"@id":"https:\/\/infoecos.com.ar\/index.php\/lugares-para-disfrutar-en-los-dias-del-carnaval-nacional-artesanal-de-lincoln\/#primaryimage"},"image":{"@id":"https:\/\/infoecos.com.ar\/index.php\/lugares-para-disfrutar-en-los-dias-del-carnaval-nacional-artesanal-de-lincoln\/#primaryimage"},"thumbnailUrl":"https:\/\/infoecos.com.ar\/wp-content\/uploads\/2024\/02\/muestra-Mubal-scaled.jpg","datePublished":"2024-02-07T17:41:03+00:00","dateModified":"2024-02-08T15:15:37+00:00","breadcrumb":{"@id":"https:\/\/infoecos.com.ar\/index.php\/lugares-para-disfrutar-en-los-dias-del-carnaval-nacional-artesanal-de-lincoln\/#breadcrumb"},"inLanguage":"es","potentialAction":[{"@type":"ReadAction","target":["https:\/\/infoecos.com.ar\/index.php\/lugares-para-disfrutar-en-los-dias-del-carnaval-nacional-artesanal-de-lincoln\/"]}]},{"@type":"ImageObject","inLanguage":"es","@id":"https:\/\/infoecos.com.ar\/index.php\/lugares-para-disfrutar-en-los-dias-del-carnaval-nacional-artesanal-de-lincoln\/#primaryimage","url":"https:\/\/infoecos.com.ar\/wp-content\/uploads\/2024\/02\/muestra-Mubal-scaled.jpg","contentUrl":"https:\/\/infoecos.com.ar\/wp-content\/uploads\/2024\/02\/muestra-Mubal-scaled.jpg","width":2560,"height":1709},{"@type":"BreadcrumbList","@id":"https:\/\/infoecos.com.ar\/index.php\/lugares-para-disfrutar-en-los-dias-del-carnaval-nacional-artesanal-de-lincoln\/#breadcrumb","itemListElement":[{"@type":"ListItem","position":1,"name":"Portada","item":"https:\/\/infoecos.com.ar\/"},{"@type":"ListItem","position":2,"name":"Lugares para disfrutar en los d\u00edas del Carnaval Nacional Artesanal de Lincoln"}]},{"@type":"WebSite","@id":"https:\/\/infoecos.com.ar\/#website","url":"https:\/\/infoecos.com.ar\/","name":"Infoecos","description":"Noticias de trenque lauquen y la zona","publisher":{"@id":"https:\/\/infoecos.com.ar\/#organization"},"alternateName":"Noticias","potentialAction":[{"@type":"SearchAction","target":{"@type":"EntryPoint","urlTemplate":"https:\/\/infoecos.com.ar\/?s={search_term_string}"},"query-input":{"@type":"PropertyValueSpecification","valueRequired":true,"valueName":"search_term_string"}}],"inLanguage":"es"},{"@type":"Organization","@id":"https:\/\/infoecos.com.ar\/#organization","name":"Infoecos","alternateName":"Noticias","url":"https:\/\/infoecos.com.ar\/","logo":{"@type":"ImageObject","inLanguage":"es","@id":"https:\/\/infoecos.com.ar\/#\/schema\/logo\/image\/","url":"https:\/\/infoecos.com.ar\/wp-content\/uploads\/2024\/03\/cropped-logo.png","contentUrl":"https:\/\/infoecos.com.ar\/wp-content\/uploads\/2024\/03\/cropped-logo.png","width":374,"height":90,"caption":"Infoecos"},"image":{"@id":"https:\/\/infoecos.com.ar\/#\/schema\/logo\/image\/"},"sameAs":["https:\/\/www.facebook.com\/profile.php?id=100063200290284","https:\/\/x.com\/infoecos"]},{"@type":"Person","@id":"https:\/\/infoecos.com.ar\/#\/schema\/person\/8f5ace5ce73b4b4aac4b7245aee6f191","name":"Jorge Matheus","url":"https:\/\/infoecos.com.ar\/index.php\/author\/jomatheus\/"}]}},"featured_image_urls":{"full":["https:\/\/infoecos.com.ar\/wp-content\/uploads\/2024\/02\/muestra-Mubal-scaled.jpg",2560,1709,false],"thumbnail":["https:\/\/infoecos.com.ar\/wp-content\/uploads\/2024\/02\/muestra-Mubal-300x150.jpg",300,150,true],"medium":["https:\/\/infoecos.com.ar\/wp-content\/uploads\/2024\/02\/muestra-Mubal-800x534.jpg",800,534,true],"medium_large":["https:\/\/infoecos.com.ar\/wp-content\/uploads\/2024\/02\/muestra-Mubal-768x513.jpg",640,428,true],"large":["https:\/\/infoecos.com.ar\/wp-content\/uploads\/2024\/02\/muestra-Mubal-1600x1068.jpg",640,427,true],"1536x1536":["https:\/\/infoecos.com.ar\/wp-content\/uploads\/2024\/02\/muestra-Mubal-1536x1025.jpg",1536,1025,true],"2048x2048":["https:\/\/infoecos.com.ar\/wp-content\/uploads\/2024\/02\/muestra-Mubal-2048x1367.jpg",2048,1367,true],"covernews-slider-full":["https:\/\/infoecos.com.ar\/wp-content\/uploads\/2024\/02\/muestra-Mubal-1536x1020.jpg",1077,715,true],"covernews-slider-center":["https:\/\/infoecos.com.ar\/wp-content\/uploads\/2024\/02\/muestra-Mubal-936x897.jpg",522,500,true],"covernews-featured":["https:\/\/infoecos.com.ar\/wp-content\/uploads\/2024\/02\/muestra-Mubal-1024x684.jpg",1024,684,true],"covernews-medium":["https:\/\/infoecos.com.ar\/wp-content\/uploads\/2024\/02\/muestra-Mubal-720x380.jpg",540,285,true],"covernews-medium-square":["https:\/\/infoecos.com.ar\/wp-content\/uploads\/2024\/02\/muestra-Mubal-675x450.jpg",375,250,true]},"author_info":{"info":["Jorge Matheus"]},"category_info":"<a href=\"https:\/\/infoecos.com.ar\/index.php\/category\/c2nota3\/\" rel=\"category tag\">C2 N3<\/a>","tag_info":"C2 N3","comment_count":"0","_links":{"self":[{"href":"https:\/\/infoecos.com.ar\/index.php\/wp-json\/wp\/v2\/posts\/118502"}],"collection":[{"href":"https:\/\/infoecos.com.ar\/index.php\/wp-json\/wp\/v2\/posts"}],"about":[{"href":"https:\/\/infoecos.com.ar\/index.php\/wp-json\/wp\/v2\/types\/post"}],"author":[{"embeddable":true,"href":"https:\/\/infoecos.com.ar\/index.php\/wp-json\/wp\/v2\/users\/2"}],"replies":[{"embeddable":true,"href":"https:\/\/infoecos.com.ar\/index.php\/wp-json\/wp\/v2\/comments?post=118502"}],"version-history":[{"count":1,"href":"https:\/\/infoecos.com.ar\/index.php\/wp-json\/wp\/v2\/posts\/118502\/revisions"}],"predecessor-version":[{"id":118504,"href":"https:\/\/infoecos.com.ar\/index.php\/wp-json\/wp\/v2\/posts\/118502\/revisions\/118504"}],"wp:featuredmedia":[{"embeddable":true,"href":"https:\/\/infoecos.com.ar\/index.php\/wp-json\/wp\/v2\/media\/118503"}],"wp:attachment":[{"href":"https:\/\/infoecos.com.ar\/index.php\/wp-json\/wp\/v2\/media?parent=118502"}],"wp:term":[{"taxonomy":"category","embeddable":true,"href":"https:\/\/infoecos.com.ar\/index.php\/wp-json\/wp\/v2\/categories?post=118502"},{"taxonomy":"post_tag","embeddable":true,"href":"https:\/\/infoecos.com.ar\/index.php\/wp-json\/wp\/v2\/tags?post=118502"}],"curies":[{"name":"wp","href":"https:\/\/api.w.org\/{rel}","templated":true}]}}