{"id":118701,"date":"2024-02-10T01:46:55","date_gmt":"2024-02-10T04:46:55","guid":{"rendered":"https:\/\/infoecos.com.ar\/?p=118701"},"modified":"2024-02-13T03:37:20","modified_gmt":"2024-02-13T06:37:20","slug":"una-rodado-29-convertida-en-bici-partes-y-moto-de-conocida-marca-rearmada","status":"publish","type":"post","link":"https:\/\/infoecos.com.ar\/index.php\/una-rodado-29-convertida-en-bici-partes-y-moto-de-conocida-marca-rearmada\/","title":{"rendered":"Una rodado 29 convertida en bici partes, y moto de conocida marca, rearmada"},"content":{"rendered":"\n<figure class=\"wp-block-image alignright size-full is-resized\"><img loading=\"lazy\" decoding=\"async\" src=\"https:\/\/infoecos.com.ar\/wp-content\/uploads\/2024\/02\/1e11a674-ee7f-45a8-9e32-f4149163b76f.jpg\" alt=\"\" class=\"wp-image-118702\" width=\"298\" height=\"530\" srcset=\"https:\/\/infoecos.com.ar\/wp-content\/uploads\/2024\/02\/1e11a674-ee7f-45a8-9e32-f4149163b76f.jpg 864w, https:\/\/infoecos.com.ar\/wp-content\/uploads\/2024\/02\/1e11a674-ee7f-45a8-9e32-f4149163b76f-450x800.jpg 450w, https:\/\/infoecos.com.ar\/wp-content\/uploads\/2024\/02\/1e11a674-ee7f-45a8-9e32-f4149163b76f-768x1365.jpg 768w\" sizes=\"(max-width: 298px) 100vw, 298px\" \/><\/figure>\n\n\n\n<p><strong>Convertida en bici partes <\/strong><\/p>\n\n\n\n<p>Se llev\u00f3 a cabo una Orden de allanamiento para con el domicilio ubicado en calle Arrastua N\u00b0 614 de Trenque Lauquen.<\/p>\n\n\n\n<p>Cumpliment\u00f3 la polic\u00eda, de esta manera, una medida Judicial dispuesta por el Juzgado de Garant\u00eda N\u00b0 2 Departamental, la cual fue solicitada en el marco de causa penal caratulada Hurto resultando damnificada una vecina de 25 a\u00f1os de edad, con domicilio en calle Uruguay de este medio, lugar de donde le fue sustra\u00edda la bicicleta de su propiedad marca Olmo rodado 29, color gris con l\u00edneas en color amarillo, de 21 velocidades.<\/p>\n\n\n\n<p>El allanamiento arroj\u00f3 resultado positivo. Se procedi\u00f3 al secuestro de 3 llantas de bicicletas delanteras, color negro rodado 29, una de ellas con disco de freno color plateado, dos de estas sin cubiertas y la tercera con cubierta colocada, una horquilla de bicicleta color negro marca XC, un ca\u00f1o de metal color negro porta asiento de bicicleta marca OXEA, 3 manubrios de bicicleta, color negro 1 marca venzo y los otros sin marca visible, 1 Sten color negro, 4 juegos de palancas de selecci\u00f3n de velocidades con sus cables acerados colocados en 2 de ellos.<\/p>\n\n\n\n<figure class=\"wp-block-image alignright size-full is-resized\"><img loading=\"lazy\" decoding=\"async\" src=\"https:\/\/infoecos.com.ar\/wp-content\/uploads\/2024\/02\/9e0b57b3-f415-44a2-b07f-f8dd7e204088.jpg\" alt=\"\" class=\"wp-image-118703\" width=\"298\" height=\"167\" srcset=\"https:\/\/infoecos.com.ar\/wp-content\/uploads\/2024\/02\/9e0b57b3-f415-44a2-b07f-f8dd7e204088.jpg 1536w, https:\/\/infoecos.com.ar\/wp-content\/uploads\/2024\/02\/9e0b57b3-f415-44a2-b07f-f8dd7e204088-800x450.jpg 800w, https:\/\/infoecos.com.ar\/wp-content\/uploads\/2024\/02\/9e0b57b3-f415-44a2-b07f-f8dd7e204088-768x432.jpg 768w, https:\/\/infoecos.com.ar\/wp-content\/uploads\/2024\/02\/9e0b57b3-f415-44a2-b07f-f8dd7e204088-1024x576.jpg 1024w\" sizes=\"(max-width: 298px) 100vw, 298px\" \/><\/figure>\n\n\n\n<p><strong>M\u00e1s elementos de una moto robada el a\u00f1o anterior<\/strong><\/p>\n\n\n\n<p>Se hall\u00f3 una motocicleta rearmada, de 110 CC con n\u00famero de motor CVFA10A004391, mara Corven, dominio 504 IJW cuyo n\u00famero de motor posee pedido activo de secuestro en causa penal caratulada Hurto Ciclomotor iniciada con fecha 05 Diciembre de 2023. En este caso el damnificado es un vecino de 25 a\u00f1os de edad con domicilio en calle Garcia Salinas, lugar de donde le fue sustra\u00edda la motocicleta, cuyo cuadro fue recuperado con fecha 11 de diciembre del 2023. Se di\u00f3 inicio a la causa penal caratulada Encubrimiento, resultando imputados 3 menores de edad quienes ten\u00edan el cuadro en su poder. Tom\u00f3 intervenci\u00f3n la Fiscal\u00eda de Menores. <\/p>\n\n\n\n<p>Interviene la Fiscal\u00eda N\u00b0 4. <\/p>\n","protected":false},"excerpt":{"rendered":"<p>Cumpliment\u00f3 la polic\u00eda, de esta manera, una medida Judicial dispuesta por el Juzgado de Garant\u00eda N\u00b0 2 Departamental<\/p>\n","protected":false},"author":2,"featured_media":118702,"comment_status":"closed","ping_status":"open","sticky":false,"template":"","format":"standard","meta":{"footnotes":""},"categories":[1325],"tags":[10037],"class_list":["post-118701","post","type-post","status-publish","format-standard","has-post-thumbnail","hentry","category-c1nota6","tag-policia-y-justicia"],"yoast_head":"<!-- This site is optimized with the Yoast SEO plugin v23.4 - https:\/\/yoast.com\/wordpress\/plugins\/seo\/ -->\n<title>Una rodado 29 convertida en bici partes, y moto de conocida marca, rearmada - Infoecos<\/title>\n<meta name=\"robots\" content=\"index, follow, max-snippet:-1, max-image-preview:large, max-video-preview:-1\" \/>\n<link rel=\"canonical\" href=\"https:\/\/infoecos.com.ar\/index.php\/una-rodado-29-convertida-en-bici-partes-y-moto-de-conocida-marca-rearmada\/\" \/>\n<meta property=\"og:locale\" content=\"es_ES\" \/>\n<meta property=\"og:type\" content=\"article\" \/>\n<meta property=\"og:title\" content=\"Una rodado 29 convertida en bici partes, y moto de conocida marca, rearmada - Infoecos\" \/>\n<meta property=\"og:description\" content=\"Cumpliment\u00f3 la polic\u00eda, de esta manera, una medida Judicial dispuesta por el Juzgado de Garant\u00eda N\u00b0 2 Departamental\" \/>\n<meta property=\"og:url\" content=\"https:\/\/infoecos.com.ar\/index.php\/una-rodado-29-convertida-en-bici-partes-y-moto-de-conocida-marca-rearmada\/\" \/>\n<meta property=\"og:site_name\" content=\"Infoecos\" \/>\n<meta property=\"article:publisher\" content=\"https:\/\/www.facebook.com\/profile.php?id=100063200290284\" \/>\n<meta property=\"article:published_time\" content=\"2024-02-10T04:46:55+00:00\" \/>\n<meta property=\"article:modified_time\" content=\"2024-02-13T06:37:20+00:00\" \/>\n<meta property=\"og:image\" content=\"https:\/\/infoecos.com.ar\/wp-content\/uploads\/2024\/02\/1e11a674-ee7f-45a8-9e32-f4149163b76f.jpg\" \/>\n\t<meta property=\"og:image:width\" content=\"864\" \/>\n\t<meta property=\"og:image:height\" content=\"1536\" \/>\n\t<meta property=\"og:image:type\" content=\"image\/jpeg\" \/>\n<meta name=\"author\" content=\"Jorge Matheus\" \/>\n<meta name=\"twitter:card\" content=\"summary_large_image\" \/>\n<meta name=\"twitter:creator\" content=\"@infoecos\" \/>\n<meta name=\"twitter:site\" content=\"@infoecos\" \/>\n<meta name=\"twitter:label1\" content=\"Escrito por\" \/>\n\t<meta name=\"twitter:data1\" content=\"Jorge Matheus\" \/>\n\t<meta name=\"twitter:label2\" content=\"Tiempo de lectura\" \/>\n\t<meta name=\"twitter:data2\" content=\"2 minutos\" \/>\n<script type=\"application\/ld+json\" class=\"yoast-schema-graph\">{\"@context\":\"https:\/\/schema.org\",\"@graph\":[{\"@type\":\"Article\",\"@id\":\"https:\/\/infoecos.com.ar\/index.php\/una-rodado-29-convertida-en-bici-partes-y-moto-de-conocida-marca-rearmada\/#article\",\"isPartOf\":{\"@id\":\"https:\/\/infoecos.com.ar\/index.php\/una-rodado-29-convertida-en-bici-partes-y-moto-de-conocida-marca-rearmada\/\"},\"author\":{\"name\":\"Jorge Matheus\",\"@id\":\"https:\/\/infoecos.com.ar\/#\/schema\/person\/8f5ace5ce73b4b4aac4b7245aee6f191\"},\"headline\":\"Una rodado 29 convertida en bici partes, y moto de conocida marca, rearmada\",\"datePublished\":\"2024-02-10T04:46:55+00:00\",\"dateModified\":\"2024-02-13T06:37:20+00:00\",\"mainEntityOfPage\":{\"@id\":\"https:\/\/infoecos.com.ar\/index.php\/una-rodado-29-convertida-en-bici-partes-y-moto-de-conocida-marca-rearmada\/\"},\"wordCount\":321,\"publisher\":{\"@id\":\"https:\/\/infoecos.com.ar\/#organization\"},\"image\":{\"@id\":\"https:\/\/infoecos.com.ar\/index.php\/una-rodado-29-convertida-en-bici-partes-y-moto-de-conocida-marca-rearmada\/#primaryimage\"},\"thumbnailUrl\":\"https:\/\/infoecos.com.ar\/wp-content\/uploads\/2024\/02\/1e11a674-ee7f-45a8-9e32-f4149163b76f.jpg\",\"keywords\":[\"Polic\u00eda y Justicia\"],\"articleSection\":[\"C1 nota 6\"],\"inLanguage\":\"es\"},{\"@type\":\"WebPage\",\"@id\":\"https:\/\/infoecos.com.ar\/index.php\/una-rodado-29-convertida-en-bici-partes-y-moto-de-conocida-marca-rearmada\/\",\"url\":\"https:\/\/infoecos.com.ar\/index.php\/una-rodado-29-convertida-en-bici-partes-y-moto-de-conocida-marca-rearmada\/\",\"name\":\"Una rodado 29 convertida en bici partes, y moto de conocida marca, rearmada - Infoecos\",\"isPartOf\":{\"@id\":\"https:\/\/infoecos.com.ar\/#website\"},\"primaryImageOfPage\":{\"@id\":\"https:\/\/infoecos.com.ar\/index.php\/una-rodado-29-convertida-en-bici-partes-y-moto-de-conocida-marca-rearmada\/#primaryimage\"},\"image\":{\"@id\":\"https:\/\/infoecos.com.ar\/index.php\/una-rodado-29-convertida-en-bici-partes-y-moto-de-conocida-marca-rearmada\/#primaryimage\"},\"thumbnailUrl\":\"https:\/\/infoecos.com.ar\/wp-content\/uploads\/2024\/02\/1e11a674-ee7f-45a8-9e32-f4149163b76f.jpg\",\"datePublished\":\"2024-02-10T04:46:55+00:00\",\"dateModified\":\"2024-02-13T06:37:20+00:00\",\"breadcrumb\":{\"@id\":\"https:\/\/infoecos.com.ar\/index.php\/una-rodado-29-convertida-en-bici-partes-y-moto-de-conocida-marca-rearmada\/#breadcrumb\"},\"inLanguage\":\"es\",\"potentialAction\":[{\"@type\":\"ReadAction\",\"target\":[\"https:\/\/infoecos.com.ar\/index.php\/una-rodado-29-convertida-en-bici-partes-y-moto-de-conocida-marca-rearmada\/\"]}]},{\"@type\":\"ImageObject\",\"inLanguage\":\"es\",\"@id\":\"https:\/\/infoecos.com.ar\/index.php\/una-rodado-29-convertida-en-bici-partes-y-moto-de-conocida-marca-rearmada\/#primaryimage\",\"url\":\"https:\/\/infoecos.com.ar\/wp-content\/uploads\/2024\/02\/1e11a674-ee7f-45a8-9e32-f4149163b76f.jpg\",\"contentUrl\":\"https:\/\/infoecos.com.ar\/wp-content\/uploads\/2024\/02\/1e11a674-ee7f-45a8-9e32-f4149163b76f.jpg\",\"width\":864,\"height\":1536},{\"@type\":\"BreadcrumbList\",\"@id\":\"https:\/\/infoecos.com.ar\/index.php\/una-rodado-29-convertida-en-bici-partes-y-moto-de-conocida-marca-rearmada\/#breadcrumb\",\"itemListElement\":[{\"@type\":\"ListItem\",\"position\":1,\"name\":\"Portada\",\"item\":\"https:\/\/infoecos.com.ar\/\"},{\"@type\":\"ListItem\",\"position\":2,\"name\":\"Una rodado 29 convertida en bici partes, y moto de conocida marca, rearmada\"}]},{\"@type\":\"WebSite\",\"@id\":\"https:\/\/infoecos.com.ar\/#website\",\"url\":\"https:\/\/infoecos.com.ar\/\",\"name\":\"Infoecos\",\"description\":\"Noticias de trenque lauquen y la zona\",\"publisher\":{\"@id\":\"https:\/\/infoecos.com.ar\/#organization\"},\"alternateName\":\"Noticias\",\"potentialAction\":[{\"@type\":\"SearchAction\",\"target\":{\"@type\":\"EntryPoint\",\"urlTemplate\":\"https:\/\/infoecos.com.ar\/?s={search_term_string}\"},\"query-input\":{\"@type\":\"PropertyValueSpecification\",\"valueRequired\":true,\"valueName\":\"search_term_string\"}}],\"inLanguage\":\"es\"},{\"@type\":\"Organization\",\"@id\":\"https:\/\/infoecos.com.ar\/#organization\",\"name\":\"Infoecos\",\"alternateName\":\"Noticias\",\"url\":\"https:\/\/infoecos.com.ar\/\",\"logo\":{\"@type\":\"ImageObject\",\"inLanguage\":\"es\",\"@id\":\"https:\/\/infoecos.com.ar\/#\/schema\/logo\/image\/\",\"url\":\"https:\/\/infoecos.com.ar\/wp-content\/uploads\/2024\/03\/cropped-logo.png\",\"contentUrl\":\"https:\/\/infoecos.com.ar\/wp-content\/uploads\/2024\/03\/cropped-logo.png\",\"width\":374,\"height\":90,\"caption\":\"Infoecos\"},\"image\":{\"@id\":\"https:\/\/infoecos.com.ar\/#\/schema\/logo\/image\/\"},\"sameAs\":[\"https:\/\/www.facebook.com\/profile.php?id=100063200290284\",\"https:\/\/x.com\/infoecos\"]},{\"@type\":\"Person\",\"@id\":\"https:\/\/infoecos.com.ar\/#\/schema\/person\/8f5ace5ce73b4b4aac4b7245aee6f191\",\"name\":\"Jorge Matheus\",\"url\":\"https:\/\/infoecos.com.ar\/index.php\/author\/jomatheus\/\"}]}<\/script>\n<!-- \/ Yoast SEO plugin. -->","yoast_head_json":{"title":"Una rodado 29 convertida en bici partes, y moto de conocida marca, rearmada - Infoecos","robots":{"index":"index","follow":"follow","max-snippet":"max-snippet:-1","max-image-preview":"max-image-preview:large","max-video-preview":"max-video-preview:-1"},"canonical":"https:\/\/infoecos.com.ar\/index.php\/una-rodado-29-convertida-en-bici-partes-y-moto-de-conocida-marca-rearmada\/","og_locale":"es_ES","og_type":"article","og_title":"Una rodado 29 convertida en bici partes, y moto de conocida marca, rearmada - Infoecos","og_description":"Cumpliment\u00f3 la polic\u00eda, de esta manera, una medida Judicial dispuesta por el Juzgado de Garant\u00eda N\u00b0 2 Departamental","og_url":"https:\/\/infoecos.com.ar\/index.php\/una-rodado-29-convertida-en-bici-partes-y-moto-de-conocida-marca-rearmada\/","og_site_name":"Infoecos","article_publisher":"https:\/\/www.facebook.com\/profile.php?id=100063200290284","article_published_time":"2024-02-10T04:46:55+00:00","article_modified_time":"2024-02-13T06:37:20+00:00","og_image":[{"width":864,"height":1536,"url":"https:\/\/infoecos.com.ar\/wp-content\/uploads\/2024\/02\/1e11a674-ee7f-45a8-9e32-f4149163b76f.jpg","type":"image\/jpeg"}],"author":"Jorge Matheus","twitter_card":"summary_large_image","twitter_creator":"@infoecos","twitter_site":"@infoecos","twitter_misc":{"Escrito por":"Jorge Matheus","Tiempo de lectura":"2 minutos"},"schema":{"@context":"https:\/\/schema.org","@graph":[{"@type":"Article","@id":"https:\/\/infoecos.com.ar\/index.php\/una-rodado-29-convertida-en-bici-partes-y-moto-de-conocida-marca-rearmada\/#article","isPartOf":{"@id":"https:\/\/infoecos.com.ar\/index.php\/una-rodado-29-convertida-en-bici-partes-y-moto-de-conocida-marca-rearmada\/"},"author":{"name":"Jorge Matheus","@id":"https:\/\/infoecos.com.ar\/#\/schema\/person\/8f5ace5ce73b4b4aac4b7245aee6f191"},"headline":"Una rodado 29 convertida en bici partes, y moto de conocida marca, rearmada","datePublished":"2024-02-10T04:46:55+00:00","dateModified":"2024-02-13T06:37:20+00:00","mainEntityOfPage":{"@id":"https:\/\/infoecos.com.ar\/index.php\/una-rodado-29-convertida-en-bici-partes-y-moto-de-conocida-marca-rearmada\/"},"wordCount":321,"publisher":{"@id":"https:\/\/infoecos.com.ar\/#organization"},"image":{"@id":"https:\/\/infoecos.com.ar\/index.php\/una-rodado-29-convertida-en-bici-partes-y-moto-de-conocida-marca-rearmada\/#primaryimage"},"thumbnailUrl":"https:\/\/infoecos.com.ar\/wp-content\/uploads\/2024\/02\/1e11a674-ee7f-45a8-9e32-f4149163b76f.jpg","keywords":["Polic\u00eda y Justicia"],"articleSection":["C1 nota 6"],"inLanguage":"es"},{"@type":"WebPage","@id":"https:\/\/infoecos.com.ar\/index.php\/una-rodado-29-convertida-en-bici-partes-y-moto-de-conocida-marca-rearmada\/","url":"https:\/\/infoecos.com.ar\/index.php\/una-rodado-29-convertida-en-bici-partes-y-moto-de-conocida-marca-rearmada\/","name":"Una rodado 29 convertida en bici partes, y moto de conocida marca, rearmada - Infoecos","isPartOf":{"@id":"https:\/\/infoecos.com.ar\/#website"},"primaryImageOfPage":{"@id":"https:\/\/infoecos.com.ar\/index.php\/una-rodado-29-convertida-en-bici-partes-y-moto-de-conocida-marca-rearmada\/#primaryimage"},"image":{"@id":"https:\/\/infoecos.com.ar\/index.php\/una-rodado-29-convertida-en-bici-partes-y-moto-de-conocida-marca-rearmada\/#primaryimage"},"thumbnailUrl":"https:\/\/infoecos.com.ar\/wp-content\/uploads\/2024\/02\/1e11a674-ee7f-45a8-9e32-f4149163b76f.jpg","datePublished":"2024-02-10T04:46:55+00:00","dateModified":"2024-02-13T06:37:20+00:00","breadcrumb":{"@id":"https:\/\/infoecos.com.ar\/index.php\/una-rodado-29-convertida-en-bici-partes-y-moto-de-conocida-marca-rearmada\/#breadcrumb"},"inLanguage":"es","potentialAction":[{"@type":"ReadAction","target":["https:\/\/infoecos.com.ar\/index.php\/una-rodado-29-convertida-en-bici-partes-y-moto-de-conocida-marca-rearmada\/"]}]},{"@type":"ImageObject","inLanguage":"es","@id":"https:\/\/infoecos.com.ar\/index.php\/una-rodado-29-convertida-en-bici-partes-y-moto-de-conocida-marca-rearmada\/#primaryimage","url":"https:\/\/infoecos.com.ar\/wp-content\/uploads\/2024\/02\/1e11a674-ee7f-45a8-9e32-f4149163b76f.jpg","contentUrl":"https:\/\/infoecos.com.ar\/wp-content\/uploads\/2024\/02\/1e11a674-ee7f-45a8-9e32-f4149163b76f.jpg","width":864,"height":1536},{"@type":"BreadcrumbList","@id":"https:\/\/infoecos.com.ar\/index.php\/una-rodado-29-convertida-en-bici-partes-y-moto-de-conocida-marca-rearmada\/#breadcrumb","itemListElement":[{"@type":"ListItem","position":1,"name":"Portada","item":"https:\/\/infoecos.com.ar\/"},{"@type":"ListItem","position":2,"name":"Una rodado 29 convertida en bici partes, y moto de conocida marca, rearmada"}]},{"@type":"WebSite","@id":"https:\/\/infoecos.com.ar\/#website","url":"https:\/\/infoecos.com.ar\/","name":"Infoecos","description":"Noticias de trenque lauquen y la zona","publisher":{"@id":"https:\/\/infoecos.com.ar\/#organization"},"alternateName":"Noticias","potentialAction":[{"@type":"SearchAction","target":{"@type":"EntryPoint","urlTemplate":"https:\/\/infoecos.com.ar\/?s={search_term_string}"},"query-input":{"@type":"PropertyValueSpecification","valueRequired":true,"valueName":"search_term_string"}}],"inLanguage":"es"},{"@type":"Organization","@id":"https:\/\/infoecos.com.ar\/#organization","name":"Infoecos","alternateName":"Noticias","url":"https:\/\/infoecos.com.ar\/","logo":{"@type":"ImageObject","inLanguage":"es","@id":"https:\/\/infoecos.com.ar\/#\/schema\/logo\/image\/","url":"https:\/\/infoecos.com.ar\/wp-content\/uploads\/2024\/03\/cropped-logo.png","contentUrl":"https:\/\/infoecos.com.ar\/wp-content\/uploads\/2024\/03\/cropped-logo.png","width":374,"height":90,"caption":"Infoecos"},"image":{"@id":"https:\/\/infoecos.com.ar\/#\/schema\/logo\/image\/"},"sameAs":["https:\/\/www.facebook.com\/profile.php?id=100063200290284","https:\/\/x.com\/infoecos"]},{"@type":"Person","@id":"https:\/\/infoecos.com.ar\/#\/schema\/person\/8f5ace5ce73b4b4aac4b7245aee6f191","name":"Jorge Matheus","url":"https:\/\/infoecos.com.ar\/index.php\/author\/jomatheus\/"}]}},"featured_image_urls":{"full":["https:\/\/infoecos.com.ar\/wp-content\/uploads\/2024\/02\/1e11a674-ee7f-45a8-9e32-f4149163b76f.jpg",864,1536,false],"thumbnail":["https:\/\/infoecos.com.ar\/wp-content\/uploads\/2024\/02\/1e11a674-ee7f-45a8-9e32-f4149163b76f-300x150.jpg",300,150,true],"medium":["https:\/\/infoecos.com.ar\/wp-content\/uploads\/2024\/02\/1e11a674-ee7f-45a8-9e32-f4149163b76f-450x800.jpg",450,800,true],"medium_large":["https:\/\/infoecos.com.ar\/wp-content\/uploads\/2024\/02\/1e11a674-ee7f-45a8-9e32-f4149163b76f-768x1365.jpg",640,1138,true],"large":["https:\/\/infoecos.com.ar\/wp-content\/uploads\/2024\/02\/1e11a674-ee7f-45a8-9e32-f4149163b76f.jpg",640,1138,false],"1536x1536":["https:\/\/infoecos.com.ar\/wp-content\/uploads\/2024\/02\/1e11a674-ee7f-45a8-9e32-f4149163b76f.jpg",864,1536,false],"2048x2048":["https:\/\/infoecos.com.ar\/wp-content\/uploads\/2024\/02\/1e11a674-ee7f-45a8-9e32-f4149163b76f.jpg",864,1536,false],"covernews-slider-full":["https:\/\/infoecos.com.ar\/wp-content\/uploads\/2024\/02\/1e11a674-ee7f-45a8-9e32-f4149163b76f-864x1020.jpg",606,715,true],"covernews-slider-center":["https:\/\/infoecos.com.ar\/wp-content\/uploads\/2024\/02\/1e11a674-ee7f-45a8-9e32-f4149163b76f-864x897.jpg",482,500,true],"covernews-featured":["https:\/\/infoecos.com.ar\/wp-content\/uploads\/2024\/02\/1e11a674-ee7f-45a8-9e32-f4149163b76f.jpg",864,1536,false],"covernews-medium":["https:\/\/infoecos.com.ar\/wp-content\/uploads\/2024\/02\/1e11a674-ee7f-45a8-9e32-f4149163b76f-720x380.jpg",540,285,true],"covernews-medium-square":["https:\/\/infoecos.com.ar\/wp-content\/uploads\/2024\/02\/1e11a674-ee7f-45a8-9e32-f4149163b76f-675x450.jpg",375,250,true]},"author_info":{"info":["Jorge Matheus"]},"category_info":"<a href=\"https:\/\/infoecos.com.ar\/index.php\/category\/c1nota6\/\" rel=\"category tag\">C1 nota 6<\/a>","tag_info":"C1 nota 6","comment_count":"0","_links":{"self":[{"href":"https:\/\/infoecos.com.ar\/index.php\/wp-json\/wp\/v2\/posts\/118701"}],"collection":[{"href":"https:\/\/infoecos.com.ar\/index.php\/wp-json\/wp\/v2\/posts"}],"about":[{"href":"https:\/\/infoecos.com.ar\/index.php\/wp-json\/wp\/v2\/types\/post"}],"author":[{"embeddable":true,"href":"https:\/\/infoecos.com.ar\/index.php\/wp-json\/wp\/v2\/users\/2"}],"replies":[{"embeddable":true,"href":"https:\/\/infoecos.com.ar\/index.php\/wp-json\/wp\/v2\/comments?post=118701"}],"version-history":[{"count":1,"href":"https:\/\/infoecos.com.ar\/index.php\/wp-json\/wp\/v2\/posts\/118701\/revisions"}],"predecessor-version":[{"id":118704,"href":"https:\/\/infoecos.com.ar\/index.php\/wp-json\/wp\/v2\/posts\/118701\/revisions\/118704"}],"wp:featuredmedia":[{"embeddable":true,"href":"https:\/\/infoecos.com.ar\/index.php\/wp-json\/wp\/v2\/media\/118702"}],"wp:attachment":[{"href":"https:\/\/infoecos.com.ar\/index.php\/wp-json\/wp\/v2\/media?parent=118701"}],"wp:term":[{"taxonomy":"category","embeddable":true,"href":"https:\/\/infoecos.com.ar\/index.php\/wp-json\/wp\/v2\/categories?post=118701"},{"taxonomy":"post_tag","embeddable":true,"href":"https:\/\/infoecos.com.ar\/index.php\/wp-json\/wp\/v2\/tags?post=118701"}],"curies":[{"name":"wp","href":"https:\/\/api.w.org\/{rel}","templated":true}]}}