{"id":118726,"date":"2024-02-10T11:17:29","date_gmt":"2024-02-10T14:17:29","guid":{"rendered":"https:\/\/infoecos.com.ar\/?p=118726"},"modified":"2024-02-10T11:17:30","modified_gmt":"2024-02-10T14:17:30","slug":"milei-encendio-otra-mecha-en-declaraciones-que-formulo-desde-roma-por-radio-mitre","status":"publish","type":"post","link":"https:\/\/infoecos.com.ar\/index.php\/milei-encendio-otra-mecha-en-declaraciones-que-formulo-desde-roma-por-radio-mitre\/","title":{"rendered":"Milei encendi\u00f3 otra mecha en declaraciones que formul\u00f3 desde Roma por Radio Mitre"},"content":{"rendered":"\n<figure class=\"wp-block-image alignright size-full is-resized\"><img loading=\"lazy\" decoding=\"async\" src=\"https:\/\/infoecos.com.ar\/wp-content\/uploads\/2024\/02\/image-120.png\" alt=\"\" class=\"wp-image-118727\" width=\"373\" height=\"243\" srcset=\"https:\/\/infoecos.com.ar\/wp-content\/uploads\/2024\/02\/image-120.png 980w, https:\/\/infoecos.com.ar\/wp-content\/uploads\/2024\/02\/image-120-800x522.png 800w, https:\/\/infoecos.com.ar\/wp-content\/uploads\/2024\/02\/image-120-768x502.png 768w\" sizes=\"(max-width: 373px) 100vw, 373px\" \/><figcaption class=\"wp-element-caption\">Milei en Roma al visitar anoche El Coliseo  <\/figcaption><\/figure>\n\n\n\n<p><strong>Material period\u00edstico tomado de radiomitre.com.ar, infobae.com y clarin.com <\/strong><\/p>\n\n\n\n<p>El presidente Javier Milei habl\u00f3 tras la ca\u00edda de la Ley \u00d3mnibus y ratific\u00f3 los objetivos fiscales del gobierno. En una entrevista en \u201cS\u00e1bado Tempran\u00edsimo\u201d por Radio Mitre, llam\u00f3 \u201ccorruptos\u201d a los diputados que votaron en contra del proyecto y critic\u00f3 duramente a los gobernadores.<\/p>\n\n\n\n<p>\u201cLos diputados que han traicionado a las ideas de la libertad y enga\u00f1ado al electorado diciendo que ven\u00edan por el cambio, demostraron que estaban dispuestos a desguazar la ley con tal de no tocar sus privilegios de casta.&nbsp;<strong>Lo que pas\u00f3 demostr\u00f3 qui\u00e9nes est\u00e1n del lado del cambio y qui\u00e9nes son los estafadores y est\u00e1n en pol\u00edtica para hacer negocios<\/strong>\u201d, comenz\u00f3 diciendo.<\/p>\n\n\n\n<p>\u201cEsto no afecta a la din\u00e1mica de corto plazo. Tenemos un programa d e estabilizaci\u00f3n duro, aprobado por el FMI<strong>. En enero hemos alcanzado el equilibrio financiero, algo que solo ocurri\u00f3 cerca de 10 veces en los \u00faltimos 123 a\u00f1os y casi no tiene ning\u00fan pa\u00eds del mundo<\/strong>. Al tener d\u00e9ficit cero, la deuda no crece. A pesar de los desmanes de los opositores, los bonos no sufrieron un mayor impacto por la solidez de la pol\u00edtica que estamos realizando y por la solidez del Banco Central, que ya lleva acumulados 7000 millones de d\u00f3lares\u201d, a\u00f1adi\u00f3&nbsp;<strong>Milei<\/strong>, quien ratific\u00f3 las metas del oficialismo.<\/p>\n\n\n\n<h2 class=\"wp-block-heading\"><strong>Javier Milei apunt\u00f3 contra la oposici\u00f3n<\/strong><\/h2>\n\n\n\n<p>En ese sentido, el presidente asegur\u00f3 que \u201clos que hablan de consensos son unos corruptos\u201d: \u201cEsto ya no deber\u00eda sorprender.&nbsp;<strong>En alg\u00fan momento un diputado me dijo que para sacar leyes iba a tener que dar favores, pero nosotros no estamos dispuestos a hacer pol\u00edtica de esa manera mugrosa, corrupta y perversa<\/strong>\u201d.<\/p>\n\n\n\n<p>Puntualmente, apunt\u00f3 contra el gobernador de C\u00f3rdoba, Mart\u00edn Llaryora, quien \u201cllora por 20.000 millones de pesos en subsidios y paga 27.000 millones en pauta oficial\u201d: \u201c<strong>Vamos a mostrar qui\u00e9nes votan en contra de la gente y a dejar en claro el despilfarro que hay en las provincias. Nosotros vinimos a cambiar de cuajo este pa\u00eds corrupto<\/strong>\u201d.<\/p>\n\n\n\n<figure class=\"wp-block-embed is-type-video is-provider-youtube wp-block-embed-youtube wp-embed-aspect-16-9 wp-has-aspect-ratio\"><div class=\"wp-block-embed__wrapper\">\n<iframe loading=\"lazy\" title=\"Javier Milei: \u201cVinimos a cambiar de cuajo este pa\u00eds corrupto\u201d\" width=\"640\" height=\"360\" src=\"https:\/\/www.youtube.com\/embed\/UCSdhXY29Pw?feature=oembed\" frameborder=\"0\" allow=\"accelerometer; autoplay; clipboard-write; encrypted-media; gyroscope; picture-in-picture; web-share\" referrerpolicy=\"strict-origin-when-cross-origin\" allowfullscreen><\/iframe>\n<\/div><\/figure>\n\n\n\n<p><strong>Infobae.com<\/strong><\/p>\n\n\n\n<p>Desde Roma, donde tiene previsto participar de<a href=\"https:\/\/www.infobae.com\/sociedad\/2024\/02\/10\/las-biografas-de-mama-antula-y-una-investigacion-que-demoro-trece-anos-nos-propusimos-como-mujeres-sacarla-del-olvido\/\" target=\"_blank\" rel=\"noreferrer noopener\">\u00a0<strong>la canonizaci\u00f3n de Mama Antula<\/strong><\/a>\u00a0y mantener una audiencia privada con el papa Francisco, el presidente<strong>\u00a0Javier Milei\u00a0<\/strong>volvi\u00f3 a atacar con dureza a diputados y gobernadores tras la ca\u00edda de la Ley \u00d3mnibus, advirti\u00f3 por m\u00e1s recortes a las provincias y asegur\u00f3 que no va a negociar su plan econ\u00f3mico.<\/p>\n\n\n\n<p>El mandatario dijo adem\u00e1s que lo que ocurri\u00f3 con el debate de la<a rel=\"noreferrer noopener\" href=\"https:\/\/www.infobae.com\/politica\/2024\/02\/07\/ley-omnibus-el-desenlace-en-diputados-expone-antes-que-nada-un-inquietante-problema-de-concepcion-politica\/\" target=\"_blank\">&nbsp;Ley \u00d3mnibus<\/a>&nbsp;fue \u201cmaravilloso\u201d porque, al ordenar que se retire el proyecto de la discusi\u00f3n en el recinto, dej\u00f3&nbsp;<strong>\u201cen evidencia qui\u00e9nes son la mugre de la pol\u00edtica\u201d<\/strong>.<\/p>\n\n\n\n<p>\u201cObviamente, cuantas menos herramientas tenga, m\u00e1s tengo que profundizar el ajuste del gasto p\u00fablico\u201d, respondi\u00f3 cuando el periodista Marcelo Bonelli le pregunt\u00f3 en radio\u00a0<em>Mitre\u00a0<\/em>si habr\u00e1 m\u00e1s recortes en los fondos que el Gobierno nacional env\u00eda a las provincias. \u201c\u00bfAcaso no lo puedo hacer? \u00bfAcaso las provincias no tienen sus propios recursos?\u00a0<strong>Yo no voy a negociar de ninguna manera mi programa econ\u00f3mico<\/strong>, no voy a negociar bajo ning\u00fan punto de vista la meta del d\u00e9ficit cero, no voy a negociar de ninguna manera el saneamiento del Banco Central. La econom\u00eda va a salir adelante. Voy a exterminar la inflaci\u00f3n, voy a terminar con la inseguridad y, en el medio, voy dejando en evidencia qui\u00e9nes son los pol\u00edticos corruptos\u201d, a\u00f1adi\u00f3.<\/p>\n\n\n\n<p><strong>clarin.com <\/strong><\/p>\n\n\n\n<p><\/p>\n","protected":false},"excerpt":{"rendered":"<p> En una entrevista en \u201cS\u00e1bado Tempran\u00edsimo\u201d por Radio Mitre, llam\u00f3 \u201ccorruptos\u201d a los diputados que votaron en contra del proyecto y critic\u00f3 duramente a los gobernadores<\/p>\n","protected":false},"author":2,"featured_media":118727,"comment_status":"closed","ping_status":"open","sticky":false,"template":"","format":"standard","meta":{"footnotes":""},"categories":[50],"tags":[1621],"class_list":["post-118726","post","type-post","status-publish","format-standard","has-post-thumbnail","hentry","category-c1nota4","tag-politica-argentina"],"yoast_head":"<!-- This site is optimized with the Yoast SEO plugin v23.4 - https:\/\/yoast.com\/wordpress\/plugins\/seo\/ -->\n<title>Milei encendi\u00f3 otra mecha en declaraciones que formul\u00f3 desde Roma por Radio Mitre - Infoecos<\/title>\n<meta name=\"robots\" content=\"index, follow, max-snippet:-1, max-image-preview:large, max-video-preview:-1\" \/>\n<link rel=\"canonical\" href=\"https:\/\/infoecos.com.ar\/index.php\/milei-encendio-otra-mecha-en-declaraciones-que-formulo-desde-roma-por-radio-mitre\/\" \/>\n<meta property=\"og:locale\" content=\"es_ES\" \/>\n<meta property=\"og:type\" content=\"article\" \/>\n<meta property=\"og:title\" content=\"Milei encendi\u00f3 otra mecha en declaraciones que formul\u00f3 desde Roma por Radio Mitre - Infoecos\" \/>\n<meta property=\"og:description\" content=\"En una entrevista en \u201cS\u00e1bado Tempran\u00edsimo\u201d por Radio Mitre, llam\u00f3 \u201ccorruptos\u201d a los diputados que votaron en contra del proyecto y critic\u00f3 duramente a los gobernadores\" \/>\n<meta property=\"og:url\" content=\"https:\/\/infoecos.com.ar\/index.php\/milei-encendio-otra-mecha-en-declaraciones-que-formulo-desde-roma-por-radio-mitre\/\" \/>\n<meta property=\"og:site_name\" content=\"Infoecos\" \/>\n<meta property=\"article:publisher\" content=\"https:\/\/www.facebook.com\/profile.php?id=100063200290284\" \/>\n<meta property=\"article:published_time\" content=\"2024-02-10T14:17:29+00:00\" \/>\n<meta property=\"article:modified_time\" content=\"2024-02-10T14:17:30+00:00\" \/>\n<meta property=\"og:image\" content=\"https:\/\/infoecos.com.ar\/wp-content\/uploads\/2024\/02\/image-120.png\" \/>\n\t<meta property=\"og:image:width\" content=\"980\" \/>\n\t<meta property=\"og:image:height\" content=\"640\" \/>\n\t<meta property=\"og:image:type\" content=\"image\/png\" \/>\n<meta name=\"author\" content=\"Jorge Matheus\" \/>\n<meta name=\"twitter:card\" content=\"summary_large_image\" \/>\n<meta name=\"twitter:creator\" content=\"@infoecos\" \/>\n<meta name=\"twitter:site\" content=\"@infoecos\" \/>\n<meta name=\"twitter:label1\" content=\"Escrito por\" \/>\n\t<meta name=\"twitter:data1\" content=\"Jorge Matheus\" \/>\n\t<meta name=\"twitter:label2\" content=\"Tiempo de lectura\" \/>\n\t<meta name=\"twitter:data2\" content=\"3 minutos\" \/>\n<script type=\"application\/ld+json\" class=\"yoast-schema-graph\">{\"@context\":\"https:\/\/schema.org\",\"@graph\":[{\"@type\":\"Article\",\"@id\":\"https:\/\/infoecos.com.ar\/index.php\/milei-encendio-otra-mecha-en-declaraciones-que-formulo-desde-roma-por-radio-mitre\/#article\",\"isPartOf\":{\"@id\":\"https:\/\/infoecos.com.ar\/index.php\/milei-encendio-otra-mecha-en-declaraciones-que-formulo-desde-roma-por-radio-mitre\/\"},\"author\":{\"name\":\"Jorge Matheus\",\"@id\":\"https:\/\/infoecos.com.ar\/#\/schema\/person\/8f5ace5ce73b4b4aac4b7245aee6f191\"},\"headline\":\"Milei encendi\u00f3 otra mecha en declaraciones que formul\u00f3 desde Roma por Radio Mitre\",\"datePublished\":\"2024-02-10T14:17:29+00:00\",\"dateModified\":\"2024-02-10T14:17:30+00:00\",\"mainEntityOfPage\":{\"@id\":\"https:\/\/infoecos.com.ar\/index.php\/milei-encendio-otra-mecha-en-declaraciones-que-formulo-desde-roma-por-radio-mitre\/\"},\"wordCount\":642,\"publisher\":{\"@id\":\"https:\/\/infoecos.com.ar\/#organization\"},\"image\":{\"@id\":\"https:\/\/infoecos.com.ar\/index.php\/milei-encendio-otra-mecha-en-declaraciones-que-formulo-desde-roma-por-radio-mitre\/#primaryimage\"},\"thumbnailUrl\":\"https:\/\/infoecos.com.ar\/wp-content\/uploads\/2024\/02\/image-120.png\",\"keywords\":[\"POL\u00cdTICA ARGENTINA\"],\"articleSection\":[\"C1 N4\"],\"inLanguage\":\"es\"},{\"@type\":\"WebPage\",\"@id\":\"https:\/\/infoecos.com.ar\/index.php\/milei-encendio-otra-mecha-en-declaraciones-que-formulo-desde-roma-por-radio-mitre\/\",\"url\":\"https:\/\/infoecos.com.ar\/index.php\/milei-encendio-otra-mecha-en-declaraciones-que-formulo-desde-roma-por-radio-mitre\/\",\"name\":\"Milei encendi\u00f3 otra mecha en declaraciones que formul\u00f3 desde Roma por Radio Mitre - Infoecos\",\"isPartOf\":{\"@id\":\"https:\/\/infoecos.com.ar\/#website\"},\"primaryImageOfPage\":{\"@id\":\"https:\/\/infoecos.com.ar\/index.php\/milei-encendio-otra-mecha-en-declaraciones-que-formulo-desde-roma-por-radio-mitre\/#primaryimage\"},\"image\":{\"@id\":\"https:\/\/infoecos.com.ar\/index.php\/milei-encendio-otra-mecha-en-declaraciones-que-formulo-desde-roma-por-radio-mitre\/#primaryimage\"},\"thumbnailUrl\":\"https:\/\/infoecos.com.ar\/wp-content\/uploads\/2024\/02\/image-120.png\",\"datePublished\":\"2024-02-10T14:17:29+00:00\",\"dateModified\":\"2024-02-10T14:17:30+00:00\",\"breadcrumb\":{\"@id\":\"https:\/\/infoecos.com.ar\/index.php\/milei-encendio-otra-mecha-en-declaraciones-que-formulo-desde-roma-por-radio-mitre\/#breadcrumb\"},\"inLanguage\":\"es\",\"potentialAction\":[{\"@type\":\"ReadAction\",\"target\":[\"https:\/\/infoecos.com.ar\/index.php\/milei-encendio-otra-mecha-en-declaraciones-que-formulo-desde-roma-por-radio-mitre\/\"]}]},{\"@type\":\"ImageObject\",\"inLanguage\":\"es\",\"@id\":\"https:\/\/infoecos.com.ar\/index.php\/milei-encendio-otra-mecha-en-declaraciones-que-formulo-desde-roma-por-radio-mitre\/#primaryimage\",\"url\":\"https:\/\/infoecos.com.ar\/wp-content\/uploads\/2024\/02\/image-120.png\",\"contentUrl\":\"https:\/\/infoecos.com.ar\/wp-content\/uploads\/2024\/02\/image-120.png\",\"width\":980,\"height\":640},{\"@type\":\"BreadcrumbList\",\"@id\":\"https:\/\/infoecos.com.ar\/index.php\/milei-encendio-otra-mecha-en-declaraciones-que-formulo-desde-roma-por-radio-mitre\/#breadcrumb\",\"itemListElement\":[{\"@type\":\"ListItem\",\"position\":1,\"name\":\"Portada\",\"item\":\"https:\/\/infoecos.com.ar\/\"},{\"@type\":\"ListItem\",\"position\":2,\"name\":\"Milei encendi\u00f3 otra mecha en declaraciones que formul\u00f3 desde Roma por Radio Mitre\"}]},{\"@type\":\"WebSite\",\"@id\":\"https:\/\/infoecos.com.ar\/#website\",\"url\":\"https:\/\/infoecos.com.ar\/\",\"name\":\"Infoecos\",\"description\":\"Noticias de trenque lauquen y la zona\",\"publisher\":{\"@id\":\"https:\/\/infoecos.com.ar\/#organization\"},\"alternateName\":\"Noticias\",\"potentialAction\":[{\"@type\":\"SearchAction\",\"target\":{\"@type\":\"EntryPoint\",\"urlTemplate\":\"https:\/\/infoecos.com.ar\/?s={search_term_string}\"},\"query-input\":{\"@type\":\"PropertyValueSpecification\",\"valueRequired\":true,\"valueName\":\"search_term_string\"}}],\"inLanguage\":\"es\"},{\"@type\":\"Organization\",\"@id\":\"https:\/\/infoecos.com.ar\/#organization\",\"name\":\"Infoecos\",\"alternateName\":\"Noticias\",\"url\":\"https:\/\/infoecos.com.ar\/\",\"logo\":{\"@type\":\"ImageObject\",\"inLanguage\":\"es\",\"@id\":\"https:\/\/infoecos.com.ar\/#\/schema\/logo\/image\/\",\"url\":\"https:\/\/infoecos.com.ar\/wp-content\/uploads\/2024\/03\/cropped-logo.png\",\"contentUrl\":\"https:\/\/infoecos.com.ar\/wp-content\/uploads\/2024\/03\/cropped-logo.png\",\"width\":374,\"height\":90,\"caption\":\"Infoecos\"},\"image\":{\"@id\":\"https:\/\/infoecos.com.ar\/#\/schema\/logo\/image\/\"},\"sameAs\":[\"https:\/\/www.facebook.com\/profile.php?id=100063200290284\",\"https:\/\/x.com\/infoecos\"]},{\"@type\":\"Person\",\"@id\":\"https:\/\/infoecos.com.ar\/#\/schema\/person\/8f5ace5ce73b4b4aac4b7245aee6f191\",\"name\":\"Jorge Matheus\",\"url\":\"https:\/\/infoecos.com.ar\/index.php\/author\/jomatheus\/\"}]}<\/script>\n<!-- \/ Yoast SEO plugin. -->","yoast_head_json":{"title":"Milei encendi\u00f3 otra mecha en declaraciones que formul\u00f3 desde Roma por Radio Mitre - Infoecos","robots":{"index":"index","follow":"follow","max-snippet":"max-snippet:-1","max-image-preview":"max-image-preview:large","max-video-preview":"max-video-preview:-1"},"canonical":"https:\/\/infoecos.com.ar\/index.php\/milei-encendio-otra-mecha-en-declaraciones-que-formulo-desde-roma-por-radio-mitre\/","og_locale":"es_ES","og_type":"article","og_title":"Milei encendi\u00f3 otra mecha en declaraciones que formul\u00f3 desde Roma por Radio Mitre - Infoecos","og_description":"En una entrevista en \u201cS\u00e1bado Tempran\u00edsimo\u201d por Radio Mitre, llam\u00f3 \u201ccorruptos\u201d a los diputados que votaron en contra del proyecto y critic\u00f3 duramente a los gobernadores","og_url":"https:\/\/infoecos.com.ar\/index.php\/milei-encendio-otra-mecha-en-declaraciones-que-formulo-desde-roma-por-radio-mitre\/","og_site_name":"Infoecos","article_publisher":"https:\/\/www.facebook.com\/profile.php?id=100063200290284","article_published_time":"2024-02-10T14:17:29+00:00","article_modified_time":"2024-02-10T14:17:30+00:00","og_image":[{"width":980,"height":640,"url":"https:\/\/infoecos.com.ar\/wp-content\/uploads\/2024\/02\/image-120.png","type":"image\/png"}],"author":"Jorge Matheus","twitter_card":"summary_large_image","twitter_creator":"@infoecos","twitter_site":"@infoecos","twitter_misc":{"Escrito por":"Jorge Matheus","Tiempo de lectura":"3 minutos"},"schema":{"@context":"https:\/\/schema.org","@graph":[{"@type":"Article","@id":"https:\/\/infoecos.com.ar\/index.php\/milei-encendio-otra-mecha-en-declaraciones-que-formulo-desde-roma-por-radio-mitre\/#article","isPartOf":{"@id":"https:\/\/infoecos.com.ar\/index.php\/milei-encendio-otra-mecha-en-declaraciones-que-formulo-desde-roma-por-radio-mitre\/"},"author":{"name":"Jorge Matheus","@id":"https:\/\/infoecos.com.ar\/#\/schema\/person\/8f5ace5ce73b4b4aac4b7245aee6f191"},"headline":"Milei encendi\u00f3 otra mecha en declaraciones que formul\u00f3 desde Roma por Radio Mitre","datePublished":"2024-02-10T14:17:29+00:00","dateModified":"2024-02-10T14:17:30+00:00","mainEntityOfPage":{"@id":"https:\/\/infoecos.com.ar\/index.php\/milei-encendio-otra-mecha-en-declaraciones-que-formulo-desde-roma-por-radio-mitre\/"},"wordCount":642,"publisher":{"@id":"https:\/\/infoecos.com.ar\/#organization"},"image":{"@id":"https:\/\/infoecos.com.ar\/index.php\/milei-encendio-otra-mecha-en-declaraciones-que-formulo-desde-roma-por-radio-mitre\/#primaryimage"},"thumbnailUrl":"https:\/\/infoecos.com.ar\/wp-content\/uploads\/2024\/02\/image-120.png","keywords":["POL\u00cdTICA ARGENTINA"],"articleSection":["C1 N4"],"inLanguage":"es"},{"@type":"WebPage","@id":"https:\/\/infoecos.com.ar\/index.php\/milei-encendio-otra-mecha-en-declaraciones-que-formulo-desde-roma-por-radio-mitre\/","url":"https:\/\/infoecos.com.ar\/index.php\/milei-encendio-otra-mecha-en-declaraciones-que-formulo-desde-roma-por-radio-mitre\/","name":"Milei encendi\u00f3 otra mecha en declaraciones que formul\u00f3 desde Roma por Radio Mitre - Infoecos","isPartOf":{"@id":"https:\/\/infoecos.com.ar\/#website"},"primaryImageOfPage":{"@id":"https:\/\/infoecos.com.ar\/index.php\/milei-encendio-otra-mecha-en-declaraciones-que-formulo-desde-roma-por-radio-mitre\/#primaryimage"},"image":{"@id":"https:\/\/infoecos.com.ar\/index.php\/milei-encendio-otra-mecha-en-declaraciones-que-formulo-desde-roma-por-radio-mitre\/#primaryimage"},"thumbnailUrl":"https:\/\/infoecos.com.ar\/wp-content\/uploads\/2024\/02\/image-120.png","datePublished":"2024-02-10T14:17:29+00:00","dateModified":"2024-02-10T14:17:30+00:00","breadcrumb":{"@id":"https:\/\/infoecos.com.ar\/index.php\/milei-encendio-otra-mecha-en-declaraciones-que-formulo-desde-roma-por-radio-mitre\/#breadcrumb"},"inLanguage":"es","potentialAction":[{"@type":"ReadAction","target":["https:\/\/infoecos.com.ar\/index.php\/milei-encendio-otra-mecha-en-declaraciones-que-formulo-desde-roma-por-radio-mitre\/"]}]},{"@type":"ImageObject","inLanguage":"es","@id":"https:\/\/infoecos.com.ar\/index.php\/milei-encendio-otra-mecha-en-declaraciones-que-formulo-desde-roma-por-radio-mitre\/#primaryimage","url":"https:\/\/infoecos.com.ar\/wp-content\/uploads\/2024\/02\/image-120.png","contentUrl":"https:\/\/infoecos.com.ar\/wp-content\/uploads\/2024\/02\/image-120.png","width":980,"height":640},{"@type":"BreadcrumbList","@id":"https:\/\/infoecos.com.ar\/index.php\/milei-encendio-otra-mecha-en-declaraciones-que-formulo-desde-roma-por-radio-mitre\/#breadcrumb","itemListElement":[{"@type":"ListItem","position":1,"name":"Portada","item":"https:\/\/infoecos.com.ar\/"},{"@type":"ListItem","position":2,"name":"Milei encendi\u00f3 otra mecha en declaraciones que formul\u00f3 desde Roma por Radio Mitre"}]},{"@type":"WebSite","@id":"https:\/\/infoecos.com.ar\/#website","url":"https:\/\/infoecos.com.ar\/","name":"Infoecos","description":"Noticias de trenque lauquen y la zona","publisher":{"@id":"https:\/\/infoecos.com.ar\/#organization"},"alternateName":"Noticias","potentialAction":[{"@type":"SearchAction","target":{"@type":"EntryPoint","urlTemplate":"https:\/\/infoecos.com.ar\/?s={search_term_string}"},"query-input":{"@type":"PropertyValueSpecification","valueRequired":true,"valueName":"search_term_string"}}],"inLanguage":"es"},{"@type":"Organization","@id":"https:\/\/infoecos.com.ar\/#organization","name":"Infoecos","alternateName":"Noticias","url":"https:\/\/infoecos.com.ar\/","logo":{"@type":"ImageObject","inLanguage":"es","@id":"https:\/\/infoecos.com.ar\/#\/schema\/logo\/image\/","url":"https:\/\/infoecos.com.ar\/wp-content\/uploads\/2024\/03\/cropped-logo.png","contentUrl":"https:\/\/infoecos.com.ar\/wp-content\/uploads\/2024\/03\/cropped-logo.png","width":374,"height":90,"caption":"Infoecos"},"image":{"@id":"https:\/\/infoecos.com.ar\/#\/schema\/logo\/image\/"},"sameAs":["https:\/\/www.facebook.com\/profile.php?id=100063200290284","https:\/\/x.com\/infoecos"]},{"@type":"Person","@id":"https:\/\/infoecos.com.ar\/#\/schema\/person\/8f5ace5ce73b4b4aac4b7245aee6f191","name":"Jorge Matheus","url":"https:\/\/infoecos.com.ar\/index.php\/author\/jomatheus\/"}]}},"featured_image_urls":{"full":["https:\/\/infoecos.com.ar\/wp-content\/uploads\/2024\/02\/image-120.png",980,640,false],"thumbnail":["https:\/\/infoecos.com.ar\/wp-content\/uploads\/2024\/02\/image-120-300x150.png",300,150,true],"medium":["https:\/\/infoecos.com.ar\/wp-content\/uploads\/2024\/02\/image-120-800x522.png",800,522,true],"medium_large":["https:\/\/infoecos.com.ar\/wp-content\/uploads\/2024\/02\/image-120-768x502.png",640,418,true],"large":["https:\/\/infoecos.com.ar\/wp-content\/uploads\/2024\/02\/image-120.png",640,418,false],"1536x1536":["https:\/\/infoecos.com.ar\/wp-content\/uploads\/2024\/02\/image-120.png",980,640,false],"2048x2048":["https:\/\/infoecos.com.ar\/wp-content\/uploads\/2024\/02\/image-120.png",980,640,false],"covernews-slider-full":["https:\/\/infoecos.com.ar\/wp-content\/uploads\/2024\/02\/image-120.png",980,640,false],"covernews-slider-center":["https:\/\/infoecos.com.ar\/wp-content\/uploads\/2024\/02\/image-120-936x640.png",731,500,true],"covernews-featured":["https:\/\/infoecos.com.ar\/wp-content\/uploads\/2024\/02\/image-120.png",980,640,false],"covernews-medium":["https:\/\/infoecos.com.ar\/wp-content\/uploads\/2024\/02\/image-120-720x380.png",540,285,true],"covernews-medium-square":["https:\/\/infoecos.com.ar\/wp-content\/uploads\/2024\/02\/image-120-675x450.png",375,250,true]},"author_info":{"info":["Jorge Matheus"]},"category_info":"<a href=\"https:\/\/infoecos.com.ar\/index.php\/category\/c1nota4\/\" rel=\"category tag\">C1 N4<\/a>","tag_info":"C1 N4","comment_count":"0","_links":{"self":[{"href":"https:\/\/infoecos.com.ar\/index.php\/wp-json\/wp\/v2\/posts\/118726"}],"collection":[{"href":"https:\/\/infoecos.com.ar\/index.php\/wp-json\/wp\/v2\/posts"}],"about":[{"href":"https:\/\/infoecos.com.ar\/index.php\/wp-json\/wp\/v2\/types\/post"}],"author":[{"embeddable":true,"href":"https:\/\/infoecos.com.ar\/index.php\/wp-json\/wp\/v2\/users\/2"}],"replies":[{"embeddable":true,"href":"https:\/\/infoecos.com.ar\/index.php\/wp-json\/wp\/v2\/comments?post=118726"}],"version-history":[{"count":1,"href":"https:\/\/infoecos.com.ar\/index.php\/wp-json\/wp\/v2\/posts\/118726\/revisions"}],"predecessor-version":[{"id":118728,"href":"https:\/\/infoecos.com.ar\/index.php\/wp-json\/wp\/v2\/posts\/118726\/revisions\/118728"}],"wp:featuredmedia":[{"embeddable":true,"href":"https:\/\/infoecos.com.ar\/index.php\/wp-json\/wp\/v2\/media\/118727"}],"wp:attachment":[{"href":"https:\/\/infoecos.com.ar\/index.php\/wp-json\/wp\/v2\/media?parent=118726"}],"wp:term":[{"taxonomy":"category","embeddable":true,"href":"https:\/\/infoecos.com.ar\/index.php\/wp-json\/wp\/v2\/categories?post=118726"},{"taxonomy":"post_tag","embeddable":true,"href":"https:\/\/infoecos.com.ar\/index.php\/wp-json\/wp\/v2\/tags?post=118726"}],"curies":[{"name":"wp","href":"https:\/\/api.w.org\/{rel}","templated":true}]}}