{"id":118742,"date":"2024-02-11T01:39:10","date_gmt":"2024-02-11T04:39:10","guid":{"rendered":"https:\/\/infoecos.com.ar\/?p=118742"},"modified":"2024-02-13T03:23:12","modified_gmt":"2024-02-13T06:23:12","slug":"accidente-en-la-ruta-33-entre-general-villegas-y-america-no-hubo-que-lamentar-desgracias-personales","status":"publish","type":"post","link":"https:\/\/infoecos.com.ar\/index.php\/accidente-en-la-ruta-33-entre-general-villegas-y-america-no-hubo-que-lamentar-desgracias-personales\/","title":{"rendered":"Accidente en la Ruta 33, entre General Villegas y Am\u00e9rica: no hubo que lamentar desgracias personales"},"content":{"rendered":"\n<figure class=\"wp-block-image alignright size-full is-resized\"><img loading=\"lazy\" decoding=\"async\" src=\"https:\/\/infoecos.com.ar\/wp-content\/uploads\/2024\/02\/image-125.png\" alt=\"\" class=\"wp-image-118743\" width=\"346\" height=\"259\" srcset=\"https:\/\/infoecos.com.ar\/wp-content\/uploads\/2024\/02\/image-125.png 960w, https:\/\/infoecos.com.ar\/wp-content\/uploads\/2024\/02\/image-125-800x600.png 800w, https:\/\/infoecos.com.ar\/wp-content\/uploads\/2024\/02\/image-125-768x576.png 768w\" sizes=\"(max-width: 346px) 100vw, 346px\" \/><\/figure>\n\n\n\n<p>La cuenta Noticias en el Face revela en la madrugada de este domingo que se produjo un accidente en la Ruta 33, entre General Villegas y Am\u00e9rica.<\/p>\n\n\n\n<p>Se rozaron un auto y un cami\u00f3n. Este \u00faltimo de Trenque Lauquen transportaba leche y viajaba de sur a norte, mientras que en el veh\u00edculo de menor porte viajaba una familia de la localidad de \u00c1lvarez (cercana a Rosario), integrada por dos mayores y menores, con destino a Bariloche.<\/p>\n\n\n\n<p>Asistieron bomberos, ambulancias y polic\u00eda de General Villegas, no habi\u00e9ndose registrado ninguna persona herida.<\/p>\n\n\n\n<p>La activa cuenta period\u00edstica informa que uno de los menores pidi\u00f3 tomarse una foto con los bomberos (la que se publica m\u00e1s arriba). <\/p>\n\n\n\n<figure class=\"wp-block-image aligncenter size-full is-resized\"><img loading=\"lazy\" decoding=\"async\" src=\"https:\/\/infoecos.com.ar\/wp-content\/uploads\/2024\/02\/image-126.png\" alt=\"\" class=\"wp-image-118744\" width=\"275\" height=\"489\" srcset=\"https:\/\/infoecos.com.ar\/wp-content\/uploads\/2024\/02\/image-126.png 720w, https:\/\/infoecos.com.ar\/wp-content\/uploads\/2024\/02\/image-126-450x800.png 450w\" sizes=\"(max-width: 275px) 100vw, 275px\" \/><\/figure>\n\n\n\n<p>Fuente: Noticias en el Face<\/p>\n","protected":false},"excerpt":{"rendered":"<p>La activa cuenta period\u00edstica informa que uno de los menores pidi\u00f3 tomarse una foto con los bomberos<\/p>\n","protected":false},"author":2,"featured_media":118743,"comment_status":"closed","ping_status":"open","sticky":false,"template":"","format":"standard","meta":{"footnotes":""},"categories":[200],"tags":[10044],"class_list":["post-118742","post","type-post","status-publish","format-standard","has-post-thumbnail","hentry","category-inferior8","tag-roce-entre-un-camion-y-un-auto"],"yoast_head":"<!-- This site is optimized with the Yoast SEO plugin v23.4 - https:\/\/yoast.com\/wordpress\/plugins\/seo\/ -->\n<title>Accidente en la Ruta 33, entre General Villegas y Am\u00e9rica: no hubo que lamentar desgracias personales - Infoecos<\/title>\n<meta name=\"robots\" content=\"index, follow, max-snippet:-1, max-image-preview:large, max-video-preview:-1\" \/>\n<link rel=\"canonical\" href=\"https:\/\/infoecos.com.ar\/index.php\/accidente-en-la-ruta-33-entre-general-villegas-y-america-no-hubo-que-lamentar-desgracias-personales\/\" \/>\n<meta property=\"og:locale\" content=\"es_ES\" \/>\n<meta property=\"og:type\" content=\"article\" \/>\n<meta property=\"og:title\" content=\"Accidente en la Ruta 33, entre General Villegas y Am\u00e9rica: no hubo que lamentar desgracias personales - Infoecos\" \/>\n<meta property=\"og:description\" content=\"La activa cuenta period\u00edstica informa que uno de los menores pidi\u00f3 tomarse una foto con los bomberos\" \/>\n<meta property=\"og:url\" content=\"https:\/\/infoecos.com.ar\/index.php\/accidente-en-la-ruta-33-entre-general-villegas-y-america-no-hubo-que-lamentar-desgracias-personales\/\" \/>\n<meta property=\"og:site_name\" content=\"Infoecos\" \/>\n<meta property=\"article:publisher\" content=\"https:\/\/www.facebook.com\/profile.php?id=100063200290284\" \/>\n<meta property=\"article:published_time\" content=\"2024-02-11T04:39:10+00:00\" \/>\n<meta property=\"article:modified_time\" content=\"2024-02-13T06:23:12+00:00\" \/>\n<meta property=\"og:image\" content=\"https:\/\/infoecos.com.ar\/wp-content\/uploads\/2024\/02\/image-125.png\" \/>\n\t<meta property=\"og:image:width\" content=\"960\" \/>\n\t<meta property=\"og:image:height\" content=\"720\" \/>\n\t<meta property=\"og:image:type\" content=\"image\/png\" \/>\n<meta name=\"author\" content=\"Jorge Matheus\" \/>\n<meta name=\"twitter:card\" content=\"summary_large_image\" \/>\n<meta name=\"twitter:creator\" content=\"@infoecos\" \/>\n<meta name=\"twitter:site\" content=\"@infoecos\" \/>\n<meta name=\"twitter:label1\" content=\"Escrito por\" \/>\n\t<meta name=\"twitter:data1\" content=\"Jorge Matheus\" \/>\n\t<meta name=\"twitter:label2\" content=\"Tiempo de lectura\" \/>\n\t<meta name=\"twitter:data2\" content=\"1 minuto\" \/>\n<script type=\"application\/ld+json\" class=\"yoast-schema-graph\">{\"@context\":\"https:\/\/schema.org\",\"@graph\":[{\"@type\":\"Article\",\"@id\":\"https:\/\/infoecos.com.ar\/index.php\/accidente-en-la-ruta-33-entre-general-villegas-y-america-no-hubo-que-lamentar-desgracias-personales\/#article\",\"isPartOf\":{\"@id\":\"https:\/\/infoecos.com.ar\/index.php\/accidente-en-la-ruta-33-entre-general-villegas-y-america-no-hubo-que-lamentar-desgracias-personales\/\"},\"author\":{\"name\":\"Jorge Matheus\",\"@id\":\"https:\/\/infoecos.com.ar\/#\/schema\/person\/8f5ace5ce73b4b4aac4b7245aee6f191\"},\"headline\":\"Accidente en la Ruta 33, entre General Villegas y Am\u00e9rica: no hubo que lamentar desgracias personales\",\"datePublished\":\"2024-02-11T04:39:10+00:00\",\"dateModified\":\"2024-02-13T06:23:12+00:00\",\"mainEntityOfPage\":{\"@id\":\"https:\/\/infoecos.com.ar\/index.php\/accidente-en-la-ruta-33-entre-general-villegas-y-america-no-hubo-que-lamentar-desgracias-personales\/\"},\"wordCount\":140,\"publisher\":{\"@id\":\"https:\/\/infoecos.com.ar\/#organization\"},\"image\":{\"@id\":\"https:\/\/infoecos.com.ar\/index.php\/accidente-en-la-ruta-33-entre-general-villegas-y-america-no-hubo-que-lamentar-desgracias-personales\/#primaryimage\"},\"thumbnailUrl\":\"https:\/\/infoecos.com.ar\/wp-content\/uploads\/2024\/02\/image-125.png\",\"keywords\":[\"roce entre un cami\u00f3n y un auto\"],\"articleSection\":[\"Bloque inferior - 8\"],\"inLanguage\":\"es\"},{\"@type\":\"WebPage\",\"@id\":\"https:\/\/infoecos.com.ar\/index.php\/accidente-en-la-ruta-33-entre-general-villegas-y-america-no-hubo-que-lamentar-desgracias-personales\/\",\"url\":\"https:\/\/infoecos.com.ar\/index.php\/accidente-en-la-ruta-33-entre-general-villegas-y-america-no-hubo-que-lamentar-desgracias-personales\/\",\"name\":\"Accidente en la Ruta 33, entre General Villegas y Am\u00e9rica: no hubo que lamentar desgracias personales - Infoecos\",\"isPartOf\":{\"@id\":\"https:\/\/infoecos.com.ar\/#website\"},\"primaryImageOfPage\":{\"@id\":\"https:\/\/infoecos.com.ar\/index.php\/accidente-en-la-ruta-33-entre-general-villegas-y-america-no-hubo-que-lamentar-desgracias-personales\/#primaryimage\"},\"image\":{\"@id\":\"https:\/\/infoecos.com.ar\/index.php\/accidente-en-la-ruta-33-entre-general-villegas-y-america-no-hubo-que-lamentar-desgracias-personales\/#primaryimage\"},\"thumbnailUrl\":\"https:\/\/infoecos.com.ar\/wp-content\/uploads\/2024\/02\/image-125.png\",\"datePublished\":\"2024-02-11T04:39:10+00:00\",\"dateModified\":\"2024-02-13T06:23:12+00:00\",\"breadcrumb\":{\"@id\":\"https:\/\/infoecos.com.ar\/index.php\/accidente-en-la-ruta-33-entre-general-villegas-y-america-no-hubo-que-lamentar-desgracias-personales\/#breadcrumb\"},\"inLanguage\":\"es\",\"potentialAction\":[{\"@type\":\"ReadAction\",\"target\":[\"https:\/\/infoecos.com.ar\/index.php\/accidente-en-la-ruta-33-entre-general-villegas-y-america-no-hubo-que-lamentar-desgracias-personales\/\"]}]},{\"@type\":\"ImageObject\",\"inLanguage\":\"es\",\"@id\":\"https:\/\/infoecos.com.ar\/index.php\/accidente-en-la-ruta-33-entre-general-villegas-y-america-no-hubo-que-lamentar-desgracias-personales\/#primaryimage\",\"url\":\"https:\/\/infoecos.com.ar\/wp-content\/uploads\/2024\/02\/image-125.png\",\"contentUrl\":\"https:\/\/infoecos.com.ar\/wp-content\/uploads\/2024\/02\/image-125.png\",\"width\":960,\"height\":720},{\"@type\":\"BreadcrumbList\",\"@id\":\"https:\/\/infoecos.com.ar\/index.php\/accidente-en-la-ruta-33-entre-general-villegas-y-america-no-hubo-que-lamentar-desgracias-personales\/#breadcrumb\",\"itemListElement\":[{\"@type\":\"ListItem\",\"position\":1,\"name\":\"Portada\",\"item\":\"https:\/\/infoecos.com.ar\/\"},{\"@type\":\"ListItem\",\"position\":2,\"name\":\"Accidente en la Ruta 33, entre General Villegas y Am\u00e9rica: no hubo que lamentar desgracias personales\"}]},{\"@type\":\"WebSite\",\"@id\":\"https:\/\/infoecos.com.ar\/#website\",\"url\":\"https:\/\/infoecos.com.ar\/\",\"name\":\"Infoecos\",\"description\":\"Noticias de trenque lauquen y la zona\",\"publisher\":{\"@id\":\"https:\/\/infoecos.com.ar\/#organization\"},\"alternateName\":\"Noticias\",\"potentialAction\":[{\"@type\":\"SearchAction\",\"target\":{\"@type\":\"EntryPoint\",\"urlTemplate\":\"https:\/\/infoecos.com.ar\/?s={search_term_string}\"},\"query-input\":{\"@type\":\"PropertyValueSpecification\",\"valueRequired\":true,\"valueName\":\"search_term_string\"}}],\"inLanguage\":\"es\"},{\"@type\":\"Organization\",\"@id\":\"https:\/\/infoecos.com.ar\/#organization\",\"name\":\"Infoecos\",\"alternateName\":\"Noticias\",\"url\":\"https:\/\/infoecos.com.ar\/\",\"logo\":{\"@type\":\"ImageObject\",\"inLanguage\":\"es\",\"@id\":\"https:\/\/infoecos.com.ar\/#\/schema\/logo\/image\/\",\"url\":\"https:\/\/infoecos.com.ar\/wp-content\/uploads\/2024\/03\/cropped-logo.png\",\"contentUrl\":\"https:\/\/infoecos.com.ar\/wp-content\/uploads\/2024\/03\/cropped-logo.png\",\"width\":374,\"height\":90,\"caption\":\"Infoecos\"},\"image\":{\"@id\":\"https:\/\/infoecos.com.ar\/#\/schema\/logo\/image\/\"},\"sameAs\":[\"https:\/\/www.facebook.com\/profile.php?id=100063200290284\",\"https:\/\/x.com\/infoecos\"]},{\"@type\":\"Person\",\"@id\":\"https:\/\/infoecos.com.ar\/#\/schema\/person\/8f5ace5ce73b4b4aac4b7245aee6f191\",\"name\":\"Jorge Matheus\",\"url\":\"https:\/\/infoecos.com.ar\/index.php\/author\/jomatheus\/\"}]}<\/script>\n<!-- \/ Yoast SEO plugin. -->","yoast_head_json":{"title":"Accidente en la Ruta 33, entre General Villegas y Am\u00e9rica: no hubo que lamentar desgracias personales - Infoecos","robots":{"index":"index","follow":"follow","max-snippet":"max-snippet:-1","max-image-preview":"max-image-preview:large","max-video-preview":"max-video-preview:-1"},"canonical":"https:\/\/infoecos.com.ar\/index.php\/accidente-en-la-ruta-33-entre-general-villegas-y-america-no-hubo-que-lamentar-desgracias-personales\/","og_locale":"es_ES","og_type":"article","og_title":"Accidente en la Ruta 33, entre General Villegas y Am\u00e9rica: no hubo que lamentar desgracias personales - Infoecos","og_description":"La activa cuenta period\u00edstica informa que uno de los menores pidi\u00f3 tomarse una foto con los bomberos","og_url":"https:\/\/infoecos.com.ar\/index.php\/accidente-en-la-ruta-33-entre-general-villegas-y-america-no-hubo-que-lamentar-desgracias-personales\/","og_site_name":"Infoecos","article_publisher":"https:\/\/www.facebook.com\/profile.php?id=100063200290284","article_published_time":"2024-02-11T04:39:10+00:00","article_modified_time":"2024-02-13T06:23:12+00:00","og_image":[{"width":960,"height":720,"url":"https:\/\/infoecos.com.ar\/wp-content\/uploads\/2024\/02\/image-125.png","type":"image\/png"}],"author":"Jorge Matheus","twitter_card":"summary_large_image","twitter_creator":"@infoecos","twitter_site":"@infoecos","twitter_misc":{"Escrito por":"Jorge Matheus","Tiempo de lectura":"1 minuto"},"schema":{"@context":"https:\/\/schema.org","@graph":[{"@type":"Article","@id":"https:\/\/infoecos.com.ar\/index.php\/accidente-en-la-ruta-33-entre-general-villegas-y-america-no-hubo-que-lamentar-desgracias-personales\/#article","isPartOf":{"@id":"https:\/\/infoecos.com.ar\/index.php\/accidente-en-la-ruta-33-entre-general-villegas-y-america-no-hubo-que-lamentar-desgracias-personales\/"},"author":{"name":"Jorge Matheus","@id":"https:\/\/infoecos.com.ar\/#\/schema\/person\/8f5ace5ce73b4b4aac4b7245aee6f191"},"headline":"Accidente en la Ruta 33, entre General Villegas y Am\u00e9rica: no hubo que lamentar desgracias personales","datePublished":"2024-02-11T04:39:10+00:00","dateModified":"2024-02-13T06:23:12+00:00","mainEntityOfPage":{"@id":"https:\/\/infoecos.com.ar\/index.php\/accidente-en-la-ruta-33-entre-general-villegas-y-america-no-hubo-que-lamentar-desgracias-personales\/"},"wordCount":140,"publisher":{"@id":"https:\/\/infoecos.com.ar\/#organization"},"image":{"@id":"https:\/\/infoecos.com.ar\/index.php\/accidente-en-la-ruta-33-entre-general-villegas-y-america-no-hubo-que-lamentar-desgracias-personales\/#primaryimage"},"thumbnailUrl":"https:\/\/infoecos.com.ar\/wp-content\/uploads\/2024\/02\/image-125.png","keywords":["roce entre un cami\u00f3n y un auto"],"articleSection":["Bloque inferior - 8"],"inLanguage":"es"},{"@type":"WebPage","@id":"https:\/\/infoecos.com.ar\/index.php\/accidente-en-la-ruta-33-entre-general-villegas-y-america-no-hubo-que-lamentar-desgracias-personales\/","url":"https:\/\/infoecos.com.ar\/index.php\/accidente-en-la-ruta-33-entre-general-villegas-y-america-no-hubo-que-lamentar-desgracias-personales\/","name":"Accidente en la Ruta 33, entre General Villegas y Am\u00e9rica: no hubo que lamentar desgracias personales - Infoecos","isPartOf":{"@id":"https:\/\/infoecos.com.ar\/#website"},"primaryImageOfPage":{"@id":"https:\/\/infoecos.com.ar\/index.php\/accidente-en-la-ruta-33-entre-general-villegas-y-america-no-hubo-que-lamentar-desgracias-personales\/#primaryimage"},"image":{"@id":"https:\/\/infoecos.com.ar\/index.php\/accidente-en-la-ruta-33-entre-general-villegas-y-america-no-hubo-que-lamentar-desgracias-personales\/#primaryimage"},"thumbnailUrl":"https:\/\/infoecos.com.ar\/wp-content\/uploads\/2024\/02\/image-125.png","datePublished":"2024-02-11T04:39:10+00:00","dateModified":"2024-02-13T06:23:12+00:00","breadcrumb":{"@id":"https:\/\/infoecos.com.ar\/index.php\/accidente-en-la-ruta-33-entre-general-villegas-y-america-no-hubo-que-lamentar-desgracias-personales\/#breadcrumb"},"inLanguage":"es","potentialAction":[{"@type":"ReadAction","target":["https:\/\/infoecos.com.ar\/index.php\/accidente-en-la-ruta-33-entre-general-villegas-y-america-no-hubo-que-lamentar-desgracias-personales\/"]}]},{"@type":"ImageObject","inLanguage":"es","@id":"https:\/\/infoecos.com.ar\/index.php\/accidente-en-la-ruta-33-entre-general-villegas-y-america-no-hubo-que-lamentar-desgracias-personales\/#primaryimage","url":"https:\/\/infoecos.com.ar\/wp-content\/uploads\/2024\/02\/image-125.png","contentUrl":"https:\/\/infoecos.com.ar\/wp-content\/uploads\/2024\/02\/image-125.png","width":960,"height":720},{"@type":"BreadcrumbList","@id":"https:\/\/infoecos.com.ar\/index.php\/accidente-en-la-ruta-33-entre-general-villegas-y-america-no-hubo-que-lamentar-desgracias-personales\/#breadcrumb","itemListElement":[{"@type":"ListItem","position":1,"name":"Portada","item":"https:\/\/infoecos.com.ar\/"},{"@type":"ListItem","position":2,"name":"Accidente en la Ruta 33, entre General Villegas y Am\u00e9rica: no hubo que lamentar desgracias personales"}]},{"@type":"WebSite","@id":"https:\/\/infoecos.com.ar\/#website","url":"https:\/\/infoecos.com.ar\/","name":"Infoecos","description":"Noticias de trenque lauquen y la zona","publisher":{"@id":"https:\/\/infoecos.com.ar\/#organization"},"alternateName":"Noticias","potentialAction":[{"@type":"SearchAction","target":{"@type":"EntryPoint","urlTemplate":"https:\/\/infoecos.com.ar\/?s={search_term_string}"},"query-input":{"@type":"PropertyValueSpecification","valueRequired":true,"valueName":"search_term_string"}}],"inLanguage":"es"},{"@type":"Organization","@id":"https:\/\/infoecos.com.ar\/#organization","name":"Infoecos","alternateName":"Noticias","url":"https:\/\/infoecos.com.ar\/","logo":{"@type":"ImageObject","inLanguage":"es","@id":"https:\/\/infoecos.com.ar\/#\/schema\/logo\/image\/","url":"https:\/\/infoecos.com.ar\/wp-content\/uploads\/2024\/03\/cropped-logo.png","contentUrl":"https:\/\/infoecos.com.ar\/wp-content\/uploads\/2024\/03\/cropped-logo.png","width":374,"height":90,"caption":"Infoecos"},"image":{"@id":"https:\/\/infoecos.com.ar\/#\/schema\/logo\/image\/"},"sameAs":["https:\/\/www.facebook.com\/profile.php?id=100063200290284","https:\/\/x.com\/infoecos"]},{"@type":"Person","@id":"https:\/\/infoecos.com.ar\/#\/schema\/person\/8f5ace5ce73b4b4aac4b7245aee6f191","name":"Jorge Matheus","url":"https:\/\/infoecos.com.ar\/index.php\/author\/jomatheus\/"}]}},"featured_image_urls":{"full":["https:\/\/infoecos.com.ar\/wp-content\/uploads\/2024\/02\/image-125.png",960,720,false],"thumbnail":["https:\/\/infoecos.com.ar\/wp-content\/uploads\/2024\/02\/image-125-300x150.png",300,150,true],"medium":["https:\/\/infoecos.com.ar\/wp-content\/uploads\/2024\/02\/image-125-800x600.png",800,600,true],"medium_large":["https:\/\/infoecos.com.ar\/wp-content\/uploads\/2024\/02\/image-125-768x576.png",640,480,true],"large":["https:\/\/infoecos.com.ar\/wp-content\/uploads\/2024\/02\/image-125.png",640,480,false],"1536x1536":["https:\/\/infoecos.com.ar\/wp-content\/uploads\/2024\/02\/image-125.png",960,720,false],"2048x2048":["https:\/\/infoecos.com.ar\/wp-content\/uploads\/2024\/02\/image-125.png",960,720,false],"covernews-slider-full":["https:\/\/infoecos.com.ar\/wp-content\/uploads\/2024\/02\/image-125.png",953,715,false],"covernews-slider-center":["https:\/\/infoecos.com.ar\/wp-content\/uploads\/2024\/02\/image-125-936x720.png",650,500,true],"covernews-featured":["https:\/\/infoecos.com.ar\/wp-content\/uploads\/2024\/02\/image-125.png",960,720,false],"covernews-medium":["https:\/\/infoecos.com.ar\/wp-content\/uploads\/2024\/02\/image-125-720x380.png",540,285,true],"covernews-medium-square":["https:\/\/infoecos.com.ar\/wp-content\/uploads\/2024\/02\/image-125-675x450.png",375,250,true]},"author_info":{"info":["Jorge Matheus"]},"category_info":"<a href=\"https:\/\/infoecos.com.ar\/index.php\/category\/inferior8\/\" rel=\"category tag\">Bloque inferior - 8<\/a>","tag_info":"Bloque inferior - 8","comment_count":"0","_links":{"self":[{"href":"https:\/\/infoecos.com.ar\/index.php\/wp-json\/wp\/v2\/posts\/118742"}],"collection":[{"href":"https:\/\/infoecos.com.ar\/index.php\/wp-json\/wp\/v2\/posts"}],"about":[{"href":"https:\/\/infoecos.com.ar\/index.php\/wp-json\/wp\/v2\/types\/post"}],"author":[{"embeddable":true,"href":"https:\/\/infoecos.com.ar\/index.php\/wp-json\/wp\/v2\/users\/2"}],"replies":[{"embeddable":true,"href":"https:\/\/infoecos.com.ar\/index.php\/wp-json\/wp\/v2\/comments?post=118742"}],"version-history":[{"count":1,"href":"https:\/\/infoecos.com.ar\/index.php\/wp-json\/wp\/v2\/posts\/118742\/revisions"}],"predecessor-version":[{"id":118745,"href":"https:\/\/infoecos.com.ar\/index.php\/wp-json\/wp\/v2\/posts\/118742\/revisions\/118745"}],"wp:featuredmedia":[{"embeddable":true,"href":"https:\/\/infoecos.com.ar\/index.php\/wp-json\/wp\/v2\/media\/118743"}],"wp:attachment":[{"href":"https:\/\/infoecos.com.ar\/index.php\/wp-json\/wp\/v2\/media?parent=118742"}],"wp:term":[{"taxonomy":"category","embeddable":true,"href":"https:\/\/infoecos.com.ar\/index.php\/wp-json\/wp\/v2\/categories?post=118742"},{"taxonomy":"post_tag","embeddable":true,"href":"https:\/\/infoecos.com.ar\/index.php\/wp-json\/wp\/v2\/tags?post=118742"}],"curies":[{"name":"wp","href":"https:\/\/api.w.org\/{rel}","templated":true}]}}