{"id":118772,"date":"2024-02-11T15:14:13","date_gmt":"2024-02-11T18:14:13","guid":{"rendered":"https:\/\/infoecos.com.ar\/?p=118772"},"modified":"2024-02-14T03:20:35","modified_gmt":"2024-02-14T06:20:35","slug":"felipe-bernasconi-embajador-de-trenque-lauquen-en-el-tc-mouras-gano-en-la-plata","status":"publish","type":"post","link":"https:\/\/infoecos.com.ar\/index.php\/felipe-bernasconi-embajador-de-trenque-lauquen-en-el-tc-mouras-gano-en-la-plata\/","title":{"rendered":"Felipe Bernasconi, Embajador de Trenque Lauquen en el TC Mouras, gan\u00f3 en La Plata"},"content":{"rendered":"\n<figure class=\"wp-block-image alignright size-full is-resized\"><img loading=\"lazy\" decoding=\"async\" src=\"https:\/\/infoecos.com.ar\/wp-content\/uploads\/2024\/02\/image-137.png\" alt=\"\" class=\"wp-image-118777\" width=\"416\" height=\"283\"\/><\/figure>\n\n\n\n<p><strong>Texto informativo: campeones.com.ar<\/strong><\/p>\n\n\n\n<p>Con el Torino, Felipe Bernasconi se alz\u00f3 con su primera victoria en TC Mouras al imponerse en la segunda final del campeonato que se corri\u00f3 nuevamente en el aut\u00f3dromo \u201cRoberto Mouras\u201d de La Plata, luego de una intensa y disputada carrera.<\/p>\n\n\n\n<p>El piloto de Trotta Racing tom\u00f3 el liderazgo en los primeros cuatro giros, cuando Alan Cifr\u00e9 (Ford) debi\u00f3 ceder la vanguardia para devolverle la posici\u00f3n a Gast\u00f3n Iansa (Chevrolet), a quien hab\u00eda rozado en la largada; pero este, cuando se recorr\u00edan las \u00faltimas vueltas se pas\u00f3 en el frenaje de la chicana y toc\u00f3 a Bernasconi, y lo super\u00f3.<\/p>\n\n\n\n<p>Tras ser notificado por las autoridades, el piloto de San Vicente (Buenos Aires) debi\u00f3 acatar la penalizaci\u00f3n y dejar el primer puesto en manos del representante de Trenque Lauquen quien as\u00ed coron\u00f3 su labor con la divisional sobre Iansa, quien lo escolt\u00f3 a 2s841.<\/p>\n\n\n\n<figure class=\"wp-block-image aligncenter size-full\"><img loading=\"lazy\" decoding=\"async\" width=\"770\" height=\"473\" src=\"https:\/\/infoecos.com.ar\/wp-content\/uploads\/2024\/02\/image-141.png\" alt=\"\" class=\"wp-image-118792\" srcset=\"https:\/\/infoecos.com.ar\/wp-content\/uploads\/2024\/02\/image-141.png 770w, https:\/\/infoecos.com.ar\/wp-content\/uploads\/2024\/02\/image-141-768x472.png 768w\" sizes=\"(max-width: 770px) 100vw, 770px\" \/><\/figure>\n\n\n\n<p>El podio lo complet\u00f3 Santiago Biagi (Dodge) quien integr\u00f3 un lote con Benjam\u00edn Ochoa (Ford), Alexander Jakos (Chevrolet), Mat\u00edas Cravero (Dodge), Marco Dianda (ganador de la primera fecha con Dodge) y Thomas Pozner (Dodge). Luego arribaron Eugenio Provens (Ford) y Nicanor Santilli Pazos (Chevrolet).<\/p>\n\n\n\n<h2 class=\"wp-block-heading\"><strong>TC MOURAS \u2013 LA PLATA \u2013 FINAL<\/strong><\/h2>\n\n\n\n<figure class=\"wp-block-table\"><table><tbody><tr><td><strong>POS.&nbsp;&nbsp;&nbsp;<\/strong><\/td><td><strong>N\u00ba&nbsp;&nbsp;&nbsp;&nbsp;&nbsp;&nbsp;&nbsp;&nbsp;&nbsp;<\/strong><\/td><td><strong>PILOTO<\/strong><\/td><td><strong>MARCA<\/strong><\/td><td><strong>VTAS<\/strong><\/td><td><strong>TIEMPO<\/strong><\/td><td><strong>DIF.<\/strong><\/td><\/tr><tr><td>1<\/td><td>33<\/td><td><strong>BERNASCONI, FELIPE<\/strong><\/td><td>TORINO<\/td><td>16<\/td><td>26;30.444<\/td><td><\/td><\/tr><tr><td>2<\/td><td>55<\/td><td>IANSA, GAST\u00d3N<\/td><td>CHEVROLET<\/td><td>16<\/td><td>26;33.285<\/td><td>2.841<\/td><\/tr><tr><td>3<\/td><td>67<\/td><td>BIAGI, SANTIAGO<\/td><td>DODGE<\/td><td>16<\/td><td>26;40.958<\/td><td>10.514<\/td><\/tr><tr><td>4<\/td><td>111<\/td><td>OCHOA, BENJAMIN<\/td><td>FORD<\/td><td>16<\/td><td>26;41.155<\/td><td>10.711<\/td><\/tr><tr><td>5<\/td><td>102<\/td><td>JAKOS, ALEXANDER<\/td><td>CHEVROLET<\/td><td>16<\/td><td>26;41.193<\/td><td>10.749<\/td><\/tr><tr><td>6<\/td><td>6<\/td><td>CRAVERO, MAT\u00cdAS<\/td><td>DODGE<\/td><td>16<\/td><td>26;41.811<\/td><td>11.367<\/td><\/tr><tr><td>7<\/td><td>147<\/td><td>DIANDA, MARCO<\/td><td>DODGE<\/td><td>16<\/td><td>26;42.140<\/td><td>11.696<\/td><\/tr><tr><td>8<\/td><td>44<\/td><td>POZNER, THOMAS<\/td><td>DODGE<\/td><td>16<\/td><td>26;42.520<\/td><td>12.076<\/td><\/tr><tr><td>9<\/td><td>53<\/td><td>PROVENS, EUGENIO<\/td><td>FORD<\/td><td>16<\/td><td>26;54.612<\/td><td>24.168<\/td><\/tr><tr><td>10<\/td><td>123<\/td><td>SANTILLI PAZOS, NICANOR<\/td><td>CHEVROLET<\/td><td>16<\/td><td>26;55.892<\/td><td>25.448<\/td><\/tr><tr><td>11<\/td><td>68<\/td><td>TORRES, JOAQU\u00cdN<\/td><td>CHEVROLET<\/td><td>16<\/td><td>27;18.346<\/td><td>47.902<\/td><\/tr><tr><td>12<\/td><td>66<\/td><td>RASETTO, GENARO<\/td><td>DODGE<\/td><td>16<\/td><td>27;28.161<\/td><td>57.717<\/td><\/tr><tr><td>13<\/td><td>144<\/td><td>CIFRE, FAUSTINO<\/td><td>FORD<\/td><td>12<\/td><td>25;00.228<\/td><td>4 VTAS<\/td><\/tr><tr><td>14<\/td><td>38<\/td><td>MONTANARI, NICOL\u00c1S<\/td><td>TORINO<\/td><td>9<\/td><td>15;24.303<\/td><td>7 VTAS<\/td><\/tr><tr><td>15<\/td><td>116<\/td><td>POLAKOVICH, MATEO<\/td><td>DODGE<\/td><td>3<\/td><td>05;19.815<\/td><td>13 VTAS<\/td><\/tr><tr><td>16<\/td><td>50<\/td><td>AYALA, AGUST\u00cdN<\/td><td>CHEVROLET<\/td><td>2<\/td><td>03;28.007<\/td><td>14 VTAS<\/td><\/tr><tr><td>PROMEDIO: 159,352 Km\/h<\/td><\/tr><tr><td>RECORD DE VUELTA: Nro 144 (CIFRE) Vta 2 en 1:36.999 a 163,301 Km\/h<\/td><\/tr><\/tbody><\/table><\/figure>\n\n\n\n<p>Tras esta fecha, Iansa pas\u00f3 a encabezar el campeonato con 82 puntos, y aventaja a Dianda y Bernasconi, quienes empatan el segundo puesto, por 5,5 unidades.<\/p>\n\n\n\n<p>El pr\u00f3ximo compromiso ser\u00e1 el 1\u00ba, 2 y 3 de marzo nuevamente en La Plata.<\/p>\n","protected":false},"excerpt":{"rendered":"<p>Se alz\u00f3 con su primera victoria en TC Mouras al imponerse en la segunda final del campeonato que se corri\u00f3 nuevamente en el aut\u00f3dromo \u201cRoberto Mouras\u201d<\/p>\n","protected":false},"author":2,"featured_media":118792,"comment_status":"closed","ping_status":"open","sticky":false,"template":"","format":"standard","meta":{"footnotes":""},"categories":[40],"tags":[136],"class_list":["post-118772","post","type-post","status-publish","format-standard","has-post-thumbnail","hentry","category-inferior1","tag-automovilismo"],"yoast_head":"<!-- This site is optimized with the Yoast SEO plugin v23.4 - https:\/\/yoast.com\/wordpress\/plugins\/seo\/ -->\n<title>Felipe Bernasconi, Embajador de Trenque Lauquen en el TC Mouras, gan\u00f3 en La Plata - Infoecos<\/title>\n<meta name=\"robots\" content=\"index, follow, max-snippet:-1, max-image-preview:large, max-video-preview:-1\" \/>\n<link rel=\"canonical\" href=\"https:\/\/infoecos.com.ar\/index.php\/felipe-bernasconi-embajador-de-trenque-lauquen-en-el-tc-mouras-gano-en-la-plata\/\" \/>\n<meta property=\"og:locale\" content=\"es_ES\" \/>\n<meta property=\"og:type\" content=\"article\" \/>\n<meta property=\"og:title\" content=\"Felipe Bernasconi, Embajador de Trenque Lauquen en el TC Mouras, gan\u00f3 en La Plata - Infoecos\" \/>\n<meta property=\"og:description\" content=\"Se alz\u00f3 con su primera victoria en TC Mouras al imponerse en la segunda final del campeonato que se corri\u00f3 nuevamente en el aut\u00f3dromo \u201cRoberto Mouras\u201d\" \/>\n<meta property=\"og:url\" content=\"https:\/\/infoecos.com.ar\/index.php\/felipe-bernasconi-embajador-de-trenque-lauquen-en-el-tc-mouras-gano-en-la-plata\/\" \/>\n<meta property=\"og:site_name\" content=\"Infoecos\" \/>\n<meta property=\"article:publisher\" content=\"https:\/\/www.facebook.com\/profile.php?id=100063200290284\" \/>\n<meta property=\"article:published_time\" content=\"2024-02-11T18:14:13+00:00\" \/>\n<meta property=\"article:modified_time\" content=\"2024-02-14T06:20:35+00:00\" \/>\n<meta property=\"og:image\" content=\"https:\/\/infoecos.com.ar\/wp-content\/uploads\/2024\/02\/image-141.png\" \/>\n\t<meta property=\"og:image:width\" content=\"770\" \/>\n\t<meta property=\"og:image:height\" content=\"473\" \/>\n\t<meta property=\"og:image:type\" content=\"image\/png\" \/>\n<meta name=\"author\" content=\"Jorge Matheus\" \/>\n<meta name=\"twitter:card\" content=\"summary_large_image\" \/>\n<meta name=\"twitter:creator\" content=\"@infoecos\" \/>\n<meta name=\"twitter:site\" content=\"@infoecos\" \/>\n<meta name=\"twitter:label1\" content=\"Escrito por\" \/>\n\t<meta name=\"twitter:data1\" content=\"Jorge Matheus\" \/>\n\t<meta name=\"twitter:label2\" content=\"Tiempo de lectura\" \/>\n\t<meta name=\"twitter:data2\" content=\"3 minutos\" \/>\n<script type=\"application\/ld+json\" class=\"yoast-schema-graph\">{\"@context\":\"https:\/\/schema.org\",\"@graph\":[{\"@type\":\"Article\",\"@id\":\"https:\/\/infoecos.com.ar\/index.php\/felipe-bernasconi-embajador-de-trenque-lauquen-en-el-tc-mouras-gano-en-la-plata\/#article\",\"isPartOf\":{\"@id\":\"https:\/\/infoecos.com.ar\/index.php\/felipe-bernasconi-embajador-de-trenque-lauquen-en-el-tc-mouras-gano-en-la-plata\/\"},\"author\":{\"name\":\"Jorge Matheus\",\"@id\":\"https:\/\/infoecos.com.ar\/#\/schema\/person\/8f5ace5ce73b4b4aac4b7245aee6f191\"},\"headline\":\"Felipe Bernasconi, Embajador de Trenque Lauquen en el TC Mouras, gan\u00f3 en La Plata\",\"datePublished\":\"2024-02-11T18:14:13+00:00\",\"dateModified\":\"2024-02-14T06:20:35+00:00\",\"mainEntityOfPage\":{\"@id\":\"https:\/\/infoecos.com.ar\/index.php\/felipe-bernasconi-embajador-de-trenque-lauquen-en-el-tc-mouras-gano-en-la-plata\/\"},\"wordCount\":347,\"publisher\":{\"@id\":\"https:\/\/infoecos.com.ar\/#organization\"},\"image\":{\"@id\":\"https:\/\/infoecos.com.ar\/index.php\/felipe-bernasconi-embajador-de-trenque-lauquen-en-el-tc-mouras-gano-en-la-plata\/#primaryimage\"},\"thumbnailUrl\":\"https:\/\/infoecos.com.ar\/wp-content\/uploads\/2024\/02\/image-141.png\",\"keywords\":[\"AUTOMOVILISMO\"],\"articleSection\":[\"Bloque inferior - 1\"],\"inLanguage\":\"es\"},{\"@type\":\"WebPage\",\"@id\":\"https:\/\/infoecos.com.ar\/index.php\/felipe-bernasconi-embajador-de-trenque-lauquen-en-el-tc-mouras-gano-en-la-plata\/\",\"url\":\"https:\/\/infoecos.com.ar\/index.php\/felipe-bernasconi-embajador-de-trenque-lauquen-en-el-tc-mouras-gano-en-la-plata\/\",\"name\":\"Felipe Bernasconi, Embajador de Trenque Lauquen en el TC Mouras, gan\u00f3 en La Plata - Infoecos\",\"isPartOf\":{\"@id\":\"https:\/\/infoecos.com.ar\/#website\"},\"primaryImageOfPage\":{\"@id\":\"https:\/\/infoecos.com.ar\/index.php\/felipe-bernasconi-embajador-de-trenque-lauquen-en-el-tc-mouras-gano-en-la-plata\/#primaryimage\"},\"image\":{\"@id\":\"https:\/\/infoecos.com.ar\/index.php\/felipe-bernasconi-embajador-de-trenque-lauquen-en-el-tc-mouras-gano-en-la-plata\/#primaryimage\"},\"thumbnailUrl\":\"https:\/\/infoecos.com.ar\/wp-content\/uploads\/2024\/02\/image-141.png\",\"datePublished\":\"2024-02-11T18:14:13+00:00\",\"dateModified\":\"2024-02-14T06:20:35+00:00\",\"breadcrumb\":{\"@id\":\"https:\/\/infoecos.com.ar\/index.php\/felipe-bernasconi-embajador-de-trenque-lauquen-en-el-tc-mouras-gano-en-la-plata\/#breadcrumb\"},\"inLanguage\":\"es\",\"potentialAction\":[{\"@type\":\"ReadAction\",\"target\":[\"https:\/\/infoecos.com.ar\/index.php\/felipe-bernasconi-embajador-de-trenque-lauquen-en-el-tc-mouras-gano-en-la-plata\/\"]}]},{\"@type\":\"ImageObject\",\"inLanguage\":\"es\",\"@id\":\"https:\/\/infoecos.com.ar\/index.php\/felipe-bernasconi-embajador-de-trenque-lauquen-en-el-tc-mouras-gano-en-la-plata\/#primaryimage\",\"url\":\"https:\/\/infoecos.com.ar\/wp-content\/uploads\/2024\/02\/image-141.png\",\"contentUrl\":\"https:\/\/infoecos.com.ar\/wp-content\/uploads\/2024\/02\/image-141.png\",\"width\":770,\"height\":473},{\"@type\":\"BreadcrumbList\",\"@id\":\"https:\/\/infoecos.com.ar\/index.php\/felipe-bernasconi-embajador-de-trenque-lauquen-en-el-tc-mouras-gano-en-la-plata\/#breadcrumb\",\"itemListElement\":[{\"@type\":\"ListItem\",\"position\":1,\"name\":\"Portada\",\"item\":\"https:\/\/infoecos.com.ar\/\"},{\"@type\":\"ListItem\",\"position\":2,\"name\":\"Felipe Bernasconi, Embajador de Trenque Lauquen en el TC Mouras, gan\u00f3 en La Plata\"}]},{\"@type\":\"WebSite\",\"@id\":\"https:\/\/infoecos.com.ar\/#website\",\"url\":\"https:\/\/infoecos.com.ar\/\",\"name\":\"Infoecos\",\"description\":\"Noticias de trenque lauquen y la zona\",\"publisher\":{\"@id\":\"https:\/\/infoecos.com.ar\/#organization\"},\"alternateName\":\"Noticias\",\"potentialAction\":[{\"@type\":\"SearchAction\",\"target\":{\"@type\":\"EntryPoint\",\"urlTemplate\":\"https:\/\/infoecos.com.ar\/?s={search_term_string}\"},\"query-input\":{\"@type\":\"PropertyValueSpecification\",\"valueRequired\":true,\"valueName\":\"search_term_string\"}}],\"inLanguage\":\"es\"},{\"@type\":\"Organization\",\"@id\":\"https:\/\/infoecos.com.ar\/#organization\",\"name\":\"Infoecos\",\"alternateName\":\"Noticias\",\"url\":\"https:\/\/infoecos.com.ar\/\",\"logo\":{\"@type\":\"ImageObject\",\"inLanguage\":\"es\",\"@id\":\"https:\/\/infoecos.com.ar\/#\/schema\/logo\/image\/\",\"url\":\"https:\/\/infoecos.com.ar\/wp-content\/uploads\/2024\/03\/cropped-logo.png\",\"contentUrl\":\"https:\/\/infoecos.com.ar\/wp-content\/uploads\/2024\/03\/cropped-logo.png\",\"width\":374,\"height\":90,\"caption\":\"Infoecos\"},\"image\":{\"@id\":\"https:\/\/infoecos.com.ar\/#\/schema\/logo\/image\/\"},\"sameAs\":[\"https:\/\/www.facebook.com\/profile.php?id=100063200290284\",\"https:\/\/x.com\/infoecos\"]},{\"@type\":\"Person\",\"@id\":\"https:\/\/infoecos.com.ar\/#\/schema\/person\/8f5ace5ce73b4b4aac4b7245aee6f191\",\"name\":\"Jorge Matheus\",\"url\":\"https:\/\/infoecos.com.ar\/index.php\/author\/jomatheus\/\"}]}<\/script>\n<!-- \/ Yoast SEO plugin. -->","yoast_head_json":{"title":"Felipe Bernasconi, Embajador de Trenque Lauquen en el TC Mouras, gan\u00f3 en La Plata - Infoecos","robots":{"index":"index","follow":"follow","max-snippet":"max-snippet:-1","max-image-preview":"max-image-preview:large","max-video-preview":"max-video-preview:-1"},"canonical":"https:\/\/infoecos.com.ar\/index.php\/felipe-bernasconi-embajador-de-trenque-lauquen-en-el-tc-mouras-gano-en-la-plata\/","og_locale":"es_ES","og_type":"article","og_title":"Felipe Bernasconi, Embajador de Trenque Lauquen en el TC Mouras, gan\u00f3 en La Plata - Infoecos","og_description":"Se alz\u00f3 con su primera victoria en TC Mouras al imponerse en la segunda final del campeonato que se corri\u00f3 nuevamente en el aut\u00f3dromo \u201cRoberto Mouras\u201d","og_url":"https:\/\/infoecos.com.ar\/index.php\/felipe-bernasconi-embajador-de-trenque-lauquen-en-el-tc-mouras-gano-en-la-plata\/","og_site_name":"Infoecos","article_publisher":"https:\/\/www.facebook.com\/profile.php?id=100063200290284","article_published_time":"2024-02-11T18:14:13+00:00","article_modified_time":"2024-02-14T06:20:35+00:00","og_image":[{"width":770,"height":473,"url":"https:\/\/infoecos.com.ar\/wp-content\/uploads\/2024\/02\/image-141.png","type":"image\/png"}],"author":"Jorge Matheus","twitter_card":"summary_large_image","twitter_creator":"@infoecos","twitter_site":"@infoecos","twitter_misc":{"Escrito por":"Jorge Matheus","Tiempo de lectura":"3 minutos"},"schema":{"@context":"https:\/\/schema.org","@graph":[{"@type":"Article","@id":"https:\/\/infoecos.com.ar\/index.php\/felipe-bernasconi-embajador-de-trenque-lauquen-en-el-tc-mouras-gano-en-la-plata\/#article","isPartOf":{"@id":"https:\/\/infoecos.com.ar\/index.php\/felipe-bernasconi-embajador-de-trenque-lauquen-en-el-tc-mouras-gano-en-la-plata\/"},"author":{"name":"Jorge Matheus","@id":"https:\/\/infoecos.com.ar\/#\/schema\/person\/8f5ace5ce73b4b4aac4b7245aee6f191"},"headline":"Felipe Bernasconi, Embajador de Trenque Lauquen en el TC Mouras, gan\u00f3 en La Plata","datePublished":"2024-02-11T18:14:13+00:00","dateModified":"2024-02-14T06:20:35+00:00","mainEntityOfPage":{"@id":"https:\/\/infoecos.com.ar\/index.php\/felipe-bernasconi-embajador-de-trenque-lauquen-en-el-tc-mouras-gano-en-la-plata\/"},"wordCount":347,"publisher":{"@id":"https:\/\/infoecos.com.ar\/#organization"},"image":{"@id":"https:\/\/infoecos.com.ar\/index.php\/felipe-bernasconi-embajador-de-trenque-lauquen-en-el-tc-mouras-gano-en-la-plata\/#primaryimage"},"thumbnailUrl":"https:\/\/infoecos.com.ar\/wp-content\/uploads\/2024\/02\/image-141.png","keywords":["AUTOMOVILISMO"],"articleSection":["Bloque inferior - 1"],"inLanguage":"es"},{"@type":"WebPage","@id":"https:\/\/infoecos.com.ar\/index.php\/felipe-bernasconi-embajador-de-trenque-lauquen-en-el-tc-mouras-gano-en-la-plata\/","url":"https:\/\/infoecos.com.ar\/index.php\/felipe-bernasconi-embajador-de-trenque-lauquen-en-el-tc-mouras-gano-en-la-plata\/","name":"Felipe Bernasconi, Embajador de Trenque Lauquen en el TC Mouras, gan\u00f3 en La Plata - Infoecos","isPartOf":{"@id":"https:\/\/infoecos.com.ar\/#website"},"primaryImageOfPage":{"@id":"https:\/\/infoecos.com.ar\/index.php\/felipe-bernasconi-embajador-de-trenque-lauquen-en-el-tc-mouras-gano-en-la-plata\/#primaryimage"},"image":{"@id":"https:\/\/infoecos.com.ar\/index.php\/felipe-bernasconi-embajador-de-trenque-lauquen-en-el-tc-mouras-gano-en-la-plata\/#primaryimage"},"thumbnailUrl":"https:\/\/infoecos.com.ar\/wp-content\/uploads\/2024\/02\/image-141.png","datePublished":"2024-02-11T18:14:13+00:00","dateModified":"2024-02-14T06:20:35+00:00","breadcrumb":{"@id":"https:\/\/infoecos.com.ar\/index.php\/felipe-bernasconi-embajador-de-trenque-lauquen-en-el-tc-mouras-gano-en-la-plata\/#breadcrumb"},"inLanguage":"es","potentialAction":[{"@type":"ReadAction","target":["https:\/\/infoecos.com.ar\/index.php\/felipe-bernasconi-embajador-de-trenque-lauquen-en-el-tc-mouras-gano-en-la-plata\/"]}]},{"@type":"ImageObject","inLanguage":"es","@id":"https:\/\/infoecos.com.ar\/index.php\/felipe-bernasconi-embajador-de-trenque-lauquen-en-el-tc-mouras-gano-en-la-plata\/#primaryimage","url":"https:\/\/infoecos.com.ar\/wp-content\/uploads\/2024\/02\/image-141.png","contentUrl":"https:\/\/infoecos.com.ar\/wp-content\/uploads\/2024\/02\/image-141.png","width":770,"height":473},{"@type":"BreadcrumbList","@id":"https:\/\/infoecos.com.ar\/index.php\/felipe-bernasconi-embajador-de-trenque-lauquen-en-el-tc-mouras-gano-en-la-plata\/#breadcrumb","itemListElement":[{"@type":"ListItem","position":1,"name":"Portada","item":"https:\/\/infoecos.com.ar\/"},{"@type":"ListItem","position":2,"name":"Felipe Bernasconi, Embajador de Trenque Lauquen en el TC Mouras, gan\u00f3 en La Plata"}]},{"@type":"WebSite","@id":"https:\/\/infoecos.com.ar\/#website","url":"https:\/\/infoecos.com.ar\/","name":"Infoecos","description":"Noticias de trenque lauquen y la zona","publisher":{"@id":"https:\/\/infoecos.com.ar\/#organization"},"alternateName":"Noticias","potentialAction":[{"@type":"SearchAction","target":{"@type":"EntryPoint","urlTemplate":"https:\/\/infoecos.com.ar\/?s={search_term_string}"},"query-input":{"@type":"PropertyValueSpecification","valueRequired":true,"valueName":"search_term_string"}}],"inLanguage":"es"},{"@type":"Organization","@id":"https:\/\/infoecos.com.ar\/#organization","name":"Infoecos","alternateName":"Noticias","url":"https:\/\/infoecos.com.ar\/","logo":{"@type":"ImageObject","inLanguage":"es","@id":"https:\/\/infoecos.com.ar\/#\/schema\/logo\/image\/","url":"https:\/\/infoecos.com.ar\/wp-content\/uploads\/2024\/03\/cropped-logo.png","contentUrl":"https:\/\/infoecos.com.ar\/wp-content\/uploads\/2024\/03\/cropped-logo.png","width":374,"height":90,"caption":"Infoecos"},"image":{"@id":"https:\/\/infoecos.com.ar\/#\/schema\/logo\/image\/"},"sameAs":["https:\/\/www.facebook.com\/profile.php?id=100063200290284","https:\/\/x.com\/infoecos"]},{"@type":"Person","@id":"https:\/\/infoecos.com.ar\/#\/schema\/person\/8f5ace5ce73b4b4aac4b7245aee6f191","name":"Jorge Matheus","url":"https:\/\/infoecos.com.ar\/index.php\/author\/jomatheus\/"}]}},"featured_image_urls":{"full":["https:\/\/infoecos.com.ar\/wp-content\/uploads\/2024\/02\/image-141.png",770,473,false],"thumbnail":["https:\/\/infoecos.com.ar\/wp-content\/uploads\/2024\/02\/image-141-300x150.png",300,150,true],"medium":["https:\/\/infoecos.com.ar\/wp-content\/uploads\/2024\/02\/image-141.png",770,473,false],"medium_large":["https:\/\/infoecos.com.ar\/wp-content\/uploads\/2024\/02\/image-141-768x472.png",640,393,true],"large":["https:\/\/infoecos.com.ar\/wp-content\/uploads\/2024\/02\/image-141.png",640,393,false],"1536x1536":["https:\/\/infoecos.com.ar\/wp-content\/uploads\/2024\/02\/image-141.png",770,473,false],"2048x2048":["https:\/\/infoecos.com.ar\/wp-content\/uploads\/2024\/02\/image-141.png",770,473,false],"covernews-slider-full":["https:\/\/infoecos.com.ar\/wp-content\/uploads\/2024\/02\/image-141.png",770,473,false],"covernews-slider-center":["https:\/\/infoecos.com.ar\/wp-content\/uploads\/2024\/02\/image-141.png",770,473,false],"covernews-featured":["https:\/\/infoecos.com.ar\/wp-content\/uploads\/2024\/02\/image-141.png",770,473,false],"covernews-medium":["https:\/\/infoecos.com.ar\/wp-content\/uploads\/2024\/02\/image-141-720x380.png",540,285,true],"covernews-medium-square":["https:\/\/infoecos.com.ar\/wp-content\/uploads\/2024\/02\/image-141-675x450.png",375,250,true]},"author_info":{"info":["Jorge Matheus"]},"category_info":"<a href=\"https:\/\/infoecos.com.ar\/index.php\/category\/inferior1\/\" rel=\"category tag\">Bloque inferior - 1<\/a>","tag_info":"Bloque inferior - 1","comment_count":"0","_links":{"self":[{"href":"https:\/\/infoecos.com.ar\/index.php\/wp-json\/wp\/v2\/posts\/118772"}],"collection":[{"href":"https:\/\/infoecos.com.ar\/index.php\/wp-json\/wp\/v2\/posts"}],"about":[{"href":"https:\/\/infoecos.com.ar\/index.php\/wp-json\/wp\/v2\/types\/post"}],"author":[{"embeddable":true,"href":"https:\/\/infoecos.com.ar\/index.php\/wp-json\/wp\/v2\/users\/2"}],"replies":[{"embeddable":true,"href":"https:\/\/infoecos.com.ar\/index.php\/wp-json\/wp\/v2\/comments?post=118772"}],"version-history":[{"count":2,"href":"https:\/\/infoecos.com.ar\/index.php\/wp-json\/wp\/v2\/posts\/118772\/revisions"}],"predecessor-version":[{"id":118793,"href":"https:\/\/infoecos.com.ar\/index.php\/wp-json\/wp\/v2\/posts\/118772\/revisions\/118793"}],"wp:featuredmedia":[{"embeddable":true,"href":"https:\/\/infoecos.com.ar\/index.php\/wp-json\/wp\/v2\/media\/118792"}],"wp:attachment":[{"href":"https:\/\/infoecos.com.ar\/index.php\/wp-json\/wp\/v2\/media?parent=118772"}],"wp:term":[{"taxonomy":"category","embeddable":true,"href":"https:\/\/infoecos.com.ar\/index.php\/wp-json\/wp\/v2\/categories?post=118772"},{"taxonomy":"post_tag","embeddable":true,"href":"https:\/\/infoecos.com.ar\/index.php\/wp-json\/wp\/v2\/tags?post=118772"}],"curies":[{"name":"wp","href":"https:\/\/api.w.org\/{rel}","templated":true}]}}