{"id":118851,"date":"2024-02-12T14:24:16","date_gmt":"2024-02-12T17:24:16","guid":{"rendered":"https:\/\/infoecos.com.ar\/?p=118851"},"modified":"2024-02-13T02:57:55","modified_gmt":"2024-02-13T05:57:55","slug":"dos-menores-de-pehuajo-en-distintos-hechos-al-ser-aprehendidos-enfrentaron-a-la-policia","status":"publish","type":"post","link":"https:\/\/infoecos.com.ar\/index.php\/dos-menores-de-pehuajo-en-distintos-hechos-al-ser-aprehendidos-enfrentaron-a-la-policia\/","title":{"rendered":"Dos menores de Pehuaj\u00f3, en distintos hechos, al ser aprehendidos enfrentaron a la Polic\u00eda"},"content":{"rendered":"\n<p><strong>Sustraj\u00f3 una motocicleta y al ser descubierto se resisti\u00f3<\/strong><\/p>\n\n\n\n<p>Personal de Estaci\u00f3n Comunal de Pehuaj\u00f3 procedi\u00f3 a la aprehensi\u00f3n de un sujeto masculino de 16 a\u00f1os. Fue sorprendido en calles Irigoyen y Artigas por personal de la Guardia de Prevenci\u00f3n Ciudadana de la Municipalidad de Pehuaj\u00f3, en circunstancias en las que se encontraba sustrayendo una motocicleta de marca Corven Energy de 110 c.c., propiedad de un vecino de Pehuaj\u00f3, masculino mayor de 35 a\u00f1os. <\/p>\n\n\n\n<figure class=\"wp-block-image aligncenter size-full is-resized\"><img loading=\"lazy\" decoding=\"async\" src=\"https:\/\/infoecos.com.ar\/wp-content\/uploads\/2024\/02\/image-174.png\" alt=\"\" class=\"wp-image-118853\" width=\"467\" height=\"830\" srcset=\"https:\/\/infoecos.com.ar\/wp-content\/uploads\/2024\/02\/image-174.png 720w, https:\/\/infoecos.com.ar\/wp-content\/uploads\/2024\/02\/image-174-450x800.png 450w\" sizes=\"(max-width: 467px) 100vw, 467px\" \/><\/figure>\n\n\n\n<p>El menor, al momento de ser aprehendido, enfrent\u00f3 al personal policial oponiendo resistencia, por lo que fue puesto a disposici\u00f3n del Fuero de Responsabilidad Penal Juvenil de Trenque Lauquen, una vez cumplimentados los recaudos en el marco de causa penal que se instruye por los delitos de HURTO EN GRADO DE TENTATIVA Y RESISTENCIA A LA AUTORIDAD. Se procedi\u00f3 a notificar al menor y posterior entrega a sus mayores responsables. <\/p>\n\n\n\n<p><strong>Agresi\u00f3n a su pareja y posterior resistencia a la autoridad policial<\/strong><\/p>\n\n\n\n<p>Personal de Estaci\u00f3n Comunal Pehuaj\u00f3, procedi\u00f3 a la aprehensi\u00f3n de un menor de 16 a\u00f1os de edad, quien fuera sorprendido en la v\u00eda p\u00fablica agrediendo a su pareja, femenina de 23 a\u00f1os, ofreciendo resistencia al personal policial al momento de su aprehensi\u00f3n. Se constat\u00f3 en el procedimiento que el rodado en el que se desplazaba, bicicleta marca RIDER SPY, color blanca, hab\u00eda sido sustra\u00edda instantes antes desde un domicilio ubicado a pocos metros del lugar de la aprehensi\u00f3n, propiedad de una femenina mayor de 45 a\u00f1os, vecina de Pehuaj\u00f3, quien radic\u00f3 una denuncia penal acreditando la propiedad del rodado. <\/p>\n\n\n\n<figure class=\"wp-block-image aligncenter size-full is-resized\"><img loading=\"lazy\" decoding=\"async\" src=\"https:\/\/infoecos.com.ar\/wp-content\/uploads\/2024\/02\/image-173.png\" alt=\"\" class=\"wp-image-118852\" width=\"476\" height=\"357\" srcset=\"https:\/\/infoecos.com.ar\/wp-content\/uploads\/2024\/02\/image-173.png 1280w, https:\/\/infoecos.com.ar\/wp-content\/uploads\/2024\/02\/image-173-800x600.png 800w, https:\/\/infoecos.com.ar\/wp-content\/uploads\/2024\/02\/image-173-768x576.png 768w, https:\/\/infoecos.com.ar\/wp-content\/uploads\/2024\/02\/image-173-1024x768.png 1024w\" sizes=\"(max-width: 476px) 100vw, 476px\" \/><\/figure>\n\n\n\n<p>El menor aprehendido, es puesto a disposici\u00f3n del Fuero de Responsabilidad Penal Juvenil de Trenque Lauquen, en el marco de causa penal que se instruye por los delitos de Hurto en Grado de Tentativa, Resistencia a la Autoridad e Infracci\u00f3n a la Ley 12.569. <\/p>\n\n\n\n<p>Se procedi\u00f3 a notificar al menor y posterior entrega a sus mayores responsables.<\/p>\n","protected":false},"excerpt":{"rendered":"<p>Fueron puesto a disposici\u00f3n del Fuero de Responsabilidad Penal Juvenil de Trenque Lauquen<\/p>\n","protected":false},"author":2,"featured_media":118853,"comment_status":"closed","ping_status":"open","sticky":false,"template":"","format":"standard","meta":{"footnotes":""},"categories":[45],"tags":[10061],"class_list":["post-118851","post","type-post","status-publish","format-standard","has-post-thumbnail","hentry","category-c1nota2","tag-policia-comunal"],"yoast_head":"<!-- This site is optimized with the Yoast SEO plugin v23.4 - https:\/\/yoast.com\/wordpress\/plugins\/seo\/ -->\n<title>Dos menores de Pehuaj\u00f3, en distintos hechos, al ser aprehendidos enfrentaron a la Polic\u00eda - Infoecos<\/title>\n<meta name=\"robots\" content=\"index, follow, max-snippet:-1, max-image-preview:large, max-video-preview:-1\" \/>\n<link rel=\"canonical\" href=\"https:\/\/infoecos.com.ar\/index.php\/dos-menores-de-pehuajo-en-distintos-hechos-al-ser-aprehendidos-enfrentaron-a-la-policia\/\" \/>\n<meta property=\"og:locale\" content=\"es_ES\" \/>\n<meta property=\"og:type\" content=\"article\" \/>\n<meta property=\"og:title\" content=\"Dos menores de Pehuaj\u00f3, en distintos hechos, al ser aprehendidos enfrentaron a la Polic\u00eda - Infoecos\" \/>\n<meta property=\"og:description\" content=\"Fueron puesto a disposici\u00f3n del Fuero de Responsabilidad Penal Juvenil de Trenque Lauquen\" \/>\n<meta property=\"og:url\" content=\"https:\/\/infoecos.com.ar\/index.php\/dos-menores-de-pehuajo-en-distintos-hechos-al-ser-aprehendidos-enfrentaron-a-la-policia\/\" \/>\n<meta property=\"og:site_name\" content=\"Infoecos\" \/>\n<meta property=\"article:publisher\" content=\"https:\/\/www.facebook.com\/profile.php?id=100063200290284\" \/>\n<meta property=\"article:published_time\" content=\"2024-02-12T17:24:16+00:00\" \/>\n<meta property=\"article:modified_time\" content=\"2024-02-13T05:57:55+00:00\" \/>\n<meta property=\"og:image\" content=\"https:\/\/infoecos.com.ar\/wp-content\/uploads\/2024\/02\/image-174.png\" \/>\n\t<meta property=\"og:image:width\" content=\"720\" \/>\n\t<meta property=\"og:image:height\" content=\"1280\" \/>\n\t<meta property=\"og:image:type\" content=\"image\/png\" \/>\n<meta name=\"author\" content=\"Jorge Matheus\" \/>\n<meta name=\"twitter:card\" content=\"summary_large_image\" \/>\n<meta name=\"twitter:creator\" content=\"@infoecos\" \/>\n<meta name=\"twitter:site\" content=\"@infoecos\" \/>\n<meta name=\"twitter:label1\" content=\"Escrito por\" \/>\n\t<meta name=\"twitter:data1\" content=\"Jorge Matheus\" \/>\n\t<meta name=\"twitter:label2\" content=\"Tiempo de lectura\" \/>\n\t<meta name=\"twitter:data2\" content=\"2 minutos\" \/>\n<script type=\"application\/ld+json\" class=\"yoast-schema-graph\">{\"@context\":\"https:\/\/schema.org\",\"@graph\":[{\"@type\":\"Article\",\"@id\":\"https:\/\/infoecos.com.ar\/index.php\/dos-menores-de-pehuajo-en-distintos-hechos-al-ser-aprehendidos-enfrentaron-a-la-policia\/#article\",\"isPartOf\":{\"@id\":\"https:\/\/infoecos.com.ar\/index.php\/dos-menores-de-pehuajo-en-distintos-hechos-al-ser-aprehendidos-enfrentaron-a-la-policia\/\"},\"author\":{\"name\":\"Jorge Matheus\",\"@id\":\"https:\/\/infoecos.com.ar\/#\/schema\/person\/8f5ace5ce73b4b4aac4b7245aee6f191\"},\"headline\":\"Dos menores de Pehuaj\u00f3, en distintos hechos, al ser aprehendidos enfrentaron a la Polic\u00eda\",\"datePublished\":\"2024-02-12T17:24:16+00:00\",\"dateModified\":\"2024-02-13T05:57:55+00:00\",\"mainEntityOfPage\":{\"@id\":\"https:\/\/infoecos.com.ar\/index.php\/dos-menores-de-pehuajo-en-distintos-hechos-al-ser-aprehendidos-enfrentaron-a-la-policia\/\"},\"wordCount\":340,\"publisher\":{\"@id\":\"https:\/\/infoecos.com.ar\/#organization\"},\"image\":{\"@id\":\"https:\/\/infoecos.com.ar\/index.php\/dos-menores-de-pehuajo-en-distintos-hechos-al-ser-aprehendidos-enfrentaron-a-la-policia\/#primaryimage\"},\"thumbnailUrl\":\"https:\/\/infoecos.com.ar\/wp-content\/uploads\/2024\/02\/image-174.png\",\"keywords\":[\"polic\u00eda comunal\"],\"articleSection\":[\"C1 N2\"],\"inLanguage\":\"es\"},{\"@type\":\"WebPage\",\"@id\":\"https:\/\/infoecos.com.ar\/index.php\/dos-menores-de-pehuajo-en-distintos-hechos-al-ser-aprehendidos-enfrentaron-a-la-policia\/\",\"url\":\"https:\/\/infoecos.com.ar\/index.php\/dos-menores-de-pehuajo-en-distintos-hechos-al-ser-aprehendidos-enfrentaron-a-la-policia\/\",\"name\":\"Dos menores de Pehuaj\u00f3, en distintos hechos, al ser aprehendidos enfrentaron a la Polic\u00eda - Infoecos\",\"isPartOf\":{\"@id\":\"https:\/\/infoecos.com.ar\/#website\"},\"primaryImageOfPage\":{\"@id\":\"https:\/\/infoecos.com.ar\/index.php\/dos-menores-de-pehuajo-en-distintos-hechos-al-ser-aprehendidos-enfrentaron-a-la-policia\/#primaryimage\"},\"image\":{\"@id\":\"https:\/\/infoecos.com.ar\/index.php\/dos-menores-de-pehuajo-en-distintos-hechos-al-ser-aprehendidos-enfrentaron-a-la-policia\/#primaryimage\"},\"thumbnailUrl\":\"https:\/\/infoecos.com.ar\/wp-content\/uploads\/2024\/02\/image-174.png\",\"datePublished\":\"2024-02-12T17:24:16+00:00\",\"dateModified\":\"2024-02-13T05:57:55+00:00\",\"breadcrumb\":{\"@id\":\"https:\/\/infoecos.com.ar\/index.php\/dos-menores-de-pehuajo-en-distintos-hechos-al-ser-aprehendidos-enfrentaron-a-la-policia\/#breadcrumb\"},\"inLanguage\":\"es\",\"potentialAction\":[{\"@type\":\"ReadAction\",\"target\":[\"https:\/\/infoecos.com.ar\/index.php\/dos-menores-de-pehuajo-en-distintos-hechos-al-ser-aprehendidos-enfrentaron-a-la-policia\/\"]}]},{\"@type\":\"ImageObject\",\"inLanguage\":\"es\",\"@id\":\"https:\/\/infoecos.com.ar\/index.php\/dos-menores-de-pehuajo-en-distintos-hechos-al-ser-aprehendidos-enfrentaron-a-la-policia\/#primaryimage\",\"url\":\"https:\/\/infoecos.com.ar\/wp-content\/uploads\/2024\/02\/image-174.png\",\"contentUrl\":\"https:\/\/infoecos.com.ar\/wp-content\/uploads\/2024\/02\/image-174.png\",\"width\":720,\"height\":1280},{\"@type\":\"BreadcrumbList\",\"@id\":\"https:\/\/infoecos.com.ar\/index.php\/dos-menores-de-pehuajo-en-distintos-hechos-al-ser-aprehendidos-enfrentaron-a-la-policia\/#breadcrumb\",\"itemListElement\":[{\"@type\":\"ListItem\",\"position\":1,\"name\":\"Portada\",\"item\":\"https:\/\/infoecos.com.ar\/\"},{\"@type\":\"ListItem\",\"position\":2,\"name\":\"Dos menores de Pehuaj\u00f3, en distintos hechos, al ser aprehendidos enfrentaron a la Polic\u00eda\"}]},{\"@type\":\"WebSite\",\"@id\":\"https:\/\/infoecos.com.ar\/#website\",\"url\":\"https:\/\/infoecos.com.ar\/\",\"name\":\"Infoecos\",\"description\":\"Noticias de trenque lauquen y la zona\",\"publisher\":{\"@id\":\"https:\/\/infoecos.com.ar\/#organization\"},\"alternateName\":\"Noticias\",\"potentialAction\":[{\"@type\":\"SearchAction\",\"target\":{\"@type\":\"EntryPoint\",\"urlTemplate\":\"https:\/\/infoecos.com.ar\/?s={search_term_string}\"},\"query-input\":{\"@type\":\"PropertyValueSpecification\",\"valueRequired\":true,\"valueName\":\"search_term_string\"}}],\"inLanguage\":\"es\"},{\"@type\":\"Organization\",\"@id\":\"https:\/\/infoecos.com.ar\/#organization\",\"name\":\"Infoecos\",\"alternateName\":\"Noticias\",\"url\":\"https:\/\/infoecos.com.ar\/\",\"logo\":{\"@type\":\"ImageObject\",\"inLanguage\":\"es\",\"@id\":\"https:\/\/infoecos.com.ar\/#\/schema\/logo\/image\/\",\"url\":\"https:\/\/infoecos.com.ar\/wp-content\/uploads\/2024\/03\/cropped-logo.png\",\"contentUrl\":\"https:\/\/infoecos.com.ar\/wp-content\/uploads\/2024\/03\/cropped-logo.png\",\"width\":374,\"height\":90,\"caption\":\"Infoecos\"},\"image\":{\"@id\":\"https:\/\/infoecos.com.ar\/#\/schema\/logo\/image\/\"},\"sameAs\":[\"https:\/\/www.facebook.com\/profile.php?id=100063200290284\",\"https:\/\/x.com\/infoecos\"]},{\"@type\":\"Person\",\"@id\":\"https:\/\/infoecos.com.ar\/#\/schema\/person\/8f5ace5ce73b4b4aac4b7245aee6f191\",\"name\":\"Jorge Matheus\",\"url\":\"https:\/\/infoecos.com.ar\/index.php\/author\/jomatheus\/\"}]}<\/script>\n<!-- \/ Yoast SEO plugin. -->","yoast_head_json":{"title":"Dos menores de Pehuaj\u00f3, en distintos hechos, al ser aprehendidos enfrentaron a la Polic\u00eda - Infoecos","robots":{"index":"index","follow":"follow","max-snippet":"max-snippet:-1","max-image-preview":"max-image-preview:large","max-video-preview":"max-video-preview:-1"},"canonical":"https:\/\/infoecos.com.ar\/index.php\/dos-menores-de-pehuajo-en-distintos-hechos-al-ser-aprehendidos-enfrentaron-a-la-policia\/","og_locale":"es_ES","og_type":"article","og_title":"Dos menores de Pehuaj\u00f3, en distintos hechos, al ser aprehendidos enfrentaron a la Polic\u00eda - Infoecos","og_description":"Fueron puesto a disposici\u00f3n del Fuero de Responsabilidad Penal Juvenil de Trenque Lauquen","og_url":"https:\/\/infoecos.com.ar\/index.php\/dos-menores-de-pehuajo-en-distintos-hechos-al-ser-aprehendidos-enfrentaron-a-la-policia\/","og_site_name":"Infoecos","article_publisher":"https:\/\/www.facebook.com\/profile.php?id=100063200290284","article_published_time":"2024-02-12T17:24:16+00:00","article_modified_time":"2024-02-13T05:57:55+00:00","og_image":[{"width":720,"height":1280,"url":"https:\/\/infoecos.com.ar\/wp-content\/uploads\/2024\/02\/image-174.png","type":"image\/png"}],"author":"Jorge Matheus","twitter_card":"summary_large_image","twitter_creator":"@infoecos","twitter_site":"@infoecos","twitter_misc":{"Escrito por":"Jorge Matheus","Tiempo de lectura":"2 minutos"},"schema":{"@context":"https:\/\/schema.org","@graph":[{"@type":"Article","@id":"https:\/\/infoecos.com.ar\/index.php\/dos-menores-de-pehuajo-en-distintos-hechos-al-ser-aprehendidos-enfrentaron-a-la-policia\/#article","isPartOf":{"@id":"https:\/\/infoecos.com.ar\/index.php\/dos-menores-de-pehuajo-en-distintos-hechos-al-ser-aprehendidos-enfrentaron-a-la-policia\/"},"author":{"name":"Jorge Matheus","@id":"https:\/\/infoecos.com.ar\/#\/schema\/person\/8f5ace5ce73b4b4aac4b7245aee6f191"},"headline":"Dos menores de Pehuaj\u00f3, en distintos hechos, al ser aprehendidos enfrentaron a la Polic\u00eda","datePublished":"2024-02-12T17:24:16+00:00","dateModified":"2024-02-13T05:57:55+00:00","mainEntityOfPage":{"@id":"https:\/\/infoecos.com.ar\/index.php\/dos-menores-de-pehuajo-en-distintos-hechos-al-ser-aprehendidos-enfrentaron-a-la-policia\/"},"wordCount":340,"publisher":{"@id":"https:\/\/infoecos.com.ar\/#organization"},"image":{"@id":"https:\/\/infoecos.com.ar\/index.php\/dos-menores-de-pehuajo-en-distintos-hechos-al-ser-aprehendidos-enfrentaron-a-la-policia\/#primaryimage"},"thumbnailUrl":"https:\/\/infoecos.com.ar\/wp-content\/uploads\/2024\/02\/image-174.png","keywords":["polic\u00eda comunal"],"articleSection":["C1 N2"],"inLanguage":"es"},{"@type":"WebPage","@id":"https:\/\/infoecos.com.ar\/index.php\/dos-menores-de-pehuajo-en-distintos-hechos-al-ser-aprehendidos-enfrentaron-a-la-policia\/","url":"https:\/\/infoecos.com.ar\/index.php\/dos-menores-de-pehuajo-en-distintos-hechos-al-ser-aprehendidos-enfrentaron-a-la-policia\/","name":"Dos menores de Pehuaj\u00f3, en distintos hechos, al ser aprehendidos enfrentaron a la Polic\u00eda - Infoecos","isPartOf":{"@id":"https:\/\/infoecos.com.ar\/#website"},"primaryImageOfPage":{"@id":"https:\/\/infoecos.com.ar\/index.php\/dos-menores-de-pehuajo-en-distintos-hechos-al-ser-aprehendidos-enfrentaron-a-la-policia\/#primaryimage"},"image":{"@id":"https:\/\/infoecos.com.ar\/index.php\/dos-menores-de-pehuajo-en-distintos-hechos-al-ser-aprehendidos-enfrentaron-a-la-policia\/#primaryimage"},"thumbnailUrl":"https:\/\/infoecos.com.ar\/wp-content\/uploads\/2024\/02\/image-174.png","datePublished":"2024-02-12T17:24:16+00:00","dateModified":"2024-02-13T05:57:55+00:00","breadcrumb":{"@id":"https:\/\/infoecos.com.ar\/index.php\/dos-menores-de-pehuajo-en-distintos-hechos-al-ser-aprehendidos-enfrentaron-a-la-policia\/#breadcrumb"},"inLanguage":"es","potentialAction":[{"@type":"ReadAction","target":["https:\/\/infoecos.com.ar\/index.php\/dos-menores-de-pehuajo-en-distintos-hechos-al-ser-aprehendidos-enfrentaron-a-la-policia\/"]}]},{"@type":"ImageObject","inLanguage":"es","@id":"https:\/\/infoecos.com.ar\/index.php\/dos-menores-de-pehuajo-en-distintos-hechos-al-ser-aprehendidos-enfrentaron-a-la-policia\/#primaryimage","url":"https:\/\/infoecos.com.ar\/wp-content\/uploads\/2024\/02\/image-174.png","contentUrl":"https:\/\/infoecos.com.ar\/wp-content\/uploads\/2024\/02\/image-174.png","width":720,"height":1280},{"@type":"BreadcrumbList","@id":"https:\/\/infoecos.com.ar\/index.php\/dos-menores-de-pehuajo-en-distintos-hechos-al-ser-aprehendidos-enfrentaron-a-la-policia\/#breadcrumb","itemListElement":[{"@type":"ListItem","position":1,"name":"Portada","item":"https:\/\/infoecos.com.ar\/"},{"@type":"ListItem","position":2,"name":"Dos menores de Pehuaj\u00f3, en distintos hechos, al ser aprehendidos enfrentaron a la Polic\u00eda"}]},{"@type":"WebSite","@id":"https:\/\/infoecos.com.ar\/#website","url":"https:\/\/infoecos.com.ar\/","name":"Infoecos","description":"Noticias de trenque lauquen y la zona","publisher":{"@id":"https:\/\/infoecos.com.ar\/#organization"},"alternateName":"Noticias","potentialAction":[{"@type":"SearchAction","target":{"@type":"EntryPoint","urlTemplate":"https:\/\/infoecos.com.ar\/?s={search_term_string}"},"query-input":{"@type":"PropertyValueSpecification","valueRequired":true,"valueName":"search_term_string"}}],"inLanguage":"es"},{"@type":"Organization","@id":"https:\/\/infoecos.com.ar\/#organization","name":"Infoecos","alternateName":"Noticias","url":"https:\/\/infoecos.com.ar\/","logo":{"@type":"ImageObject","inLanguage":"es","@id":"https:\/\/infoecos.com.ar\/#\/schema\/logo\/image\/","url":"https:\/\/infoecos.com.ar\/wp-content\/uploads\/2024\/03\/cropped-logo.png","contentUrl":"https:\/\/infoecos.com.ar\/wp-content\/uploads\/2024\/03\/cropped-logo.png","width":374,"height":90,"caption":"Infoecos"},"image":{"@id":"https:\/\/infoecos.com.ar\/#\/schema\/logo\/image\/"},"sameAs":["https:\/\/www.facebook.com\/profile.php?id=100063200290284","https:\/\/x.com\/infoecos"]},{"@type":"Person","@id":"https:\/\/infoecos.com.ar\/#\/schema\/person\/8f5ace5ce73b4b4aac4b7245aee6f191","name":"Jorge Matheus","url":"https:\/\/infoecos.com.ar\/index.php\/author\/jomatheus\/"}]}},"featured_image_urls":{"full":["https:\/\/infoecos.com.ar\/wp-content\/uploads\/2024\/02\/image-174.png",720,1280,false],"thumbnail":["https:\/\/infoecos.com.ar\/wp-content\/uploads\/2024\/02\/image-174-300x150.png",300,150,true],"medium":["https:\/\/infoecos.com.ar\/wp-content\/uploads\/2024\/02\/image-174-450x800.png",450,800,true],"medium_large":["https:\/\/infoecos.com.ar\/wp-content\/uploads\/2024\/02\/image-174.png",640,1138,false],"large":["https:\/\/infoecos.com.ar\/wp-content\/uploads\/2024\/02\/image-174.png",640,1138,false],"1536x1536":["https:\/\/infoecos.com.ar\/wp-content\/uploads\/2024\/02\/image-174.png",720,1280,false],"2048x2048":["https:\/\/infoecos.com.ar\/wp-content\/uploads\/2024\/02\/image-174.png",720,1280,false],"covernews-slider-full":["https:\/\/infoecos.com.ar\/wp-content\/uploads\/2024\/02\/image-174-720x1020.png",505,715,true],"covernews-slider-center":["https:\/\/infoecos.com.ar\/wp-content\/uploads\/2024\/02\/image-174-720x897.png",401,500,true],"covernews-featured":["https:\/\/infoecos.com.ar\/wp-content\/uploads\/2024\/02\/image-174.png",720,1280,false],"covernews-medium":["https:\/\/infoecos.com.ar\/wp-content\/uploads\/2024\/02\/image-174-720x380.png",540,285,true],"covernews-medium-square":["https:\/\/infoecos.com.ar\/wp-content\/uploads\/2024\/02\/image-174-675x450.png",375,250,true]},"author_info":{"info":["Jorge Matheus"]},"category_info":"<a href=\"https:\/\/infoecos.com.ar\/index.php\/category\/c1nota2\/\" rel=\"category tag\">C1 N2<\/a>","tag_info":"C1 N2","comment_count":"0","_links":{"self":[{"href":"https:\/\/infoecos.com.ar\/index.php\/wp-json\/wp\/v2\/posts\/118851"}],"collection":[{"href":"https:\/\/infoecos.com.ar\/index.php\/wp-json\/wp\/v2\/posts"}],"about":[{"href":"https:\/\/infoecos.com.ar\/index.php\/wp-json\/wp\/v2\/types\/post"}],"author":[{"embeddable":true,"href":"https:\/\/infoecos.com.ar\/index.php\/wp-json\/wp\/v2\/users\/2"}],"replies":[{"embeddable":true,"href":"https:\/\/infoecos.com.ar\/index.php\/wp-json\/wp\/v2\/comments?post=118851"}],"version-history":[{"count":1,"href":"https:\/\/infoecos.com.ar\/index.php\/wp-json\/wp\/v2\/posts\/118851\/revisions"}],"predecessor-version":[{"id":118854,"href":"https:\/\/infoecos.com.ar\/index.php\/wp-json\/wp\/v2\/posts\/118851\/revisions\/118854"}],"wp:featuredmedia":[{"embeddable":true,"href":"https:\/\/infoecos.com.ar\/index.php\/wp-json\/wp\/v2\/media\/118853"}],"wp:attachment":[{"href":"https:\/\/infoecos.com.ar\/index.php\/wp-json\/wp\/v2\/media?parent=118851"}],"wp:term":[{"taxonomy":"category","embeddable":true,"href":"https:\/\/infoecos.com.ar\/index.php\/wp-json\/wp\/v2\/categories?post=118851"},{"taxonomy":"post_tag","embeddable":true,"href":"https:\/\/infoecos.com.ar\/index.php\/wp-json\/wp\/v2\/tags?post=118851"}],"curies":[{"name":"wp","href":"https:\/\/api.w.org\/{rel}","templated":true}]}}