{"id":118933,"date":"2024-02-14T02:11:01","date_gmt":"2024-02-14T05:11:01","guid":{"rendered":"https:\/\/infoecos.com.ar\/?p=118933"},"modified":"2024-02-14T02:11:02","modified_gmt":"2024-02-14T05:11:02","slug":"la-pampa-iria-la-justicia-por-eliminacion-del-fondo-compensador-del-transporte-del-interior","status":"publish","type":"post","link":"https:\/\/infoecos.com.ar\/index.php\/la-pampa-iria-la-justicia-por-eliminacion-del-fondo-compensador-del-transporte-del-interior\/","title":{"rendered":"La Pampa ir\u00eda la Justicia por eliminaci\u00f3n del Fondo Compensador del Transporte del Interior"},"content":{"rendered":"\n<figure class=\"wp-block-image alignright size-full is-resized\"><img loading=\"lazy\" decoding=\"async\" src=\"https:\/\/infoecos.com.ar\/wp-content\/uploads\/2024\/02\/image-195.png\" alt=\"\" class=\"wp-image-118934\" width=\"410\" height=\"162\" srcset=\"https:\/\/infoecos.com.ar\/wp-content\/uploads\/2024\/02\/image-195.png 826w, https:\/\/infoecos.com.ar\/wp-content\/uploads\/2024\/02\/image-195-800x317.png 800w, https:\/\/infoecos.com.ar\/wp-content\/uploads\/2024\/02\/image-195-768x304.png 768w\" sizes=\"(max-width: 410px) 100vw, 410px\" \/><figcaption class=\"wp-element-caption\">En tapa del diario La Arena <\/figcaption><\/figure>\n\n\n\n<p>La provincia de La Pampa podr\u00eda demandar al Estado nacional por la eliminaci\u00f3n del Fondo Compensador del Transporte del Interior. En la \u00faltima semana, el gobernador Sergio Ziliotto afirm\u00f3: \u201cVamos a tomar la decisi\u00f3n de defender nuestro patrimonio y si tenemos que ir a la Corte vamos a hacerlo, y no creo que ning\u00fan otro gobernador deje de hacerlo, porque estar\u00eda incumplimiento la responsabilidad que tiene y tambi\u00e9n la representatividad popular que le dieron en su provincia\u201d.<\/p>\n\n\n\n<figure class=\"wp-block-image aligncenter size-full is-resized\"><img loading=\"lazy\" decoding=\"async\" src=\"https:\/\/infoecos.com.ar\/wp-content\/uploads\/2024\/02\/image-198.png\" alt=\"\" class=\"wp-image-118937\" width=\"414\" height=\"535\" srcset=\"https:\/\/infoecos.com.ar\/wp-content\/uploads\/2024\/02\/image-198.png 1161w, https:\/\/infoecos.com.ar\/wp-content\/uploads\/2024\/02\/image-198-619x800.png 619w, https:\/\/infoecos.com.ar\/wp-content\/uploads\/2024\/02\/image-198-768x992.png 768w, https:\/\/infoecos.com.ar\/wp-content\/uploads\/2024\/02\/image-198-1024x1323.png 1024w\" sizes=\"(max-width: 414px) 100vw, 414px\" \/><\/figure>\n\n\n\n<p>Ante una consulta del diario <strong>La Arena de Santa Rosa<\/strong>, una alta fuente de Casa de Gobierno confirm\u00f3 que la Fiscal\u00eda de Estado ya est\u00e1 estudiando esa posibilidad, del mismo modo que lo est\u00e1n haciendo los organismos similares de otras provincias. \u201cSe est\u00e1 estudiando el tema. Por lo conversado con otras provincias, todas estamos igual, en etapa de estudio\u201d, confiaron.<\/p>\n\n\n\n<p>La eliminaci\u00f3n del Fondo Compensador del Transporte del Interior que anunci\u00f3 el gobierno nacional gener\u00f3 el rechazo de las provincias de distinto signo pol\u00edtico, que ahora analizan interponer un recurso ante la Corte Suprema de Justicia de la Naci\u00f3n para parar la medida nacional, que castiga a los gobernadores tras el fracaso de la \u201cley \u00f3mnibus\u201d en el Congreso.<\/p>\n","protected":false},"excerpt":{"rendered":"<p>Ante una consulta del diario La Arena de Santa Rosa, una alta fuente de Casa de Gobierno confirm\u00f3 que la Fiscal\u00eda de Estado ya est\u00e1 estudiando esa posibilidad, del mismo modo que lo est\u00e1n haciendo los organismos similares de otras provincias<\/p>\n","protected":false},"author":2,"featured_media":64590,"comment_status":"closed","ping_status":"open","sticky":false,"template":"","format":"standard","meta":{"footnotes":""},"categories":[45],"tags":[10069],"class_list":["post-118933","post","type-post","status-publish","format-standard","has-post-thumbnail","hentry","category-c1nota2","tag-adelanto-del-diario-la-arena"],"yoast_head":"<!-- This site is optimized with the Yoast SEO plugin v23.4 - https:\/\/yoast.com\/wordpress\/plugins\/seo\/ -->\n<title>La Pampa ir\u00eda la Justicia por eliminaci\u00f3n del Fondo Compensador del Transporte del Interior - Infoecos<\/title>\n<meta name=\"robots\" content=\"index, follow, max-snippet:-1, max-image-preview:large, max-video-preview:-1\" \/>\n<link rel=\"canonical\" href=\"https:\/\/infoecos.com.ar\/index.php\/la-pampa-iria-la-justicia-por-eliminacion-del-fondo-compensador-del-transporte-del-interior\/\" \/>\n<meta property=\"og:locale\" content=\"es_ES\" \/>\n<meta property=\"og:type\" content=\"article\" \/>\n<meta property=\"og:title\" content=\"La Pampa ir\u00eda la Justicia por eliminaci\u00f3n del Fondo Compensador del Transporte del Interior - Infoecos\" \/>\n<meta property=\"og:description\" content=\"Ante una consulta del diario La Arena de Santa Rosa, una alta fuente de Casa de Gobierno confirm\u00f3 que la Fiscal\u00eda de Estado ya est\u00e1 estudiando esa posibilidad, del mismo modo que lo est\u00e1n haciendo los organismos similares de otras provincias\" \/>\n<meta property=\"og:url\" content=\"https:\/\/infoecos.com.ar\/index.php\/la-pampa-iria-la-justicia-por-eliminacion-del-fondo-compensador-del-transporte-del-interior\/\" \/>\n<meta property=\"og:site_name\" content=\"Infoecos\" \/>\n<meta property=\"article:publisher\" content=\"https:\/\/www.facebook.com\/profile.php?id=100063200290284\" \/>\n<meta property=\"article:published_time\" content=\"2024-02-14T05:11:01+00:00\" \/>\n<meta property=\"article:modified_time\" content=\"2024-02-14T05:11:02+00:00\" \/>\n<meta property=\"og:image\" content=\"https:\/\/infoecos.com.ar\/wp-content\/uploads\/santarosa.png\" \/>\n\t<meta property=\"og:image:width\" content=\"800\" \/>\n\t<meta property=\"og:image:height\" content=\"449\" \/>\n\t<meta property=\"og:image:type\" content=\"image\/png\" \/>\n<meta name=\"author\" content=\"Jorge Matheus\" \/>\n<meta name=\"twitter:card\" content=\"summary_large_image\" \/>\n<meta name=\"twitter:creator\" content=\"@infoecos\" \/>\n<meta name=\"twitter:site\" content=\"@infoecos\" \/>\n<meta name=\"twitter:label1\" content=\"Escrito por\" \/>\n\t<meta name=\"twitter:data1\" content=\"Jorge Matheus\" \/>\n\t<meta name=\"twitter:label2\" content=\"Tiempo de lectura\" \/>\n\t<meta name=\"twitter:data2\" content=\"2 minutos\" \/>\n<script type=\"application\/ld+json\" class=\"yoast-schema-graph\">{\"@context\":\"https:\/\/schema.org\",\"@graph\":[{\"@type\":\"Article\",\"@id\":\"https:\/\/infoecos.com.ar\/index.php\/la-pampa-iria-la-justicia-por-eliminacion-del-fondo-compensador-del-transporte-del-interior\/#article\",\"isPartOf\":{\"@id\":\"https:\/\/infoecos.com.ar\/index.php\/la-pampa-iria-la-justicia-por-eliminacion-del-fondo-compensador-del-transporte-del-interior\/\"},\"author\":{\"name\":\"Jorge Matheus\",\"@id\":\"https:\/\/infoecos.com.ar\/#\/schema\/person\/8f5ace5ce73b4b4aac4b7245aee6f191\"},\"headline\":\"La Pampa ir\u00eda la Justicia por eliminaci\u00f3n del Fondo Compensador del Transporte del Interior\",\"datePublished\":\"2024-02-14T05:11:01+00:00\",\"dateModified\":\"2024-02-14T05:11:02+00:00\",\"mainEntityOfPage\":{\"@id\":\"https:\/\/infoecos.com.ar\/index.php\/la-pampa-iria-la-justicia-por-eliminacion-del-fondo-compensador-del-transporte-del-interior\/\"},\"wordCount\":229,\"publisher\":{\"@id\":\"https:\/\/infoecos.com.ar\/#organization\"},\"image\":{\"@id\":\"https:\/\/infoecos.com.ar\/index.php\/la-pampa-iria-la-justicia-por-eliminacion-del-fondo-compensador-del-transporte-del-interior\/#primaryimage\"},\"thumbnailUrl\":\"https:\/\/infoecos.com.ar\/wp-content\/uploads\/santarosa.png\",\"keywords\":[\"Adelanto del diario La Arena\"],\"articleSection\":[\"C1 N2\"],\"inLanguage\":\"es\"},{\"@type\":\"WebPage\",\"@id\":\"https:\/\/infoecos.com.ar\/index.php\/la-pampa-iria-la-justicia-por-eliminacion-del-fondo-compensador-del-transporte-del-interior\/\",\"url\":\"https:\/\/infoecos.com.ar\/index.php\/la-pampa-iria-la-justicia-por-eliminacion-del-fondo-compensador-del-transporte-del-interior\/\",\"name\":\"La Pampa ir\u00eda la Justicia por eliminaci\u00f3n del Fondo Compensador del Transporte del Interior - Infoecos\",\"isPartOf\":{\"@id\":\"https:\/\/infoecos.com.ar\/#website\"},\"primaryImageOfPage\":{\"@id\":\"https:\/\/infoecos.com.ar\/index.php\/la-pampa-iria-la-justicia-por-eliminacion-del-fondo-compensador-del-transporte-del-interior\/#primaryimage\"},\"image\":{\"@id\":\"https:\/\/infoecos.com.ar\/index.php\/la-pampa-iria-la-justicia-por-eliminacion-del-fondo-compensador-del-transporte-del-interior\/#primaryimage\"},\"thumbnailUrl\":\"https:\/\/infoecos.com.ar\/wp-content\/uploads\/santarosa.png\",\"datePublished\":\"2024-02-14T05:11:01+00:00\",\"dateModified\":\"2024-02-14T05:11:02+00:00\",\"breadcrumb\":{\"@id\":\"https:\/\/infoecos.com.ar\/index.php\/la-pampa-iria-la-justicia-por-eliminacion-del-fondo-compensador-del-transporte-del-interior\/#breadcrumb\"},\"inLanguage\":\"es\",\"potentialAction\":[{\"@type\":\"ReadAction\",\"target\":[\"https:\/\/infoecos.com.ar\/index.php\/la-pampa-iria-la-justicia-por-eliminacion-del-fondo-compensador-del-transporte-del-interior\/\"]}]},{\"@type\":\"ImageObject\",\"inLanguage\":\"es\",\"@id\":\"https:\/\/infoecos.com.ar\/index.php\/la-pampa-iria-la-justicia-por-eliminacion-del-fondo-compensador-del-transporte-del-interior\/#primaryimage\",\"url\":\"https:\/\/infoecos.com.ar\/wp-content\/uploads\/santarosa.png\",\"contentUrl\":\"https:\/\/infoecos.com.ar\/wp-content\/uploads\/santarosa.png\",\"width\":800,\"height\":449},{\"@type\":\"BreadcrumbList\",\"@id\":\"https:\/\/infoecos.com.ar\/index.php\/la-pampa-iria-la-justicia-por-eliminacion-del-fondo-compensador-del-transporte-del-interior\/#breadcrumb\",\"itemListElement\":[{\"@type\":\"ListItem\",\"position\":1,\"name\":\"Portada\",\"item\":\"https:\/\/infoecos.com.ar\/\"},{\"@type\":\"ListItem\",\"position\":2,\"name\":\"La Pampa ir\u00eda la Justicia por eliminaci\u00f3n del Fondo Compensador del Transporte del Interior\"}]},{\"@type\":\"WebSite\",\"@id\":\"https:\/\/infoecos.com.ar\/#website\",\"url\":\"https:\/\/infoecos.com.ar\/\",\"name\":\"Infoecos\",\"description\":\"Noticias de trenque lauquen y la zona\",\"publisher\":{\"@id\":\"https:\/\/infoecos.com.ar\/#organization\"},\"alternateName\":\"Noticias\",\"potentialAction\":[{\"@type\":\"SearchAction\",\"target\":{\"@type\":\"EntryPoint\",\"urlTemplate\":\"https:\/\/infoecos.com.ar\/?s={search_term_string}\"},\"query-input\":{\"@type\":\"PropertyValueSpecification\",\"valueRequired\":true,\"valueName\":\"search_term_string\"}}],\"inLanguage\":\"es\"},{\"@type\":\"Organization\",\"@id\":\"https:\/\/infoecos.com.ar\/#organization\",\"name\":\"Infoecos\",\"alternateName\":\"Noticias\",\"url\":\"https:\/\/infoecos.com.ar\/\",\"logo\":{\"@type\":\"ImageObject\",\"inLanguage\":\"es\",\"@id\":\"https:\/\/infoecos.com.ar\/#\/schema\/logo\/image\/\",\"url\":\"https:\/\/infoecos.com.ar\/wp-content\/uploads\/2024\/03\/cropped-logo.png\",\"contentUrl\":\"https:\/\/infoecos.com.ar\/wp-content\/uploads\/2024\/03\/cropped-logo.png\",\"width\":374,\"height\":90,\"caption\":\"Infoecos\"},\"image\":{\"@id\":\"https:\/\/infoecos.com.ar\/#\/schema\/logo\/image\/\"},\"sameAs\":[\"https:\/\/www.facebook.com\/profile.php?id=100063200290284\",\"https:\/\/x.com\/infoecos\"]},{\"@type\":\"Person\",\"@id\":\"https:\/\/infoecos.com.ar\/#\/schema\/person\/8f5ace5ce73b4b4aac4b7245aee6f191\",\"name\":\"Jorge Matheus\",\"url\":\"https:\/\/infoecos.com.ar\/index.php\/author\/jomatheus\/\"}]}<\/script>\n<!-- \/ Yoast SEO plugin. -->","yoast_head_json":{"title":"La Pampa ir\u00eda la Justicia por eliminaci\u00f3n del Fondo Compensador del Transporte del Interior - Infoecos","robots":{"index":"index","follow":"follow","max-snippet":"max-snippet:-1","max-image-preview":"max-image-preview:large","max-video-preview":"max-video-preview:-1"},"canonical":"https:\/\/infoecos.com.ar\/index.php\/la-pampa-iria-la-justicia-por-eliminacion-del-fondo-compensador-del-transporte-del-interior\/","og_locale":"es_ES","og_type":"article","og_title":"La Pampa ir\u00eda la Justicia por eliminaci\u00f3n del Fondo Compensador del Transporte del Interior - Infoecos","og_description":"Ante una consulta del diario La Arena de Santa Rosa, una alta fuente de Casa de Gobierno confirm\u00f3 que la Fiscal\u00eda de Estado ya est\u00e1 estudiando esa posibilidad, del mismo modo que lo est\u00e1n haciendo los organismos similares de otras provincias","og_url":"https:\/\/infoecos.com.ar\/index.php\/la-pampa-iria-la-justicia-por-eliminacion-del-fondo-compensador-del-transporte-del-interior\/","og_site_name":"Infoecos","article_publisher":"https:\/\/www.facebook.com\/profile.php?id=100063200290284","article_published_time":"2024-02-14T05:11:01+00:00","article_modified_time":"2024-02-14T05:11:02+00:00","og_image":[{"width":800,"height":449,"url":"https:\/\/infoecos.com.ar\/wp-content\/uploads\/santarosa.png","type":"image\/png"}],"author":"Jorge Matheus","twitter_card":"summary_large_image","twitter_creator":"@infoecos","twitter_site":"@infoecos","twitter_misc":{"Escrito por":"Jorge Matheus","Tiempo de lectura":"2 minutos"},"schema":{"@context":"https:\/\/schema.org","@graph":[{"@type":"Article","@id":"https:\/\/infoecos.com.ar\/index.php\/la-pampa-iria-la-justicia-por-eliminacion-del-fondo-compensador-del-transporte-del-interior\/#article","isPartOf":{"@id":"https:\/\/infoecos.com.ar\/index.php\/la-pampa-iria-la-justicia-por-eliminacion-del-fondo-compensador-del-transporte-del-interior\/"},"author":{"name":"Jorge Matheus","@id":"https:\/\/infoecos.com.ar\/#\/schema\/person\/8f5ace5ce73b4b4aac4b7245aee6f191"},"headline":"La Pampa ir\u00eda la Justicia por eliminaci\u00f3n del Fondo Compensador del Transporte del Interior","datePublished":"2024-02-14T05:11:01+00:00","dateModified":"2024-02-14T05:11:02+00:00","mainEntityOfPage":{"@id":"https:\/\/infoecos.com.ar\/index.php\/la-pampa-iria-la-justicia-por-eliminacion-del-fondo-compensador-del-transporte-del-interior\/"},"wordCount":229,"publisher":{"@id":"https:\/\/infoecos.com.ar\/#organization"},"image":{"@id":"https:\/\/infoecos.com.ar\/index.php\/la-pampa-iria-la-justicia-por-eliminacion-del-fondo-compensador-del-transporte-del-interior\/#primaryimage"},"thumbnailUrl":"https:\/\/infoecos.com.ar\/wp-content\/uploads\/santarosa.png","keywords":["Adelanto del diario La Arena"],"articleSection":["C1 N2"],"inLanguage":"es"},{"@type":"WebPage","@id":"https:\/\/infoecos.com.ar\/index.php\/la-pampa-iria-la-justicia-por-eliminacion-del-fondo-compensador-del-transporte-del-interior\/","url":"https:\/\/infoecos.com.ar\/index.php\/la-pampa-iria-la-justicia-por-eliminacion-del-fondo-compensador-del-transporte-del-interior\/","name":"La Pampa ir\u00eda la Justicia por eliminaci\u00f3n del Fondo Compensador del Transporte del Interior - Infoecos","isPartOf":{"@id":"https:\/\/infoecos.com.ar\/#website"},"primaryImageOfPage":{"@id":"https:\/\/infoecos.com.ar\/index.php\/la-pampa-iria-la-justicia-por-eliminacion-del-fondo-compensador-del-transporte-del-interior\/#primaryimage"},"image":{"@id":"https:\/\/infoecos.com.ar\/index.php\/la-pampa-iria-la-justicia-por-eliminacion-del-fondo-compensador-del-transporte-del-interior\/#primaryimage"},"thumbnailUrl":"https:\/\/infoecos.com.ar\/wp-content\/uploads\/santarosa.png","datePublished":"2024-02-14T05:11:01+00:00","dateModified":"2024-02-14T05:11:02+00:00","breadcrumb":{"@id":"https:\/\/infoecos.com.ar\/index.php\/la-pampa-iria-la-justicia-por-eliminacion-del-fondo-compensador-del-transporte-del-interior\/#breadcrumb"},"inLanguage":"es","potentialAction":[{"@type":"ReadAction","target":["https:\/\/infoecos.com.ar\/index.php\/la-pampa-iria-la-justicia-por-eliminacion-del-fondo-compensador-del-transporte-del-interior\/"]}]},{"@type":"ImageObject","inLanguage":"es","@id":"https:\/\/infoecos.com.ar\/index.php\/la-pampa-iria-la-justicia-por-eliminacion-del-fondo-compensador-del-transporte-del-interior\/#primaryimage","url":"https:\/\/infoecos.com.ar\/wp-content\/uploads\/santarosa.png","contentUrl":"https:\/\/infoecos.com.ar\/wp-content\/uploads\/santarosa.png","width":800,"height":449},{"@type":"BreadcrumbList","@id":"https:\/\/infoecos.com.ar\/index.php\/la-pampa-iria-la-justicia-por-eliminacion-del-fondo-compensador-del-transporte-del-interior\/#breadcrumb","itemListElement":[{"@type":"ListItem","position":1,"name":"Portada","item":"https:\/\/infoecos.com.ar\/"},{"@type":"ListItem","position":2,"name":"La Pampa ir\u00eda la Justicia por eliminaci\u00f3n del Fondo Compensador del Transporte del Interior"}]},{"@type":"WebSite","@id":"https:\/\/infoecos.com.ar\/#website","url":"https:\/\/infoecos.com.ar\/","name":"Infoecos","description":"Noticias de trenque lauquen y la zona","publisher":{"@id":"https:\/\/infoecos.com.ar\/#organization"},"alternateName":"Noticias","potentialAction":[{"@type":"SearchAction","target":{"@type":"EntryPoint","urlTemplate":"https:\/\/infoecos.com.ar\/?s={search_term_string}"},"query-input":{"@type":"PropertyValueSpecification","valueRequired":true,"valueName":"search_term_string"}}],"inLanguage":"es"},{"@type":"Organization","@id":"https:\/\/infoecos.com.ar\/#organization","name":"Infoecos","alternateName":"Noticias","url":"https:\/\/infoecos.com.ar\/","logo":{"@type":"ImageObject","inLanguage":"es","@id":"https:\/\/infoecos.com.ar\/#\/schema\/logo\/image\/","url":"https:\/\/infoecos.com.ar\/wp-content\/uploads\/2024\/03\/cropped-logo.png","contentUrl":"https:\/\/infoecos.com.ar\/wp-content\/uploads\/2024\/03\/cropped-logo.png","width":374,"height":90,"caption":"Infoecos"},"image":{"@id":"https:\/\/infoecos.com.ar\/#\/schema\/logo\/image\/"},"sameAs":["https:\/\/www.facebook.com\/profile.php?id=100063200290284","https:\/\/x.com\/infoecos"]},{"@type":"Person","@id":"https:\/\/infoecos.com.ar\/#\/schema\/person\/8f5ace5ce73b4b4aac4b7245aee6f191","name":"Jorge Matheus","url":"https:\/\/infoecos.com.ar\/index.php\/author\/jomatheus\/"}]}},"featured_image_urls":{"full":["https:\/\/infoecos.com.ar\/wp-content\/uploads\/santarosa.png",800,449,false],"thumbnail":["https:\/\/infoecos.com.ar\/wp-content\/uploads\/santarosa-150x150.png",150,150,true],"medium":["https:\/\/infoecos.com.ar\/wp-content\/uploads\/santarosa-460x258.png",460,258,true],"medium_large":["https:\/\/infoecos.com.ar\/wp-content\/uploads\/santarosa-768x431.png",640,359,true],"large":["https:\/\/infoecos.com.ar\/wp-content\/uploads\/santarosa.png",640,359,false],"1536x1536":["https:\/\/infoecos.com.ar\/wp-content\/uploads\/santarosa.png",800,449,false],"2048x2048":["https:\/\/infoecos.com.ar\/wp-content\/uploads\/santarosa.png",800,449,false],"covernews-slider-full":["https:\/\/infoecos.com.ar\/wp-content\/uploads\/santarosa.png",800,449,false],"covernews-slider-center":["https:\/\/infoecos.com.ar\/wp-content\/uploads\/santarosa.png",800,449,false],"covernews-featured":["https:\/\/infoecos.com.ar\/wp-content\/uploads\/santarosa.png",800,449,false],"covernews-medium":["https:\/\/infoecos.com.ar\/wp-content\/uploads\/santarosa-720x380.png",540,285,true],"covernews-medium-square":["https:\/\/infoecos.com.ar\/wp-content\/uploads\/santarosa-675x449.png",376,250,true]},"author_info":{"info":["Jorge Matheus"]},"category_info":"<a href=\"https:\/\/infoecos.com.ar\/index.php\/category\/c1nota2\/\" rel=\"category tag\">C1 N2<\/a>","tag_info":"C1 N2","comment_count":"0","_links":{"self":[{"href":"https:\/\/infoecos.com.ar\/index.php\/wp-json\/wp\/v2\/posts\/118933"}],"collection":[{"href":"https:\/\/infoecos.com.ar\/index.php\/wp-json\/wp\/v2\/posts"}],"about":[{"href":"https:\/\/infoecos.com.ar\/index.php\/wp-json\/wp\/v2\/types\/post"}],"author":[{"embeddable":true,"href":"https:\/\/infoecos.com.ar\/index.php\/wp-json\/wp\/v2\/users\/2"}],"replies":[{"embeddable":true,"href":"https:\/\/infoecos.com.ar\/index.php\/wp-json\/wp\/v2\/comments?post=118933"}],"version-history":[{"count":1,"href":"https:\/\/infoecos.com.ar\/index.php\/wp-json\/wp\/v2\/posts\/118933\/revisions"}],"predecessor-version":[{"id":118938,"href":"https:\/\/infoecos.com.ar\/index.php\/wp-json\/wp\/v2\/posts\/118933\/revisions\/118938"}],"wp:featuredmedia":[{"embeddable":true,"href":"https:\/\/infoecos.com.ar\/index.php\/wp-json\/wp\/v2\/media\/64590"}],"wp:attachment":[{"href":"https:\/\/infoecos.com.ar\/index.php\/wp-json\/wp\/v2\/media?parent=118933"}],"wp:term":[{"taxonomy":"category","embeddable":true,"href":"https:\/\/infoecos.com.ar\/index.php\/wp-json\/wp\/v2\/categories?post=118933"},{"taxonomy":"post_tag","embeddable":true,"href":"https:\/\/infoecos.com.ar\/index.php\/wp-json\/wp\/v2\/tags?post=118933"}],"curies":[{"name":"wp","href":"https:\/\/api.w.org\/{rel}","templated":true}]}}