{"id":118946,"date":"2024-02-14T02:32:28","date_gmt":"2024-02-14T05:32:28","guid":{"rendered":"https:\/\/infoecos.com.ar\/?p=118946"},"modified":"2024-02-14T02:34:30","modified_gmt":"2024-02-14T05:34:30","slug":"el-gobierno-de-milei-y-otro-apriete-a-la-educacion-tampoco-giro-fondos-para-comedores","status":"publish","type":"post","link":"https:\/\/infoecos.com.ar\/index.php\/el-gobierno-de-milei-y-otro-apriete-a-la-educacion-tampoco-giro-fondos-para-comedores\/","title":{"rendered":"El gobierno de Milei y otro apriete a la educaci\u00f3n: tampoco gir\u00f3 fondos para comedores"},"content":{"rendered":"\n<figure class=\"wp-block-image alignright size-full is-resized\"><img loading=\"lazy\" decoding=\"async\" src=\"https:\/\/infoecos.com.ar\/wp-content\/uploads\/2024\/02\/image-201.png\" alt=\"\" class=\"wp-image-118947\" width=\"336\" height=\"181\" srcset=\"https:\/\/infoecos.com.ar\/wp-content\/uploads\/2024\/02\/image-201.png 800w, https:\/\/infoecos.com.ar\/wp-content\/uploads\/2024\/02\/image-201-768x415.png 768w\" sizes=\"(max-width: 336px) 100vw, 336px\" \/><figcaption class=\"wp-element-caption\">Sonia Alesso<\/figcaption><\/figure>\n\n\n\n<p>La secretaria general de la Ctera, Sonia Alesso, se\u00f1al\u00f3 que el gobierno de Javier Milei tampoco gir\u00f3 fondos correspondientes a comedores&nbsp;y advirti\u00f3 que \u201cse va a definir si se van a iniciar o no las clases en funci\u00f3n de lo que pase\u201d en las pr\u00f3ximas semanas.<\/p>\n\n\n\n<p>La sindicalista se refiri\u00f3 ha las negociaciones con el Gobierno nacional y a la decisi\u00f3n de la gesti\u00f3n de Milei de no girar fondos a las provincias vinculados al sector educativo.<\/p>\n\n\n\n<p>\u201cEl Gobierno tiene la responsabilidad no solo de convocar a paritarias, sino adem\u00e1s de enviar los fondos que no envi\u00f3 respectivos al Fonid y al Fondo Compensador\u201d, se\u00f1al\u00f3 Alesso este martes en di\u00e1logo con El Destape Radio.<\/p>\n\n\n\n<p>La titular de la Ctera (confederaci\u00f3n que nuclea al Suteba) advirti\u00f3 que se trata de fondos \u201cque est\u00e1n en el presupuesto por ley, por lo cual el Gobierno no puede discrecionalmente no enviarlos\u201d, mientras que alert\u00f3 sobre otras sumas que&nbsp;Naci\u00f3n no gir\u00f3 como \u201cel refuerzo nutricional para comedores y copas de leche\u201d en un contexto en el que \u201ctenemos un mont\u00f3n de pibes que no comen\u201d.<\/p>\n","protected":false},"excerpt":{"rendered":"<p>La secretaria general de la Ctera se refiri\u00f3 ha las negociaciones con el Gobierno nacional y a la decisi\u00f3n de la gesti\u00f3n de Milei de no girar fondos a las provincias vinculados al sector educativo<\/p>\n","protected":false},"author":2,"featured_media":118947,"comment_status":"closed","ping_status":"open","sticky":false,"template":"","format":"standard","meta":{"footnotes":""},"categories":[47],"tags":[10071],"class_list":["post-118946","post","type-post","status-publish","format-standard","has-post-thumbnail","hentry","category-c3nota2","tag-declaraciones-de-sonia-alesso"],"yoast_head":"<!-- This site is optimized with the Yoast SEO plugin v23.4 - https:\/\/yoast.com\/wordpress\/plugins\/seo\/ -->\n<title>El gobierno de Milei y otro apriete a la educaci\u00f3n: tampoco gir\u00f3 fondos para comedores - Infoecos<\/title>\n<meta name=\"robots\" content=\"index, follow, max-snippet:-1, max-image-preview:large, max-video-preview:-1\" \/>\n<link rel=\"canonical\" href=\"https:\/\/infoecos.com.ar\/index.php\/el-gobierno-de-milei-y-otro-apriete-a-la-educacion-tampoco-giro-fondos-para-comedores\/\" \/>\n<meta property=\"og:locale\" content=\"es_ES\" \/>\n<meta property=\"og:type\" content=\"article\" \/>\n<meta property=\"og:title\" content=\"El gobierno de Milei y otro apriete a la educaci\u00f3n: tampoco gir\u00f3 fondos para comedores - Infoecos\" \/>\n<meta property=\"og:description\" content=\"La secretaria general de la Ctera se refiri\u00f3 ha las negociaciones con el Gobierno nacional y a la decisi\u00f3n de la gesti\u00f3n de Milei de no girar fondos a las provincias vinculados al sector educativo\" \/>\n<meta property=\"og:url\" content=\"https:\/\/infoecos.com.ar\/index.php\/el-gobierno-de-milei-y-otro-apriete-a-la-educacion-tampoco-giro-fondos-para-comedores\/\" \/>\n<meta property=\"og:site_name\" content=\"Infoecos\" \/>\n<meta property=\"article:publisher\" content=\"https:\/\/www.facebook.com\/profile.php?id=100063200290284\" \/>\n<meta property=\"article:published_time\" content=\"2024-02-14T05:32:28+00:00\" \/>\n<meta property=\"article:modified_time\" content=\"2024-02-14T05:34:30+00:00\" \/>\n<meta property=\"og:image\" content=\"https:\/\/infoecos.com.ar\/wp-content\/uploads\/2024\/02\/image-201.png\" \/>\n\t<meta property=\"og:image:width\" content=\"800\" \/>\n\t<meta property=\"og:image:height\" content=\"432\" \/>\n\t<meta property=\"og:image:type\" content=\"image\/png\" \/>\n<meta name=\"author\" content=\"Jorge Matheus\" \/>\n<meta name=\"twitter:card\" content=\"summary_large_image\" \/>\n<meta name=\"twitter:creator\" content=\"@infoecos\" \/>\n<meta name=\"twitter:site\" content=\"@infoecos\" \/>\n<meta name=\"twitter:label1\" content=\"Escrito por\" \/>\n\t<meta name=\"twitter:data1\" content=\"Jorge Matheus\" \/>\n\t<meta name=\"twitter:label2\" content=\"Tiempo de lectura\" \/>\n\t<meta name=\"twitter:data2\" content=\"2 minutos\" \/>\n<script type=\"application\/ld+json\" class=\"yoast-schema-graph\">{\"@context\":\"https:\/\/schema.org\",\"@graph\":[{\"@type\":\"Article\",\"@id\":\"https:\/\/infoecos.com.ar\/index.php\/el-gobierno-de-milei-y-otro-apriete-a-la-educacion-tampoco-giro-fondos-para-comedores\/#article\",\"isPartOf\":{\"@id\":\"https:\/\/infoecos.com.ar\/index.php\/el-gobierno-de-milei-y-otro-apriete-a-la-educacion-tampoco-giro-fondos-para-comedores\/\"},\"author\":{\"name\":\"Jorge Matheus\",\"@id\":\"https:\/\/infoecos.com.ar\/#\/schema\/person\/8f5ace5ce73b4b4aac4b7245aee6f191\"},\"headline\":\"El gobierno de Milei y otro apriete a la educaci\u00f3n: tampoco gir\u00f3 fondos para comedores\",\"datePublished\":\"2024-02-14T05:32:28+00:00\",\"dateModified\":\"2024-02-14T05:34:30+00:00\",\"mainEntityOfPage\":{\"@id\":\"https:\/\/infoecos.com.ar\/index.php\/el-gobierno-de-milei-y-otro-apriete-a-la-educacion-tampoco-giro-fondos-para-comedores\/\"},\"wordCount\":214,\"publisher\":{\"@id\":\"https:\/\/infoecos.com.ar\/#organization\"},\"image\":{\"@id\":\"https:\/\/infoecos.com.ar\/index.php\/el-gobierno-de-milei-y-otro-apriete-a-la-educacion-tampoco-giro-fondos-para-comedores\/#primaryimage\"},\"thumbnailUrl\":\"https:\/\/infoecos.com.ar\/wp-content\/uploads\/2024\/02\/image-201.png\",\"keywords\":[\"declaraciones de Sonia Alesso\"],\"articleSection\":[\"C3 N2\"],\"inLanguage\":\"es\"},{\"@type\":\"WebPage\",\"@id\":\"https:\/\/infoecos.com.ar\/index.php\/el-gobierno-de-milei-y-otro-apriete-a-la-educacion-tampoco-giro-fondos-para-comedores\/\",\"url\":\"https:\/\/infoecos.com.ar\/index.php\/el-gobierno-de-milei-y-otro-apriete-a-la-educacion-tampoco-giro-fondos-para-comedores\/\",\"name\":\"El gobierno de Milei y otro apriete a la educaci\u00f3n: tampoco gir\u00f3 fondos para comedores - Infoecos\",\"isPartOf\":{\"@id\":\"https:\/\/infoecos.com.ar\/#website\"},\"primaryImageOfPage\":{\"@id\":\"https:\/\/infoecos.com.ar\/index.php\/el-gobierno-de-milei-y-otro-apriete-a-la-educacion-tampoco-giro-fondos-para-comedores\/#primaryimage\"},\"image\":{\"@id\":\"https:\/\/infoecos.com.ar\/index.php\/el-gobierno-de-milei-y-otro-apriete-a-la-educacion-tampoco-giro-fondos-para-comedores\/#primaryimage\"},\"thumbnailUrl\":\"https:\/\/infoecos.com.ar\/wp-content\/uploads\/2024\/02\/image-201.png\",\"datePublished\":\"2024-02-14T05:32:28+00:00\",\"dateModified\":\"2024-02-14T05:34:30+00:00\",\"breadcrumb\":{\"@id\":\"https:\/\/infoecos.com.ar\/index.php\/el-gobierno-de-milei-y-otro-apriete-a-la-educacion-tampoco-giro-fondos-para-comedores\/#breadcrumb\"},\"inLanguage\":\"es\",\"potentialAction\":[{\"@type\":\"ReadAction\",\"target\":[\"https:\/\/infoecos.com.ar\/index.php\/el-gobierno-de-milei-y-otro-apriete-a-la-educacion-tampoco-giro-fondos-para-comedores\/\"]}]},{\"@type\":\"ImageObject\",\"inLanguage\":\"es\",\"@id\":\"https:\/\/infoecos.com.ar\/index.php\/el-gobierno-de-milei-y-otro-apriete-a-la-educacion-tampoco-giro-fondos-para-comedores\/#primaryimage\",\"url\":\"https:\/\/infoecos.com.ar\/wp-content\/uploads\/2024\/02\/image-201.png\",\"contentUrl\":\"https:\/\/infoecos.com.ar\/wp-content\/uploads\/2024\/02\/image-201.png\",\"width\":800,\"height\":432},{\"@type\":\"BreadcrumbList\",\"@id\":\"https:\/\/infoecos.com.ar\/index.php\/el-gobierno-de-milei-y-otro-apriete-a-la-educacion-tampoco-giro-fondos-para-comedores\/#breadcrumb\",\"itemListElement\":[{\"@type\":\"ListItem\",\"position\":1,\"name\":\"Portada\",\"item\":\"https:\/\/infoecos.com.ar\/\"},{\"@type\":\"ListItem\",\"position\":2,\"name\":\"El gobierno de Milei y otro apriete a la educaci\u00f3n: tampoco gir\u00f3 fondos para comedores\"}]},{\"@type\":\"WebSite\",\"@id\":\"https:\/\/infoecos.com.ar\/#website\",\"url\":\"https:\/\/infoecos.com.ar\/\",\"name\":\"Infoecos\",\"description\":\"Noticias de trenque lauquen y la zona\",\"publisher\":{\"@id\":\"https:\/\/infoecos.com.ar\/#organization\"},\"alternateName\":\"Noticias\",\"potentialAction\":[{\"@type\":\"SearchAction\",\"target\":{\"@type\":\"EntryPoint\",\"urlTemplate\":\"https:\/\/infoecos.com.ar\/?s={search_term_string}\"},\"query-input\":{\"@type\":\"PropertyValueSpecification\",\"valueRequired\":true,\"valueName\":\"search_term_string\"}}],\"inLanguage\":\"es\"},{\"@type\":\"Organization\",\"@id\":\"https:\/\/infoecos.com.ar\/#organization\",\"name\":\"Infoecos\",\"alternateName\":\"Noticias\",\"url\":\"https:\/\/infoecos.com.ar\/\",\"logo\":{\"@type\":\"ImageObject\",\"inLanguage\":\"es\",\"@id\":\"https:\/\/infoecos.com.ar\/#\/schema\/logo\/image\/\",\"url\":\"https:\/\/infoecos.com.ar\/wp-content\/uploads\/2024\/03\/cropped-logo.png\",\"contentUrl\":\"https:\/\/infoecos.com.ar\/wp-content\/uploads\/2024\/03\/cropped-logo.png\",\"width\":374,\"height\":90,\"caption\":\"Infoecos\"},\"image\":{\"@id\":\"https:\/\/infoecos.com.ar\/#\/schema\/logo\/image\/\"},\"sameAs\":[\"https:\/\/www.facebook.com\/profile.php?id=100063200290284\",\"https:\/\/x.com\/infoecos\"]},{\"@type\":\"Person\",\"@id\":\"https:\/\/infoecos.com.ar\/#\/schema\/person\/8f5ace5ce73b4b4aac4b7245aee6f191\",\"name\":\"Jorge Matheus\",\"url\":\"https:\/\/infoecos.com.ar\/index.php\/author\/jomatheus\/\"}]}<\/script>\n<!-- \/ Yoast SEO plugin. -->","yoast_head_json":{"title":"El gobierno de Milei y otro apriete a la educaci\u00f3n: tampoco gir\u00f3 fondos para comedores - Infoecos","robots":{"index":"index","follow":"follow","max-snippet":"max-snippet:-1","max-image-preview":"max-image-preview:large","max-video-preview":"max-video-preview:-1"},"canonical":"https:\/\/infoecos.com.ar\/index.php\/el-gobierno-de-milei-y-otro-apriete-a-la-educacion-tampoco-giro-fondos-para-comedores\/","og_locale":"es_ES","og_type":"article","og_title":"El gobierno de Milei y otro apriete a la educaci\u00f3n: tampoco gir\u00f3 fondos para comedores - Infoecos","og_description":"La secretaria general de la Ctera se refiri\u00f3 ha las negociaciones con el Gobierno nacional y a la decisi\u00f3n de la gesti\u00f3n de Milei de no girar fondos a las provincias vinculados al sector educativo","og_url":"https:\/\/infoecos.com.ar\/index.php\/el-gobierno-de-milei-y-otro-apriete-a-la-educacion-tampoco-giro-fondos-para-comedores\/","og_site_name":"Infoecos","article_publisher":"https:\/\/www.facebook.com\/profile.php?id=100063200290284","article_published_time":"2024-02-14T05:32:28+00:00","article_modified_time":"2024-02-14T05:34:30+00:00","og_image":[{"width":800,"height":432,"url":"https:\/\/infoecos.com.ar\/wp-content\/uploads\/2024\/02\/image-201.png","type":"image\/png"}],"author":"Jorge Matheus","twitter_card":"summary_large_image","twitter_creator":"@infoecos","twitter_site":"@infoecos","twitter_misc":{"Escrito por":"Jorge Matheus","Tiempo de lectura":"2 minutos"},"schema":{"@context":"https:\/\/schema.org","@graph":[{"@type":"Article","@id":"https:\/\/infoecos.com.ar\/index.php\/el-gobierno-de-milei-y-otro-apriete-a-la-educacion-tampoco-giro-fondos-para-comedores\/#article","isPartOf":{"@id":"https:\/\/infoecos.com.ar\/index.php\/el-gobierno-de-milei-y-otro-apriete-a-la-educacion-tampoco-giro-fondos-para-comedores\/"},"author":{"name":"Jorge Matheus","@id":"https:\/\/infoecos.com.ar\/#\/schema\/person\/8f5ace5ce73b4b4aac4b7245aee6f191"},"headline":"El gobierno de Milei y otro apriete a la educaci\u00f3n: tampoco gir\u00f3 fondos para comedores","datePublished":"2024-02-14T05:32:28+00:00","dateModified":"2024-02-14T05:34:30+00:00","mainEntityOfPage":{"@id":"https:\/\/infoecos.com.ar\/index.php\/el-gobierno-de-milei-y-otro-apriete-a-la-educacion-tampoco-giro-fondos-para-comedores\/"},"wordCount":214,"publisher":{"@id":"https:\/\/infoecos.com.ar\/#organization"},"image":{"@id":"https:\/\/infoecos.com.ar\/index.php\/el-gobierno-de-milei-y-otro-apriete-a-la-educacion-tampoco-giro-fondos-para-comedores\/#primaryimage"},"thumbnailUrl":"https:\/\/infoecos.com.ar\/wp-content\/uploads\/2024\/02\/image-201.png","keywords":["declaraciones de Sonia Alesso"],"articleSection":["C3 N2"],"inLanguage":"es"},{"@type":"WebPage","@id":"https:\/\/infoecos.com.ar\/index.php\/el-gobierno-de-milei-y-otro-apriete-a-la-educacion-tampoco-giro-fondos-para-comedores\/","url":"https:\/\/infoecos.com.ar\/index.php\/el-gobierno-de-milei-y-otro-apriete-a-la-educacion-tampoco-giro-fondos-para-comedores\/","name":"El gobierno de Milei y otro apriete a la educaci\u00f3n: tampoco gir\u00f3 fondos para comedores - Infoecos","isPartOf":{"@id":"https:\/\/infoecos.com.ar\/#website"},"primaryImageOfPage":{"@id":"https:\/\/infoecos.com.ar\/index.php\/el-gobierno-de-milei-y-otro-apriete-a-la-educacion-tampoco-giro-fondos-para-comedores\/#primaryimage"},"image":{"@id":"https:\/\/infoecos.com.ar\/index.php\/el-gobierno-de-milei-y-otro-apriete-a-la-educacion-tampoco-giro-fondos-para-comedores\/#primaryimage"},"thumbnailUrl":"https:\/\/infoecos.com.ar\/wp-content\/uploads\/2024\/02\/image-201.png","datePublished":"2024-02-14T05:32:28+00:00","dateModified":"2024-02-14T05:34:30+00:00","breadcrumb":{"@id":"https:\/\/infoecos.com.ar\/index.php\/el-gobierno-de-milei-y-otro-apriete-a-la-educacion-tampoco-giro-fondos-para-comedores\/#breadcrumb"},"inLanguage":"es","potentialAction":[{"@type":"ReadAction","target":["https:\/\/infoecos.com.ar\/index.php\/el-gobierno-de-milei-y-otro-apriete-a-la-educacion-tampoco-giro-fondos-para-comedores\/"]}]},{"@type":"ImageObject","inLanguage":"es","@id":"https:\/\/infoecos.com.ar\/index.php\/el-gobierno-de-milei-y-otro-apriete-a-la-educacion-tampoco-giro-fondos-para-comedores\/#primaryimage","url":"https:\/\/infoecos.com.ar\/wp-content\/uploads\/2024\/02\/image-201.png","contentUrl":"https:\/\/infoecos.com.ar\/wp-content\/uploads\/2024\/02\/image-201.png","width":800,"height":432},{"@type":"BreadcrumbList","@id":"https:\/\/infoecos.com.ar\/index.php\/el-gobierno-de-milei-y-otro-apriete-a-la-educacion-tampoco-giro-fondos-para-comedores\/#breadcrumb","itemListElement":[{"@type":"ListItem","position":1,"name":"Portada","item":"https:\/\/infoecos.com.ar\/"},{"@type":"ListItem","position":2,"name":"El gobierno de Milei y otro apriete a la educaci\u00f3n: tampoco gir\u00f3 fondos para comedores"}]},{"@type":"WebSite","@id":"https:\/\/infoecos.com.ar\/#website","url":"https:\/\/infoecos.com.ar\/","name":"Infoecos","description":"Noticias de trenque lauquen y la zona","publisher":{"@id":"https:\/\/infoecos.com.ar\/#organization"},"alternateName":"Noticias","potentialAction":[{"@type":"SearchAction","target":{"@type":"EntryPoint","urlTemplate":"https:\/\/infoecos.com.ar\/?s={search_term_string}"},"query-input":{"@type":"PropertyValueSpecification","valueRequired":true,"valueName":"search_term_string"}}],"inLanguage":"es"},{"@type":"Organization","@id":"https:\/\/infoecos.com.ar\/#organization","name":"Infoecos","alternateName":"Noticias","url":"https:\/\/infoecos.com.ar\/","logo":{"@type":"ImageObject","inLanguage":"es","@id":"https:\/\/infoecos.com.ar\/#\/schema\/logo\/image\/","url":"https:\/\/infoecos.com.ar\/wp-content\/uploads\/2024\/03\/cropped-logo.png","contentUrl":"https:\/\/infoecos.com.ar\/wp-content\/uploads\/2024\/03\/cropped-logo.png","width":374,"height":90,"caption":"Infoecos"},"image":{"@id":"https:\/\/infoecos.com.ar\/#\/schema\/logo\/image\/"},"sameAs":["https:\/\/www.facebook.com\/profile.php?id=100063200290284","https:\/\/x.com\/infoecos"]},{"@type":"Person","@id":"https:\/\/infoecos.com.ar\/#\/schema\/person\/8f5ace5ce73b4b4aac4b7245aee6f191","name":"Jorge Matheus","url":"https:\/\/infoecos.com.ar\/index.php\/author\/jomatheus\/"}]}},"featured_image_urls":{"full":["https:\/\/infoecos.com.ar\/wp-content\/uploads\/2024\/02\/image-201.png",800,432,false],"thumbnail":["https:\/\/infoecos.com.ar\/wp-content\/uploads\/2024\/02\/image-201-300x150.png",300,150,true],"medium":["https:\/\/infoecos.com.ar\/wp-content\/uploads\/2024\/02\/image-201.png",800,432,false],"medium_large":["https:\/\/infoecos.com.ar\/wp-content\/uploads\/2024\/02\/image-201-768x415.png",640,346,true],"large":["https:\/\/infoecos.com.ar\/wp-content\/uploads\/2024\/02\/image-201.png",640,346,false],"1536x1536":["https:\/\/infoecos.com.ar\/wp-content\/uploads\/2024\/02\/image-201.png",800,432,false],"2048x2048":["https:\/\/infoecos.com.ar\/wp-content\/uploads\/2024\/02\/image-201.png",800,432,false],"covernews-slider-full":["https:\/\/infoecos.com.ar\/wp-content\/uploads\/2024\/02\/image-201.png",800,432,false],"covernews-slider-center":["https:\/\/infoecos.com.ar\/wp-content\/uploads\/2024\/02\/image-201.png",800,432,false],"covernews-featured":["https:\/\/infoecos.com.ar\/wp-content\/uploads\/2024\/02\/image-201.png",800,432,false],"covernews-medium":["https:\/\/infoecos.com.ar\/wp-content\/uploads\/2024\/02\/image-201-720x380.png",540,285,true],"covernews-medium-square":["https:\/\/infoecos.com.ar\/wp-content\/uploads\/2024\/02\/image-201-675x432.png",391,250,true]},"author_info":{"info":["Jorge Matheus"]},"category_info":"<a href=\"https:\/\/infoecos.com.ar\/index.php\/category\/c3nota2\/\" rel=\"category tag\">C3 N2<\/a>","tag_info":"C3 N2","comment_count":"0","_links":{"self":[{"href":"https:\/\/infoecos.com.ar\/index.php\/wp-json\/wp\/v2\/posts\/118946"}],"collection":[{"href":"https:\/\/infoecos.com.ar\/index.php\/wp-json\/wp\/v2\/posts"}],"about":[{"href":"https:\/\/infoecos.com.ar\/index.php\/wp-json\/wp\/v2\/types\/post"}],"author":[{"embeddable":true,"href":"https:\/\/infoecos.com.ar\/index.php\/wp-json\/wp\/v2\/users\/2"}],"replies":[{"embeddable":true,"href":"https:\/\/infoecos.com.ar\/index.php\/wp-json\/wp\/v2\/comments?post=118946"}],"version-history":[{"count":2,"href":"https:\/\/infoecos.com.ar\/index.php\/wp-json\/wp\/v2\/posts\/118946\/revisions"}],"predecessor-version":[{"id":118949,"href":"https:\/\/infoecos.com.ar\/index.php\/wp-json\/wp\/v2\/posts\/118946\/revisions\/118949"}],"wp:featuredmedia":[{"embeddable":true,"href":"https:\/\/infoecos.com.ar\/index.php\/wp-json\/wp\/v2\/media\/118947"}],"wp:attachment":[{"href":"https:\/\/infoecos.com.ar\/index.php\/wp-json\/wp\/v2\/media?parent=118946"}],"wp:term":[{"taxonomy":"category","embeddable":true,"href":"https:\/\/infoecos.com.ar\/index.php\/wp-json\/wp\/v2\/categories?post=118946"},{"taxonomy":"post_tag","embeddable":true,"href":"https:\/\/infoecos.com.ar\/index.php\/wp-json\/wp\/v2\/tags?post=118946"}],"curies":[{"name":"wp","href":"https:\/\/api.w.org\/{rel}","templated":true}]}}