{"id":119142,"date":"2024-02-16T02:03:40","date_gmt":"2024-02-16T05:03:40","guid":{"rendered":"https:\/\/infoecos.com.ar\/?p=119142"},"modified":"2024-02-18T11:40:58","modified_gmt":"2024-02-18T14:40:58","slug":"en-la-provincia-de-buenos-aires-se-notificaron-42-casos-de-encefalitis-equina","status":"publish","type":"post","link":"https:\/\/infoecos.com.ar\/index.php\/en-la-provincia-de-buenos-aires-se-notificaron-42-casos-de-encefalitis-equina\/","title":{"rendered":"En la provincia de Buenos Aires se notificaron 42 casos de Encefalitis Equina"},"content":{"rendered":"\n<p>La provincia de Buenos Aires ya confirm\u00f3 42 casos de Encefalitis Equina del Oeste (EEO) distribuidos en 30 municipios en los \u00faltimos meses, seg\u00fan inform\u00f3 el Ministerio de Salud bonaerense en su \u00faltimo bolet\u00edn epidemiol\u00f3gico.<\/p>\n\n\n\n<figure class=\"wp-block-image alignright size-full is-resized\"><img loading=\"lazy\" decoding=\"async\" src=\"https:\/\/infoecos.com.ar\/wp-content\/uploads\/2023\/08\/unnamed.jpg\" alt=\"\" class=\"wp-image-110365\" width=\"379\" height=\"217\" srcset=\"https:\/\/infoecos.com.ar\/wp-content\/uploads\/2023\/08\/unnamed.jpg 780w, https:\/\/infoecos.com.ar\/wp-content\/uploads\/2023\/08\/unnamed-768x439.jpg 768w\" sizes=\"(max-width: 379px) 100vw, 379px\" \/><\/figure>\n\n\n\n<p>La cartera sanitaria provincial public\u00f3 en las \u00faltimas horas un nuevo bolet\u00edn epidemiol\u00f3gico (el correspondiente a la semana que fue del 28 de enero al 3 de febrero). All\u00ed, detall\u00f3 que en la provincia de Buenos Aires se notificaron desde fines de 2023 \u201c176 casos sospechosos de EEO, de los cuales se confirmaron 42 casos y 15 fueron probables\u201d.<\/p>\n\n\n\n<p>De los casos positivos \u201c17 se encuentran internados actualmente, 3 casos fallecieron y los restantes fueron dados de alta\u201d. Las v\u00edctimas fatales se registraron en los distritos de La Plata, Exaltaci\u00f3n de la Cruz y General Viamonte.<\/p>\n","protected":false},"excerpt":{"rendered":"<p>La cartera sanitaria provincial public\u00f3 en las \u00faltimas horas un nuevo bolet\u00edn epidemiol\u00f3gico<\/p>\n","protected":false},"author":2,"featured_media":110365,"comment_status":"closed","ping_status":"open","sticky":false,"template":"","format":"standard","meta":{"footnotes":""},"categories":[41],"tags":[3724],"class_list":["post-119142","post","type-post","status-publish","format-standard","has-post-thumbnail","hentry","category-inferior2","tag-ministerio-de-salud"],"yoast_head":"<!-- This site is optimized with the Yoast SEO plugin v23.4 - https:\/\/yoast.com\/wordpress\/plugins\/seo\/ -->\n<title>En la provincia de Buenos Aires se notificaron 42 casos de Encefalitis Equina - Infoecos<\/title>\n<meta name=\"robots\" content=\"index, follow, max-snippet:-1, max-image-preview:large, max-video-preview:-1\" \/>\n<link rel=\"canonical\" href=\"https:\/\/infoecos.com.ar\/index.php\/en-la-provincia-de-buenos-aires-se-notificaron-42-casos-de-encefalitis-equina\/\" \/>\n<meta property=\"og:locale\" content=\"es_ES\" \/>\n<meta property=\"og:type\" content=\"article\" \/>\n<meta property=\"og:title\" content=\"En la provincia de Buenos Aires se notificaron 42 casos de Encefalitis Equina - Infoecos\" \/>\n<meta property=\"og:description\" content=\"La cartera sanitaria provincial public\u00f3 en las \u00faltimas horas un nuevo bolet\u00edn epidemiol\u00f3gico\" \/>\n<meta property=\"og:url\" content=\"https:\/\/infoecos.com.ar\/index.php\/en-la-provincia-de-buenos-aires-se-notificaron-42-casos-de-encefalitis-equina\/\" \/>\n<meta property=\"og:site_name\" content=\"Infoecos\" \/>\n<meta property=\"article:publisher\" content=\"https:\/\/www.facebook.com\/profile.php?id=100063200290284\" \/>\n<meta property=\"article:published_time\" content=\"2024-02-16T05:03:40+00:00\" \/>\n<meta property=\"article:modified_time\" content=\"2024-02-18T14:40:58+00:00\" \/>\n<meta property=\"og:image\" content=\"https:\/\/infoecos.com.ar\/wp-content\/uploads\/2023\/08\/unnamed.jpg\" \/>\n\t<meta property=\"og:image:width\" content=\"780\" \/>\n\t<meta property=\"og:image:height\" content=\"446\" \/>\n\t<meta property=\"og:image:type\" content=\"image\/jpeg\" \/>\n<meta name=\"author\" content=\"Jorge Matheus\" \/>\n<meta name=\"twitter:card\" content=\"summary_large_image\" \/>\n<meta name=\"twitter:creator\" content=\"@infoecos\" \/>\n<meta name=\"twitter:site\" content=\"@infoecos\" \/>\n<meta name=\"twitter:label1\" content=\"Escrito por\" \/>\n\t<meta name=\"twitter:data1\" content=\"Jorge Matheus\" \/>\n\t<meta name=\"twitter:label2\" content=\"Tiempo de lectura\" \/>\n\t<meta name=\"twitter:data2\" content=\"1 minuto\" \/>\n<script type=\"application\/ld+json\" class=\"yoast-schema-graph\">{\"@context\":\"https:\/\/schema.org\",\"@graph\":[{\"@type\":\"Article\",\"@id\":\"https:\/\/infoecos.com.ar\/index.php\/en-la-provincia-de-buenos-aires-se-notificaron-42-casos-de-encefalitis-equina\/#article\",\"isPartOf\":{\"@id\":\"https:\/\/infoecos.com.ar\/index.php\/en-la-provincia-de-buenos-aires-se-notificaron-42-casos-de-encefalitis-equina\/\"},\"author\":{\"name\":\"Jorge Matheus\",\"@id\":\"https:\/\/infoecos.com.ar\/#\/schema\/person\/8f5ace5ce73b4b4aac4b7245aee6f191\"},\"headline\":\"En la provincia de Buenos Aires se notificaron 42 casos de Encefalitis Equina\",\"datePublished\":\"2024-02-16T05:03:40+00:00\",\"dateModified\":\"2024-02-18T14:40:58+00:00\",\"mainEntityOfPage\":{\"@id\":\"https:\/\/infoecos.com.ar\/index.php\/en-la-provincia-de-buenos-aires-se-notificaron-42-casos-de-encefalitis-equina\/\"},\"wordCount\":140,\"publisher\":{\"@id\":\"https:\/\/infoecos.com.ar\/#organization\"},\"image\":{\"@id\":\"https:\/\/infoecos.com.ar\/index.php\/en-la-provincia-de-buenos-aires-se-notificaron-42-casos-de-encefalitis-equina\/#primaryimage\"},\"thumbnailUrl\":\"https:\/\/infoecos.com.ar\/wp-content\/uploads\/2023\/08\/unnamed.jpg\",\"keywords\":[\"MINISTERIO DE SALUD\"],\"articleSection\":[\"Bloque inferior - 2\"],\"inLanguage\":\"es\"},{\"@type\":\"WebPage\",\"@id\":\"https:\/\/infoecos.com.ar\/index.php\/en-la-provincia-de-buenos-aires-se-notificaron-42-casos-de-encefalitis-equina\/\",\"url\":\"https:\/\/infoecos.com.ar\/index.php\/en-la-provincia-de-buenos-aires-se-notificaron-42-casos-de-encefalitis-equina\/\",\"name\":\"En la provincia de Buenos Aires se notificaron 42 casos de Encefalitis Equina - Infoecos\",\"isPartOf\":{\"@id\":\"https:\/\/infoecos.com.ar\/#website\"},\"primaryImageOfPage\":{\"@id\":\"https:\/\/infoecos.com.ar\/index.php\/en-la-provincia-de-buenos-aires-se-notificaron-42-casos-de-encefalitis-equina\/#primaryimage\"},\"image\":{\"@id\":\"https:\/\/infoecos.com.ar\/index.php\/en-la-provincia-de-buenos-aires-se-notificaron-42-casos-de-encefalitis-equina\/#primaryimage\"},\"thumbnailUrl\":\"https:\/\/infoecos.com.ar\/wp-content\/uploads\/2023\/08\/unnamed.jpg\",\"datePublished\":\"2024-02-16T05:03:40+00:00\",\"dateModified\":\"2024-02-18T14:40:58+00:00\",\"breadcrumb\":{\"@id\":\"https:\/\/infoecos.com.ar\/index.php\/en-la-provincia-de-buenos-aires-se-notificaron-42-casos-de-encefalitis-equina\/#breadcrumb\"},\"inLanguage\":\"es\",\"potentialAction\":[{\"@type\":\"ReadAction\",\"target\":[\"https:\/\/infoecos.com.ar\/index.php\/en-la-provincia-de-buenos-aires-se-notificaron-42-casos-de-encefalitis-equina\/\"]}]},{\"@type\":\"ImageObject\",\"inLanguage\":\"es\",\"@id\":\"https:\/\/infoecos.com.ar\/index.php\/en-la-provincia-de-buenos-aires-se-notificaron-42-casos-de-encefalitis-equina\/#primaryimage\",\"url\":\"https:\/\/infoecos.com.ar\/wp-content\/uploads\/2023\/08\/unnamed.jpg\",\"contentUrl\":\"https:\/\/infoecos.com.ar\/wp-content\/uploads\/2023\/08\/unnamed.jpg\",\"width\":780,\"height\":446},{\"@type\":\"BreadcrumbList\",\"@id\":\"https:\/\/infoecos.com.ar\/index.php\/en-la-provincia-de-buenos-aires-se-notificaron-42-casos-de-encefalitis-equina\/#breadcrumb\",\"itemListElement\":[{\"@type\":\"ListItem\",\"position\":1,\"name\":\"Portada\",\"item\":\"https:\/\/infoecos.com.ar\/\"},{\"@type\":\"ListItem\",\"position\":2,\"name\":\"En la provincia de Buenos Aires se notificaron 42 casos de Encefalitis Equina\"}]},{\"@type\":\"WebSite\",\"@id\":\"https:\/\/infoecos.com.ar\/#website\",\"url\":\"https:\/\/infoecos.com.ar\/\",\"name\":\"Infoecos\",\"description\":\"Noticias de trenque lauquen y la zona\",\"publisher\":{\"@id\":\"https:\/\/infoecos.com.ar\/#organization\"},\"alternateName\":\"Noticias\",\"potentialAction\":[{\"@type\":\"SearchAction\",\"target\":{\"@type\":\"EntryPoint\",\"urlTemplate\":\"https:\/\/infoecos.com.ar\/?s={search_term_string}\"},\"query-input\":{\"@type\":\"PropertyValueSpecification\",\"valueRequired\":true,\"valueName\":\"search_term_string\"}}],\"inLanguage\":\"es\"},{\"@type\":\"Organization\",\"@id\":\"https:\/\/infoecos.com.ar\/#organization\",\"name\":\"Infoecos\",\"alternateName\":\"Noticias\",\"url\":\"https:\/\/infoecos.com.ar\/\",\"logo\":{\"@type\":\"ImageObject\",\"inLanguage\":\"es\",\"@id\":\"https:\/\/infoecos.com.ar\/#\/schema\/logo\/image\/\",\"url\":\"https:\/\/infoecos.com.ar\/wp-content\/uploads\/2024\/03\/cropped-logo.png\",\"contentUrl\":\"https:\/\/infoecos.com.ar\/wp-content\/uploads\/2024\/03\/cropped-logo.png\",\"width\":374,\"height\":90,\"caption\":\"Infoecos\"},\"image\":{\"@id\":\"https:\/\/infoecos.com.ar\/#\/schema\/logo\/image\/\"},\"sameAs\":[\"https:\/\/www.facebook.com\/profile.php?id=100063200290284\",\"https:\/\/x.com\/infoecos\"]},{\"@type\":\"Person\",\"@id\":\"https:\/\/infoecos.com.ar\/#\/schema\/person\/8f5ace5ce73b4b4aac4b7245aee6f191\",\"name\":\"Jorge Matheus\",\"url\":\"https:\/\/infoecos.com.ar\/index.php\/author\/jomatheus\/\"}]}<\/script>\n<!-- \/ Yoast SEO plugin. -->","yoast_head_json":{"title":"En la provincia de Buenos Aires se notificaron 42 casos de Encefalitis Equina - Infoecos","robots":{"index":"index","follow":"follow","max-snippet":"max-snippet:-1","max-image-preview":"max-image-preview:large","max-video-preview":"max-video-preview:-1"},"canonical":"https:\/\/infoecos.com.ar\/index.php\/en-la-provincia-de-buenos-aires-se-notificaron-42-casos-de-encefalitis-equina\/","og_locale":"es_ES","og_type":"article","og_title":"En la provincia de Buenos Aires se notificaron 42 casos de Encefalitis Equina - Infoecos","og_description":"La cartera sanitaria provincial public\u00f3 en las \u00faltimas horas un nuevo bolet\u00edn epidemiol\u00f3gico","og_url":"https:\/\/infoecos.com.ar\/index.php\/en-la-provincia-de-buenos-aires-se-notificaron-42-casos-de-encefalitis-equina\/","og_site_name":"Infoecos","article_publisher":"https:\/\/www.facebook.com\/profile.php?id=100063200290284","article_published_time":"2024-02-16T05:03:40+00:00","article_modified_time":"2024-02-18T14:40:58+00:00","og_image":[{"width":780,"height":446,"url":"https:\/\/infoecos.com.ar\/wp-content\/uploads\/2023\/08\/unnamed.jpg","type":"image\/jpeg"}],"author":"Jorge Matheus","twitter_card":"summary_large_image","twitter_creator":"@infoecos","twitter_site":"@infoecos","twitter_misc":{"Escrito por":"Jorge Matheus","Tiempo de lectura":"1 minuto"},"schema":{"@context":"https:\/\/schema.org","@graph":[{"@type":"Article","@id":"https:\/\/infoecos.com.ar\/index.php\/en-la-provincia-de-buenos-aires-se-notificaron-42-casos-de-encefalitis-equina\/#article","isPartOf":{"@id":"https:\/\/infoecos.com.ar\/index.php\/en-la-provincia-de-buenos-aires-se-notificaron-42-casos-de-encefalitis-equina\/"},"author":{"name":"Jorge Matheus","@id":"https:\/\/infoecos.com.ar\/#\/schema\/person\/8f5ace5ce73b4b4aac4b7245aee6f191"},"headline":"En la provincia de Buenos Aires se notificaron 42 casos de Encefalitis Equina","datePublished":"2024-02-16T05:03:40+00:00","dateModified":"2024-02-18T14:40:58+00:00","mainEntityOfPage":{"@id":"https:\/\/infoecos.com.ar\/index.php\/en-la-provincia-de-buenos-aires-se-notificaron-42-casos-de-encefalitis-equina\/"},"wordCount":140,"publisher":{"@id":"https:\/\/infoecos.com.ar\/#organization"},"image":{"@id":"https:\/\/infoecos.com.ar\/index.php\/en-la-provincia-de-buenos-aires-se-notificaron-42-casos-de-encefalitis-equina\/#primaryimage"},"thumbnailUrl":"https:\/\/infoecos.com.ar\/wp-content\/uploads\/2023\/08\/unnamed.jpg","keywords":["MINISTERIO DE SALUD"],"articleSection":["Bloque inferior - 2"],"inLanguage":"es"},{"@type":"WebPage","@id":"https:\/\/infoecos.com.ar\/index.php\/en-la-provincia-de-buenos-aires-se-notificaron-42-casos-de-encefalitis-equina\/","url":"https:\/\/infoecos.com.ar\/index.php\/en-la-provincia-de-buenos-aires-se-notificaron-42-casos-de-encefalitis-equina\/","name":"En la provincia de Buenos Aires se notificaron 42 casos de Encefalitis Equina - Infoecos","isPartOf":{"@id":"https:\/\/infoecos.com.ar\/#website"},"primaryImageOfPage":{"@id":"https:\/\/infoecos.com.ar\/index.php\/en-la-provincia-de-buenos-aires-se-notificaron-42-casos-de-encefalitis-equina\/#primaryimage"},"image":{"@id":"https:\/\/infoecos.com.ar\/index.php\/en-la-provincia-de-buenos-aires-se-notificaron-42-casos-de-encefalitis-equina\/#primaryimage"},"thumbnailUrl":"https:\/\/infoecos.com.ar\/wp-content\/uploads\/2023\/08\/unnamed.jpg","datePublished":"2024-02-16T05:03:40+00:00","dateModified":"2024-02-18T14:40:58+00:00","breadcrumb":{"@id":"https:\/\/infoecos.com.ar\/index.php\/en-la-provincia-de-buenos-aires-se-notificaron-42-casos-de-encefalitis-equina\/#breadcrumb"},"inLanguage":"es","potentialAction":[{"@type":"ReadAction","target":["https:\/\/infoecos.com.ar\/index.php\/en-la-provincia-de-buenos-aires-se-notificaron-42-casos-de-encefalitis-equina\/"]}]},{"@type":"ImageObject","inLanguage":"es","@id":"https:\/\/infoecos.com.ar\/index.php\/en-la-provincia-de-buenos-aires-se-notificaron-42-casos-de-encefalitis-equina\/#primaryimage","url":"https:\/\/infoecos.com.ar\/wp-content\/uploads\/2023\/08\/unnamed.jpg","contentUrl":"https:\/\/infoecos.com.ar\/wp-content\/uploads\/2023\/08\/unnamed.jpg","width":780,"height":446},{"@type":"BreadcrumbList","@id":"https:\/\/infoecos.com.ar\/index.php\/en-la-provincia-de-buenos-aires-se-notificaron-42-casos-de-encefalitis-equina\/#breadcrumb","itemListElement":[{"@type":"ListItem","position":1,"name":"Portada","item":"https:\/\/infoecos.com.ar\/"},{"@type":"ListItem","position":2,"name":"En la provincia de Buenos Aires se notificaron 42 casos de Encefalitis Equina"}]},{"@type":"WebSite","@id":"https:\/\/infoecos.com.ar\/#website","url":"https:\/\/infoecos.com.ar\/","name":"Infoecos","description":"Noticias de trenque lauquen y la zona","publisher":{"@id":"https:\/\/infoecos.com.ar\/#organization"},"alternateName":"Noticias","potentialAction":[{"@type":"SearchAction","target":{"@type":"EntryPoint","urlTemplate":"https:\/\/infoecos.com.ar\/?s={search_term_string}"},"query-input":{"@type":"PropertyValueSpecification","valueRequired":true,"valueName":"search_term_string"}}],"inLanguage":"es"},{"@type":"Organization","@id":"https:\/\/infoecos.com.ar\/#organization","name":"Infoecos","alternateName":"Noticias","url":"https:\/\/infoecos.com.ar\/","logo":{"@type":"ImageObject","inLanguage":"es","@id":"https:\/\/infoecos.com.ar\/#\/schema\/logo\/image\/","url":"https:\/\/infoecos.com.ar\/wp-content\/uploads\/2024\/03\/cropped-logo.png","contentUrl":"https:\/\/infoecos.com.ar\/wp-content\/uploads\/2024\/03\/cropped-logo.png","width":374,"height":90,"caption":"Infoecos"},"image":{"@id":"https:\/\/infoecos.com.ar\/#\/schema\/logo\/image\/"},"sameAs":["https:\/\/www.facebook.com\/profile.php?id=100063200290284","https:\/\/x.com\/infoecos"]},{"@type":"Person","@id":"https:\/\/infoecos.com.ar\/#\/schema\/person\/8f5ace5ce73b4b4aac4b7245aee6f191","name":"Jorge Matheus","url":"https:\/\/infoecos.com.ar\/index.php\/author\/jomatheus\/"}]}},"featured_image_urls":{"full":["https:\/\/infoecos.com.ar\/wp-content\/uploads\/2023\/08\/unnamed.jpg",780,446,false],"thumbnail":["https:\/\/infoecos.com.ar\/wp-content\/uploads\/2023\/08\/unnamed-300x150.jpg",300,150,true],"medium":["https:\/\/infoecos.com.ar\/wp-content\/uploads\/2023\/08\/unnamed.jpg",780,446,false],"medium_large":["https:\/\/infoecos.com.ar\/wp-content\/uploads\/2023\/08\/unnamed-768x439.jpg",640,366,true],"large":["https:\/\/infoecos.com.ar\/wp-content\/uploads\/2023\/08\/unnamed.jpg",640,366,false],"1536x1536":["https:\/\/infoecos.com.ar\/wp-content\/uploads\/2023\/08\/unnamed.jpg",780,446,false],"2048x2048":["https:\/\/infoecos.com.ar\/wp-content\/uploads\/2023\/08\/unnamed.jpg",780,446,false],"covernews-slider-full":["https:\/\/infoecos.com.ar\/wp-content\/uploads\/2023\/08\/unnamed.jpg",780,446,false],"covernews-slider-center":["https:\/\/infoecos.com.ar\/wp-content\/uploads\/2023\/08\/unnamed.jpg",780,446,false],"covernews-featured":["https:\/\/infoecos.com.ar\/wp-content\/uploads\/2023\/08\/unnamed.jpg",780,446,false],"covernews-medium":["https:\/\/infoecos.com.ar\/wp-content\/uploads\/2023\/08\/unnamed-720x380.jpg",540,285,true],"covernews-medium-square":["https:\/\/infoecos.com.ar\/wp-content\/uploads\/2023\/08\/unnamed-675x446.jpg",378,250,true]},"author_info":{"info":["Jorge Matheus"]},"category_info":"<a href=\"https:\/\/infoecos.com.ar\/index.php\/category\/inferior2\/\" rel=\"category tag\">Bloque inferior - 2<\/a>","tag_info":"Bloque inferior - 2","comment_count":"0","_links":{"self":[{"href":"https:\/\/infoecos.com.ar\/index.php\/wp-json\/wp\/v2\/posts\/119142"}],"collection":[{"href":"https:\/\/infoecos.com.ar\/index.php\/wp-json\/wp\/v2\/posts"}],"about":[{"href":"https:\/\/infoecos.com.ar\/index.php\/wp-json\/wp\/v2\/types\/post"}],"author":[{"embeddable":true,"href":"https:\/\/infoecos.com.ar\/index.php\/wp-json\/wp\/v2\/users\/2"}],"replies":[{"embeddable":true,"href":"https:\/\/infoecos.com.ar\/index.php\/wp-json\/wp\/v2\/comments?post=119142"}],"version-history":[{"count":1,"href":"https:\/\/infoecos.com.ar\/index.php\/wp-json\/wp\/v2\/posts\/119142\/revisions"}],"predecessor-version":[{"id":119143,"href":"https:\/\/infoecos.com.ar\/index.php\/wp-json\/wp\/v2\/posts\/119142\/revisions\/119143"}],"wp:featuredmedia":[{"embeddable":true,"href":"https:\/\/infoecos.com.ar\/index.php\/wp-json\/wp\/v2\/media\/110365"}],"wp:attachment":[{"href":"https:\/\/infoecos.com.ar\/index.php\/wp-json\/wp\/v2\/media?parent=119142"}],"wp:term":[{"taxonomy":"category","embeddable":true,"href":"https:\/\/infoecos.com.ar\/index.php\/wp-json\/wp\/v2\/categories?post=119142"},{"taxonomy":"post_tag","embeddable":true,"href":"https:\/\/infoecos.com.ar\/index.php\/wp-json\/wp\/v2\/tags?post=119142"}],"curies":[{"name":"wp","href":"https:\/\/api.w.org\/{rel}","templated":true}]}}