{"id":119262,"date":"2024-02-17T18:43:02","date_gmt":"2024-02-17T21:43:02","guid":{"rendered":"https:\/\/infoecos.com.ar\/?p=119262"},"modified":"2024-02-18T00:26:56","modified_gmt":"2024-02-18T03:26:56","slug":"fitosanitarios-en-pehuajo","status":"publish","type":"post","link":"https:\/\/infoecos.com.ar\/index.php\/fitosanitarios-en-pehuajo\/","title":{"rendered":"Zurro: \u00absi el Concejo Deliberante aprueba una tasa por agroqu\u00edmicos, la voy a vetar\u00bb"},"content":{"rendered":"\n<p>A trav\u00e9s de una solicitada (en medios de su distrito), el Intendente Municipal de Pehuaj\u00f3, Pablo Zurro, comunic\u00f3 que no ser\u00e1 aplicada la tasa por aplicaci\u00f3n de fitosanitarios en el distrito. Se se\u00f1ala en radiomagicadigital.com.ar que la propuesta que gener\u00f3 una gran pol\u00e9mica, fue presentada por los ediles del oficialismo, habiendo asegurado el mandatario comunal que no particip\u00f3 en la elaboraci\u00f3n de alg\u00fan proyecto en ese sentido. <\/p>\n\n\n\n<p>El medio mencionado se\u00f1al\u00f3 que una vez conocida esta pretensi\u00f3n se produjo un rechazo contundente de productores, aplicadores, comerciantes.<\/p>\n\n\n\n<figure class=\"wp-block-image aligncenter size-full is-resized\"><img loading=\"lazy\" decoding=\"async\" src=\"https:\/\/infoecos.com.ar\/wp-content\/uploads\/2024\/02\/image-282.png\" alt=\"\" class=\"wp-image-119287\" width=\"450\" height=\"552\" srcset=\"https:\/\/infoecos.com.ar\/wp-content\/uploads\/2024\/02\/image-282.png 658w, https:\/\/infoecos.com.ar\/wp-content\/uploads\/2024\/02\/image-282-652x800.png 652w\" sizes=\"(max-width: 450px) 100vw, 450px\" \/><\/figure>\n\n\n\n<p>El medio colega noticiaspehuajo.com.ar titula en su p\u00e1gina web que <strong>Zurro confirm\u00f3 que si el Concejo Deliberante aprueba una tasa por agroqu\u00edmicos, la va a vetar<\/strong>.<\/p>\n\n\n\n<p><strong>COMUNICADO OFICIAL DEL INTENDENTE <\/strong><\/p>\n\n\n\n<p><strong>NO TOMAR\u00c9 NINGUNA MEDIDA EN CONTRA DE LOS PRODUCTORES NI TRABAJADORES AGR\u00cdCOLAS<\/strong><\/p>\n\n\n\n<p>Desde siempre he estado del lado de la producci\u00f3n y del trabajo, y tambi\u00e9n me he ocupado de la salud de las y los pehuajenses.<\/p>\n\n\n\n<p>Me hago cargo de lo que hago, de lo que digo y de lo que pienso. Pero no puedo hacerme cargo de las falsedades, difamaciones y mentiras que han proliferado con ciza\u00f1a y real malicia en los \u00faltimos d\u00edas. Tampoco puedo explicar o fundamentar algo que nunca dije.<\/p>\n\n\n\n<p>Respecto a la regulaci\u00f3n de la aplicaci\u00f3n de fitosanitarios en el partido de Pehuaj\u00f3:&nbsp;hasta ahora&nbsp;<strong>no existe ning\u00fan proyecto enviado o sugerido por m\u00ed<\/strong><strong>,&nbsp;<\/strong>y menos a\u00fan uno que lleve mi firma.<\/p>\n\n\n\n<p>S\u00ed existen diversos proyectos en el Concejo Deliberante, que viene llevando a cabo una ardua tarea de debate para establecer un di\u00e1logo y lograr reunir las diversas opiniones al respecto. Para contribuir, estoy elaborando un proyecto de ordenanza que reflejar\u00e1 mi postura sobre el tema, y buscar\u00e1 colaborar para generar un consenso.<\/p>\n\n\n\n<p>Por eso, hago saber que, en mi car\u00e1cter de intendente municipal, en los pr\u00f3ximos d\u00edas&nbsp;<strong>elevar\u00e9 al HCD un proyecto de ordenanza con mi firma<\/strong>.<\/p>\n\n\n\n<p>Este propondr\u00e1 la forma m\u00e1s ecu\u00e1nime posible para la utilizaci\u00f3n de fitosanitarios para la producci\u00f3n en el partido de Pehuaj\u00f3,&nbsp;<strong>sin que perjudique la salud de ning\u00fan vecino<\/strong>, cumpliendo con la manda judicial.<\/p>\n\n\n\n<p>Aunque jam\u00e1s dije que se iba a aplicar una tasa, parece que es necesario reiterar:&nbsp;<strong><u>NO SE COBRAR\u00c1 TASA<\/u>&nbsp;de ning\u00fan tipo.&nbsp;<\/strong>&nbsp;El objetivo de la propuesta ser\u00e1 alentar y&nbsp;<strong>promover las buenas pr\u00e1cticas agr\u00edcolas (BPA)<\/strong>, poniendo en valor a los productores que con responsabilidad cuidan a su comunidad. De la misma manera, habr\u00e1 penalizaciones para las aplicaciones irresponsables, con multas severas y de corresponder las pertinentes denuncias en sede judicial.<\/p>\n\n\n\n<p>Adem\u00e1s, incluir\u00e9 la propuesta de creaci\u00f3n de un observatorio para el estudio de la aplicaci\u00f3n de fitosanitarios en nuestro partido y un seguimiento de las personas que manifiesten tener consecuencias f\u00edsicas y\/o de salud por estas acciones.<\/p>\n\n\n\n<p><strong><u>Me comprometo a que, si la ordenanza incluyera una tasa, utilizar\u00e9 mi potestad dada por la Ley Org\u00e1nica de las Municipalidades de veto parcial,<\/u><\/strong><strong>&nbsp;para<\/strong>&nbsp;<strong>que sea IMPOSIBLE IMPLEMENTAR TASA alguna<\/strong>.<\/p>\n\n\n\n<p><em>PABLO JAVIER ZURRO<\/em><\/p>\n\n\n\n<p>Intendente Municipal de Pehuaj\u00f3.<\/p>\n\n\n\n<figure class=\"wp-block-image size-full\"><img loading=\"lazy\" decoding=\"async\" width=\"658\" height=\"807\" src=\"https:\/\/infoecos.com.ar\/wp-content\/uploads\/2024\/02\/image-275.png\" alt=\"\" class=\"wp-image-119263\" srcset=\"https:\/\/infoecos.com.ar\/wp-content\/uploads\/2024\/02\/image-275.png 658w, https:\/\/infoecos.com.ar\/wp-content\/uploads\/2024\/02\/image-275-652x800.png 652w\" sizes=\"(max-width: 658px) 100vw, 658px\" \/><\/figure>\n","protected":false},"excerpt":{"rendered":"<p>Dijo adem\u00e1s: No tomar\u00e9 ninguna medida en contra de los productores, ni trabajadores agr\u00edcolas <\/p>\n","protected":false},"author":2,"featured_media":119263,"comment_status":"closed","ping_status":"open","sticky":false,"template":"","format":"standard","meta":{"footnotes":""},"categories":[28],"tags":[10106],"class_list":["post-119262","post","type-post","status-publish","format-standard","has-post-thumbnail","hentry","category-c1nota1","tag-fin-de-la-controversia"],"yoast_head":"<!-- This site is optimized with the Yoast SEO plugin v23.4 - https:\/\/yoast.com\/wordpress\/plugins\/seo\/ -->\n<title>Zurro: &quot;si el Concejo Deliberante aprueba una tasa por agroqu\u00edmicos, la voy a vetar&quot; - Infoecos<\/title>\n<meta name=\"robots\" content=\"index, follow, max-snippet:-1, max-image-preview:large, max-video-preview:-1\" \/>\n<link rel=\"canonical\" href=\"https:\/\/infoecos.com.ar\/index.php\/fitosanitarios-en-pehuajo\/\" \/>\n<meta property=\"og:locale\" content=\"es_ES\" \/>\n<meta property=\"og:type\" content=\"article\" \/>\n<meta property=\"og:title\" content=\"Zurro: &quot;si el Concejo Deliberante aprueba una tasa por agroqu\u00edmicos, la voy a vetar&quot; - Infoecos\" \/>\n<meta property=\"og:description\" content=\"Dijo adem\u00e1s: No tomar\u00e9 ninguna medida en contra de los productores, ni trabajadores agr\u00edcolas\" \/>\n<meta property=\"og:url\" content=\"https:\/\/infoecos.com.ar\/index.php\/fitosanitarios-en-pehuajo\/\" \/>\n<meta property=\"og:site_name\" content=\"Infoecos\" \/>\n<meta property=\"article:publisher\" content=\"https:\/\/www.facebook.com\/profile.php?id=100063200290284\" \/>\n<meta property=\"article:published_time\" content=\"2024-02-17T21:43:02+00:00\" \/>\n<meta property=\"article:modified_time\" content=\"2024-02-18T03:26:56+00:00\" \/>\n<meta property=\"og:image\" content=\"https:\/\/infoecos.com.ar\/wp-content\/uploads\/2024\/02\/image-275.png\" \/>\n\t<meta property=\"og:image:width\" content=\"658\" \/>\n\t<meta property=\"og:image:height\" content=\"807\" \/>\n\t<meta property=\"og:image:type\" content=\"image\/png\" \/>\n<meta name=\"author\" content=\"Jorge Matheus\" \/>\n<meta name=\"twitter:card\" content=\"summary_large_image\" \/>\n<meta name=\"twitter:creator\" content=\"@infoecos\" \/>\n<meta name=\"twitter:site\" content=\"@infoecos\" \/>\n<meta name=\"twitter:label1\" content=\"Escrito por\" \/>\n\t<meta name=\"twitter:data1\" content=\"Jorge Matheus\" \/>\n\t<meta name=\"twitter:label2\" content=\"Tiempo de lectura\" \/>\n\t<meta name=\"twitter:data2\" content=\"3 minutos\" \/>\n<script type=\"application\/ld+json\" class=\"yoast-schema-graph\">{\"@context\":\"https:\/\/schema.org\",\"@graph\":[{\"@type\":\"Article\",\"@id\":\"https:\/\/infoecos.com.ar\/index.php\/fitosanitarios-en-pehuajo\/#article\",\"isPartOf\":{\"@id\":\"https:\/\/infoecos.com.ar\/index.php\/fitosanitarios-en-pehuajo\/\"},\"author\":{\"name\":\"Jorge Matheus\",\"@id\":\"https:\/\/infoecos.com.ar\/#\/schema\/person\/8f5ace5ce73b4b4aac4b7245aee6f191\"},\"headline\":\"Zurro: \u00absi el Concejo Deliberante aprueba una tasa por agroqu\u00edmicos, la voy a vetar\u00bb\",\"datePublished\":\"2024-02-17T21:43:02+00:00\",\"dateModified\":\"2024-02-18T03:26:56+00:00\",\"mainEntityOfPage\":{\"@id\":\"https:\/\/infoecos.com.ar\/index.php\/fitosanitarios-en-pehuajo\/\"},\"wordCount\":559,\"publisher\":{\"@id\":\"https:\/\/infoecos.com.ar\/#organization\"},\"image\":{\"@id\":\"https:\/\/infoecos.com.ar\/index.php\/fitosanitarios-en-pehuajo\/#primaryimage\"},\"thumbnailUrl\":\"https:\/\/infoecos.com.ar\/wp-content\/uploads\/2024\/02\/image-275.png\",\"keywords\":[\"fin de la controversia\"],\"articleSection\":[\"C1 N1\"],\"inLanguage\":\"es\"},{\"@type\":\"WebPage\",\"@id\":\"https:\/\/infoecos.com.ar\/index.php\/fitosanitarios-en-pehuajo\/\",\"url\":\"https:\/\/infoecos.com.ar\/index.php\/fitosanitarios-en-pehuajo\/\",\"name\":\"Zurro: \\\"si el Concejo Deliberante aprueba una tasa por agroqu\u00edmicos, la voy a vetar\\\" - Infoecos\",\"isPartOf\":{\"@id\":\"https:\/\/infoecos.com.ar\/#website\"},\"primaryImageOfPage\":{\"@id\":\"https:\/\/infoecos.com.ar\/index.php\/fitosanitarios-en-pehuajo\/#primaryimage\"},\"image\":{\"@id\":\"https:\/\/infoecos.com.ar\/index.php\/fitosanitarios-en-pehuajo\/#primaryimage\"},\"thumbnailUrl\":\"https:\/\/infoecos.com.ar\/wp-content\/uploads\/2024\/02\/image-275.png\",\"datePublished\":\"2024-02-17T21:43:02+00:00\",\"dateModified\":\"2024-02-18T03:26:56+00:00\",\"breadcrumb\":{\"@id\":\"https:\/\/infoecos.com.ar\/index.php\/fitosanitarios-en-pehuajo\/#breadcrumb\"},\"inLanguage\":\"es\",\"potentialAction\":[{\"@type\":\"ReadAction\",\"target\":[\"https:\/\/infoecos.com.ar\/index.php\/fitosanitarios-en-pehuajo\/\"]}]},{\"@type\":\"ImageObject\",\"inLanguage\":\"es\",\"@id\":\"https:\/\/infoecos.com.ar\/index.php\/fitosanitarios-en-pehuajo\/#primaryimage\",\"url\":\"https:\/\/infoecos.com.ar\/wp-content\/uploads\/2024\/02\/image-275.png\",\"contentUrl\":\"https:\/\/infoecos.com.ar\/wp-content\/uploads\/2024\/02\/image-275.png\",\"width\":658,\"height\":807},{\"@type\":\"BreadcrumbList\",\"@id\":\"https:\/\/infoecos.com.ar\/index.php\/fitosanitarios-en-pehuajo\/#breadcrumb\",\"itemListElement\":[{\"@type\":\"ListItem\",\"position\":1,\"name\":\"Portada\",\"item\":\"https:\/\/infoecos.com.ar\/\"},{\"@type\":\"ListItem\",\"position\":2,\"name\":\"Zurro: \u00absi el Concejo Deliberante aprueba una tasa por agroqu\u00edmicos, la voy a vetar\u00bb\"}]},{\"@type\":\"WebSite\",\"@id\":\"https:\/\/infoecos.com.ar\/#website\",\"url\":\"https:\/\/infoecos.com.ar\/\",\"name\":\"Infoecos\",\"description\":\"Noticias de trenque lauquen y la zona\",\"publisher\":{\"@id\":\"https:\/\/infoecos.com.ar\/#organization\"},\"alternateName\":\"Noticias\",\"potentialAction\":[{\"@type\":\"SearchAction\",\"target\":{\"@type\":\"EntryPoint\",\"urlTemplate\":\"https:\/\/infoecos.com.ar\/?s={search_term_string}\"},\"query-input\":{\"@type\":\"PropertyValueSpecification\",\"valueRequired\":true,\"valueName\":\"search_term_string\"}}],\"inLanguage\":\"es\"},{\"@type\":\"Organization\",\"@id\":\"https:\/\/infoecos.com.ar\/#organization\",\"name\":\"Infoecos\",\"alternateName\":\"Noticias\",\"url\":\"https:\/\/infoecos.com.ar\/\",\"logo\":{\"@type\":\"ImageObject\",\"inLanguage\":\"es\",\"@id\":\"https:\/\/infoecos.com.ar\/#\/schema\/logo\/image\/\",\"url\":\"https:\/\/infoecos.com.ar\/wp-content\/uploads\/2024\/03\/cropped-logo.png\",\"contentUrl\":\"https:\/\/infoecos.com.ar\/wp-content\/uploads\/2024\/03\/cropped-logo.png\",\"width\":374,\"height\":90,\"caption\":\"Infoecos\"},\"image\":{\"@id\":\"https:\/\/infoecos.com.ar\/#\/schema\/logo\/image\/\"},\"sameAs\":[\"https:\/\/www.facebook.com\/profile.php?id=100063200290284\",\"https:\/\/x.com\/infoecos\"]},{\"@type\":\"Person\",\"@id\":\"https:\/\/infoecos.com.ar\/#\/schema\/person\/8f5ace5ce73b4b4aac4b7245aee6f191\",\"name\":\"Jorge Matheus\",\"url\":\"https:\/\/infoecos.com.ar\/index.php\/author\/jomatheus\/\"}]}<\/script>\n<!-- \/ Yoast SEO plugin. -->","yoast_head_json":{"title":"Zurro: \"si el Concejo Deliberante aprueba una tasa por agroqu\u00edmicos, la voy a vetar\" - Infoecos","robots":{"index":"index","follow":"follow","max-snippet":"max-snippet:-1","max-image-preview":"max-image-preview:large","max-video-preview":"max-video-preview:-1"},"canonical":"https:\/\/infoecos.com.ar\/index.php\/fitosanitarios-en-pehuajo\/","og_locale":"es_ES","og_type":"article","og_title":"Zurro: \"si el Concejo Deliberante aprueba una tasa por agroqu\u00edmicos, la voy a vetar\" - Infoecos","og_description":"Dijo adem\u00e1s: No tomar\u00e9 ninguna medida en contra de los productores, ni trabajadores agr\u00edcolas","og_url":"https:\/\/infoecos.com.ar\/index.php\/fitosanitarios-en-pehuajo\/","og_site_name":"Infoecos","article_publisher":"https:\/\/www.facebook.com\/profile.php?id=100063200290284","article_published_time":"2024-02-17T21:43:02+00:00","article_modified_time":"2024-02-18T03:26:56+00:00","og_image":[{"width":658,"height":807,"url":"https:\/\/infoecos.com.ar\/wp-content\/uploads\/2024\/02\/image-275.png","type":"image\/png"}],"author":"Jorge Matheus","twitter_card":"summary_large_image","twitter_creator":"@infoecos","twitter_site":"@infoecos","twitter_misc":{"Escrito por":"Jorge Matheus","Tiempo de lectura":"3 minutos"},"schema":{"@context":"https:\/\/schema.org","@graph":[{"@type":"Article","@id":"https:\/\/infoecos.com.ar\/index.php\/fitosanitarios-en-pehuajo\/#article","isPartOf":{"@id":"https:\/\/infoecos.com.ar\/index.php\/fitosanitarios-en-pehuajo\/"},"author":{"name":"Jorge Matheus","@id":"https:\/\/infoecos.com.ar\/#\/schema\/person\/8f5ace5ce73b4b4aac4b7245aee6f191"},"headline":"Zurro: \u00absi el Concejo Deliberante aprueba una tasa por agroqu\u00edmicos, la voy a vetar\u00bb","datePublished":"2024-02-17T21:43:02+00:00","dateModified":"2024-02-18T03:26:56+00:00","mainEntityOfPage":{"@id":"https:\/\/infoecos.com.ar\/index.php\/fitosanitarios-en-pehuajo\/"},"wordCount":559,"publisher":{"@id":"https:\/\/infoecos.com.ar\/#organization"},"image":{"@id":"https:\/\/infoecos.com.ar\/index.php\/fitosanitarios-en-pehuajo\/#primaryimage"},"thumbnailUrl":"https:\/\/infoecos.com.ar\/wp-content\/uploads\/2024\/02\/image-275.png","keywords":["fin de la controversia"],"articleSection":["C1 N1"],"inLanguage":"es"},{"@type":"WebPage","@id":"https:\/\/infoecos.com.ar\/index.php\/fitosanitarios-en-pehuajo\/","url":"https:\/\/infoecos.com.ar\/index.php\/fitosanitarios-en-pehuajo\/","name":"Zurro: \"si el Concejo Deliberante aprueba una tasa por agroqu\u00edmicos, la voy a vetar\" - Infoecos","isPartOf":{"@id":"https:\/\/infoecos.com.ar\/#website"},"primaryImageOfPage":{"@id":"https:\/\/infoecos.com.ar\/index.php\/fitosanitarios-en-pehuajo\/#primaryimage"},"image":{"@id":"https:\/\/infoecos.com.ar\/index.php\/fitosanitarios-en-pehuajo\/#primaryimage"},"thumbnailUrl":"https:\/\/infoecos.com.ar\/wp-content\/uploads\/2024\/02\/image-275.png","datePublished":"2024-02-17T21:43:02+00:00","dateModified":"2024-02-18T03:26:56+00:00","breadcrumb":{"@id":"https:\/\/infoecos.com.ar\/index.php\/fitosanitarios-en-pehuajo\/#breadcrumb"},"inLanguage":"es","potentialAction":[{"@type":"ReadAction","target":["https:\/\/infoecos.com.ar\/index.php\/fitosanitarios-en-pehuajo\/"]}]},{"@type":"ImageObject","inLanguage":"es","@id":"https:\/\/infoecos.com.ar\/index.php\/fitosanitarios-en-pehuajo\/#primaryimage","url":"https:\/\/infoecos.com.ar\/wp-content\/uploads\/2024\/02\/image-275.png","contentUrl":"https:\/\/infoecos.com.ar\/wp-content\/uploads\/2024\/02\/image-275.png","width":658,"height":807},{"@type":"BreadcrumbList","@id":"https:\/\/infoecos.com.ar\/index.php\/fitosanitarios-en-pehuajo\/#breadcrumb","itemListElement":[{"@type":"ListItem","position":1,"name":"Portada","item":"https:\/\/infoecos.com.ar\/"},{"@type":"ListItem","position":2,"name":"Zurro: \u00absi el Concejo Deliberante aprueba una tasa por agroqu\u00edmicos, la voy a vetar\u00bb"}]},{"@type":"WebSite","@id":"https:\/\/infoecos.com.ar\/#website","url":"https:\/\/infoecos.com.ar\/","name":"Infoecos","description":"Noticias de trenque lauquen y la zona","publisher":{"@id":"https:\/\/infoecos.com.ar\/#organization"},"alternateName":"Noticias","potentialAction":[{"@type":"SearchAction","target":{"@type":"EntryPoint","urlTemplate":"https:\/\/infoecos.com.ar\/?s={search_term_string}"},"query-input":{"@type":"PropertyValueSpecification","valueRequired":true,"valueName":"search_term_string"}}],"inLanguage":"es"},{"@type":"Organization","@id":"https:\/\/infoecos.com.ar\/#organization","name":"Infoecos","alternateName":"Noticias","url":"https:\/\/infoecos.com.ar\/","logo":{"@type":"ImageObject","inLanguage":"es","@id":"https:\/\/infoecos.com.ar\/#\/schema\/logo\/image\/","url":"https:\/\/infoecos.com.ar\/wp-content\/uploads\/2024\/03\/cropped-logo.png","contentUrl":"https:\/\/infoecos.com.ar\/wp-content\/uploads\/2024\/03\/cropped-logo.png","width":374,"height":90,"caption":"Infoecos"},"image":{"@id":"https:\/\/infoecos.com.ar\/#\/schema\/logo\/image\/"},"sameAs":["https:\/\/www.facebook.com\/profile.php?id=100063200290284","https:\/\/x.com\/infoecos"]},{"@type":"Person","@id":"https:\/\/infoecos.com.ar\/#\/schema\/person\/8f5ace5ce73b4b4aac4b7245aee6f191","name":"Jorge Matheus","url":"https:\/\/infoecos.com.ar\/index.php\/author\/jomatheus\/"}]}},"featured_image_urls":{"full":["https:\/\/infoecos.com.ar\/wp-content\/uploads\/2024\/02\/image-275.png",658,807,false],"thumbnail":["https:\/\/infoecos.com.ar\/wp-content\/uploads\/2024\/02\/image-275-300x150.png",300,150,true],"medium":["https:\/\/infoecos.com.ar\/wp-content\/uploads\/2024\/02\/image-275-652x800.png",652,800,true],"medium_large":["https:\/\/infoecos.com.ar\/wp-content\/uploads\/2024\/02\/image-275.png",640,785,false],"large":["https:\/\/infoecos.com.ar\/wp-content\/uploads\/2024\/02\/image-275.png",640,785,false],"1536x1536":["https:\/\/infoecos.com.ar\/wp-content\/uploads\/2024\/02\/image-275.png",658,807,false],"2048x2048":["https:\/\/infoecos.com.ar\/wp-content\/uploads\/2024\/02\/image-275.png",658,807,false],"covernews-slider-full":["https:\/\/infoecos.com.ar\/wp-content\/uploads\/2024\/02\/image-275.png",583,715,false],"covernews-slider-center":["https:\/\/infoecos.com.ar\/wp-content\/uploads\/2024\/02\/image-275.png",408,500,false],"covernews-featured":["https:\/\/infoecos.com.ar\/wp-content\/uploads\/2024\/02\/image-275.png",658,807,false],"covernews-medium":["https:\/\/infoecos.com.ar\/wp-content\/uploads\/2024\/02\/image-275-658x380.png",540,312,true],"covernews-medium-square":["https:\/\/infoecos.com.ar\/wp-content\/uploads\/2024\/02\/image-275-658x450.png",366,250,true]},"author_info":{"info":["Jorge Matheus"]},"category_info":"<a href=\"https:\/\/infoecos.com.ar\/index.php\/category\/c1nota1\/\" rel=\"category tag\">C1 N1<\/a>","tag_info":"C1 N1","comment_count":"0","_links":{"self":[{"href":"https:\/\/infoecos.com.ar\/index.php\/wp-json\/wp\/v2\/posts\/119262"}],"collection":[{"href":"https:\/\/infoecos.com.ar\/index.php\/wp-json\/wp\/v2\/posts"}],"about":[{"href":"https:\/\/infoecos.com.ar\/index.php\/wp-json\/wp\/v2\/types\/post"}],"author":[{"embeddable":true,"href":"https:\/\/infoecos.com.ar\/index.php\/wp-json\/wp\/v2\/users\/2"}],"replies":[{"embeddable":true,"href":"https:\/\/infoecos.com.ar\/index.php\/wp-json\/wp\/v2\/comments?post=119262"}],"version-history":[{"count":2,"href":"https:\/\/infoecos.com.ar\/index.php\/wp-json\/wp\/v2\/posts\/119262\/revisions"}],"predecessor-version":[{"id":119288,"href":"https:\/\/infoecos.com.ar\/index.php\/wp-json\/wp\/v2\/posts\/119262\/revisions\/119288"}],"wp:featuredmedia":[{"embeddable":true,"href":"https:\/\/infoecos.com.ar\/index.php\/wp-json\/wp\/v2\/media\/119263"}],"wp:attachment":[{"href":"https:\/\/infoecos.com.ar\/index.php\/wp-json\/wp\/v2\/media?parent=119262"}],"wp:term":[{"taxonomy":"category","embeddable":true,"href":"https:\/\/infoecos.com.ar\/index.php\/wp-json\/wp\/v2\/categories?post=119262"},{"taxonomy":"post_tag","embeddable":true,"href":"https:\/\/infoecos.com.ar\/index.php\/wp-json\/wp\/v2\/tags?post=119262"}],"curies":[{"name":"wp","href":"https:\/\/api.w.org\/{rel}","templated":true}]}}