{"id":119310,"date":"2024-02-18T11:25:28","date_gmt":"2024-02-18T14:25:28","guid":{"rendered":"https:\/\/infoecos.com.ar\/?p=119310"},"modified":"2024-02-19T00:51:03","modified_gmt":"2024-02-19T03:51:03","slug":"noche-de-encuentro-produccion-y-musica-mas-de-3-000-personas-en-el-trenque-beer-ii","status":"publish","type":"post","link":"https:\/\/infoecos.com.ar\/index.php\/noche-de-encuentro-produccion-y-musica-mas-de-3-000-personas-en-el-trenque-beer-ii\/","title":{"rendered":"Noche de encuentro, producci\u00f3n y m\u00fasica: m\u00e1s de 3.000 personas en el Trenque Beer II"},"content":{"rendered":"\n<p>M\u00fasica, tres bandas en vivo, puestos en el Patio Gastron\u00f3mico, con 14 propuestas, productores en el Patio Cervecero, nueve elaboradores de cerveza artesanal y tres de gin. <\/p>\n\n\n\n<figure class=\"wp-block-gallery has-nested-images columns-default is-cropped wp-block-gallery-1 is-layout-flex wp-block-gallery-is-layout-flex\">\n<figure class=\"wp-block-image size-large\"><img loading=\"lazy\" decoding=\"async\" width=\"1280\" height=\"853\" data-id=\"119311\" src=\"https:\/\/infoecos.com.ar\/wp-content\/uploads\/2024\/02\/trenbeer.jpg\" alt=\"\" class=\"wp-image-119311\" srcset=\"https:\/\/infoecos.com.ar\/wp-content\/uploads\/2024\/02\/trenbeer.jpg 1280w, https:\/\/infoecos.com.ar\/wp-content\/uploads\/2024\/02\/trenbeer-800x533.jpg 800w, https:\/\/infoecos.com.ar\/wp-content\/uploads\/2024\/02\/trenbeer-768x512.jpg 768w, https:\/\/infoecos.com.ar\/wp-content\/uploads\/2024\/02\/trenbeer-1024x682.jpg 1024w, https:\/\/infoecos.com.ar\/wp-content\/uploads\/2024\/02\/trenbeer-675x450.jpg 675w\" sizes=\"(max-width: 1280px) 100vw, 1280px\" \/><\/figure>\n\n\n\n<figure class=\"wp-block-image size-large\"><img loading=\"lazy\" decoding=\"async\" width=\"1280\" height=\"853\" data-id=\"119312\" src=\"https:\/\/infoecos.com.ar\/wp-content\/uploads\/2024\/02\/trenbeer1.jpg\" alt=\"\" class=\"wp-image-119312\" srcset=\"https:\/\/infoecos.com.ar\/wp-content\/uploads\/2024\/02\/trenbeer1.jpg 1280w, https:\/\/infoecos.com.ar\/wp-content\/uploads\/2024\/02\/trenbeer1-800x533.jpg 800w, https:\/\/infoecos.com.ar\/wp-content\/uploads\/2024\/02\/trenbeer1-768x512.jpg 768w, https:\/\/infoecos.com.ar\/wp-content\/uploads\/2024\/02\/trenbeer1-1024x682.jpg 1024w, https:\/\/infoecos.com.ar\/wp-content\/uploads\/2024\/02\/trenbeer1-675x450.jpg 675w\" sizes=\"(max-width: 1280px) 100vw, 1280px\" \/><\/figure>\n\n\n\n<figure class=\"wp-block-image size-large\"><img loading=\"lazy\" decoding=\"async\" width=\"1280\" height=\"853\" data-id=\"119313\" src=\"https:\/\/infoecos.com.ar\/wp-content\/uploads\/2024\/02\/trenbeer2.jpg\" alt=\"\" class=\"wp-image-119313\" srcset=\"https:\/\/infoecos.com.ar\/wp-content\/uploads\/2024\/02\/trenbeer2.jpg 1280w, https:\/\/infoecos.com.ar\/wp-content\/uploads\/2024\/02\/trenbeer2-800x533.jpg 800w, https:\/\/infoecos.com.ar\/wp-content\/uploads\/2024\/02\/trenbeer2-768x512.jpg 768w, https:\/\/infoecos.com.ar\/wp-content\/uploads\/2024\/02\/trenbeer2-1024x682.jpg 1024w, https:\/\/infoecos.com.ar\/wp-content\/uploads\/2024\/02\/trenbeer2-675x450.jpg 675w\" sizes=\"(max-width: 1280px) 100vw, 1280px\" \/><\/figure>\n<\/figure>\n\n\n\n<p>Grupos de amigos, en familias, de a uno, ni\u00f1os acompa\u00f1ando a sus padres, hasta adultos mayores. La mayor\u00eda eran locales, aunque llegaron de otras localidades del distrito e incluso de partidos vecinos. <\/p>\n\n\n\n<p>El <em>Trenque Beer II <\/em>fue organizado por el equipo de la subsecretar\u00eda de Desarrollo Econ\u00f3mico y Productivo municipal, a cargo de Germ\u00e1n Lauro, super\u00f3 holgadamente las tres mil personas de la primera edici\u00f3n, realizada el a\u00f1o pasado.<\/p>\n\n\n\n<figure class=\"wp-block-gallery has-nested-images columns-default is-cropped wp-block-gallery-2 is-layout-flex wp-block-gallery-is-layout-flex\">\n<figure class=\"wp-block-image size-large\"><img loading=\"lazy\" decoding=\"async\" width=\"1280\" height=\"853\" data-id=\"119314\" src=\"https:\/\/infoecos.com.ar\/wp-content\/uploads\/2024\/02\/trenbeer3.jpg\" alt=\"\" class=\"wp-image-119314\" srcset=\"https:\/\/infoecos.com.ar\/wp-content\/uploads\/2024\/02\/trenbeer3.jpg 1280w, https:\/\/infoecos.com.ar\/wp-content\/uploads\/2024\/02\/trenbeer3-800x533.jpg 800w, https:\/\/infoecos.com.ar\/wp-content\/uploads\/2024\/02\/trenbeer3-768x512.jpg 768w, https:\/\/infoecos.com.ar\/wp-content\/uploads\/2024\/02\/trenbeer3-1024x682.jpg 1024w, https:\/\/infoecos.com.ar\/wp-content\/uploads\/2024\/02\/trenbeer3-675x450.jpg 675w\" sizes=\"(max-width: 1280px) 100vw, 1280px\" \/><\/figure>\n\n\n\n<figure class=\"wp-block-image size-large\"><img loading=\"lazy\" decoding=\"async\" width=\"1280\" height=\"853\" data-id=\"119315\" src=\"https:\/\/infoecos.com.ar\/wp-content\/uploads\/2024\/02\/trenbeer4.jpg\" alt=\"\" class=\"wp-image-119315\" srcset=\"https:\/\/infoecos.com.ar\/wp-content\/uploads\/2024\/02\/trenbeer4.jpg 1280w, https:\/\/infoecos.com.ar\/wp-content\/uploads\/2024\/02\/trenbeer4-800x533.jpg 800w, https:\/\/infoecos.com.ar\/wp-content\/uploads\/2024\/02\/trenbeer4-768x512.jpg 768w, https:\/\/infoecos.com.ar\/wp-content\/uploads\/2024\/02\/trenbeer4-1024x682.jpg 1024w, https:\/\/infoecos.com.ar\/wp-content\/uploads\/2024\/02\/trenbeer4-675x450.jpg 675w\" sizes=\"(max-width: 1280px) 100vw, 1280px\" \/><\/figure>\n\n\n\n<figure class=\"wp-block-image size-large\"><img loading=\"lazy\" decoding=\"async\" width=\"1280\" height=\"853\" data-id=\"119316\" src=\"https:\/\/infoecos.com.ar\/wp-content\/uploads\/2024\/02\/trenbeer5.jpg\" alt=\"\" class=\"wp-image-119316\" srcset=\"https:\/\/infoecos.com.ar\/wp-content\/uploads\/2024\/02\/trenbeer5.jpg 1280w, https:\/\/infoecos.com.ar\/wp-content\/uploads\/2024\/02\/trenbeer5-800x533.jpg 800w, https:\/\/infoecos.com.ar\/wp-content\/uploads\/2024\/02\/trenbeer5-768x512.jpg 768w, https:\/\/infoecos.com.ar\/wp-content\/uploads\/2024\/02\/trenbeer5-1024x682.jpg 1024w, https:\/\/infoecos.com.ar\/wp-content\/uploads\/2024\/02\/trenbeer5-675x450.jpg 675w\" sizes=\"(max-width: 1280px) 100vw, 1280px\" \/><\/figure>\n<\/figure>\n\n\n\n<p>A partir de las 19  los visitantes fueron recibidos por personal del Municipio que les entregaba un Eco Vaso con el logo del Encuentro que primero pudieron usar durante toda la noche recarg\u00e1ndolo de la bebida que quisieron tomar para luego llev\u00e1rselo de recuerdo. La utilizaci\u00f3n del Eco Vaso tuvo adem\u00e1s otro objetivo: reducir el impacto ambiental que generan los vasos pl\u00e1sticos.<\/p>\n\n\n\n<p>La noche acompa\u00f1\u00f3 con buen clima. Se presentaron las bandas sonoras de pel\u00edculas; de Kokor\u00f3 y de La Maykel Band, que cont\u00f3 con el Alem\u00e1n Azpiroz como invitado.<\/p>\n\n\n\n<figure class=\"wp-block-gallery has-nested-images columns-default is-cropped wp-block-gallery-3 is-layout-flex wp-block-gallery-is-layout-flex\">\n<figure class=\"wp-block-image size-large\"><img loading=\"lazy\" decoding=\"async\" width=\"1280\" height=\"853\" data-id=\"119317\" src=\"https:\/\/infoecos.com.ar\/wp-content\/uploads\/2024\/02\/trenbeer6.jpg\" alt=\"\" class=\"wp-image-119317\" srcset=\"https:\/\/infoecos.com.ar\/wp-content\/uploads\/2024\/02\/trenbeer6.jpg 1280w, https:\/\/infoecos.com.ar\/wp-content\/uploads\/2024\/02\/trenbeer6-800x533.jpg 800w, https:\/\/infoecos.com.ar\/wp-content\/uploads\/2024\/02\/trenbeer6-768x512.jpg 768w, https:\/\/infoecos.com.ar\/wp-content\/uploads\/2024\/02\/trenbeer6-1024x682.jpg 1024w, https:\/\/infoecos.com.ar\/wp-content\/uploads\/2024\/02\/trenbeer6-675x450.jpg 675w\" sizes=\"(max-width: 1280px) 100vw, 1280px\" \/><\/figure>\n\n\n\n<figure class=\"wp-block-image size-large\"><img loading=\"lazy\" decoding=\"async\" width=\"1280\" height=\"853\" data-id=\"119318\" src=\"https:\/\/infoecos.com.ar\/wp-content\/uploads\/2024\/02\/trenbeer7.jpg\" alt=\"\" class=\"wp-image-119318\" srcset=\"https:\/\/infoecos.com.ar\/wp-content\/uploads\/2024\/02\/trenbeer7.jpg 1280w, https:\/\/infoecos.com.ar\/wp-content\/uploads\/2024\/02\/trenbeer7-800x533.jpg 800w, https:\/\/infoecos.com.ar\/wp-content\/uploads\/2024\/02\/trenbeer7-768x512.jpg 768w, https:\/\/infoecos.com.ar\/wp-content\/uploads\/2024\/02\/trenbeer7-1024x682.jpg 1024w, https:\/\/infoecos.com.ar\/wp-content\/uploads\/2024\/02\/trenbeer7-675x450.jpg 675w\" sizes=\"(max-width: 1280px) 100vw, 1280px\" \/><\/figure>\n\n\n\n<figure class=\"wp-block-image size-large\"><img loading=\"lazy\" decoding=\"async\" width=\"1600\" height=\"1200\" data-id=\"119319\" src=\"https:\/\/infoecos.com.ar\/wp-content\/uploads\/2024\/02\/trenbeer8.jpg\" alt=\"\" class=\"wp-image-119319\" srcset=\"https:\/\/infoecos.com.ar\/wp-content\/uploads\/2024\/02\/trenbeer8.jpg 1600w, https:\/\/infoecos.com.ar\/wp-content\/uploads\/2024\/02\/trenbeer8-800x600.jpg 800w, https:\/\/infoecos.com.ar\/wp-content\/uploads\/2024\/02\/trenbeer8-768x576.jpg 768w, https:\/\/infoecos.com.ar\/wp-content\/uploads\/2024\/02\/trenbeer8-1536x1152.jpg 1536w, https:\/\/infoecos.com.ar\/wp-content\/uploads\/2024\/02\/trenbeer8-1024x768.jpg 1024w\" sizes=\"(max-width: 1600px) 100vw, 1600px\" \/><\/figure>\n<\/figure>\n\n\n\n<p>El intendente Francisco Recoulat fue de los primeros en sumarse el Trenque Beer II. <\/p>\n\n\n\n<p>Del Patio Cervecero participaron los elaboradores de cerveza artesanal Westen, Amanecer (30 de Agosto), Lonko Pinc\u00e9n, Trenque Craft, Coldem, Viggio, Macedonia, Ninka y El Bagual, y los productores de gin Minari, Gin Trenque Lauquen y Xymox. Y en el Patio Gastron\u00f3mico tambi\u00e9n la oferta fue amplia: hubo ocho food trucks y puestos de Pata Negra, Lusail Hamburguesas, Helados Alexis Rosero, postres de Tatiana Bueno y Chacinados Soler, estos dos \u00faltimos de 30 de Agosto, adem\u00e1s de la Cantina atendida por la Cooperadora de Casa del Ni\u00f1o que tuvo una propuesta de pizzas y panqueques.<\/p>\n\n\n\n<p><\/p>\n","protected":false},"excerpt":{"rendered":"<p>Fue organizado por el equipo de la subsecretar\u00eda de Desarrollo Econ\u00f3mico y Productivo municipal, a cargo de Germ\u00e1n Lauro<\/p>\n","protected":false},"author":2,"featured_media":119311,"comment_status":"closed","ping_status":"open","sticky":false,"template":"","format":"standard","meta":{"footnotes":""},"categories":[198],"tags":[10110],"class_list":["post-119310","post","type-post","status-publish","format-standard","has-post-thumbnail","hentry","category-c1nota5","tag-sabado-y-domingo-madrugada"],"yoast_head":"<!-- This site is optimized with the Yoast SEO plugin v23.4 - https:\/\/yoast.com\/wordpress\/plugins\/seo\/ -->\n<title>Noche de encuentro, producci\u00f3n y m\u00fasica: m\u00e1s de 3.000 personas en el Trenque Beer II - Infoecos<\/title>\n<meta name=\"robots\" content=\"index, follow, max-snippet:-1, max-image-preview:large, max-video-preview:-1\" \/>\n<link rel=\"canonical\" href=\"https:\/\/infoecos.com.ar\/index.php\/noche-de-encuentro-produccion-y-musica-mas-de-3-000-personas-en-el-trenque-beer-ii\/\" \/>\n<meta property=\"og:locale\" content=\"es_ES\" \/>\n<meta property=\"og:type\" content=\"article\" \/>\n<meta property=\"og:title\" content=\"Noche de encuentro, producci\u00f3n y m\u00fasica: m\u00e1s de 3.000 personas en el Trenque Beer II - Infoecos\" \/>\n<meta property=\"og:description\" content=\"Fue organizado por el equipo de la subsecretar\u00eda de Desarrollo Econ\u00f3mico y Productivo municipal, a cargo de Germ\u00e1n Lauro\" \/>\n<meta property=\"og:url\" content=\"https:\/\/infoecos.com.ar\/index.php\/noche-de-encuentro-produccion-y-musica-mas-de-3-000-personas-en-el-trenque-beer-ii\/\" \/>\n<meta property=\"og:site_name\" content=\"Infoecos\" \/>\n<meta property=\"article:publisher\" content=\"https:\/\/www.facebook.com\/profile.php?id=100063200290284\" \/>\n<meta property=\"article:published_time\" content=\"2024-02-18T14:25:28+00:00\" \/>\n<meta property=\"article:modified_time\" content=\"2024-02-19T03:51:03+00:00\" \/>\n<meta property=\"og:image\" content=\"https:\/\/infoecos.com.ar\/wp-content\/uploads\/2024\/02\/trenbeer.jpg\" \/>\n\t<meta property=\"og:image:width\" content=\"1280\" \/>\n\t<meta property=\"og:image:height\" content=\"853\" \/>\n\t<meta property=\"og:image:type\" content=\"image\/jpeg\" \/>\n<meta name=\"author\" content=\"Jorge Matheus\" \/>\n<meta name=\"twitter:card\" content=\"summary_large_image\" \/>\n<meta name=\"twitter:creator\" content=\"@infoecos\" \/>\n<meta name=\"twitter:site\" content=\"@infoecos\" \/>\n<meta name=\"twitter:label1\" content=\"Escrito por\" \/>\n\t<meta name=\"twitter:data1\" content=\"Jorge Matheus\" \/>\n\t<meta name=\"twitter:label2\" content=\"Tiempo de lectura\" \/>\n\t<meta name=\"twitter:data2\" content=\"4 minutos\" \/>\n<script type=\"application\/ld+json\" class=\"yoast-schema-graph\">{\"@context\":\"https:\/\/schema.org\",\"@graph\":[{\"@type\":\"Article\",\"@id\":\"https:\/\/infoecos.com.ar\/index.php\/noche-de-encuentro-produccion-y-musica-mas-de-3-000-personas-en-el-trenque-beer-ii\/#article\",\"isPartOf\":{\"@id\":\"https:\/\/infoecos.com.ar\/index.php\/noche-de-encuentro-produccion-y-musica-mas-de-3-000-personas-en-el-trenque-beer-ii\/\"},\"author\":{\"name\":\"Jorge Matheus\",\"@id\":\"https:\/\/infoecos.com.ar\/#\/schema\/person\/8f5ace5ce73b4b4aac4b7245aee6f191\"},\"headline\":\"Noche de encuentro, producci\u00f3n y m\u00fasica: m\u00e1s de 3.000 personas en el Trenque Beer II\",\"datePublished\":\"2024-02-18T14:25:28+00:00\",\"dateModified\":\"2024-02-19T03:51:03+00:00\",\"mainEntityOfPage\":{\"@id\":\"https:\/\/infoecos.com.ar\/index.php\/noche-de-encuentro-produccion-y-musica-mas-de-3-000-personas-en-el-trenque-beer-ii\/\"},\"wordCount\":329,\"publisher\":{\"@id\":\"https:\/\/infoecos.com.ar\/#organization\"},\"image\":{\"@id\":\"https:\/\/infoecos.com.ar\/index.php\/noche-de-encuentro-produccion-y-musica-mas-de-3-000-personas-en-el-trenque-beer-ii\/#primaryimage\"},\"thumbnailUrl\":\"https:\/\/infoecos.com.ar\/wp-content\/uploads\/2024\/02\/trenbeer.jpg\",\"keywords\":[\"s\u00e1bado y domingo madrugada\"],\"articleSection\":[\"C1 nota 5\"],\"inLanguage\":\"es\"},{\"@type\":\"WebPage\",\"@id\":\"https:\/\/infoecos.com.ar\/index.php\/noche-de-encuentro-produccion-y-musica-mas-de-3-000-personas-en-el-trenque-beer-ii\/\",\"url\":\"https:\/\/infoecos.com.ar\/index.php\/noche-de-encuentro-produccion-y-musica-mas-de-3-000-personas-en-el-trenque-beer-ii\/\",\"name\":\"Noche de encuentro, producci\u00f3n y m\u00fasica: m\u00e1s de 3.000 personas en el Trenque Beer II - Infoecos\",\"isPartOf\":{\"@id\":\"https:\/\/infoecos.com.ar\/#website\"},\"primaryImageOfPage\":{\"@id\":\"https:\/\/infoecos.com.ar\/index.php\/noche-de-encuentro-produccion-y-musica-mas-de-3-000-personas-en-el-trenque-beer-ii\/#primaryimage\"},\"image\":{\"@id\":\"https:\/\/infoecos.com.ar\/index.php\/noche-de-encuentro-produccion-y-musica-mas-de-3-000-personas-en-el-trenque-beer-ii\/#primaryimage\"},\"thumbnailUrl\":\"https:\/\/infoecos.com.ar\/wp-content\/uploads\/2024\/02\/trenbeer.jpg\",\"datePublished\":\"2024-02-18T14:25:28+00:00\",\"dateModified\":\"2024-02-19T03:51:03+00:00\",\"breadcrumb\":{\"@id\":\"https:\/\/infoecos.com.ar\/index.php\/noche-de-encuentro-produccion-y-musica-mas-de-3-000-personas-en-el-trenque-beer-ii\/#breadcrumb\"},\"inLanguage\":\"es\",\"potentialAction\":[{\"@type\":\"ReadAction\",\"target\":[\"https:\/\/infoecos.com.ar\/index.php\/noche-de-encuentro-produccion-y-musica-mas-de-3-000-personas-en-el-trenque-beer-ii\/\"]}]},{\"@type\":\"ImageObject\",\"inLanguage\":\"es\",\"@id\":\"https:\/\/infoecos.com.ar\/index.php\/noche-de-encuentro-produccion-y-musica-mas-de-3-000-personas-en-el-trenque-beer-ii\/#primaryimage\",\"url\":\"https:\/\/infoecos.com.ar\/wp-content\/uploads\/2024\/02\/trenbeer.jpg\",\"contentUrl\":\"https:\/\/infoecos.com.ar\/wp-content\/uploads\/2024\/02\/trenbeer.jpg\",\"width\":1280,\"height\":853},{\"@type\":\"BreadcrumbList\",\"@id\":\"https:\/\/infoecos.com.ar\/index.php\/noche-de-encuentro-produccion-y-musica-mas-de-3-000-personas-en-el-trenque-beer-ii\/#breadcrumb\",\"itemListElement\":[{\"@type\":\"ListItem\",\"position\":1,\"name\":\"Portada\",\"item\":\"https:\/\/infoecos.com.ar\/\"},{\"@type\":\"ListItem\",\"position\":2,\"name\":\"Noche de encuentro, producci\u00f3n y m\u00fasica: m\u00e1s de 3.000 personas en el Trenque Beer II\"}]},{\"@type\":\"WebSite\",\"@id\":\"https:\/\/infoecos.com.ar\/#website\",\"url\":\"https:\/\/infoecos.com.ar\/\",\"name\":\"Infoecos\",\"description\":\"Noticias de trenque lauquen y la zona\",\"publisher\":{\"@id\":\"https:\/\/infoecos.com.ar\/#organization\"},\"alternateName\":\"Noticias\",\"potentialAction\":[{\"@type\":\"SearchAction\",\"target\":{\"@type\":\"EntryPoint\",\"urlTemplate\":\"https:\/\/infoecos.com.ar\/?s={search_term_string}\"},\"query-input\":{\"@type\":\"PropertyValueSpecification\",\"valueRequired\":true,\"valueName\":\"search_term_string\"}}],\"inLanguage\":\"es\"},{\"@type\":\"Organization\",\"@id\":\"https:\/\/infoecos.com.ar\/#organization\",\"name\":\"Infoecos\",\"alternateName\":\"Noticias\",\"url\":\"https:\/\/infoecos.com.ar\/\",\"logo\":{\"@type\":\"ImageObject\",\"inLanguage\":\"es\",\"@id\":\"https:\/\/infoecos.com.ar\/#\/schema\/logo\/image\/\",\"url\":\"https:\/\/infoecos.com.ar\/wp-content\/uploads\/2024\/03\/cropped-logo.png\",\"contentUrl\":\"https:\/\/infoecos.com.ar\/wp-content\/uploads\/2024\/03\/cropped-logo.png\",\"width\":374,\"height\":90,\"caption\":\"Infoecos\"},\"image\":{\"@id\":\"https:\/\/infoecos.com.ar\/#\/schema\/logo\/image\/\"},\"sameAs\":[\"https:\/\/www.facebook.com\/profile.php?id=100063200290284\",\"https:\/\/x.com\/infoecos\"]},{\"@type\":\"Person\",\"@id\":\"https:\/\/infoecos.com.ar\/#\/schema\/person\/8f5ace5ce73b4b4aac4b7245aee6f191\",\"name\":\"Jorge Matheus\",\"url\":\"https:\/\/infoecos.com.ar\/index.php\/author\/jomatheus\/\"}]}<\/script>\n<!-- \/ Yoast SEO plugin. -->","yoast_head_json":{"title":"Noche de encuentro, producci\u00f3n y m\u00fasica: m\u00e1s de 3.000 personas en el Trenque Beer II - Infoecos","robots":{"index":"index","follow":"follow","max-snippet":"max-snippet:-1","max-image-preview":"max-image-preview:large","max-video-preview":"max-video-preview:-1"},"canonical":"https:\/\/infoecos.com.ar\/index.php\/noche-de-encuentro-produccion-y-musica-mas-de-3-000-personas-en-el-trenque-beer-ii\/","og_locale":"es_ES","og_type":"article","og_title":"Noche de encuentro, producci\u00f3n y m\u00fasica: m\u00e1s de 3.000 personas en el Trenque Beer II - Infoecos","og_description":"Fue organizado por el equipo de la subsecretar\u00eda de Desarrollo Econ\u00f3mico y Productivo municipal, a cargo de Germ\u00e1n Lauro","og_url":"https:\/\/infoecos.com.ar\/index.php\/noche-de-encuentro-produccion-y-musica-mas-de-3-000-personas-en-el-trenque-beer-ii\/","og_site_name":"Infoecos","article_publisher":"https:\/\/www.facebook.com\/profile.php?id=100063200290284","article_published_time":"2024-02-18T14:25:28+00:00","article_modified_time":"2024-02-19T03:51:03+00:00","og_image":[{"width":1280,"height":853,"url":"https:\/\/infoecos.com.ar\/wp-content\/uploads\/2024\/02\/trenbeer.jpg","type":"image\/jpeg"}],"author":"Jorge Matheus","twitter_card":"summary_large_image","twitter_creator":"@infoecos","twitter_site":"@infoecos","twitter_misc":{"Escrito por":"Jorge Matheus","Tiempo de lectura":"4 minutos"},"schema":{"@context":"https:\/\/schema.org","@graph":[{"@type":"Article","@id":"https:\/\/infoecos.com.ar\/index.php\/noche-de-encuentro-produccion-y-musica-mas-de-3-000-personas-en-el-trenque-beer-ii\/#article","isPartOf":{"@id":"https:\/\/infoecos.com.ar\/index.php\/noche-de-encuentro-produccion-y-musica-mas-de-3-000-personas-en-el-trenque-beer-ii\/"},"author":{"name":"Jorge Matheus","@id":"https:\/\/infoecos.com.ar\/#\/schema\/person\/8f5ace5ce73b4b4aac4b7245aee6f191"},"headline":"Noche de encuentro, producci\u00f3n y m\u00fasica: m\u00e1s de 3.000 personas en el Trenque Beer II","datePublished":"2024-02-18T14:25:28+00:00","dateModified":"2024-02-19T03:51:03+00:00","mainEntityOfPage":{"@id":"https:\/\/infoecos.com.ar\/index.php\/noche-de-encuentro-produccion-y-musica-mas-de-3-000-personas-en-el-trenque-beer-ii\/"},"wordCount":329,"publisher":{"@id":"https:\/\/infoecos.com.ar\/#organization"},"image":{"@id":"https:\/\/infoecos.com.ar\/index.php\/noche-de-encuentro-produccion-y-musica-mas-de-3-000-personas-en-el-trenque-beer-ii\/#primaryimage"},"thumbnailUrl":"https:\/\/infoecos.com.ar\/wp-content\/uploads\/2024\/02\/trenbeer.jpg","keywords":["s\u00e1bado y domingo madrugada"],"articleSection":["C1 nota 5"],"inLanguage":"es"},{"@type":"WebPage","@id":"https:\/\/infoecos.com.ar\/index.php\/noche-de-encuentro-produccion-y-musica-mas-de-3-000-personas-en-el-trenque-beer-ii\/","url":"https:\/\/infoecos.com.ar\/index.php\/noche-de-encuentro-produccion-y-musica-mas-de-3-000-personas-en-el-trenque-beer-ii\/","name":"Noche de encuentro, producci\u00f3n y m\u00fasica: m\u00e1s de 3.000 personas en el Trenque Beer II - Infoecos","isPartOf":{"@id":"https:\/\/infoecos.com.ar\/#website"},"primaryImageOfPage":{"@id":"https:\/\/infoecos.com.ar\/index.php\/noche-de-encuentro-produccion-y-musica-mas-de-3-000-personas-en-el-trenque-beer-ii\/#primaryimage"},"image":{"@id":"https:\/\/infoecos.com.ar\/index.php\/noche-de-encuentro-produccion-y-musica-mas-de-3-000-personas-en-el-trenque-beer-ii\/#primaryimage"},"thumbnailUrl":"https:\/\/infoecos.com.ar\/wp-content\/uploads\/2024\/02\/trenbeer.jpg","datePublished":"2024-02-18T14:25:28+00:00","dateModified":"2024-02-19T03:51:03+00:00","breadcrumb":{"@id":"https:\/\/infoecos.com.ar\/index.php\/noche-de-encuentro-produccion-y-musica-mas-de-3-000-personas-en-el-trenque-beer-ii\/#breadcrumb"},"inLanguage":"es","potentialAction":[{"@type":"ReadAction","target":["https:\/\/infoecos.com.ar\/index.php\/noche-de-encuentro-produccion-y-musica-mas-de-3-000-personas-en-el-trenque-beer-ii\/"]}]},{"@type":"ImageObject","inLanguage":"es","@id":"https:\/\/infoecos.com.ar\/index.php\/noche-de-encuentro-produccion-y-musica-mas-de-3-000-personas-en-el-trenque-beer-ii\/#primaryimage","url":"https:\/\/infoecos.com.ar\/wp-content\/uploads\/2024\/02\/trenbeer.jpg","contentUrl":"https:\/\/infoecos.com.ar\/wp-content\/uploads\/2024\/02\/trenbeer.jpg","width":1280,"height":853},{"@type":"BreadcrumbList","@id":"https:\/\/infoecos.com.ar\/index.php\/noche-de-encuentro-produccion-y-musica-mas-de-3-000-personas-en-el-trenque-beer-ii\/#breadcrumb","itemListElement":[{"@type":"ListItem","position":1,"name":"Portada","item":"https:\/\/infoecos.com.ar\/"},{"@type":"ListItem","position":2,"name":"Noche de encuentro, producci\u00f3n y m\u00fasica: m\u00e1s de 3.000 personas en el Trenque Beer II"}]},{"@type":"WebSite","@id":"https:\/\/infoecos.com.ar\/#website","url":"https:\/\/infoecos.com.ar\/","name":"Infoecos","description":"Noticias de trenque lauquen y la zona","publisher":{"@id":"https:\/\/infoecos.com.ar\/#organization"},"alternateName":"Noticias","potentialAction":[{"@type":"SearchAction","target":{"@type":"EntryPoint","urlTemplate":"https:\/\/infoecos.com.ar\/?s={search_term_string}"},"query-input":{"@type":"PropertyValueSpecification","valueRequired":true,"valueName":"search_term_string"}}],"inLanguage":"es"},{"@type":"Organization","@id":"https:\/\/infoecos.com.ar\/#organization","name":"Infoecos","alternateName":"Noticias","url":"https:\/\/infoecos.com.ar\/","logo":{"@type":"ImageObject","inLanguage":"es","@id":"https:\/\/infoecos.com.ar\/#\/schema\/logo\/image\/","url":"https:\/\/infoecos.com.ar\/wp-content\/uploads\/2024\/03\/cropped-logo.png","contentUrl":"https:\/\/infoecos.com.ar\/wp-content\/uploads\/2024\/03\/cropped-logo.png","width":374,"height":90,"caption":"Infoecos"},"image":{"@id":"https:\/\/infoecos.com.ar\/#\/schema\/logo\/image\/"},"sameAs":["https:\/\/www.facebook.com\/profile.php?id=100063200290284","https:\/\/x.com\/infoecos"]},{"@type":"Person","@id":"https:\/\/infoecos.com.ar\/#\/schema\/person\/8f5ace5ce73b4b4aac4b7245aee6f191","name":"Jorge Matheus","url":"https:\/\/infoecos.com.ar\/index.php\/author\/jomatheus\/"}]}},"featured_image_urls":{"full":["https:\/\/infoecos.com.ar\/wp-content\/uploads\/2024\/02\/trenbeer.jpg",1280,853,false],"thumbnail":["https:\/\/infoecos.com.ar\/wp-content\/uploads\/2024\/02\/trenbeer-300x150.jpg",300,150,true],"medium":["https:\/\/infoecos.com.ar\/wp-content\/uploads\/2024\/02\/trenbeer-800x533.jpg",800,533,true],"medium_large":["https:\/\/infoecos.com.ar\/wp-content\/uploads\/2024\/02\/trenbeer-768x512.jpg",640,427,true],"large":["https:\/\/infoecos.com.ar\/wp-content\/uploads\/2024\/02\/trenbeer.jpg",640,427,false],"1536x1536":["https:\/\/infoecos.com.ar\/wp-content\/uploads\/2024\/02\/trenbeer.jpg",1280,853,false],"2048x2048":["https:\/\/infoecos.com.ar\/wp-content\/uploads\/2024\/02\/trenbeer.jpg",1280,853,false],"covernews-slider-full":["https:\/\/infoecos.com.ar\/wp-content\/uploads\/2024\/02\/trenbeer.jpg",1073,715,false],"covernews-slider-center":["https:\/\/infoecos.com.ar\/wp-content\/uploads\/2024\/02\/trenbeer-936x853.jpg",549,500,true],"covernews-featured":["https:\/\/infoecos.com.ar\/wp-content\/uploads\/2024\/02\/trenbeer-1024x682.jpg",1024,682,true],"covernews-medium":["https:\/\/infoecos.com.ar\/wp-content\/uploads\/2024\/02\/trenbeer-720x380.jpg",540,285,true],"covernews-medium-square":["https:\/\/infoecos.com.ar\/wp-content\/uploads\/2024\/02\/trenbeer-675x450.jpg",375,250,true]},"author_info":{"info":["Jorge Matheus"]},"category_info":"<a href=\"https:\/\/infoecos.com.ar\/index.php\/category\/c1nota5\/\" rel=\"category tag\">C1 nota 5<\/a>","tag_info":"C1 nota 5","comment_count":"0","_links":{"self":[{"href":"https:\/\/infoecos.com.ar\/index.php\/wp-json\/wp\/v2\/posts\/119310"}],"collection":[{"href":"https:\/\/infoecos.com.ar\/index.php\/wp-json\/wp\/v2\/posts"}],"about":[{"href":"https:\/\/infoecos.com.ar\/index.php\/wp-json\/wp\/v2\/types\/post"}],"author":[{"embeddable":true,"href":"https:\/\/infoecos.com.ar\/index.php\/wp-json\/wp\/v2\/users\/2"}],"replies":[{"embeddable":true,"href":"https:\/\/infoecos.com.ar\/index.php\/wp-json\/wp\/v2\/comments?post=119310"}],"version-history":[{"count":1,"href":"https:\/\/infoecos.com.ar\/index.php\/wp-json\/wp\/v2\/posts\/119310\/revisions"}],"predecessor-version":[{"id":119320,"href":"https:\/\/infoecos.com.ar\/index.php\/wp-json\/wp\/v2\/posts\/119310\/revisions\/119320"}],"wp:featuredmedia":[{"embeddable":true,"href":"https:\/\/infoecos.com.ar\/index.php\/wp-json\/wp\/v2\/media\/119311"}],"wp:attachment":[{"href":"https:\/\/infoecos.com.ar\/index.php\/wp-json\/wp\/v2\/media?parent=119310"}],"wp:term":[{"taxonomy":"category","embeddable":true,"href":"https:\/\/infoecos.com.ar\/index.php\/wp-json\/wp\/v2\/categories?post=119310"},{"taxonomy":"post_tag","embeddable":true,"href":"https:\/\/infoecos.com.ar\/index.php\/wp-json\/wp\/v2\/tags?post=119310"}],"curies":[{"name":"wp","href":"https:\/\/api.w.org\/{rel}","templated":true}]}}