{"id":119361,"date":"2024-02-18T18:43:39","date_gmt":"2024-02-18T21:43:39","guid":{"rendered":"https:\/\/infoecos.com.ar\/?p=119361"},"modified":"2024-02-18T18:43:39","modified_gmt":"2024-02-18T21:43:39","slug":"kicillof-reclama-por-la-proteccion-y-el-restablecimiento-del-fondo-nacional-de-incentivo-docente","status":"publish","type":"post","link":"https:\/\/infoecos.com.ar\/index.php\/kicillof-reclama-por-la-proteccion-y-el-restablecimiento-del-fondo-nacional-de-incentivo-docente\/","title":{"rendered":"Kicillof reclama por la protecci\u00f3n y el restablecimiento del Fondo Nacional de Incentivo Docente"},"content":{"rendered":"\n<p>Diputados de Uni\u00f3n por la Patria enviaron a la C\u00e1mara de Diputados un documento en el que reclaman la protecci\u00f3n y el restablecimiento del&nbsp;<strong>Fondo Nacional de Incentivo Docente<\/strong>, pago que el Gobierno Nacional decidi\u00f3 suspender luego de la ca\u00edda de la Ley \u00d3mnibus.<\/p>\n\n\n\n<p>Con la firma de 15 diputados y diputadas de Uni\u00f3n por la Patria el proyecto fue ingresado a la C\u00e1mara Baja horas despu\u00e9s que el vocero presidencial, Manuel Adorni, oficializara la postura oficial de dejar de enviar los fondos que representan un ingreso que engrosa el salario de los docentes de todo el pa\u00eds en entre un 10 y un 20 por ciento.<\/p>\n\n\n\n<figure class=\"wp-block-embed is-type-rich is-provider-twitter wp-block-embed-twitter\"><div class=\"wp-block-embed__wrapper\">\n<blockquote class=\"twitter-tweet\" data-width=\"550\" data-dnt=\"true\"><p lang=\"es\" dir=\"ltr\">Diputados de <a href=\"https:\/\/twitter.com\/unionxlapatria?ref_src=twsrc%5Etfw\">@unionxlapatria<\/a> presentaron un proyecto de ley que elaboramos junto al diputado M\u00e1ximo Kirchner para proteger el Fondo Nacional de Incentivo Docente y evitar as\u00ed que el salario de nuestros maestras y maestros se vea afectado por las pol\u00edticas  del Gobierno nacional.\u2026<\/p>&mdash; Axel Kicillof (@Kicillofok) <a href=\"https:\/\/twitter.com\/Kicillofok\/status\/1758654660972249446?ref_src=twsrc%5Etfw\">February 17, 2024<\/a><\/blockquote><script async src=\"https:\/\/platform.twitter.com\/widgets.js\" charset=\"utf-8\"><\/script>\n<\/div><\/figure>\n\n\n\n<p>\u201cEl Fondo de Incentivo Docente no se va a transferir porque consideramos que no tenemos la obligaci\u00f3n de hacerlo\u201d dijo Adorni que agreg\u00f3 que \u201ctodo lo que est\u00e1 dentro de la ley se transferir\u00e1 y lo que no se est\u00e1 obligado, no\u201d.<\/p>\n\n\n\n<p>Este documento enviado al Congreso fue elaborado de manera conjunta por el gobernador de Buenos Aires,\u00a0<strong>Axel Kicillof<\/strong>\u00a0y el diputado\u00a0<strong>M\u00e1ximo Kirchner<\/strong>, y acompa\u00f1ado por\u00a0<strong>Hugo Yasky<\/strong>,\u00a0<strong>Cecilia Moreau<\/strong>,\u00a0<strong>Florencia Carignano<\/strong>,\u00a0<strong>Leila Chaher<\/strong>,\u00a0<strong>Gabriela Estevez<\/strong>,\u00a0<strong>Emiliano Estrada<\/strong>,\u00a0<strong>Tomas Ledesma<\/strong>,\u00a0<strong>Magal\u00ed Mastaler<\/strong>,\u00a0<strong>Luciana Potenza<\/strong>,\u00a0<strong>Vanesa Siley<\/strong>,\u00a0<strong>Julia Strada<\/strong>,\u00a0<strong>Rodolfo Tailhade<\/strong>,\u00a0<strong>Luana Volnovich<\/strong>\u00a0Y\u00a0<strong>Christian Zulli<\/strong>.\u00a0<\/p>\n","protected":false},"excerpt":{"rendered":"<p>Pago que el Gobierno Nacional decidi\u00f3 suspender luego de la ca\u00edda de la Ley \u00d3mnibus.<\/p>\n","protected":false},"author":2,"featured_media":114133,"comment_status":"closed","ping_status":"open","sticky":false,"template":"","format":"standard","meta":{"footnotes":""},"categories":[45],"tags":[10116],"class_list":["post-119361","post","type-post","status-publish","format-standard","has-post-thumbnail","hentry","category-c1nota2","tag-documento-de-15-legisladores"],"yoast_head":"<!-- This site is optimized with the Yoast SEO plugin v23.4 - https:\/\/yoast.com\/wordpress\/plugins\/seo\/ -->\n<title>Kicillof reclama por la protecci\u00f3n y el restablecimiento del Fondo Nacional de Incentivo Docente - Infoecos<\/title>\n<meta name=\"robots\" content=\"index, follow, max-snippet:-1, max-image-preview:large, max-video-preview:-1\" \/>\n<link rel=\"canonical\" href=\"https:\/\/infoecos.com.ar\/index.php\/kicillof-reclama-por-la-proteccion-y-el-restablecimiento-del-fondo-nacional-de-incentivo-docente\/\" \/>\n<meta property=\"og:locale\" content=\"es_ES\" \/>\n<meta property=\"og:type\" content=\"article\" \/>\n<meta property=\"og:title\" content=\"Kicillof reclama por la protecci\u00f3n y el restablecimiento del Fondo Nacional de Incentivo Docente - Infoecos\" \/>\n<meta property=\"og:description\" content=\"Pago que el Gobierno Nacional decidi\u00f3 suspender luego de la ca\u00edda de la Ley \u00d3mnibus.\" \/>\n<meta property=\"og:url\" content=\"https:\/\/infoecos.com.ar\/index.php\/kicillof-reclama-por-la-proteccion-y-el-restablecimiento-del-fondo-nacional-de-incentivo-docente\/\" \/>\n<meta property=\"og:site_name\" content=\"Infoecos\" \/>\n<meta property=\"article:publisher\" content=\"https:\/\/www.facebook.com\/profile.php?id=100063200290284\" \/>\n<meta property=\"article:published_time\" content=\"2024-02-18T21:43:39+00:00\" \/>\n<meta property=\"og:image\" content=\"https:\/\/infoecos.com.ar\/wp-content\/uploads\/2023\/10\/image-97.png\" \/>\n\t<meta property=\"og:image:width\" content=\"767\" \/>\n\t<meta property=\"og:image:height\" content=\"430\" \/>\n\t<meta property=\"og:image:type\" content=\"image\/png\" \/>\n<meta name=\"author\" content=\"Jorge Matheus\" \/>\n<meta name=\"twitter:card\" content=\"summary_large_image\" \/>\n<meta name=\"twitter:creator\" content=\"@infoecos\" \/>\n<meta name=\"twitter:site\" content=\"@infoecos\" \/>\n<meta name=\"twitter:label1\" content=\"Escrito por\" \/>\n\t<meta name=\"twitter:data1\" content=\"Jorge Matheus\" \/>\n\t<meta name=\"twitter:label2\" content=\"Tiempo de lectura\" \/>\n\t<meta name=\"twitter:data2\" content=\"1 minuto\" \/>\n<script type=\"application\/ld+json\" class=\"yoast-schema-graph\">{\"@context\":\"https:\/\/schema.org\",\"@graph\":[{\"@type\":\"Article\",\"@id\":\"https:\/\/infoecos.com.ar\/index.php\/kicillof-reclama-por-la-proteccion-y-el-restablecimiento-del-fondo-nacional-de-incentivo-docente\/#article\",\"isPartOf\":{\"@id\":\"https:\/\/infoecos.com.ar\/index.php\/kicillof-reclama-por-la-proteccion-y-el-restablecimiento-del-fondo-nacional-de-incentivo-docente\/\"},\"author\":{\"name\":\"Jorge Matheus\",\"@id\":\"https:\/\/infoecos.com.ar\/#\/schema\/person\/8f5ace5ce73b4b4aac4b7245aee6f191\"},\"headline\":\"Kicillof reclama por la protecci\u00f3n y el restablecimiento del Fondo Nacional de Incentivo Docente\",\"datePublished\":\"2024-02-18T21:43:39+00:00\",\"dateModified\":\"2024-02-18T21:43:39+00:00\",\"mainEntityOfPage\":{\"@id\":\"https:\/\/infoecos.com.ar\/index.php\/kicillof-reclama-por-la-proteccion-y-el-restablecimiento-del-fondo-nacional-de-incentivo-docente\/\"},\"wordCount\":233,\"publisher\":{\"@id\":\"https:\/\/infoecos.com.ar\/#organization\"},\"image\":{\"@id\":\"https:\/\/infoecos.com.ar\/index.php\/kicillof-reclama-por-la-proteccion-y-el-restablecimiento-del-fondo-nacional-de-incentivo-docente\/#primaryimage\"},\"thumbnailUrl\":\"https:\/\/infoecos.com.ar\/wp-content\/uploads\/2023\/10\/image-97.png\",\"keywords\":[\"documento de 15 legisladores\"],\"articleSection\":[\"C1 N2\"],\"inLanguage\":\"es\"},{\"@type\":\"WebPage\",\"@id\":\"https:\/\/infoecos.com.ar\/index.php\/kicillof-reclama-por-la-proteccion-y-el-restablecimiento-del-fondo-nacional-de-incentivo-docente\/\",\"url\":\"https:\/\/infoecos.com.ar\/index.php\/kicillof-reclama-por-la-proteccion-y-el-restablecimiento-del-fondo-nacional-de-incentivo-docente\/\",\"name\":\"Kicillof reclama por la protecci\u00f3n y el restablecimiento del Fondo Nacional de Incentivo Docente - Infoecos\",\"isPartOf\":{\"@id\":\"https:\/\/infoecos.com.ar\/#website\"},\"primaryImageOfPage\":{\"@id\":\"https:\/\/infoecos.com.ar\/index.php\/kicillof-reclama-por-la-proteccion-y-el-restablecimiento-del-fondo-nacional-de-incentivo-docente\/#primaryimage\"},\"image\":{\"@id\":\"https:\/\/infoecos.com.ar\/index.php\/kicillof-reclama-por-la-proteccion-y-el-restablecimiento-del-fondo-nacional-de-incentivo-docente\/#primaryimage\"},\"thumbnailUrl\":\"https:\/\/infoecos.com.ar\/wp-content\/uploads\/2023\/10\/image-97.png\",\"datePublished\":\"2024-02-18T21:43:39+00:00\",\"dateModified\":\"2024-02-18T21:43:39+00:00\",\"breadcrumb\":{\"@id\":\"https:\/\/infoecos.com.ar\/index.php\/kicillof-reclama-por-la-proteccion-y-el-restablecimiento-del-fondo-nacional-de-incentivo-docente\/#breadcrumb\"},\"inLanguage\":\"es\",\"potentialAction\":[{\"@type\":\"ReadAction\",\"target\":[\"https:\/\/infoecos.com.ar\/index.php\/kicillof-reclama-por-la-proteccion-y-el-restablecimiento-del-fondo-nacional-de-incentivo-docente\/\"]}]},{\"@type\":\"ImageObject\",\"inLanguage\":\"es\",\"@id\":\"https:\/\/infoecos.com.ar\/index.php\/kicillof-reclama-por-la-proteccion-y-el-restablecimiento-del-fondo-nacional-de-incentivo-docente\/#primaryimage\",\"url\":\"https:\/\/infoecos.com.ar\/wp-content\/uploads\/2023\/10\/image-97.png\",\"contentUrl\":\"https:\/\/infoecos.com.ar\/wp-content\/uploads\/2023\/10\/image-97.png\",\"width\":767,\"height\":430},{\"@type\":\"BreadcrumbList\",\"@id\":\"https:\/\/infoecos.com.ar\/index.php\/kicillof-reclama-por-la-proteccion-y-el-restablecimiento-del-fondo-nacional-de-incentivo-docente\/#breadcrumb\",\"itemListElement\":[{\"@type\":\"ListItem\",\"position\":1,\"name\":\"Portada\",\"item\":\"https:\/\/infoecos.com.ar\/\"},{\"@type\":\"ListItem\",\"position\":2,\"name\":\"Kicillof reclama por la protecci\u00f3n y el restablecimiento del Fondo Nacional de Incentivo Docente\"}]},{\"@type\":\"WebSite\",\"@id\":\"https:\/\/infoecos.com.ar\/#website\",\"url\":\"https:\/\/infoecos.com.ar\/\",\"name\":\"Infoecos\",\"description\":\"Noticias de trenque lauquen y la zona\",\"publisher\":{\"@id\":\"https:\/\/infoecos.com.ar\/#organization\"},\"alternateName\":\"Noticias\",\"potentialAction\":[{\"@type\":\"SearchAction\",\"target\":{\"@type\":\"EntryPoint\",\"urlTemplate\":\"https:\/\/infoecos.com.ar\/?s={search_term_string}\"},\"query-input\":{\"@type\":\"PropertyValueSpecification\",\"valueRequired\":true,\"valueName\":\"search_term_string\"}}],\"inLanguage\":\"es\"},{\"@type\":\"Organization\",\"@id\":\"https:\/\/infoecos.com.ar\/#organization\",\"name\":\"Infoecos\",\"alternateName\":\"Noticias\",\"url\":\"https:\/\/infoecos.com.ar\/\",\"logo\":{\"@type\":\"ImageObject\",\"inLanguage\":\"es\",\"@id\":\"https:\/\/infoecos.com.ar\/#\/schema\/logo\/image\/\",\"url\":\"https:\/\/infoecos.com.ar\/wp-content\/uploads\/2024\/03\/cropped-logo.png\",\"contentUrl\":\"https:\/\/infoecos.com.ar\/wp-content\/uploads\/2024\/03\/cropped-logo.png\",\"width\":374,\"height\":90,\"caption\":\"Infoecos\"},\"image\":{\"@id\":\"https:\/\/infoecos.com.ar\/#\/schema\/logo\/image\/\"},\"sameAs\":[\"https:\/\/www.facebook.com\/profile.php?id=100063200290284\",\"https:\/\/x.com\/infoecos\"]},{\"@type\":\"Person\",\"@id\":\"https:\/\/infoecos.com.ar\/#\/schema\/person\/8f5ace5ce73b4b4aac4b7245aee6f191\",\"name\":\"Jorge Matheus\",\"url\":\"https:\/\/infoecos.com.ar\/index.php\/author\/jomatheus\/\"}]}<\/script>\n<!-- \/ Yoast SEO plugin. -->","yoast_head_json":{"title":"Kicillof reclama por la protecci\u00f3n y el restablecimiento del Fondo Nacional de Incentivo Docente - Infoecos","robots":{"index":"index","follow":"follow","max-snippet":"max-snippet:-1","max-image-preview":"max-image-preview:large","max-video-preview":"max-video-preview:-1"},"canonical":"https:\/\/infoecos.com.ar\/index.php\/kicillof-reclama-por-la-proteccion-y-el-restablecimiento-del-fondo-nacional-de-incentivo-docente\/","og_locale":"es_ES","og_type":"article","og_title":"Kicillof reclama por la protecci\u00f3n y el restablecimiento del Fondo Nacional de Incentivo Docente - Infoecos","og_description":"Pago que el Gobierno Nacional decidi\u00f3 suspender luego de la ca\u00edda de la Ley \u00d3mnibus.","og_url":"https:\/\/infoecos.com.ar\/index.php\/kicillof-reclama-por-la-proteccion-y-el-restablecimiento-del-fondo-nacional-de-incentivo-docente\/","og_site_name":"Infoecos","article_publisher":"https:\/\/www.facebook.com\/profile.php?id=100063200290284","article_published_time":"2024-02-18T21:43:39+00:00","og_image":[{"width":767,"height":430,"url":"https:\/\/infoecos.com.ar\/wp-content\/uploads\/2023\/10\/image-97.png","type":"image\/png"}],"author":"Jorge Matheus","twitter_card":"summary_large_image","twitter_creator":"@infoecos","twitter_site":"@infoecos","twitter_misc":{"Escrito por":"Jorge Matheus","Tiempo de lectura":"1 minuto"},"schema":{"@context":"https:\/\/schema.org","@graph":[{"@type":"Article","@id":"https:\/\/infoecos.com.ar\/index.php\/kicillof-reclama-por-la-proteccion-y-el-restablecimiento-del-fondo-nacional-de-incentivo-docente\/#article","isPartOf":{"@id":"https:\/\/infoecos.com.ar\/index.php\/kicillof-reclama-por-la-proteccion-y-el-restablecimiento-del-fondo-nacional-de-incentivo-docente\/"},"author":{"name":"Jorge Matheus","@id":"https:\/\/infoecos.com.ar\/#\/schema\/person\/8f5ace5ce73b4b4aac4b7245aee6f191"},"headline":"Kicillof reclama por la protecci\u00f3n y el restablecimiento del Fondo Nacional de Incentivo Docente","datePublished":"2024-02-18T21:43:39+00:00","dateModified":"2024-02-18T21:43:39+00:00","mainEntityOfPage":{"@id":"https:\/\/infoecos.com.ar\/index.php\/kicillof-reclama-por-la-proteccion-y-el-restablecimiento-del-fondo-nacional-de-incentivo-docente\/"},"wordCount":233,"publisher":{"@id":"https:\/\/infoecos.com.ar\/#organization"},"image":{"@id":"https:\/\/infoecos.com.ar\/index.php\/kicillof-reclama-por-la-proteccion-y-el-restablecimiento-del-fondo-nacional-de-incentivo-docente\/#primaryimage"},"thumbnailUrl":"https:\/\/infoecos.com.ar\/wp-content\/uploads\/2023\/10\/image-97.png","keywords":["documento de 15 legisladores"],"articleSection":["C1 N2"],"inLanguage":"es"},{"@type":"WebPage","@id":"https:\/\/infoecos.com.ar\/index.php\/kicillof-reclama-por-la-proteccion-y-el-restablecimiento-del-fondo-nacional-de-incentivo-docente\/","url":"https:\/\/infoecos.com.ar\/index.php\/kicillof-reclama-por-la-proteccion-y-el-restablecimiento-del-fondo-nacional-de-incentivo-docente\/","name":"Kicillof reclama por la protecci\u00f3n y el restablecimiento del Fondo Nacional de Incentivo Docente - Infoecos","isPartOf":{"@id":"https:\/\/infoecos.com.ar\/#website"},"primaryImageOfPage":{"@id":"https:\/\/infoecos.com.ar\/index.php\/kicillof-reclama-por-la-proteccion-y-el-restablecimiento-del-fondo-nacional-de-incentivo-docente\/#primaryimage"},"image":{"@id":"https:\/\/infoecos.com.ar\/index.php\/kicillof-reclama-por-la-proteccion-y-el-restablecimiento-del-fondo-nacional-de-incentivo-docente\/#primaryimage"},"thumbnailUrl":"https:\/\/infoecos.com.ar\/wp-content\/uploads\/2023\/10\/image-97.png","datePublished":"2024-02-18T21:43:39+00:00","dateModified":"2024-02-18T21:43:39+00:00","breadcrumb":{"@id":"https:\/\/infoecos.com.ar\/index.php\/kicillof-reclama-por-la-proteccion-y-el-restablecimiento-del-fondo-nacional-de-incentivo-docente\/#breadcrumb"},"inLanguage":"es","potentialAction":[{"@type":"ReadAction","target":["https:\/\/infoecos.com.ar\/index.php\/kicillof-reclama-por-la-proteccion-y-el-restablecimiento-del-fondo-nacional-de-incentivo-docente\/"]}]},{"@type":"ImageObject","inLanguage":"es","@id":"https:\/\/infoecos.com.ar\/index.php\/kicillof-reclama-por-la-proteccion-y-el-restablecimiento-del-fondo-nacional-de-incentivo-docente\/#primaryimage","url":"https:\/\/infoecos.com.ar\/wp-content\/uploads\/2023\/10\/image-97.png","contentUrl":"https:\/\/infoecos.com.ar\/wp-content\/uploads\/2023\/10\/image-97.png","width":767,"height":430},{"@type":"BreadcrumbList","@id":"https:\/\/infoecos.com.ar\/index.php\/kicillof-reclama-por-la-proteccion-y-el-restablecimiento-del-fondo-nacional-de-incentivo-docente\/#breadcrumb","itemListElement":[{"@type":"ListItem","position":1,"name":"Portada","item":"https:\/\/infoecos.com.ar\/"},{"@type":"ListItem","position":2,"name":"Kicillof reclama por la protecci\u00f3n y el restablecimiento del Fondo Nacional de Incentivo Docente"}]},{"@type":"WebSite","@id":"https:\/\/infoecos.com.ar\/#website","url":"https:\/\/infoecos.com.ar\/","name":"Infoecos","description":"Noticias de trenque lauquen y la zona","publisher":{"@id":"https:\/\/infoecos.com.ar\/#organization"},"alternateName":"Noticias","potentialAction":[{"@type":"SearchAction","target":{"@type":"EntryPoint","urlTemplate":"https:\/\/infoecos.com.ar\/?s={search_term_string}"},"query-input":{"@type":"PropertyValueSpecification","valueRequired":true,"valueName":"search_term_string"}}],"inLanguage":"es"},{"@type":"Organization","@id":"https:\/\/infoecos.com.ar\/#organization","name":"Infoecos","alternateName":"Noticias","url":"https:\/\/infoecos.com.ar\/","logo":{"@type":"ImageObject","inLanguage":"es","@id":"https:\/\/infoecos.com.ar\/#\/schema\/logo\/image\/","url":"https:\/\/infoecos.com.ar\/wp-content\/uploads\/2024\/03\/cropped-logo.png","contentUrl":"https:\/\/infoecos.com.ar\/wp-content\/uploads\/2024\/03\/cropped-logo.png","width":374,"height":90,"caption":"Infoecos"},"image":{"@id":"https:\/\/infoecos.com.ar\/#\/schema\/logo\/image\/"},"sameAs":["https:\/\/www.facebook.com\/profile.php?id=100063200290284","https:\/\/x.com\/infoecos"]},{"@type":"Person","@id":"https:\/\/infoecos.com.ar\/#\/schema\/person\/8f5ace5ce73b4b4aac4b7245aee6f191","name":"Jorge Matheus","url":"https:\/\/infoecos.com.ar\/index.php\/author\/jomatheus\/"}]}},"featured_image_urls":{"full":["https:\/\/infoecos.com.ar\/wp-content\/uploads\/2023\/10\/image-97.png",767,430,false],"thumbnail":["https:\/\/infoecos.com.ar\/wp-content\/uploads\/2023\/10\/image-97-300x150.png",300,150,true],"medium":["https:\/\/infoecos.com.ar\/wp-content\/uploads\/2023\/10\/image-97.png",767,430,false],"medium_large":["https:\/\/infoecos.com.ar\/wp-content\/uploads\/2023\/10\/image-97.png",640,359,false],"large":["https:\/\/infoecos.com.ar\/wp-content\/uploads\/2023\/10\/image-97.png",640,359,false],"1536x1536":["https:\/\/infoecos.com.ar\/wp-content\/uploads\/2023\/10\/image-97.png",767,430,false],"2048x2048":["https:\/\/infoecos.com.ar\/wp-content\/uploads\/2023\/10\/image-97.png",767,430,false],"covernews-slider-full":["https:\/\/infoecos.com.ar\/wp-content\/uploads\/2023\/10\/image-97.png",767,430,false],"covernews-slider-center":["https:\/\/infoecos.com.ar\/wp-content\/uploads\/2023\/10\/image-97.png",767,430,false],"covernews-featured":["https:\/\/infoecos.com.ar\/wp-content\/uploads\/2023\/10\/image-97.png",767,430,false],"covernews-medium":["https:\/\/infoecos.com.ar\/wp-content\/uploads\/2023\/10\/image-97-720x380.png",540,285,true],"covernews-medium-square":["https:\/\/infoecos.com.ar\/wp-content\/uploads\/2023\/10\/image-97-675x430.png",392,250,true]},"author_info":{"info":["Jorge Matheus"]},"category_info":"<a href=\"https:\/\/infoecos.com.ar\/index.php\/category\/c1nota2\/\" rel=\"category tag\">C1 N2<\/a>","tag_info":"C1 N2","comment_count":"0","_links":{"self":[{"href":"https:\/\/infoecos.com.ar\/index.php\/wp-json\/wp\/v2\/posts\/119361"}],"collection":[{"href":"https:\/\/infoecos.com.ar\/index.php\/wp-json\/wp\/v2\/posts"}],"about":[{"href":"https:\/\/infoecos.com.ar\/index.php\/wp-json\/wp\/v2\/types\/post"}],"author":[{"embeddable":true,"href":"https:\/\/infoecos.com.ar\/index.php\/wp-json\/wp\/v2\/users\/2"}],"replies":[{"embeddable":true,"href":"https:\/\/infoecos.com.ar\/index.php\/wp-json\/wp\/v2\/comments?post=119361"}],"version-history":[{"count":1,"href":"https:\/\/infoecos.com.ar\/index.php\/wp-json\/wp\/v2\/posts\/119361\/revisions"}],"predecessor-version":[{"id":119362,"href":"https:\/\/infoecos.com.ar\/index.php\/wp-json\/wp\/v2\/posts\/119361\/revisions\/119362"}],"wp:featuredmedia":[{"embeddable":true,"href":"https:\/\/infoecos.com.ar\/index.php\/wp-json\/wp\/v2\/media\/114133"}],"wp:attachment":[{"href":"https:\/\/infoecos.com.ar\/index.php\/wp-json\/wp\/v2\/media?parent=119361"}],"wp:term":[{"taxonomy":"category","embeddable":true,"href":"https:\/\/infoecos.com.ar\/index.php\/wp-json\/wp\/v2\/categories?post=119361"},{"taxonomy":"post_tag","embeddable":true,"href":"https:\/\/infoecos.com.ar\/index.php\/wp-json\/wp\/v2\/tags?post=119361"}],"curies":[{"name":"wp","href":"https:\/\/api.w.org\/{rel}","templated":true}]}}