{"id":119366,"date":"2024-02-18T19:19:07","date_gmt":"2024-02-18T22:19:07","guid":{"rendered":"https:\/\/infoecos.com.ar\/?p=119366"},"modified":"2024-02-20T01:36:38","modified_gmt":"2024-02-20T04:36:38","slug":"zurro-dijo-que-no-sera-aplicada-la-tasa-por-aplicacion-de-fitosanitarios","status":"publish","type":"post","link":"https:\/\/infoecos.com.ar\/index.php\/zurro-dijo-que-no-sera-aplicada-la-tasa-por-aplicacion-de-fitosanitarios\/","title":{"rendered":"Zurro dijo que no ser\u00e1 aplicada la tasa por aplicaci\u00f3n de fitosanitarios"},"content":{"rendered":"\n<p>El Intendente Municipal de Pehuajo, Pablo Javier Zurro, confirm\u00f3 que no ser\u00e1 aplicada la tasa por aplicaci\u00f3n de fitosanitarios propuesta en el proyecto de ordenanza presentado por los concejales de su propio espacio pol\u00edtico.<\/p>\n\n\n\n<figure class=\"wp-block-image size-large\"><img decoding=\"async\" src=\"https:\/\/infoecos.com.ar\/wp-content\/uploads\/mosquito_970_340-920x322.jpg\" alt=\"\" class=\"wp-image-48935\"\/><figcaption class=\"wp-element-caption\">Fumigaci\u00f3n terrestre<\/figcaption><\/figure>\n\n\n\n<p>El jefe comunal hace responsables a sus ediles de la iniciativa y asegura no haber participado de la elaboraci\u00f3n del documento que se present\u00f3 en las reuniones que se vienen manteniendo a solicitud del bloque Uni\u00f3n por la Patria con distintos actores&nbsp;de la comunidad.<\/p>\n\n\n\n<figure class=\"wp-block-image aligncenter size-full\"><img loading=\"lazy\" decoding=\"async\" width=\"658\" height=\"807\" src=\"https:\/\/infoecos.com.ar\/wp-content\/uploads\/2024\/02\/image-282.png\" alt=\"\" class=\"wp-image-119287\" srcset=\"https:\/\/infoecos.com.ar\/wp-content\/uploads\/2024\/02\/image-282.png 658w, https:\/\/infoecos.com.ar\/wp-content\/uploads\/2024\/02\/image-282-652x800.png 652w\" sizes=\"(max-width: 658px) 100vw, 658px\" \/><\/figure>\n\n\n\n<p>En la cuenta&nbsp;de facebook, Radio Magica Pehuajo, record\u00f3 que el rechazo contundente de productores, aplicadores, comerciantes; el insistente reclamo del bloque Juntos por la Libertad y la trascendencia que viene teniendo el tema incluso a nivel nacional, pueden ser los motivos que llevaron al Jefe Comunal a dar marcha atr\u00e1s en un impuesto que boicoteaba la econom\u00eda y pon\u00eda en jaque la producci\u00f3n del Distrito. No se sabr\u00e1 a ciencia cierta que fue lo que impuls\u00f3 esta decisi\u00f3n, pero lo importante es haber logrado que no se cobre por producir, remarca el portal de noticias.<\/p>\n\n\n\n<p><\/p>\n","protected":false},"excerpt":{"rendered":"<p>El jefe comunal hace responsables a sus ediles de la iniciativa y asegura no haber participado de la elaboraci\u00f3n del documento que se present\u00f3 en las reuniones que se vienen manteniendo a solicitud del bloque Uni\u00f3n por la Patria<\/p>\n","protected":false},"author":2,"featured_media":48935,"comment_status":"closed","ping_status":"open","sticky":false,"template":"","format":"standard","meta":{"footnotes":""},"categories":[51],"tags":[10119],"class_list":["post-119366","post","type-post","status-publish","format-standard","has-post-thumbnail","hentry","category-c2nota4","tag-elegante-manera-de-zafar"],"yoast_head":"<!-- This site is optimized with the Yoast SEO plugin v23.4 - https:\/\/yoast.com\/wordpress\/plugins\/seo\/ -->\n<title>Zurro dijo que no ser\u00e1 aplicada la tasa por aplicaci\u00f3n de fitosanitarios - Infoecos<\/title>\n<meta name=\"robots\" content=\"index, follow, max-snippet:-1, max-image-preview:large, max-video-preview:-1\" \/>\n<link rel=\"canonical\" href=\"https:\/\/infoecos.com.ar\/index.php\/zurro-dijo-que-no-sera-aplicada-la-tasa-por-aplicacion-de-fitosanitarios\/\" \/>\n<meta property=\"og:locale\" content=\"es_ES\" \/>\n<meta property=\"og:type\" content=\"article\" \/>\n<meta property=\"og:title\" content=\"Zurro dijo que no ser\u00e1 aplicada la tasa por aplicaci\u00f3n de fitosanitarios - Infoecos\" \/>\n<meta property=\"og:description\" content=\"El jefe comunal hace responsables a sus ediles de la iniciativa y asegura no haber participado de la elaboraci\u00f3n del documento que se present\u00f3 en las reuniones que se vienen manteniendo a solicitud del bloque Uni\u00f3n por la Patria\" \/>\n<meta property=\"og:url\" content=\"https:\/\/infoecos.com.ar\/index.php\/zurro-dijo-que-no-sera-aplicada-la-tasa-por-aplicacion-de-fitosanitarios\/\" \/>\n<meta property=\"og:site_name\" content=\"Infoecos\" \/>\n<meta property=\"article:publisher\" content=\"https:\/\/www.facebook.com\/profile.php?id=100063200290284\" \/>\n<meta property=\"article:published_time\" content=\"2024-02-18T22:19:07+00:00\" \/>\n<meta property=\"article:modified_time\" content=\"2024-02-20T04:36:38+00:00\" \/>\n<meta property=\"og:image\" content=\"https:\/\/infoecos.com.ar\/wp-content\/uploads\/mosquito_970_340.jpg\" \/>\n\t<meta property=\"og:image:width\" content=\"970\" \/>\n\t<meta property=\"og:image:height\" content=\"340\" \/>\n\t<meta property=\"og:image:type\" content=\"image\/jpeg\" \/>\n<meta name=\"author\" content=\"Jorge Matheus\" \/>\n<meta name=\"twitter:card\" content=\"summary_large_image\" \/>\n<meta name=\"twitter:creator\" content=\"@infoecos\" \/>\n<meta name=\"twitter:site\" content=\"@infoecos\" \/>\n<meta name=\"twitter:label1\" content=\"Escrito por\" \/>\n\t<meta name=\"twitter:data1\" content=\"Jorge Matheus\" \/>\n\t<meta name=\"twitter:label2\" content=\"Tiempo de lectura\" \/>\n\t<meta name=\"twitter:data2\" content=\"2 minutos\" \/>\n<script type=\"application\/ld+json\" class=\"yoast-schema-graph\">{\"@context\":\"https:\/\/schema.org\",\"@graph\":[{\"@type\":\"Article\",\"@id\":\"https:\/\/infoecos.com.ar\/index.php\/zurro-dijo-que-no-sera-aplicada-la-tasa-por-aplicacion-de-fitosanitarios\/#article\",\"isPartOf\":{\"@id\":\"https:\/\/infoecos.com.ar\/index.php\/zurro-dijo-que-no-sera-aplicada-la-tasa-por-aplicacion-de-fitosanitarios\/\"},\"author\":{\"name\":\"Jorge Matheus\",\"@id\":\"https:\/\/infoecos.com.ar\/#\/schema\/person\/8f5ace5ce73b4b4aac4b7245aee6f191\"},\"headline\":\"Zurro dijo que no ser\u00e1 aplicada la tasa por aplicaci\u00f3n de fitosanitarios\",\"datePublished\":\"2024-02-18T22:19:07+00:00\",\"dateModified\":\"2024-02-20T04:36:38+00:00\",\"mainEntityOfPage\":{\"@id\":\"https:\/\/infoecos.com.ar\/index.php\/zurro-dijo-que-no-sera-aplicada-la-tasa-por-aplicacion-de-fitosanitarios\/\"},\"wordCount\":202,\"publisher\":{\"@id\":\"https:\/\/infoecos.com.ar\/#organization\"},\"image\":{\"@id\":\"https:\/\/infoecos.com.ar\/index.php\/zurro-dijo-que-no-sera-aplicada-la-tasa-por-aplicacion-de-fitosanitarios\/#primaryimage\"},\"thumbnailUrl\":\"\",\"keywords\":[\"elegante manera de zafar\"],\"articleSection\":[\"C2 N4\"],\"inLanguage\":\"es\"},{\"@type\":\"WebPage\",\"@id\":\"https:\/\/infoecos.com.ar\/index.php\/zurro-dijo-que-no-sera-aplicada-la-tasa-por-aplicacion-de-fitosanitarios\/\",\"url\":\"https:\/\/infoecos.com.ar\/index.php\/zurro-dijo-que-no-sera-aplicada-la-tasa-por-aplicacion-de-fitosanitarios\/\",\"name\":\"Zurro dijo que no ser\u00e1 aplicada la tasa por aplicaci\u00f3n de fitosanitarios - Infoecos\",\"isPartOf\":{\"@id\":\"https:\/\/infoecos.com.ar\/#website\"},\"primaryImageOfPage\":{\"@id\":\"https:\/\/infoecos.com.ar\/index.php\/zurro-dijo-que-no-sera-aplicada-la-tasa-por-aplicacion-de-fitosanitarios\/#primaryimage\"},\"image\":{\"@id\":\"https:\/\/infoecos.com.ar\/index.php\/zurro-dijo-que-no-sera-aplicada-la-tasa-por-aplicacion-de-fitosanitarios\/#primaryimage\"},\"thumbnailUrl\":\"\",\"datePublished\":\"2024-02-18T22:19:07+00:00\",\"dateModified\":\"2024-02-20T04:36:38+00:00\",\"breadcrumb\":{\"@id\":\"https:\/\/infoecos.com.ar\/index.php\/zurro-dijo-que-no-sera-aplicada-la-tasa-por-aplicacion-de-fitosanitarios\/#breadcrumb\"},\"inLanguage\":\"es\",\"potentialAction\":[{\"@type\":\"ReadAction\",\"target\":[\"https:\/\/infoecos.com.ar\/index.php\/zurro-dijo-que-no-sera-aplicada-la-tasa-por-aplicacion-de-fitosanitarios\/\"]}]},{\"@type\":\"ImageObject\",\"inLanguage\":\"es\",\"@id\":\"https:\/\/infoecos.com.ar\/index.php\/zurro-dijo-que-no-sera-aplicada-la-tasa-por-aplicacion-de-fitosanitarios\/#primaryimage\",\"url\":\"\",\"contentUrl\":\"\"},{\"@type\":\"BreadcrumbList\",\"@id\":\"https:\/\/infoecos.com.ar\/index.php\/zurro-dijo-que-no-sera-aplicada-la-tasa-por-aplicacion-de-fitosanitarios\/#breadcrumb\",\"itemListElement\":[{\"@type\":\"ListItem\",\"position\":1,\"name\":\"Portada\",\"item\":\"https:\/\/infoecos.com.ar\/\"},{\"@type\":\"ListItem\",\"position\":2,\"name\":\"Zurro dijo que no ser\u00e1 aplicada la tasa por aplicaci\u00f3n de fitosanitarios\"}]},{\"@type\":\"WebSite\",\"@id\":\"https:\/\/infoecos.com.ar\/#website\",\"url\":\"https:\/\/infoecos.com.ar\/\",\"name\":\"Infoecos\",\"description\":\"Noticias de trenque lauquen y la zona\",\"publisher\":{\"@id\":\"https:\/\/infoecos.com.ar\/#organization\"},\"alternateName\":\"Noticias\",\"potentialAction\":[{\"@type\":\"SearchAction\",\"target\":{\"@type\":\"EntryPoint\",\"urlTemplate\":\"https:\/\/infoecos.com.ar\/?s={search_term_string}\"},\"query-input\":{\"@type\":\"PropertyValueSpecification\",\"valueRequired\":true,\"valueName\":\"search_term_string\"}}],\"inLanguage\":\"es\"},{\"@type\":\"Organization\",\"@id\":\"https:\/\/infoecos.com.ar\/#organization\",\"name\":\"Infoecos\",\"alternateName\":\"Noticias\",\"url\":\"https:\/\/infoecos.com.ar\/\",\"logo\":{\"@type\":\"ImageObject\",\"inLanguage\":\"es\",\"@id\":\"https:\/\/infoecos.com.ar\/#\/schema\/logo\/image\/\",\"url\":\"https:\/\/infoecos.com.ar\/wp-content\/uploads\/2024\/03\/cropped-logo.png\",\"contentUrl\":\"https:\/\/infoecos.com.ar\/wp-content\/uploads\/2024\/03\/cropped-logo.png\",\"width\":374,\"height\":90,\"caption\":\"Infoecos\"},\"image\":{\"@id\":\"https:\/\/infoecos.com.ar\/#\/schema\/logo\/image\/\"},\"sameAs\":[\"https:\/\/www.facebook.com\/profile.php?id=100063200290284\",\"https:\/\/x.com\/infoecos\"]},{\"@type\":\"Person\",\"@id\":\"https:\/\/infoecos.com.ar\/#\/schema\/person\/8f5ace5ce73b4b4aac4b7245aee6f191\",\"name\":\"Jorge Matheus\",\"url\":\"https:\/\/infoecos.com.ar\/index.php\/author\/jomatheus\/\"}]}<\/script>\n<!-- \/ Yoast SEO plugin. -->","yoast_head_json":{"title":"Zurro dijo que no ser\u00e1 aplicada la tasa por aplicaci\u00f3n de fitosanitarios - Infoecos","robots":{"index":"index","follow":"follow","max-snippet":"max-snippet:-1","max-image-preview":"max-image-preview:large","max-video-preview":"max-video-preview:-1"},"canonical":"https:\/\/infoecos.com.ar\/index.php\/zurro-dijo-que-no-sera-aplicada-la-tasa-por-aplicacion-de-fitosanitarios\/","og_locale":"es_ES","og_type":"article","og_title":"Zurro dijo que no ser\u00e1 aplicada la tasa por aplicaci\u00f3n de fitosanitarios - Infoecos","og_description":"El jefe comunal hace responsables a sus ediles de la iniciativa y asegura no haber participado de la elaboraci\u00f3n del documento que se present\u00f3 en las reuniones que se vienen manteniendo a solicitud del bloque Uni\u00f3n por la Patria","og_url":"https:\/\/infoecos.com.ar\/index.php\/zurro-dijo-que-no-sera-aplicada-la-tasa-por-aplicacion-de-fitosanitarios\/","og_site_name":"Infoecos","article_publisher":"https:\/\/www.facebook.com\/profile.php?id=100063200290284","article_published_time":"2024-02-18T22:19:07+00:00","article_modified_time":"2024-02-20T04:36:38+00:00","og_image":[{"width":970,"height":340,"url":"https:\/\/infoecos.com.ar\/wp-content\/uploads\/mosquito_970_340.jpg","type":"image\/jpeg"}],"author":"Jorge Matheus","twitter_card":"summary_large_image","twitter_creator":"@infoecos","twitter_site":"@infoecos","twitter_misc":{"Escrito por":"Jorge Matheus","Tiempo de lectura":"2 minutos"},"schema":{"@context":"https:\/\/schema.org","@graph":[{"@type":"Article","@id":"https:\/\/infoecos.com.ar\/index.php\/zurro-dijo-que-no-sera-aplicada-la-tasa-por-aplicacion-de-fitosanitarios\/#article","isPartOf":{"@id":"https:\/\/infoecos.com.ar\/index.php\/zurro-dijo-que-no-sera-aplicada-la-tasa-por-aplicacion-de-fitosanitarios\/"},"author":{"name":"Jorge Matheus","@id":"https:\/\/infoecos.com.ar\/#\/schema\/person\/8f5ace5ce73b4b4aac4b7245aee6f191"},"headline":"Zurro dijo que no ser\u00e1 aplicada la tasa por aplicaci\u00f3n de fitosanitarios","datePublished":"2024-02-18T22:19:07+00:00","dateModified":"2024-02-20T04:36:38+00:00","mainEntityOfPage":{"@id":"https:\/\/infoecos.com.ar\/index.php\/zurro-dijo-que-no-sera-aplicada-la-tasa-por-aplicacion-de-fitosanitarios\/"},"wordCount":202,"publisher":{"@id":"https:\/\/infoecos.com.ar\/#organization"},"image":{"@id":"https:\/\/infoecos.com.ar\/index.php\/zurro-dijo-que-no-sera-aplicada-la-tasa-por-aplicacion-de-fitosanitarios\/#primaryimage"},"thumbnailUrl":"","keywords":["elegante manera de zafar"],"articleSection":["C2 N4"],"inLanguage":"es"},{"@type":"WebPage","@id":"https:\/\/infoecos.com.ar\/index.php\/zurro-dijo-que-no-sera-aplicada-la-tasa-por-aplicacion-de-fitosanitarios\/","url":"https:\/\/infoecos.com.ar\/index.php\/zurro-dijo-que-no-sera-aplicada-la-tasa-por-aplicacion-de-fitosanitarios\/","name":"Zurro dijo que no ser\u00e1 aplicada la tasa por aplicaci\u00f3n de fitosanitarios - Infoecos","isPartOf":{"@id":"https:\/\/infoecos.com.ar\/#website"},"primaryImageOfPage":{"@id":"https:\/\/infoecos.com.ar\/index.php\/zurro-dijo-que-no-sera-aplicada-la-tasa-por-aplicacion-de-fitosanitarios\/#primaryimage"},"image":{"@id":"https:\/\/infoecos.com.ar\/index.php\/zurro-dijo-que-no-sera-aplicada-la-tasa-por-aplicacion-de-fitosanitarios\/#primaryimage"},"thumbnailUrl":"","datePublished":"2024-02-18T22:19:07+00:00","dateModified":"2024-02-20T04:36:38+00:00","breadcrumb":{"@id":"https:\/\/infoecos.com.ar\/index.php\/zurro-dijo-que-no-sera-aplicada-la-tasa-por-aplicacion-de-fitosanitarios\/#breadcrumb"},"inLanguage":"es","potentialAction":[{"@type":"ReadAction","target":["https:\/\/infoecos.com.ar\/index.php\/zurro-dijo-que-no-sera-aplicada-la-tasa-por-aplicacion-de-fitosanitarios\/"]}]},{"@type":"ImageObject","inLanguage":"es","@id":"https:\/\/infoecos.com.ar\/index.php\/zurro-dijo-que-no-sera-aplicada-la-tasa-por-aplicacion-de-fitosanitarios\/#primaryimage","url":"","contentUrl":""},{"@type":"BreadcrumbList","@id":"https:\/\/infoecos.com.ar\/index.php\/zurro-dijo-que-no-sera-aplicada-la-tasa-por-aplicacion-de-fitosanitarios\/#breadcrumb","itemListElement":[{"@type":"ListItem","position":1,"name":"Portada","item":"https:\/\/infoecos.com.ar\/"},{"@type":"ListItem","position":2,"name":"Zurro dijo que no ser\u00e1 aplicada la tasa por aplicaci\u00f3n de fitosanitarios"}]},{"@type":"WebSite","@id":"https:\/\/infoecos.com.ar\/#website","url":"https:\/\/infoecos.com.ar\/","name":"Infoecos","description":"Noticias de trenque lauquen y la zona","publisher":{"@id":"https:\/\/infoecos.com.ar\/#organization"},"alternateName":"Noticias","potentialAction":[{"@type":"SearchAction","target":{"@type":"EntryPoint","urlTemplate":"https:\/\/infoecos.com.ar\/?s={search_term_string}"},"query-input":{"@type":"PropertyValueSpecification","valueRequired":true,"valueName":"search_term_string"}}],"inLanguage":"es"},{"@type":"Organization","@id":"https:\/\/infoecos.com.ar\/#organization","name":"Infoecos","alternateName":"Noticias","url":"https:\/\/infoecos.com.ar\/","logo":{"@type":"ImageObject","inLanguage":"es","@id":"https:\/\/infoecos.com.ar\/#\/schema\/logo\/image\/","url":"https:\/\/infoecos.com.ar\/wp-content\/uploads\/2024\/03\/cropped-logo.png","contentUrl":"https:\/\/infoecos.com.ar\/wp-content\/uploads\/2024\/03\/cropped-logo.png","width":374,"height":90,"caption":"Infoecos"},"image":{"@id":"https:\/\/infoecos.com.ar\/#\/schema\/logo\/image\/"},"sameAs":["https:\/\/www.facebook.com\/profile.php?id=100063200290284","https:\/\/x.com\/infoecos"]},{"@type":"Person","@id":"https:\/\/infoecos.com.ar\/#\/schema\/person\/8f5ace5ce73b4b4aac4b7245aee6f191","name":"Jorge Matheus","url":"https:\/\/infoecos.com.ar\/index.php\/author\/jomatheus\/"}]}},"featured_image_urls":{"full":"","thumbnail":"","medium":"","medium_large":"","large":"","1536x1536":"","2048x2048":"","covernews-slider-full":"","covernews-slider-center":"","covernews-featured":"","covernews-medium":"","covernews-medium-square":""},"author_info":{"info":["Jorge Matheus"]},"category_info":"<a href=\"https:\/\/infoecos.com.ar\/index.php\/category\/c2nota4\/\" rel=\"category tag\">C2 N4<\/a>","tag_info":"C2 N4","comment_count":"0","_links":{"self":[{"href":"https:\/\/infoecos.com.ar\/index.php\/wp-json\/wp\/v2\/posts\/119366"}],"collection":[{"href":"https:\/\/infoecos.com.ar\/index.php\/wp-json\/wp\/v2\/posts"}],"about":[{"href":"https:\/\/infoecos.com.ar\/index.php\/wp-json\/wp\/v2\/types\/post"}],"author":[{"embeddable":true,"href":"https:\/\/infoecos.com.ar\/index.php\/wp-json\/wp\/v2\/users\/2"}],"replies":[{"embeddable":true,"href":"https:\/\/infoecos.com.ar\/index.php\/wp-json\/wp\/v2\/comments?post=119366"}],"version-history":[{"count":2,"href":"https:\/\/infoecos.com.ar\/index.php\/wp-json\/wp\/v2\/posts\/119366\/revisions"}],"predecessor-version":[{"id":119403,"href":"https:\/\/infoecos.com.ar\/index.php\/wp-json\/wp\/v2\/posts\/119366\/revisions\/119403"}],"wp:featuredmedia":[{"embeddable":true,"href":"https:\/\/infoecos.com.ar\/index.php\/wp-json\/"}],"wp:attachment":[{"href":"https:\/\/infoecos.com.ar\/index.php\/wp-json\/wp\/v2\/media?parent=119366"}],"wp:term":[{"taxonomy":"category","embeddable":true,"href":"https:\/\/infoecos.com.ar\/index.php\/wp-json\/wp\/v2\/categories?post=119366"},{"taxonomy":"post_tag","embeddable":true,"href":"https:\/\/infoecos.com.ar\/index.php\/wp-json\/wp\/v2\/tags?post=119366"}],"curies":[{"name":"wp","href":"https:\/\/api.w.org\/{rel}","templated":true}]}}