{"id":119449,"date":"2024-02-20T00:24:36","date_gmt":"2024-02-20T03:24:36","guid":{"rendered":"https:\/\/infoecos.com.ar\/?p=119449"},"modified":"2024-02-20T11:41:57","modified_gmt":"2024-02-20T14:41:57","slug":"el-presidente-del-ioma-reconocio-problemas-y-se-resolvio-conformar-una-mesa-de-trabajo","status":"publish","type":"post","link":"https:\/\/infoecos.com.ar\/index.php\/el-presidente-del-ioma-reconocio-problemas-y-se-resolvio-conformar-una-mesa-de-trabajo\/","title":{"rendered":"El presidente del IOMA reconoci\u00f3 problemas y se resolvi\u00f3 conformar una mesa de trabajo"},"content":{"rendered":"\n<figure class=\"wp-block-image alignright size-large is-resized\"><img loading=\"lazy\" decoding=\"async\" src=\"https:\/\/infoecos.com.ar\/wp-content\/uploads\/2024\/02\/image-304-1600x1185.png\" alt=\"\" class=\"wp-image-119450\" width=\"376\" height=\"278\" srcset=\"https:\/\/infoecos.com.ar\/wp-content\/uploads\/2024\/02\/image-304-1600x1185.png 1600w, https:\/\/infoecos.com.ar\/wp-content\/uploads\/2024\/02\/image-304-800x593.png 800w, https:\/\/infoecos.com.ar\/wp-content\/uploads\/2024\/02\/image-304-768x569.png 768w, https:\/\/infoecos.com.ar\/wp-content\/uploads\/2024\/02\/image-304-1536x1138.png 1536w, https:\/\/infoecos.com.ar\/wp-content\/uploads\/2024\/02\/image-304-2048x1517.png 2048w, https:\/\/infoecos.com.ar\/wp-content\/uploads\/2024\/02\/image-304-1024x758.png 1024w\" sizes=\"(max-width: 376px) 100vw, 376px\" \/><\/figure>\n\n\n\n<p>El presidente del IOMA, Homero Giles estuvo este lunes en la C\u00e1mara de Diputados de la provincia. Mantuvo un encuentro con los titulares de los bloques, fue hoy la Legislatura, donde mantuvo una reuni\u00f3n con los titulares de los bloques, Uni\u00f3n por la Patria, Facundo Tignanelli; del PRO, Agust\u00edn Forchieri; de UCR-Cambio Federal, Diego Garciarena; de Acuerdo C\u00edvico-UCR+GEN, Claudio Frangul; de la Coalici\u00f3n C\u00edvica, Maricel Etchecoin; de La Libertad Avanza, Nahuel Sotelo; de Libertad por Siempre, Gustavo Cuervo; del Frente de Izquierda y los Trabajadores, Guillermo Kane y del PTS-Frente de Izquierda, Mar\u00eda Laura Cano. Tambi\u00e9n estaban presentes el titular de la c\u00e1mara Alejandro Dichiara y el vicepresidente, Alexis Guerrera.<\/p>\n\n\n\n<p>La asistencia del titular del organismo se debi\u00f3 a tratar de dar respuesta a los proyectos presentados por la oposici\u00f3n a ra\u00edz de la irregularidad en la prestaci\u00f3n en varios distritos de la geograf\u00eda bonaerense.<br><br>De acuerdo a lo rescatado por medios platenses, el funcionario mostr\u00f3 una serie de n\u00fameros, donde es preocupante la situaci\u00f3n del IOMA, sobre todo en lo referido a cobertura de medicamentos, que est\u00e1n muy bajos en porcentaje.<\/p>\n\n\n\n<figure class=\"wp-block-image aligncenter size-full is-resized\"><img loading=\"lazy\" decoding=\"async\" src=\"https:\/\/infoecos.com.ar\/wp-content\/uploads\/2024\/02\/image-305.png\" alt=\"\" class=\"wp-image-119451\" width=\"558\" height=\"413\"\/><\/figure>\n\n\n\n<p>El \u00e1rea de prensa de la obra social m\u00e1s numerosa de Am\u00e9rica Latina, difundi\u00f3 un comunicado en horas de la noche, donde se expone que <strong>La exposici\u00f3n de&nbsp;Homero Giles&nbsp;estuvo basada en un informe de situaci\u00f3n de la obra social. Luego de hacer una breve descripci\u00f3n sobre c\u00f3mo se encontraba IOMA en diciembre de 2019, present\u00f3 los n\u00fameros concretos sobre ampliaci\u00f3n de cobertura.&nbsp;Giles&nbsp;explic\u00f3 detalladamente c\u00f3mo es la cobertura de medicamentos, tanto de Meppes como de esenciales, a la vez que cont\u00f3 sobre los resultados de los programas con cobertura al 100% &nbsp;que iniciaron en el 2023, como el de Verte al 100% que cubre anteojos y Telemedicina<\/strong>.<\/p>\n\n\n\n<p>El resto de la informaci\u00f3n es el siguiente: <\/p>\n\n\n\n<p><strong>En lo que respecta a la provisi\u00f3n de accesorios, pr\u00f3tesis y ortesis&nbsp;Giles&nbsp;se\u00f1al\u00f3 que \u201chemos tenido dificultades en los \u00faltimos tres meses del 2023 debido a que en la mayor\u00eda de los casos sus costos superaron lo establecido y pautado. De todas formas durante todo el a\u00f1o la provisi\u00f3n aument\u00f3 en comparaci\u00f3n en a\u00f1os anteriores, es decir se entregaron aud\u00edfonos, sillas, pr\u00f3tesis, entre otros\u201d.<\/strong><\/p>\n\n\n\n<p><strong>Consultado en la reuni\u00f3n por la situaciones de quejas de muchas personas afiliadas y las denuncias sobre falta de cobertura&nbsp;Giles&nbsp;se\u00f1al\u00f3 que \u201cla obra social ven\u00eda creciendo, organizando su cuesti\u00f3n financiera, ampliando coberturas, pero no caben dudas que el cimbronazo que se dio de octubre a diciembre de 2023 en lo econ\u00f3mico, en el cual el mercado aument\u00f3 los precios descomunalmente, nos puso en una situaci\u00f3n muy dif\u00edcil para seguir enfrentando la inversi\u00f3n que ven\u00edamos haciendo. S\u00f3lo los medicamentos aumentaron 40 % en un mes lo mismo que otros insumos, que adem\u00e1s son importados\u201d.<\/strong><\/p>\n\n\n\n<p><strong>\u201cNosotros como obra social contratamos servicios y a los prestadores tambi\u00e9n les aumentan much\u00edsimo los precios de los insumos. Con lo cual sale m\u00e1s caro poder cubrir como lo ven\u00edamos haciendo. El recurso econ\u00f3mico planificado de 2023 se diluy\u00f3 por la inflaci\u00f3n, por la devaluaci\u00f3n\u201d, detall\u00f3&nbsp;Giles.<\/strong><\/p>\n\n\n\n<p><strong>En este sentido, el titular de IOMA, les dijo a las legisladoras y legisladores que \u201creconocemos que tenemos problemas. Algunos no hemos podido resolver como nos hubiera gustado, pero tenemos otros que son&nbsp; nuevos y que el a\u00f1o pasado no ten\u00edamos, tanto con la cobertura de medicamentos, de accesorios, pa\u00f1ales, tiras reactivas, la ca\u00edda de cl\u00ednicas que apareci\u00f3 en diciembre de 2023\u201d, reconoci\u00f3&nbsp;Giles.<\/strong><\/p>\n\n\n\n<p><strong>\u201cSin dejar de reconocer los problemas \u2013dijo&nbsp;Giles\u2013 es necesario que veamos esto. Abordemos en conjunto c\u00f3mo vamos a seguir en este contexto en el cual las pol\u00edticas de liberalizaci\u00f3n de todo el mercado, de los precios que propone Javier Milei, hace que haya muchas v\u00edctimas, porque si IOMA no puede hacer frente a su obligaci\u00f3n por cuestiones econ\u00f3micas, el ajuste no lo paga la casta, lo paga las y los afiliados. Estamos trabajando para resolver, por eso estamos ac\u00e1\u201d, les expres\u00f3 a las y los legisladores.<\/strong><\/p>\n\n\n\n<p><strong>De la reuni\u00f3n, y ante la manifestaci\u00f3n de las legisladoras y legisladores de acercar&nbsp; propuestas concretas para abordar las diversas problem\u00e1ticas a las que hoy se enfrenta la obra social, se acord\u00f3 conformar una mesa de trabajo en conjunto con el IOMA y todos los bloques para poder trabajar las situaciones particulares y el estado de emergencia del Instituto, para r\u00e1pidamente abordar en conjunto la soluci\u00f3n a los problemas urgentes.<\/strong><\/p>\n\n\n\n<p><strong><mark style=\"background-color:rgba(0, 0, 0, 0)\" class=\"has-inline-color has-vivid-red-color\">Plazo de pago a prestadores y situaci\u00f3n prestacional con cl\u00ednicas<\/mark><\/strong><\/p>\n\n\n\n<p><strong>Las diputadas y diputados le plantearon a la obra social, la situaci\u00f3n sobre los plazos de pago a prestadores y adem\u00e1s sobre la situaci\u00f3n de internaci\u00f3n y cobertura por parte de cl\u00ednicas. Sobre esto \u00faltimo le pidieron al titular del IOMA que explicara el por qu\u00e9 en la ciudad de Mar del Plata existe falta de prestaci\u00f3n.<\/strong><\/p>\n\n\n\n<p><strong>Con respecto a la cobertura&nbsp;Giles&nbsp;se\u00f1al\u00f3 que \u201creconocemos la p\u00e9rdida de calidad. La p\u00e9rdida de calidad prestacional en todos los aspectos y que queremos trabajar con todos los actores para solucionarlo. En el caso de las tres cl\u00ednicas de Mar del Plata, fueron las cl\u00ednicas las que decidieron romper el convenio unilateralmente con IOMA. No es una cuesti\u00f3n de que les adeudamos porque no tenemos deuda\u201d.<\/strong><\/p>\n\n\n\n<p><strong>Ante la consulta de las diputadas y diputados sobre si IOMA est\u00e1 dispuesta a pagar m\u00e1s por las prestaciones de las tres cl\u00ednicas que hoy no brindan prestaciones,&nbsp;Giles&nbsp;enfatiz\u00f3 en que \u201cEstamos dispuestos a hacer el esfuerzo porque sabemos los problemas que hay en Mar del Plata. Por eso les pido ayuda a ustedes para que intervengan y acerquen a las partes a dialogar y encontrar soluciones para seguir prestando servicios\u201d.<\/strong><\/p>\n\n\n\n<p><strong>Con respecto a la consulta sobre deudas y plazo de pago a prestadores,&nbsp;Giles&nbsp;explic\u00f3 y document\u00f3 sobre c\u00f3mo es el proceso de pago a los diversos prestadores como, as\u00ed tambi\u00e9n, detall\u00f3 que la obra social si bien en este momento puede tener deudas, est\u00e1 regulariz\u00e1ndolas. Consultado por los incrementos de honorarios profesionales explic\u00f3 que se est\u00e1 evaluando convenio por convenio.<\/strong><\/p>\n\n\n\n<p><strong>Para&nbsp;Homero Giles, este encuentro era m\u00e1s que necesario y ha resultado muy positivo. \u201cComo lo dije muchas veces, el primer interesado en discutir las problem\u00e1ticas del IOMA soy yo, no quiero esconder los problemas. Siempre estuve predispuesto a juntarme con los legisladores y legisladoras que nos invitaran a venir a la Diputados para explicar, describir, contextualizar lo que est\u00e1 sucediendo con IOMA\u201d.<\/strong><\/p>\n","protected":false},"excerpt":{"rendered":"<p>El funcionario mostr\u00f3 una serie de n\u00fameros, donde es preocupante la situaci\u00f3n del IOMA, sobre todo en lo referido a cobertura de medicamentos, que est\u00e1n muy bajos en porcentaje.<\/p>\n","protected":false},"author":2,"featured_media":119450,"comment_status":"closed","ping_status":"open","sticky":false,"template":"","format":"standard","meta":{"footnotes":""},"categories":[45],"tags":[10126],"class_list":["post-119449","post","type-post","status-publish","format-standard","has-post-thumbnail","hentry","category-c1nota2","tag-reunion-con-diputados-de-bs-as"],"yoast_head":"<!-- This site is optimized with the Yoast SEO plugin v23.4 - https:\/\/yoast.com\/wordpress\/plugins\/seo\/ -->\n<title>El presidente del IOMA reconoci\u00f3 problemas y se resolvi\u00f3 conformar una mesa de trabajo - Infoecos<\/title>\n<meta name=\"robots\" content=\"index, follow, max-snippet:-1, max-image-preview:large, max-video-preview:-1\" \/>\n<link rel=\"canonical\" href=\"https:\/\/infoecos.com.ar\/index.php\/el-presidente-del-ioma-reconocio-problemas-y-se-resolvio-conformar-una-mesa-de-trabajo\/\" \/>\n<meta property=\"og:locale\" content=\"es_ES\" \/>\n<meta property=\"og:type\" content=\"article\" \/>\n<meta property=\"og:title\" content=\"El presidente del IOMA reconoci\u00f3 problemas y se resolvi\u00f3 conformar una mesa de trabajo - Infoecos\" \/>\n<meta property=\"og:description\" content=\"El funcionario mostr\u00f3 una serie de n\u00fameros, donde es preocupante la situaci\u00f3n del IOMA, sobre todo en lo referido a cobertura de medicamentos, que est\u00e1n muy bajos en porcentaje.\" \/>\n<meta property=\"og:url\" content=\"https:\/\/infoecos.com.ar\/index.php\/el-presidente-del-ioma-reconocio-problemas-y-se-resolvio-conformar-una-mesa-de-trabajo\/\" \/>\n<meta property=\"og:site_name\" content=\"Infoecos\" \/>\n<meta property=\"article:publisher\" content=\"https:\/\/www.facebook.com\/profile.php?id=100063200290284\" \/>\n<meta property=\"article:published_time\" content=\"2024-02-20T03:24:36+00:00\" \/>\n<meta property=\"article:modified_time\" content=\"2024-02-20T14:41:57+00:00\" \/>\n<meta property=\"og:image\" content=\"https:\/\/infoecos.com.ar\/wp-content\/uploads\/2024\/02\/image-304-1600x1185.png\" \/>\n\t<meta property=\"og:image:width\" content=\"1600\" \/>\n\t<meta property=\"og:image:height\" content=\"1185\" \/>\n\t<meta property=\"og:image:type\" content=\"image\/png\" \/>\n<meta name=\"author\" content=\"Jorge Matheus\" \/>\n<meta name=\"twitter:card\" content=\"summary_large_image\" \/>\n<meta name=\"twitter:creator\" content=\"@infoecos\" \/>\n<meta name=\"twitter:site\" content=\"@infoecos\" \/>\n<meta name=\"twitter:label1\" content=\"Escrito por\" \/>\n\t<meta name=\"twitter:data1\" content=\"Jorge Matheus\" \/>\n\t<meta name=\"twitter:label2\" content=\"Tiempo de lectura\" \/>\n\t<meta name=\"twitter:data2\" content=\"6 minutos\" \/>\n<script type=\"application\/ld+json\" class=\"yoast-schema-graph\">{\"@context\":\"https:\/\/schema.org\",\"@graph\":[{\"@type\":\"Article\",\"@id\":\"https:\/\/infoecos.com.ar\/index.php\/el-presidente-del-ioma-reconocio-problemas-y-se-resolvio-conformar-una-mesa-de-trabajo\/#article\",\"isPartOf\":{\"@id\":\"https:\/\/infoecos.com.ar\/index.php\/el-presidente-del-ioma-reconocio-problemas-y-se-resolvio-conformar-una-mesa-de-trabajo\/\"},\"author\":{\"name\":\"Jorge Matheus\",\"@id\":\"https:\/\/infoecos.com.ar\/#\/schema\/person\/8f5ace5ce73b4b4aac4b7245aee6f191\"},\"headline\":\"El presidente del IOMA reconoci\u00f3 problemas y se resolvi\u00f3 conformar una mesa de trabajo\",\"datePublished\":\"2024-02-20T03:24:36+00:00\",\"dateModified\":\"2024-02-20T14:41:57+00:00\",\"mainEntityOfPage\":{\"@id\":\"https:\/\/infoecos.com.ar\/index.php\/el-presidente-del-ioma-reconocio-problemas-y-se-resolvio-conformar-una-mesa-de-trabajo\/\"},\"wordCount\":1176,\"publisher\":{\"@id\":\"https:\/\/infoecos.com.ar\/#organization\"},\"image\":{\"@id\":\"https:\/\/infoecos.com.ar\/index.php\/el-presidente-del-ioma-reconocio-problemas-y-se-resolvio-conformar-una-mesa-de-trabajo\/#primaryimage\"},\"thumbnailUrl\":\"https:\/\/infoecos.com.ar\/wp-content\/uploads\/2024\/02\/image-304.png\",\"keywords\":[\"REUNI\u00d3N CON DIPUTADOS DE BS.AS\"],\"articleSection\":[\"C1 N2\"],\"inLanguage\":\"es\"},{\"@type\":\"WebPage\",\"@id\":\"https:\/\/infoecos.com.ar\/index.php\/el-presidente-del-ioma-reconocio-problemas-y-se-resolvio-conformar-una-mesa-de-trabajo\/\",\"url\":\"https:\/\/infoecos.com.ar\/index.php\/el-presidente-del-ioma-reconocio-problemas-y-se-resolvio-conformar-una-mesa-de-trabajo\/\",\"name\":\"El presidente del IOMA reconoci\u00f3 problemas y se resolvi\u00f3 conformar una mesa de trabajo - Infoecos\",\"isPartOf\":{\"@id\":\"https:\/\/infoecos.com.ar\/#website\"},\"primaryImageOfPage\":{\"@id\":\"https:\/\/infoecos.com.ar\/index.php\/el-presidente-del-ioma-reconocio-problemas-y-se-resolvio-conformar-una-mesa-de-trabajo\/#primaryimage\"},\"image\":{\"@id\":\"https:\/\/infoecos.com.ar\/index.php\/el-presidente-del-ioma-reconocio-problemas-y-se-resolvio-conformar-una-mesa-de-trabajo\/#primaryimage\"},\"thumbnailUrl\":\"https:\/\/infoecos.com.ar\/wp-content\/uploads\/2024\/02\/image-304.png\",\"datePublished\":\"2024-02-20T03:24:36+00:00\",\"dateModified\":\"2024-02-20T14:41:57+00:00\",\"breadcrumb\":{\"@id\":\"https:\/\/infoecos.com.ar\/index.php\/el-presidente-del-ioma-reconocio-problemas-y-se-resolvio-conformar-una-mesa-de-trabajo\/#breadcrumb\"},\"inLanguage\":\"es\",\"potentialAction\":[{\"@type\":\"ReadAction\",\"target\":[\"https:\/\/infoecos.com.ar\/index.php\/el-presidente-del-ioma-reconocio-problemas-y-se-resolvio-conformar-una-mesa-de-trabajo\/\"]}]},{\"@type\":\"ImageObject\",\"inLanguage\":\"es\",\"@id\":\"https:\/\/infoecos.com.ar\/index.php\/el-presidente-del-ioma-reconocio-problemas-y-se-resolvio-conformar-una-mesa-de-trabajo\/#primaryimage\",\"url\":\"https:\/\/infoecos.com.ar\/wp-content\/uploads\/2024\/02\/image-304.png\",\"contentUrl\":\"https:\/\/infoecos.com.ar\/wp-content\/uploads\/2024\/02\/image-304.png\",\"width\":2560,\"height\":1896},{\"@type\":\"BreadcrumbList\",\"@id\":\"https:\/\/infoecos.com.ar\/index.php\/el-presidente-del-ioma-reconocio-problemas-y-se-resolvio-conformar-una-mesa-de-trabajo\/#breadcrumb\",\"itemListElement\":[{\"@type\":\"ListItem\",\"position\":1,\"name\":\"Portada\",\"item\":\"https:\/\/infoecos.com.ar\/\"},{\"@type\":\"ListItem\",\"position\":2,\"name\":\"El presidente del IOMA reconoci\u00f3 problemas y se resolvi\u00f3 conformar una mesa de trabajo\"}]},{\"@type\":\"WebSite\",\"@id\":\"https:\/\/infoecos.com.ar\/#website\",\"url\":\"https:\/\/infoecos.com.ar\/\",\"name\":\"Infoecos\",\"description\":\"Noticias de trenque lauquen y la zona\",\"publisher\":{\"@id\":\"https:\/\/infoecos.com.ar\/#organization\"},\"alternateName\":\"Noticias\",\"potentialAction\":[{\"@type\":\"SearchAction\",\"target\":{\"@type\":\"EntryPoint\",\"urlTemplate\":\"https:\/\/infoecos.com.ar\/?s={search_term_string}\"},\"query-input\":{\"@type\":\"PropertyValueSpecification\",\"valueRequired\":true,\"valueName\":\"search_term_string\"}}],\"inLanguage\":\"es\"},{\"@type\":\"Organization\",\"@id\":\"https:\/\/infoecos.com.ar\/#organization\",\"name\":\"Infoecos\",\"alternateName\":\"Noticias\",\"url\":\"https:\/\/infoecos.com.ar\/\",\"logo\":{\"@type\":\"ImageObject\",\"inLanguage\":\"es\",\"@id\":\"https:\/\/infoecos.com.ar\/#\/schema\/logo\/image\/\",\"url\":\"https:\/\/infoecos.com.ar\/wp-content\/uploads\/2024\/03\/cropped-logo.png\",\"contentUrl\":\"https:\/\/infoecos.com.ar\/wp-content\/uploads\/2024\/03\/cropped-logo.png\",\"width\":374,\"height\":90,\"caption\":\"Infoecos\"},\"image\":{\"@id\":\"https:\/\/infoecos.com.ar\/#\/schema\/logo\/image\/\"},\"sameAs\":[\"https:\/\/www.facebook.com\/profile.php?id=100063200290284\",\"https:\/\/x.com\/infoecos\"]},{\"@type\":\"Person\",\"@id\":\"https:\/\/infoecos.com.ar\/#\/schema\/person\/8f5ace5ce73b4b4aac4b7245aee6f191\",\"name\":\"Jorge Matheus\",\"url\":\"https:\/\/infoecos.com.ar\/index.php\/author\/jomatheus\/\"}]}<\/script>\n<!-- \/ Yoast SEO plugin. -->","yoast_head_json":{"title":"El presidente del IOMA reconoci\u00f3 problemas y se resolvi\u00f3 conformar una mesa de trabajo - Infoecos","robots":{"index":"index","follow":"follow","max-snippet":"max-snippet:-1","max-image-preview":"max-image-preview:large","max-video-preview":"max-video-preview:-1"},"canonical":"https:\/\/infoecos.com.ar\/index.php\/el-presidente-del-ioma-reconocio-problemas-y-se-resolvio-conformar-una-mesa-de-trabajo\/","og_locale":"es_ES","og_type":"article","og_title":"El presidente del IOMA reconoci\u00f3 problemas y se resolvi\u00f3 conformar una mesa de trabajo - Infoecos","og_description":"El funcionario mostr\u00f3 una serie de n\u00fameros, donde es preocupante la situaci\u00f3n del IOMA, sobre todo en lo referido a cobertura de medicamentos, que est\u00e1n muy bajos en porcentaje.","og_url":"https:\/\/infoecos.com.ar\/index.php\/el-presidente-del-ioma-reconocio-problemas-y-se-resolvio-conformar-una-mesa-de-trabajo\/","og_site_name":"Infoecos","article_publisher":"https:\/\/www.facebook.com\/profile.php?id=100063200290284","article_published_time":"2024-02-20T03:24:36+00:00","article_modified_time":"2024-02-20T14:41:57+00:00","og_image":[{"width":1600,"height":1185,"url":"https:\/\/infoecos.com.ar\/wp-content\/uploads\/2024\/02\/image-304-1600x1185.png","type":"image\/png"}],"author":"Jorge Matheus","twitter_card":"summary_large_image","twitter_creator":"@infoecos","twitter_site":"@infoecos","twitter_misc":{"Escrito por":"Jorge Matheus","Tiempo de lectura":"6 minutos"},"schema":{"@context":"https:\/\/schema.org","@graph":[{"@type":"Article","@id":"https:\/\/infoecos.com.ar\/index.php\/el-presidente-del-ioma-reconocio-problemas-y-se-resolvio-conformar-una-mesa-de-trabajo\/#article","isPartOf":{"@id":"https:\/\/infoecos.com.ar\/index.php\/el-presidente-del-ioma-reconocio-problemas-y-se-resolvio-conformar-una-mesa-de-trabajo\/"},"author":{"name":"Jorge Matheus","@id":"https:\/\/infoecos.com.ar\/#\/schema\/person\/8f5ace5ce73b4b4aac4b7245aee6f191"},"headline":"El presidente del IOMA reconoci\u00f3 problemas y se resolvi\u00f3 conformar una mesa de trabajo","datePublished":"2024-02-20T03:24:36+00:00","dateModified":"2024-02-20T14:41:57+00:00","mainEntityOfPage":{"@id":"https:\/\/infoecos.com.ar\/index.php\/el-presidente-del-ioma-reconocio-problemas-y-se-resolvio-conformar-una-mesa-de-trabajo\/"},"wordCount":1176,"publisher":{"@id":"https:\/\/infoecos.com.ar\/#organization"},"image":{"@id":"https:\/\/infoecos.com.ar\/index.php\/el-presidente-del-ioma-reconocio-problemas-y-se-resolvio-conformar-una-mesa-de-trabajo\/#primaryimage"},"thumbnailUrl":"https:\/\/infoecos.com.ar\/wp-content\/uploads\/2024\/02\/image-304.png","keywords":["REUNI\u00d3N CON DIPUTADOS DE BS.AS"],"articleSection":["C1 N2"],"inLanguage":"es"},{"@type":"WebPage","@id":"https:\/\/infoecos.com.ar\/index.php\/el-presidente-del-ioma-reconocio-problemas-y-se-resolvio-conformar-una-mesa-de-trabajo\/","url":"https:\/\/infoecos.com.ar\/index.php\/el-presidente-del-ioma-reconocio-problemas-y-se-resolvio-conformar-una-mesa-de-trabajo\/","name":"El presidente del IOMA reconoci\u00f3 problemas y se resolvi\u00f3 conformar una mesa de trabajo - Infoecos","isPartOf":{"@id":"https:\/\/infoecos.com.ar\/#website"},"primaryImageOfPage":{"@id":"https:\/\/infoecos.com.ar\/index.php\/el-presidente-del-ioma-reconocio-problemas-y-se-resolvio-conformar-una-mesa-de-trabajo\/#primaryimage"},"image":{"@id":"https:\/\/infoecos.com.ar\/index.php\/el-presidente-del-ioma-reconocio-problemas-y-se-resolvio-conformar-una-mesa-de-trabajo\/#primaryimage"},"thumbnailUrl":"https:\/\/infoecos.com.ar\/wp-content\/uploads\/2024\/02\/image-304.png","datePublished":"2024-02-20T03:24:36+00:00","dateModified":"2024-02-20T14:41:57+00:00","breadcrumb":{"@id":"https:\/\/infoecos.com.ar\/index.php\/el-presidente-del-ioma-reconocio-problemas-y-se-resolvio-conformar-una-mesa-de-trabajo\/#breadcrumb"},"inLanguage":"es","potentialAction":[{"@type":"ReadAction","target":["https:\/\/infoecos.com.ar\/index.php\/el-presidente-del-ioma-reconocio-problemas-y-se-resolvio-conformar-una-mesa-de-trabajo\/"]}]},{"@type":"ImageObject","inLanguage":"es","@id":"https:\/\/infoecos.com.ar\/index.php\/el-presidente-del-ioma-reconocio-problemas-y-se-resolvio-conformar-una-mesa-de-trabajo\/#primaryimage","url":"https:\/\/infoecos.com.ar\/wp-content\/uploads\/2024\/02\/image-304.png","contentUrl":"https:\/\/infoecos.com.ar\/wp-content\/uploads\/2024\/02\/image-304.png","width":2560,"height":1896},{"@type":"BreadcrumbList","@id":"https:\/\/infoecos.com.ar\/index.php\/el-presidente-del-ioma-reconocio-problemas-y-se-resolvio-conformar-una-mesa-de-trabajo\/#breadcrumb","itemListElement":[{"@type":"ListItem","position":1,"name":"Portada","item":"https:\/\/infoecos.com.ar\/"},{"@type":"ListItem","position":2,"name":"El presidente del IOMA reconoci\u00f3 problemas y se resolvi\u00f3 conformar una mesa de trabajo"}]},{"@type":"WebSite","@id":"https:\/\/infoecos.com.ar\/#website","url":"https:\/\/infoecos.com.ar\/","name":"Infoecos","description":"Noticias de trenque lauquen y la zona","publisher":{"@id":"https:\/\/infoecos.com.ar\/#organization"},"alternateName":"Noticias","potentialAction":[{"@type":"SearchAction","target":{"@type":"EntryPoint","urlTemplate":"https:\/\/infoecos.com.ar\/?s={search_term_string}"},"query-input":{"@type":"PropertyValueSpecification","valueRequired":true,"valueName":"search_term_string"}}],"inLanguage":"es"},{"@type":"Organization","@id":"https:\/\/infoecos.com.ar\/#organization","name":"Infoecos","alternateName":"Noticias","url":"https:\/\/infoecos.com.ar\/","logo":{"@type":"ImageObject","inLanguage":"es","@id":"https:\/\/infoecos.com.ar\/#\/schema\/logo\/image\/","url":"https:\/\/infoecos.com.ar\/wp-content\/uploads\/2024\/03\/cropped-logo.png","contentUrl":"https:\/\/infoecos.com.ar\/wp-content\/uploads\/2024\/03\/cropped-logo.png","width":374,"height":90,"caption":"Infoecos"},"image":{"@id":"https:\/\/infoecos.com.ar\/#\/schema\/logo\/image\/"},"sameAs":["https:\/\/www.facebook.com\/profile.php?id=100063200290284","https:\/\/x.com\/infoecos"]},{"@type":"Person","@id":"https:\/\/infoecos.com.ar\/#\/schema\/person\/8f5ace5ce73b4b4aac4b7245aee6f191","name":"Jorge Matheus","url":"https:\/\/infoecos.com.ar\/index.php\/author\/jomatheus\/"}]}},"featured_image_urls":{"full":["https:\/\/infoecos.com.ar\/wp-content\/uploads\/2024\/02\/image-304.png",2560,1896,false],"thumbnail":["https:\/\/infoecos.com.ar\/wp-content\/uploads\/2024\/02\/image-304-300x150.png",300,150,true],"medium":["https:\/\/infoecos.com.ar\/wp-content\/uploads\/2024\/02\/image-304-800x593.png",800,593,true],"medium_large":["https:\/\/infoecos.com.ar\/wp-content\/uploads\/2024\/02\/image-304-768x569.png",640,474,true],"large":["https:\/\/infoecos.com.ar\/wp-content\/uploads\/2024\/02\/image-304-1600x1185.png",640,474,true],"1536x1536":["https:\/\/infoecos.com.ar\/wp-content\/uploads\/2024\/02\/image-304-1536x1138.png",1536,1138,true],"2048x2048":["https:\/\/infoecos.com.ar\/wp-content\/uploads\/2024\/02\/image-304-2048x1517.png",2048,1517,true],"covernews-slider-full":["https:\/\/infoecos.com.ar\/wp-content\/uploads\/2024\/02\/image-304-1536x1020.png",1077,715,true],"covernews-slider-center":["https:\/\/infoecos.com.ar\/wp-content\/uploads\/2024\/02\/image-304-936x897.png",522,500,true],"covernews-featured":["https:\/\/infoecos.com.ar\/wp-content\/uploads\/2024\/02\/image-304-1024x758.png",1024,758,true],"covernews-medium":["https:\/\/infoecos.com.ar\/wp-content\/uploads\/2024\/02\/image-304-720x380.png",540,285,true],"covernews-medium-square":["https:\/\/infoecos.com.ar\/wp-content\/uploads\/2024\/02\/image-304-675x450.png",375,250,true]},"author_info":{"info":["Jorge Matheus"]},"category_info":"<a href=\"https:\/\/infoecos.com.ar\/index.php\/category\/c1nota2\/\" rel=\"category tag\">C1 N2<\/a>","tag_info":"C1 N2","comment_count":"0","_links":{"self":[{"href":"https:\/\/infoecos.com.ar\/index.php\/wp-json\/wp\/v2\/posts\/119449"}],"collection":[{"href":"https:\/\/infoecos.com.ar\/index.php\/wp-json\/wp\/v2\/posts"}],"about":[{"href":"https:\/\/infoecos.com.ar\/index.php\/wp-json\/wp\/v2\/types\/post"}],"author":[{"embeddable":true,"href":"https:\/\/infoecos.com.ar\/index.php\/wp-json\/wp\/v2\/users\/2"}],"replies":[{"embeddable":true,"href":"https:\/\/infoecos.com.ar\/index.php\/wp-json\/wp\/v2\/comments?post=119449"}],"version-history":[{"count":2,"href":"https:\/\/infoecos.com.ar\/index.php\/wp-json\/wp\/v2\/posts\/119449\/revisions"}],"predecessor-version":[{"id":119496,"href":"https:\/\/infoecos.com.ar\/index.php\/wp-json\/wp\/v2\/posts\/119449\/revisions\/119496"}],"wp:featuredmedia":[{"embeddable":true,"href":"https:\/\/infoecos.com.ar\/index.php\/wp-json\/wp\/v2\/media\/119450"}],"wp:attachment":[{"href":"https:\/\/infoecos.com.ar\/index.php\/wp-json\/wp\/v2\/media?parent=119449"}],"wp:term":[{"taxonomy":"category","embeddable":true,"href":"https:\/\/infoecos.com.ar\/index.php\/wp-json\/wp\/v2\/categories?post=119449"},{"taxonomy":"post_tag","embeddable":true,"href":"https:\/\/infoecos.com.ar\/index.php\/wp-json\/wp\/v2\/tags?post=119449"}],"curies":[{"name":"wp","href":"https:\/\/api.w.org\/{rel}","templated":true}]}}