{"id":119461,"date":"2024-02-20T00:49:10","date_gmt":"2024-02-20T03:49:10","guid":{"rendered":"https:\/\/infoecos.com.ar\/?p=119461"},"modified":"2024-02-20T00:49:11","modified_gmt":"2024-02-20T03:49:11","slug":"alerta-amarilla-para-parte-del-sudoeste-de-la-provincia-de-buenos-aires","status":"publish","type":"post","link":"https:\/\/infoecos.com.ar\/index.php\/alerta-amarilla-para-parte-del-sudoeste-de-la-provincia-de-buenos-aires\/","title":{"rendered":"Alerta Amarilla para parte del sudoeste de la provincia de Buenos Aires"},"content":{"rendered":"\n<figure class=\"wp-block-image alignright size-full is-resized\"><img loading=\"lazy\" decoding=\"async\" src=\"https:\/\/infoecos.com.ar\/wp-content\/uploads\/2024\/02\/image-312.png\" alt=\"\" class=\"wp-image-119462\" width=\"245\" height=\"262\"\/><\/figure>\n\n\n\n<p>El Servicio Meteorol\u00f3gico Nacional (SMN) emiti\u00f3un alerta amarillo por temperaturas elevadas para un sector de Bah\u00eda Blanca y el sudoeste bonaerense.<\/p>\n\n\n\n<p>El aviso abarca las zonas denominadas \u00abnorte de Bah\u00eda Blanca, oeste de Patagones, oeste de Villarino, Puan, zona\u00a0baja\u00a0de Coronel Pringles, zona\u00a0baja de Coronel Su\u00e1rez, zona\u00a0baja\u00a0de Saavedra y zona\u00a0baja\u00a0de Tornquist\u00bb.<\/p>\n\n\n\n<p>Este&nbsp;alerta&nbsp;rige&nbsp;desde las 17.55 del lunes y se extender\u00e1, al menos, por 24 horas.<\/p>\n\n\n\n<p>Seg\u00fan el SMN, el alerta amarilla advierte sobre un \u00abefecto leve a moderado en la salud\u00bb.<\/p>\n\n\n\n<p>\u00abPueden ser peligrosas,&nbsp;sobre todo para los grupos de riesgo, como ni\u00f1os y ni\u00f1as, personas mayores de 65 a\u00f1os, con enfermedades cr\u00f3nicas\u00bb, remarca.<\/p>\n","protected":false},"excerpt":{"rendered":"<p>Seg\u00fan el SMN, el alerta amarilla advierte sobre un \u00abefecto leve a moderado en la salud\u00bb<\/p>\n","protected":false},"author":2,"featured_media":119462,"comment_status":"closed","ping_status":"open","sticky":false,"template":"","format":"standard","meta":{"footnotes":""},"categories":[1613],"tags":[7394],"class_list":["post-119461","post","type-post","status-publish","format-standard","has-post-thumbnail","hentry","category-noticia-secundaria","tag-por-24-horas"],"yoast_head":"<!-- This site is optimized with the Yoast SEO plugin v23.4 - https:\/\/yoast.com\/wordpress\/plugins\/seo\/ -->\n<title>Alerta Amarilla para parte del sudoeste de la provincia de Buenos Aires - Infoecos<\/title>\n<meta name=\"robots\" content=\"index, follow, max-snippet:-1, max-image-preview:large, max-video-preview:-1\" \/>\n<link rel=\"canonical\" href=\"https:\/\/infoecos.com.ar\/index.php\/alerta-amarilla-para-parte-del-sudoeste-de-la-provincia-de-buenos-aires\/\" \/>\n<meta property=\"og:locale\" content=\"es_ES\" \/>\n<meta property=\"og:type\" content=\"article\" \/>\n<meta property=\"og:title\" content=\"Alerta Amarilla para parte del sudoeste de la provincia de Buenos Aires - Infoecos\" \/>\n<meta property=\"og:description\" content=\"Seg\u00fan el SMN, el alerta amarilla advierte sobre un &quot;efecto leve a moderado en la salud&quot;\" \/>\n<meta property=\"og:url\" content=\"https:\/\/infoecos.com.ar\/index.php\/alerta-amarilla-para-parte-del-sudoeste-de-la-provincia-de-buenos-aires\/\" \/>\n<meta property=\"og:site_name\" content=\"Infoecos\" \/>\n<meta property=\"article:publisher\" content=\"https:\/\/www.facebook.com\/profile.php?id=100063200290284\" \/>\n<meta property=\"article:published_time\" content=\"2024-02-20T03:49:10+00:00\" \/>\n<meta property=\"article:modified_time\" content=\"2024-02-20T03:49:11+00:00\" \/>\n<meta property=\"og:image\" content=\"https:\/\/infoecos.com.ar\/wp-content\/uploads\/2024\/02\/image-312.png\" \/>\n\t<meta property=\"og:image:width\" content=\"472\" \/>\n\t<meta property=\"og:image:height\" content=\"505\" \/>\n\t<meta property=\"og:image:type\" content=\"image\/png\" \/>\n<meta name=\"author\" content=\"Jorge Matheus\" \/>\n<meta name=\"twitter:card\" content=\"summary_large_image\" \/>\n<meta name=\"twitter:creator\" content=\"@infoecos\" \/>\n<meta name=\"twitter:site\" content=\"@infoecos\" \/>\n<meta name=\"twitter:label1\" content=\"Escrito por\" \/>\n\t<meta name=\"twitter:data1\" content=\"Jorge Matheus\" \/>\n\t<meta name=\"twitter:label2\" content=\"Tiempo de lectura\" \/>\n\t<meta name=\"twitter:data2\" content=\"1 minuto\" \/>\n<script type=\"application\/ld+json\" class=\"yoast-schema-graph\">{\"@context\":\"https:\/\/schema.org\",\"@graph\":[{\"@type\":\"Article\",\"@id\":\"https:\/\/infoecos.com.ar\/index.php\/alerta-amarilla-para-parte-del-sudoeste-de-la-provincia-de-buenos-aires\/#article\",\"isPartOf\":{\"@id\":\"https:\/\/infoecos.com.ar\/index.php\/alerta-amarilla-para-parte-del-sudoeste-de-la-provincia-de-buenos-aires\/\"},\"author\":{\"name\":\"Jorge Matheus\",\"@id\":\"https:\/\/infoecos.com.ar\/#\/schema\/person\/8f5ace5ce73b4b4aac4b7245aee6f191\"},\"headline\":\"Alerta Amarilla para parte del sudoeste de la provincia de Buenos Aires\",\"datePublished\":\"2024-02-20T03:49:10+00:00\",\"dateModified\":\"2024-02-20T03:49:11+00:00\",\"mainEntityOfPage\":{\"@id\":\"https:\/\/infoecos.com.ar\/index.php\/alerta-amarilla-para-parte-del-sudoeste-de-la-provincia-de-buenos-aires\/\"},\"wordCount\":135,\"publisher\":{\"@id\":\"https:\/\/infoecos.com.ar\/#organization\"},\"image\":{\"@id\":\"https:\/\/infoecos.com.ar\/index.php\/alerta-amarilla-para-parte-del-sudoeste-de-la-provincia-de-buenos-aires\/#primaryimage\"},\"thumbnailUrl\":\"https:\/\/infoecos.com.ar\/wp-content\/uploads\/2024\/02\/image-312.png\",\"keywords\":[\"por 24 horas\"],\"articleSection\":[\"Noticia Secundaria\"],\"inLanguage\":\"es\"},{\"@type\":\"WebPage\",\"@id\":\"https:\/\/infoecos.com.ar\/index.php\/alerta-amarilla-para-parte-del-sudoeste-de-la-provincia-de-buenos-aires\/\",\"url\":\"https:\/\/infoecos.com.ar\/index.php\/alerta-amarilla-para-parte-del-sudoeste-de-la-provincia-de-buenos-aires\/\",\"name\":\"Alerta Amarilla para parte del sudoeste de la provincia de Buenos Aires - Infoecos\",\"isPartOf\":{\"@id\":\"https:\/\/infoecos.com.ar\/#website\"},\"primaryImageOfPage\":{\"@id\":\"https:\/\/infoecos.com.ar\/index.php\/alerta-amarilla-para-parte-del-sudoeste-de-la-provincia-de-buenos-aires\/#primaryimage\"},\"image\":{\"@id\":\"https:\/\/infoecos.com.ar\/index.php\/alerta-amarilla-para-parte-del-sudoeste-de-la-provincia-de-buenos-aires\/#primaryimage\"},\"thumbnailUrl\":\"https:\/\/infoecos.com.ar\/wp-content\/uploads\/2024\/02\/image-312.png\",\"datePublished\":\"2024-02-20T03:49:10+00:00\",\"dateModified\":\"2024-02-20T03:49:11+00:00\",\"breadcrumb\":{\"@id\":\"https:\/\/infoecos.com.ar\/index.php\/alerta-amarilla-para-parte-del-sudoeste-de-la-provincia-de-buenos-aires\/#breadcrumb\"},\"inLanguage\":\"es\",\"potentialAction\":[{\"@type\":\"ReadAction\",\"target\":[\"https:\/\/infoecos.com.ar\/index.php\/alerta-amarilla-para-parte-del-sudoeste-de-la-provincia-de-buenos-aires\/\"]}]},{\"@type\":\"ImageObject\",\"inLanguage\":\"es\",\"@id\":\"https:\/\/infoecos.com.ar\/index.php\/alerta-amarilla-para-parte-del-sudoeste-de-la-provincia-de-buenos-aires\/#primaryimage\",\"url\":\"https:\/\/infoecos.com.ar\/wp-content\/uploads\/2024\/02\/image-312.png\",\"contentUrl\":\"https:\/\/infoecos.com.ar\/wp-content\/uploads\/2024\/02\/image-312.png\",\"width\":472,\"height\":505},{\"@type\":\"BreadcrumbList\",\"@id\":\"https:\/\/infoecos.com.ar\/index.php\/alerta-amarilla-para-parte-del-sudoeste-de-la-provincia-de-buenos-aires\/#breadcrumb\",\"itemListElement\":[{\"@type\":\"ListItem\",\"position\":1,\"name\":\"Portada\",\"item\":\"https:\/\/infoecos.com.ar\/\"},{\"@type\":\"ListItem\",\"position\":2,\"name\":\"Alerta Amarilla para parte del sudoeste de la provincia de Buenos Aires\"}]},{\"@type\":\"WebSite\",\"@id\":\"https:\/\/infoecos.com.ar\/#website\",\"url\":\"https:\/\/infoecos.com.ar\/\",\"name\":\"Infoecos\",\"description\":\"Noticias de trenque lauquen y la zona\",\"publisher\":{\"@id\":\"https:\/\/infoecos.com.ar\/#organization\"},\"alternateName\":\"Noticias\",\"potentialAction\":[{\"@type\":\"SearchAction\",\"target\":{\"@type\":\"EntryPoint\",\"urlTemplate\":\"https:\/\/infoecos.com.ar\/?s={search_term_string}\"},\"query-input\":{\"@type\":\"PropertyValueSpecification\",\"valueRequired\":true,\"valueName\":\"search_term_string\"}}],\"inLanguage\":\"es\"},{\"@type\":\"Organization\",\"@id\":\"https:\/\/infoecos.com.ar\/#organization\",\"name\":\"Infoecos\",\"alternateName\":\"Noticias\",\"url\":\"https:\/\/infoecos.com.ar\/\",\"logo\":{\"@type\":\"ImageObject\",\"inLanguage\":\"es\",\"@id\":\"https:\/\/infoecos.com.ar\/#\/schema\/logo\/image\/\",\"url\":\"https:\/\/infoecos.com.ar\/wp-content\/uploads\/2024\/03\/cropped-logo.png\",\"contentUrl\":\"https:\/\/infoecos.com.ar\/wp-content\/uploads\/2024\/03\/cropped-logo.png\",\"width\":374,\"height\":90,\"caption\":\"Infoecos\"},\"image\":{\"@id\":\"https:\/\/infoecos.com.ar\/#\/schema\/logo\/image\/\"},\"sameAs\":[\"https:\/\/www.facebook.com\/profile.php?id=100063200290284\",\"https:\/\/x.com\/infoecos\"]},{\"@type\":\"Person\",\"@id\":\"https:\/\/infoecos.com.ar\/#\/schema\/person\/8f5ace5ce73b4b4aac4b7245aee6f191\",\"name\":\"Jorge Matheus\",\"url\":\"https:\/\/infoecos.com.ar\/index.php\/author\/jomatheus\/\"}]}<\/script>\n<!-- \/ Yoast SEO plugin. -->","yoast_head_json":{"title":"Alerta Amarilla para parte del sudoeste de la provincia de Buenos Aires - Infoecos","robots":{"index":"index","follow":"follow","max-snippet":"max-snippet:-1","max-image-preview":"max-image-preview:large","max-video-preview":"max-video-preview:-1"},"canonical":"https:\/\/infoecos.com.ar\/index.php\/alerta-amarilla-para-parte-del-sudoeste-de-la-provincia-de-buenos-aires\/","og_locale":"es_ES","og_type":"article","og_title":"Alerta Amarilla para parte del sudoeste de la provincia de Buenos Aires - Infoecos","og_description":"Seg\u00fan el SMN, el alerta amarilla advierte sobre un \"efecto leve a moderado en la salud\"","og_url":"https:\/\/infoecos.com.ar\/index.php\/alerta-amarilla-para-parte-del-sudoeste-de-la-provincia-de-buenos-aires\/","og_site_name":"Infoecos","article_publisher":"https:\/\/www.facebook.com\/profile.php?id=100063200290284","article_published_time":"2024-02-20T03:49:10+00:00","article_modified_time":"2024-02-20T03:49:11+00:00","og_image":[{"width":472,"height":505,"url":"https:\/\/infoecos.com.ar\/wp-content\/uploads\/2024\/02\/image-312.png","type":"image\/png"}],"author":"Jorge Matheus","twitter_card":"summary_large_image","twitter_creator":"@infoecos","twitter_site":"@infoecos","twitter_misc":{"Escrito por":"Jorge Matheus","Tiempo de lectura":"1 minuto"},"schema":{"@context":"https:\/\/schema.org","@graph":[{"@type":"Article","@id":"https:\/\/infoecos.com.ar\/index.php\/alerta-amarilla-para-parte-del-sudoeste-de-la-provincia-de-buenos-aires\/#article","isPartOf":{"@id":"https:\/\/infoecos.com.ar\/index.php\/alerta-amarilla-para-parte-del-sudoeste-de-la-provincia-de-buenos-aires\/"},"author":{"name":"Jorge Matheus","@id":"https:\/\/infoecos.com.ar\/#\/schema\/person\/8f5ace5ce73b4b4aac4b7245aee6f191"},"headline":"Alerta Amarilla para parte del sudoeste de la provincia de Buenos Aires","datePublished":"2024-02-20T03:49:10+00:00","dateModified":"2024-02-20T03:49:11+00:00","mainEntityOfPage":{"@id":"https:\/\/infoecos.com.ar\/index.php\/alerta-amarilla-para-parte-del-sudoeste-de-la-provincia-de-buenos-aires\/"},"wordCount":135,"publisher":{"@id":"https:\/\/infoecos.com.ar\/#organization"},"image":{"@id":"https:\/\/infoecos.com.ar\/index.php\/alerta-amarilla-para-parte-del-sudoeste-de-la-provincia-de-buenos-aires\/#primaryimage"},"thumbnailUrl":"https:\/\/infoecos.com.ar\/wp-content\/uploads\/2024\/02\/image-312.png","keywords":["por 24 horas"],"articleSection":["Noticia Secundaria"],"inLanguage":"es"},{"@type":"WebPage","@id":"https:\/\/infoecos.com.ar\/index.php\/alerta-amarilla-para-parte-del-sudoeste-de-la-provincia-de-buenos-aires\/","url":"https:\/\/infoecos.com.ar\/index.php\/alerta-amarilla-para-parte-del-sudoeste-de-la-provincia-de-buenos-aires\/","name":"Alerta Amarilla para parte del sudoeste de la provincia de Buenos Aires - Infoecos","isPartOf":{"@id":"https:\/\/infoecos.com.ar\/#website"},"primaryImageOfPage":{"@id":"https:\/\/infoecos.com.ar\/index.php\/alerta-amarilla-para-parte-del-sudoeste-de-la-provincia-de-buenos-aires\/#primaryimage"},"image":{"@id":"https:\/\/infoecos.com.ar\/index.php\/alerta-amarilla-para-parte-del-sudoeste-de-la-provincia-de-buenos-aires\/#primaryimage"},"thumbnailUrl":"https:\/\/infoecos.com.ar\/wp-content\/uploads\/2024\/02\/image-312.png","datePublished":"2024-02-20T03:49:10+00:00","dateModified":"2024-02-20T03:49:11+00:00","breadcrumb":{"@id":"https:\/\/infoecos.com.ar\/index.php\/alerta-amarilla-para-parte-del-sudoeste-de-la-provincia-de-buenos-aires\/#breadcrumb"},"inLanguage":"es","potentialAction":[{"@type":"ReadAction","target":["https:\/\/infoecos.com.ar\/index.php\/alerta-amarilla-para-parte-del-sudoeste-de-la-provincia-de-buenos-aires\/"]}]},{"@type":"ImageObject","inLanguage":"es","@id":"https:\/\/infoecos.com.ar\/index.php\/alerta-amarilla-para-parte-del-sudoeste-de-la-provincia-de-buenos-aires\/#primaryimage","url":"https:\/\/infoecos.com.ar\/wp-content\/uploads\/2024\/02\/image-312.png","contentUrl":"https:\/\/infoecos.com.ar\/wp-content\/uploads\/2024\/02\/image-312.png","width":472,"height":505},{"@type":"BreadcrumbList","@id":"https:\/\/infoecos.com.ar\/index.php\/alerta-amarilla-para-parte-del-sudoeste-de-la-provincia-de-buenos-aires\/#breadcrumb","itemListElement":[{"@type":"ListItem","position":1,"name":"Portada","item":"https:\/\/infoecos.com.ar\/"},{"@type":"ListItem","position":2,"name":"Alerta Amarilla para parte del sudoeste de la provincia de Buenos Aires"}]},{"@type":"WebSite","@id":"https:\/\/infoecos.com.ar\/#website","url":"https:\/\/infoecos.com.ar\/","name":"Infoecos","description":"Noticias de trenque lauquen y la zona","publisher":{"@id":"https:\/\/infoecos.com.ar\/#organization"},"alternateName":"Noticias","potentialAction":[{"@type":"SearchAction","target":{"@type":"EntryPoint","urlTemplate":"https:\/\/infoecos.com.ar\/?s={search_term_string}"},"query-input":{"@type":"PropertyValueSpecification","valueRequired":true,"valueName":"search_term_string"}}],"inLanguage":"es"},{"@type":"Organization","@id":"https:\/\/infoecos.com.ar\/#organization","name":"Infoecos","alternateName":"Noticias","url":"https:\/\/infoecos.com.ar\/","logo":{"@type":"ImageObject","inLanguage":"es","@id":"https:\/\/infoecos.com.ar\/#\/schema\/logo\/image\/","url":"https:\/\/infoecos.com.ar\/wp-content\/uploads\/2024\/03\/cropped-logo.png","contentUrl":"https:\/\/infoecos.com.ar\/wp-content\/uploads\/2024\/03\/cropped-logo.png","width":374,"height":90,"caption":"Infoecos"},"image":{"@id":"https:\/\/infoecos.com.ar\/#\/schema\/logo\/image\/"},"sameAs":["https:\/\/www.facebook.com\/profile.php?id=100063200290284","https:\/\/x.com\/infoecos"]},{"@type":"Person","@id":"https:\/\/infoecos.com.ar\/#\/schema\/person\/8f5ace5ce73b4b4aac4b7245aee6f191","name":"Jorge Matheus","url":"https:\/\/infoecos.com.ar\/index.php\/author\/jomatheus\/"}]}},"featured_image_urls":{"full":["https:\/\/infoecos.com.ar\/wp-content\/uploads\/2024\/02\/image-312.png",472,505,false],"thumbnail":["https:\/\/infoecos.com.ar\/wp-content\/uploads\/2024\/02\/image-312-300x150.png",300,150,true],"medium":["https:\/\/infoecos.com.ar\/wp-content\/uploads\/2024\/02\/image-312.png",472,505,false],"medium_large":["https:\/\/infoecos.com.ar\/wp-content\/uploads\/2024\/02\/image-312.png",472,505,false],"large":["https:\/\/infoecos.com.ar\/wp-content\/uploads\/2024\/02\/image-312.png",472,505,false],"1536x1536":["https:\/\/infoecos.com.ar\/wp-content\/uploads\/2024\/02\/image-312.png",472,505,false],"2048x2048":["https:\/\/infoecos.com.ar\/wp-content\/uploads\/2024\/02\/image-312.png",472,505,false],"covernews-slider-full":["https:\/\/infoecos.com.ar\/wp-content\/uploads\/2024\/02\/image-312.png",472,505,false],"covernews-slider-center":["https:\/\/infoecos.com.ar\/wp-content\/uploads\/2024\/02\/image-312.png",467,500,false],"covernews-featured":["https:\/\/infoecos.com.ar\/wp-content\/uploads\/2024\/02\/image-312.png",472,505,false],"covernews-medium":["https:\/\/infoecos.com.ar\/wp-content\/uploads\/2024\/02\/image-312-472x380.png",422,340,true],"covernews-medium-square":["https:\/\/infoecos.com.ar\/wp-content\/uploads\/2024\/02\/image-312-472x450.png",262,250,true]},"author_info":{"info":["Jorge Matheus"]},"category_info":"<a href=\"https:\/\/infoecos.com.ar\/index.php\/category\/noticia-secundaria\/\" rel=\"category tag\">Noticia Secundaria<\/a>","tag_info":"Noticia Secundaria","comment_count":"0","_links":{"self":[{"href":"https:\/\/infoecos.com.ar\/index.php\/wp-json\/wp\/v2\/posts\/119461"}],"collection":[{"href":"https:\/\/infoecos.com.ar\/index.php\/wp-json\/wp\/v2\/posts"}],"about":[{"href":"https:\/\/infoecos.com.ar\/index.php\/wp-json\/wp\/v2\/types\/post"}],"author":[{"embeddable":true,"href":"https:\/\/infoecos.com.ar\/index.php\/wp-json\/wp\/v2\/users\/2"}],"replies":[{"embeddable":true,"href":"https:\/\/infoecos.com.ar\/index.php\/wp-json\/wp\/v2\/comments?post=119461"}],"version-history":[{"count":1,"href":"https:\/\/infoecos.com.ar\/index.php\/wp-json\/wp\/v2\/posts\/119461\/revisions"}],"predecessor-version":[{"id":119463,"href":"https:\/\/infoecos.com.ar\/index.php\/wp-json\/wp\/v2\/posts\/119461\/revisions\/119463"}],"wp:featuredmedia":[{"embeddable":true,"href":"https:\/\/infoecos.com.ar\/index.php\/wp-json\/wp\/v2\/media\/119462"}],"wp:attachment":[{"href":"https:\/\/infoecos.com.ar\/index.php\/wp-json\/wp\/v2\/media?parent=119461"}],"wp:term":[{"taxonomy":"category","embeddable":true,"href":"https:\/\/infoecos.com.ar\/index.php\/wp-json\/wp\/v2\/categories?post=119461"},{"taxonomy":"post_tag","embeddable":true,"href":"https:\/\/infoecos.com.ar\/index.php\/wp-json\/wp\/v2\/tags?post=119461"}],"curies":[{"name":"wp","href":"https:\/\/api.w.org\/{rel}","templated":true}]}}