{"id":119532,"date":"2024-02-20T20:20:23","date_gmt":"2024-02-20T23:20:23","guid":{"rendered":"https:\/\/infoecos.com.ar\/?p=119532"},"modified":"2024-02-21T15:53:46","modified_gmt":"2024-02-21T18:53:46","slug":"los-docentes-bonaerenses-aceptaron-el-20-de-aumento-que-propuso-el-gobierno-de-kicillof","status":"publish","type":"post","link":"https:\/\/infoecos.com.ar\/index.php\/los-docentes-bonaerenses-aceptaron-el-20-de-aumento-que-propuso-el-gobierno-de-kicillof\/","title":{"rendered":"Los docentes bonaerenses aceptaron el 20% de aumento que propuso el gobierno de Kicillof"},"content":{"rendered":"\n<figure class=\"wp-block-image alignright size-full is-resized\"><img loading=\"lazy\" decoding=\"async\" src=\"https:\/\/infoecos.com.ar\/wp-content\/uploads\/2023\/02\/97485_7351.jpeg\" alt=\"\" class=\"wp-image-102235\" width=\"412\" height=\"182\" srcset=\"https:\/\/infoecos.com.ar\/wp-content\/uploads\/2023\/02\/97485_7351.jpeg 1600w, https:\/\/infoecos.com.ar\/wp-content\/uploads\/2023\/02\/97485_7351-800x356.jpeg 800w, https:\/\/infoecos.com.ar\/wp-content\/uploads\/2023\/02\/97485_7351-768x342.jpeg 768w, https:\/\/infoecos.com.ar\/wp-content\/uploads\/2023\/02\/97485_7351-1536x684.jpeg 1536w, https:\/\/infoecos.com.ar\/wp-content\/uploads\/2023\/02\/97485_7351-1024x456.jpeg 1024w\" sizes=\"(max-width: 412px) 100vw, 412px\" \/><\/figure>\n\n\n\n<p>Los&nbsp;docentes bonaerenses&nbsp;aceptaron este martes por mayor\u00eda la oferta paritaria del Ejecutivo provincial. Tendr\u00e1n un&nbsp;aumento salarial del 20%, a cobrar en los primeros d\u00edas de marzo.<\/p>\n\n\n\n<p>Adem\u00e1s, los docentes nucleados en el&nbsp;Sindicato Unificado de Trabajadores de la Educaci\u00f3n de la provincia de Buenos Aires&nbsp;(SUTEBA) y la&nbsp;Federaci\u00f3n de Educadores Bonaerenses&nbsp;(FEB), acordaron defender al&nbsp;Instituto de Previsi\u00f3n Social bonaerense&nbsp;(IPS) y de \u201cplantear el fortalecimiento del IOMA en la cobertura y el acceso a las prestaciones\u201d.<\/p>\n\n\n\n<p>Tambien, los<strong>&nbsp;<\/strong>docentes bonaerenses, nucleados en&nbsp;SUTEBA, aprobaron por unanimidad \u201cexigir al Gobierno nacional la convocatoria a paritaria y el env\u00edo de fondos a las provincias\u201d, en el marco del conflicto abierto por la eliminaci\u00f3n del&nbsp;Fondo de Incentivo Docente&nbsp;(FONID).<\/p>\n\n\n\n<p>\u201cSi bien la propuesta fue aceptada, el Congreso manifest\u00f3 su disconformidad por la quita por parte del gobierno nacional de las sumas correspondientes al FONID, material did\u00e1ctico y conectividad, que constituye una parte importante del salario\u201c, asegur\u00f3 la presidenta de la&nbsp;FEB,&nbsp;Liliana Olivera.<\/p>\n\n\n\n<p>\u201cNo a los recortes y la desinversi\u00f3n\u201c, plantearon los&nbsp;docentes bonaerenses&nbsp;de&nbsp;SUTEBA, quienes advirtieron que de no obtener respuestas, avanzar\u00e1n con un plan de lucha nacional de la mano de la&nbsp;CTERA.<\/p>\n","protected":false},"excerpt":{"rendered":"<p>Los\u00a0docentes bonaerenses, nucleados en\u00a0SUTEBA, aprobaron por unanimidad \u201cexigir al Gobierno nacional la convocatoria a paritaria y el env\u00edo de fondos a las provincias\u201d, en el marco del conflicto abierto por la eliminaci\u00f3n del\u00a0Fondo de Incentivo Docente\u00a0(FONID)<\/p>\n","protected":false},"author":2,"featured_media":102235,"comment_status":"closed","ping_status":"open","sticky":false,"template":"","format":"standard","meta":{"footnotes":""},"categories":[1325],"tags":[10135],"class_list":["post-119532","post","type-post","status-publish","format-standard","has-post-thumbnail","hentry","category-c1nota6","tag-no-asegura-el-comienzo-de-clases"],"yoast_head":"<!-- This site is optimized with the Yoast SEO plugin v23.4 - https:\/\/yoast.com\/wordpress\/plugins\/seo\/ -->\n<title>Los docentes bonaerenses aceptaron el 20% de aumento que propuso el gobierno de Kicillof - Infoecos<\/title>\n<meta name=\"robots\" content=\"index, follow, max-snippet:-1, max-image-preview:large, max-video-preview:-1\" \/>\n<link rel=\"canonical\" href=\"https:\/\/infoecos.com.ar\/index.php\/los-docentes-bonaerenses-aceptaron-el-20-de-aumento-que-propuso-el-gobierno-de-kicillof\/\" \/>\n<meta property=\"og:locale\" content=\"es_ES\" \/>\n<meta property=\"og:type\" content=\"article\" \/>\n<meta property=\"og:title\" content=\"Los docentes bonaerenses aceptaron el 20% de aumento que propuso el gobierno de Kicillof - Infoecos\" \/>\n<meta property=\"og:description\" content=\"Los\u00a0docentes bonaerenses, nucleados en\u00a0SUTEBA, aprobaron por unanimidad \u201cexigir al Gobierno nacional la convocatoria a paritaria y el env\u00edo de fondos a las provincias\u201d, en el marco del conflicto abierto por la eliminaci\u00f3n del\u00a0Fondo de Incentivo Docente\u00a0(FONID)\" \/>\n<meta property=\"og:url\" content=\"https:\/\/infoecos.com.ar\/index.php\/los-docentes-bonaerenses-aceptaron-el-20-de-aumento-que-propuso-el-gobierno-de-kicillof\/\" \/>\n<meta property=\"og:site_name\" content=\"Infoecos\" \/>\n<meta property=\"article:publisher\" content=\"https:\/\/www.facebook.com\/profile.php?id=100063200290284\" \/>\n<meta property=\"article:published_time\" content=\"2024-02-20T23:20:23+00:00\" \/>\n<meta property=\"article:modified_time\" content=\"2024-02-21T18:53:46+00:00\" \/>\n<meta property=\"og:image\" content=\"https:\/\/infoecos.com.ar\/wp-content\/uploads\/2023\/02\/97485_7351.jpeg\" \/>\n\t<meta property=\"og:image:width\" content=\"1600\" \/>\n\t<meta property=\"og:image:height\" content=\"712\" \/>\n\t<meta property=\"og:image:type\" content=\"image\/jpeg\" \/>\n<meta name=\"author\" content=\"Jorge Matheus\" \/>\n<meta name=\"twitter:card\" content=\"summary_large_image\" \/>\n<meta name=\"twitter:creator\" content=\"@infoecos\" \/>\n<meta name=\"twitter:site\" content=\"@infoecos\" \/>\n<meta name=\"twitter:label1\" content=\"Escrito por\" \/>\n\t<meta name=\"twitter:data1\" content=\"Jorge Matheus\" \/>\n\t<meta name=\"twitter:label2\" content=\"Tiempo de lectura\" \/>\n\t<meta name=\"twitter:data2\" content=\"2 minutos\" \/>\n<script type=\"application\/ld+json\" class=\"yoast-schema-graph\">{\"@context\":\"https:\/\/schema.org\",\"@graph\":[{\"@type\":\"Article\",\"@id\":\"https:\/\/infoecos.com.ar\/index.php\/los-docentes-bonaerenses-aceptaron-el-20-de-aumento-que-propuso-el-gobierno-de-kicillof\/#article\",\"isPartOf\":{\"@id\":\"https:\/\/infoecos.com.ar\/index.php\/los-docentes-bonaerenses-aceptaron-el-20-de-aumento-que-propuso-el-gobierno-de-kicillof\/\"},\"author\":{\"name\":\"Jorge Matheus\",\"@id\":\"https:\/\/infoecos.com.ar\/#\/schema\/person\/8f5ace5ce73b4b4aac4b7245aee6f191\"},\"headline\":\"Los docentes bonaerenses aceptaron el 20% de aumento que propuso el gobierno de Kicillof\",\"datePublished\":\"2024-02-20T23:20:23+00:00\",\"dateModified\":\"2024-02-21T18:53:46+00:00\",\"mainEntityOfPage\":{\"@id\":\"https:\/\/infoecos.com.ar\/index.php\/los-docentes-bonaerenses-aceptaron-el-20-de-aumento-que-propuso-el-gobierno-de-kicillof\/\"},\"wordCount\":241,\"publisher\":{\"@id\":\"https:\/\/infoecos.com.ar\/#organization\"},\"image\":{\"@id\":\"https:\/\/infoecos.com.ar\/index.php\/los-docentes-bonaerenses-aceptaron-el-20-de-aumento-que-propuso-el-gobierno-de-kicillof\/#primaryimage\"},\"thumbnailUrl\":\"https:\/\/infoecos.com.ar\/wp-content\/uploads\/2023\/02\/97485_7351.jpeg\",\"keywords\":[\"no asegura el comienzo de clases\"],\"articleSection\":[\"C1 nota 6\"],\"inLanguage\":\"es\"},{\"@type\":\"WebPage\",\"@id\":\"https:\/\/infoecos.com.ar\/index.php\/los-docentes-bonaerenses-aceptaron-el-20-de-aumento-que-propuso-el-gobierno-de-kicillof\/\",\"url\":\"https:\/\/infoecos.com.ar\/index.php\/los-docentes-bonaerenses-aceptaron-el-20-de-aumento-que-propuso-el-gobierno-de-kicillof\/\",\"name\":\"Los docentes bonaerenses aceptaron el 20% de aumento que propuso el gobierno de Kicillof - Infoecos\",\"isPartOf\":{\"@id\":\"https:\/\/infoecos.com.ar\/#website\"},\"primaryImageOfPage\":{\"@id\":\"https:\/\/infoecos.com.ar\/index.php\/los-docentes-bonaerenses-aceptaron-el-20-de-aumento-que-propuso-el-gobierno-de-kicillof\/#primaryimage\"},\"image\":{\"@id\":\"https:\/\/infoecos.com.ar\/index.php\/los-docentes-bonaerenses-aceptaron-el-20-de-aumento-que-propuso-el-gobierno-de-kicillof\/#primaryimage\"},\"thumbnailUrl\":\"https:\/\/infoecos.com.ar\/wp-content\/uploads\/2023\/02\/97485_7351.jpeg\",\"datePublished\":\"2024-02-20T23:20:23+00:00\",\"dateModified\":\"2024-02-21T18:53:46+00:00\",\"breadcrumb\":{\"@id\":\"https:\/\/infoecos.com.ar\/index.php\/los-docentes-bonaerenses-aceptaron-el-20-de-aumento-que-propuso-el-gobierno-de-kicillof\/#breadcrumb\"},\"inLanguage\":\"es\",\"potentialAction\":[{\"@type\":\"ReadAction\",\"target\":[\"https:\/\/infoecos.com.ar\/index.php\/los-docentes-bonaerenses-aceptaron-el-20-de-aumento-que-propuso-el-gobierno-de-kicillof\/\"]}]},{\"@type\":\"ImageObject\",\"inLanguage\":\"es\",\"@id\":\"https:\/\/infoecos.com.ar\/index.php\/los-docentes-bonaerenses-aceptaron-el-20-de-aumento-que-propuso-el-gobierno-de-kicillof\/#primaryimage\",\"url\":\"https:\/\/infoecos.com.ar\/wp-content\/uploads\/2023\/02\/97485_7351.jpeg\",\"contentUrl\":\"https:\/\/infoecos.com.ar\/wp-content\/uploads\/2023\/02\/97485_7351.jpeg\",\"width\":1600,\"height\":712},{\"@type\":\"BreadcrumbList\",\"@id\":\"https:\/\/infoecos.com.ar\/index.php\/los-docentes-bonaerenses-aceptaron-el-20-de-aumento-que-propuso-el-gobierno-de-kicillof\/#breadcrumb\",\"itemListElement\":[{\"@type\":\"ListItem\",\"position\":1,\"name\":\"Portada\",\"item\":\"https:\/\/infoecos.com.ar\/\"},{\"@type\":\"ListItem\",\"position\":2,\"name\":\"Los docentes bonaerenses aceptaron el 20% de aumento que propuso el gobierno de Kicillof\"}]},{\"@type\":\"WebSite\",\"@id\":\"https:\/\/infoecos.com.ar\/#website\",\"url\":\"https:\/\/infoecos.com.ar\/\",\"name\":\"Infoecos\",\"description\":\"Noticias de trenque lauquen y la zona\",\"publisher\":{\"@id\":\"https:\/\/infoecos.com.ar\/#organization\"},\"alternateName\":\"Noticias\",\"potentialAction\":[{\"@type\":\"SearchAction\",\"target\":{\"@type\":\"EntryPoint\",\"urlTemplate\":\"https:\/\/infoecos.com.ar\/?s={search_term_string}\"},\"query-input\":{\"@type\":\"PropertyValueSpecification\",\"valueRequired\":true,\"valueName\":\"search_term_string\"}}],\"inLanguage\":\"es\"},{\"@type\":\"Organization\",\"@id\":\"https:\/\/infoecos.com.ar\/#organization\",\"name\":\"Infoecos\",\"alternateName\":\"Noticias\",\"url\":\"https:\/\/infoecos.com.ar\/\",\"logo\":{\"@type\":\"ImageObject\",\"inLanguage\":\"es\",\"@id\":\"https:\/\/infoecos.com.ar\/#\/schema\/logo\/image\/\",\"url\":\"https:\/\/infoecos.com.ar\/wp-content\/uploads\/2024\/03\/cropped-logo.png\",\"contentUrl\":\"https:\/\/infoecos.com.ar\/wp-content\/uploads\/2024\/03\/cropped-logo.png\",\"width\":374,\"height\":90,\"caption\":\"Infoecos\"},\"image\":{\"@id\":\"https:\/\/infoecos.com.ar\/#\/schema\/logo\/image\/\"},\"sameAs\":[\"https:\/\/www.facebook.com\/profile.php?id=100063200290284\",\"https:\/\/x.com\/infoecos\"]},{\"@type\":\"Person\",\"@id\":\"https:\/\/infoecos.com.ar\/#\/schema\/person\/8f5ace5ce73b4b4aac4b7245aee6f191\",\"name\":\"Jorge Matheus\",\"url\":\"https:\/\/infoecos.com.ar\/index.php\/author\/jomatheus\/\"}]}<\/script>\n<!-- \/ Yoast SEO plugin. -->","yoast_head_json":{"title":"Los docentes bonaerenses aceptaron el 20% de aumento que propuso el gobierno de Kicillof - Infoecos","robots":{"index":"index","follow":"follow","max-snippet":"max-snippet:-1","max-image-preview":"max-image-preview:large","max-video-preview":"max-video-preview:-1"},"canonical":"https:\/\/infoecos.com.ar\/index.php\/los-docentes-bonaerenses-aceptaron-el-20-de-aumento-que-propuso-el-gobierno-de-kicillof\/","og_locale":"es_ES","og_type":"article","og_title":"Los docentes bonaerenses aceptaron el 20% de aumento que propuso el gobierno de Kicillof - Infoecos","og_description":"Los\u00a0docentes bonaerenses, nucleados en\u00a0SUTEBA, aprobaron por unanimidad \u201cexigir al Gobierno nacional la convocatoria a paritaria y el env\u00edo de fondos a las provincias\u201d, en el marco del conflicto abierto por la eliminaci\u00f3n del\u00a0Fondo de Incentivo Docente\u00a0(FONID)","og_url":"https:\/\/infoecos.com.ar\/index.php\/los-docentes-bonaerenses-aceptaron-el-20-de-aumento-que-propuso-el-gobierno-de-kicillof\/","og_site_name":"Infoecos","article_publisher":"https:\/\/www.facebook.com\/profile.php?id=100063200290284","article_published_time":"2024-02-20T23:20:23+00:00","article_modified_time":"2024-02-21T18:53:46+00:00","og_image":[{"width":1600,"height":712,"url":"https:\/\/infoecos.com.ar\/wp-content\/uploads\/2023\/02\/97485_7351.jpeg","type":"image\/jpeg"}],"author":"Jorge Matheus","twitter_card":"summary_large_image","twitter_creator":"@infoecos","twitter_site":"@infoecos","twitter_misc":{"Escrito por":"Jorge Matheus","Tiempo de lectura":"2 minutos"},"schema":{"@context":"https:\/\/schema.org","@graph":[{"@type":"Article","@id":"https:\/\/infoecos.com.ar\/index.php\/los-docentes-bonaerenses-aceptaron-el-20-de-aumento-que-propuso-el-gobierno-de-kicillof\/#article","isPartOf":{"@id":"https:\/\/infoecos.com.ar\/index.php\/los-docentes-bonaerenses-aceptaron-el-20-de-aumento-que-propuso-el-gobierno-de-kicillof\/"},"author":{"name":"Jorge Matheus","@id":"https:\/\/infoecos.com.ar\/#\/schema\/person\/8f5ace5ce73b4b4aac4b7245aee6f191"},"headline":"Los docentes bonaerenses aceptaron el 20% de aumento que propuso el gobierno de Kicillof","datePublished":"2024-02-20T23:20:23+00:00","dateModified":"2024-02-21T18:53:46+00:00","mainEntityOfPage":{"@id":"https:\/\/infoecos.com.ar\/index.php\/los-docentes-bonaerenses-aceptaron-el-20-de-aumento-que-propuso-el-gobierno-de-kicillof\/"},"wordCount":241,"publisher":{"@id":"https:\/\/infoecos.com.ar\/#organization"},"image":{"@id":"https:\/\/infoecos.com.ar\/index.php\/los-docentes-bonaerenses-aceptaron-el-20-de-aumento-que-propuso-el-gobierno-de-kicillof\/#primaryimage"},"thumbnailUrl":"https:\/\/infoecos.com.ar\/wp-content\/uploads\/2023\/02\/97485_7351.jpeg","keywords":["no asegura el comienzo de clases"],"articleSection":["C1 nota 6"],"inLanguage":"es"},{"@type":"WebPage","@id":"https:\/\/infoecos.com.ar\/index.php\/los-docentes-bonaerenses-aceptaron-el-20-de-aumento-que-propuso-el-gobierno-de-kicillof\/","url":"https:\/\/infoecos.com.ar\/index.php\/los-docentes-bonaerenses-aceptaron-el-20-de-aumento-que-propuso-el-gobierno-de-kicillof\/","name":"Los docentes bonaerenses aceptaron el 20% de aumento que propuso el gobierno de Kicillof - Infoecos","isPartOf":{"@id":"https:\/\/infoecos.com.ar\/#website"},"primaryImageOfPage":{"@id":"https:\/\/infoecos.com.ar\/index.php\/los-docentes-bonaerenses-aceptaron-el-20-de-aumento-que-propuso-el-gobierno-de-kicillof\/#primaryimage"},"image":{"@id":"https:\/\/infoecos.com.ar\/index.php\/los-docentes-bonaerenses-aceptaron-el-20-de-aumento-que-propuso-el-gobierno-de-kicillof\/#primaryimage"},"thumbnailUrl":"https:\/\/infoecos.com.ar\/wp-content\/uploads\/2023\/02\/97485_7351.jpeg","datePublished":"2024-02-20T23:20:23+00:00","dateModified":"2024-02-21T18:53:46+00:00","breadcrumb":{"@id":"https:\/\/infoecos.com.ar\/index.php\/los-docentes-bonaerenses-aceptaron-el-20-de-aumento-que-propuso-el-gobierno-de-kicillof\/#breadcrumb"},"inLanguage":"es","potentialAction":[{"@type":"ReadAction","target":["https:\/\/infoecos.com.ar\/index.php\/los-docentes-bonaerenses-aceptaron-el-20-de-aumento-que-propuso-el-gobierno-de-kicillof\/"]}]},{"@type":"ImageObject","inLanguage":"es","@id":"https:\/\/infoecos.com.ar\/index.php\/los-docentes-bonaerenses-aceptaron-el-20-de-aumento-que-propuso-el-gobierno-de-kicillof\/#primaryimage","url":"https:\/\/infoecos.com.ar\/wp-content\/uploads\/2023\/02\/97485_7351.jpeg","contentUrl":"https:\/\/infoecos.com.ar\/wp-content\/uploads\/2023\/02\/97485_7351.jpeg","width":1600,"height":712},{"@type":"BreadcrumbList","@id":"https:\/\/infoecos.com.ar\/index.php\/los-docentes-bonaerenses-aceptaron-el-20-de-aumento-que-propuso-el-gobierno-de-kicillof\/#breadcrumb","itemListElement":[{"@type":"ListItem","position":1,"name":"Portada","item":"https:\/\/infoecos.com.ar\/"},{"@type":"ListItem","position":2,"name":"Los docentes bonaerenses aceptaron el 20% de aumento que propuso el gobierno de Kicillof"}]},{"@type":"WebSite","@id":"https:\/\/infoecos.com.ar\/#website","url":"https:\/\/infoecos.com.ar\/","name":"Infoecos","description":"Noticias de trenque lauquen y la zona","publisher":{"@id":"https:\/\/infoecos.com.ar\/#organization"},"alternateName":"Noticias","potentialAction":[{"@type":"SearchAction","target":{"@type":"EntryPoint","urlTemplate":"https:\/\/infoecos.com.ar\/?s={search_term_string}"},"query-input":{"@type":"PropertyValueSpecification","valueRequired":true,"valueName":"search_term_string"}}],"inLanguage":"es"},{"@type":"Organization","@id":"https:\/\/infoecos.com.ar\/#organization","name":"Infoecos","alternateName":"Noticias","url":"https:\/\/infoecos.com.ar\/","logo":{"@type":"ImageObject","inLanguage":"es","@id":"https:\/\/infoecos.com.ar\/#\/schema\/logo\/image\/","url":"https:\/\/infoecos.com.ar\/wp-content\/uploads\/2024\/03\/cropped-logo.png","contentUrl":"https:\/\/infoecos.com.ar\/wp-content\/uploads\/2024\/03\/cropped-logo.png","width":374,"height":90,"caption":"Infoecos"},"image":{"@id":"https:\/\/infoecos.com.ar\/#\/schema\/logo\/image\/"},"sameAs":["https:\/\/www.facebook.com\/profile.php?id=100063200290284","https:\/\/x.com\/infoecos"]},{"@type":"Person","@id":"https:\/\/infoecos.com.ar\/#\/schema\/person\/8f5ace5ce73b4b4aac4b7245aee6f191","name":"Jorge Matheus","url":"https:\/\/infoecos.com.ar\/index.php\/author\/jomatheus\/"}]}},"featured_image_urls":{"full":["https:\/\/infoecos.com.ar\/wp-content\/uploads\/2023\/02\/97485_7351.jpeg",1600,712,false],"thumbnail":["https:\/\/infoecos.com.ar\/wp-content\/uploads\/2023\/02\/97485_7351-300x150.jpeg",300,150,true],"medium":["https:\/\/infoecos.com.ar\/wp-content\/uploads\/2023\/02\/97485_7351-800x356.jpeg",800,356,true],"medium_large":["https:\/\/infoecos.com.ar\/wp-content\/uploads\/2023\/02\/97485_7351-768x342.jpeg",640,285,true],"large":["https:\/\/infoecos.com.ar\/wp-content\/uploads\/2023\/02\/97485_7351.jpeg",640,285,false],"1536x1536":["https:\/\/infoecos.com.ar\/wp-content\/uploads\/2023\/02\/97485_7351-1536x684.jpeg",1536,684,true],"2048x2048":["https:\/\/infoecos.com.ar\/wp-content\/uploads\/2023\/02\/97485_7351.jpeg",1600,712,false],"covernews-slider-full":["https:\/\/infoecos.com.ar\/wp-content\/uploads\/2023\/02\/97485_7351-1536x712.jpeg",1115,517,true],"covernews-slider-center":["https:\/\/infoecos.com.ar\/wp-content\/uploads\/2023\/02\/97485_7351-936x712.jpeg",657,500,true],"covernews-featured":["https:\/\/infoecos.com.ar\/wp-content\/uploads\/2023\/02\/97485_7351-1024x456.jpeg",1024,456,true],"covernews-medium":["https:\/\/infoecos.com.ar\/wp-content\/uploads\/2023\/02\/97485_7351-720x380.jpeg",540,285,true],"covernews-medium-square":["https:\/\/infoecos.com.ar\/wp-content\/uploads\/2023\/02\/97485_7351-675x450.jpeg",375,250,true]},"author_info":{"info":["Jorge Matheus"]},"category_info":"<a href=\"https:\/\/infoecos.com.ar\/index.php\/category\/c1nota6\/\" rel=\"category tag\">C1 nota 6<\/a>","tag_info":"C1 nota 6","comment_count":"0","_links":{"self":[{"href":"https:\/\/infoecos.com.ar\/index.php\/wp-json\/wp\/v2\/posts\/119532"}],"collection":[{"href":"https:\/\/infoecos.com.ar\/index.php\/wp-json\/wp\/v2\/posts"}],"about":[{"href":"https:\/\/infoecos.com.ar\/index.php\/wp-json\/wp\/v2\/types\/post"}],"author":[{"embeddable":true,"href":"https:\/\/infoecos.com.ar\/index.php\/wp-json\/wp\/v2\/users\/2"}],"replies":[{"embeddable":true,"href":"https:\/\/infoecos.com.ar\/index.php\/wp-json\/wp\/v2\/comments?post=119532"}],"version-history":[{"count":2,"href":"https:\/\/infoecos.com.ar\/index.php\/wp-json\/wp\/v2\/posts\/119532\/revisions"}],"predecessor-version":[{"id":119564,"href":"https:\/\/infoecos.com.ar\/index.php\/wp-json\/wp\/v2\/posts\/119532\/revisions\/119564"}],"wp:featuredmedia":[{"embeddable":true,"href":"https:\/\/infoecos.com.ar\/index.php\/wp-json\/wp\/v2\/media\/102235"}],"wp:attachment":[{"href":"https:\/\/infoecos.com.ar\/index.php\/wp-json\/wp\/v2\/media?parent=119532"}],"wp:term":[{"taxonomy":"category","embeddable":true,"href":"https:\/\/infoecos.com.ar\/index.php\/wp-json\/wp\/v2\/categories?post=119532"},{"taxonomy":"post_tag","embeddable":true,"href":"https:\/\/infoecos.com.ar\/index.php\/wp-json\/wp\/v2\/tags?post=119532"}],"curies":[{"name":"wp","href":"https:\/\/api.w.org\/{rel}","templated":true}]}}