{"id":119840,"date":"2024-02-25T14:35:22","date_gmt":"2024-02-25T17:35:22","guid":{"rendered":"https:\/\/infoecos.com.ar\/?p=119840"},"modified":"2024-02-25T14:35:24","modified_gmt":"2024-02-25T17:35:24","slug":"el-presidente-no-tiene-la-mas-minima-intencion-de-conciliar-lo-descabezo-al-gobernador-de-chubut","status":"publish","type":"post","link":"https:\/\/infoecos.com.ar\/index.php\/el-presidente-no-tiene-la-mas-minima-intencion-de-conciliar-lo-descabezo-al-gobernador-de-chubut\/","title":{"rendered":"El presidente no tiene la m\u00e1s m\u00ednima intenci\u00f3n de conciliar: lo \u00abdescabez\u00f3\u00bb al gobernador de Chubut"},"content":{"rendered":"\n<p><\/p>\n\n\n\n<figure class=\"wp-block-image alignright size-full\"><img loading=\"lazy\" decoding=\"async\" width=\"443\" height=\"238\" src=\"https:\/\/infoecos.com.ar\/wp-content\/uploads\/2024\/02\/image-396.png\" alt=\"\" class=\"wp-image-119841\"\/><\/figure>\n\n\n\n<p>El presidente Javier Milei volvi\u00f3 este domingo a criticar al gobernador de Chubut, Ignacio Torres, al que llam\u00f3 \u00abun pobre chico que no est\u00e1 en condiciones de leer un contrato\u00bb tras su amenaza de cortar el env\u00edo del petr\u00f3leo y gas de la provincia al resto del pa\u00eds en reclamo de la entrega 13.000 millones de pesos en concepto de coparticipaci\u00f3n que no le gir\u00f3 la Naci\u00f3n, y advirti\u00f3 que, en caso de llevar adelante la advertencia, ser\u00eda \u00abun delito\u00bb.<\/p>\n\n\n\n<p><strong>\u00abPobrecito, Nachito, es un pobre chico que no la ve. No puede leer ni comprender un contrato. Es de una precariedad intelectual muy grande\u00bb, dijo el Presidente\u00a0<\/strong>en declaraciones al canal La Naci\u00f3n+ desde la ciudad estadounidense de Washington, donde este s\u00e1bado particip\u00f3 de la Conferencia de la Acci\u00f3n Pol\u00edtica Conservadora. \u00a0<\/p>\n\n\n\n<p>El Presidente explic\u00f3 que la provincia chubutense \u00abtom\u00f3 una deuda contra garant\u00eda de coparticipaci\u00f3n\u00bb y, en consecuencia, observ\u00f3 sobre la retenci\u00f3n de fondos hecha por Naci\u00f3n: \u00abCuando depositan la coparticipaci\u00f3n, posteriormente se afecta la parte de la deuda y les llega el remanente\u00bb.<\/p>\n\n\n\n<figure class=\"wp-block-image alignright size-full is-resized\"><img loading=\"lazy\" decoding=\"async\" src=\"https:\/\/infoecos.com.ar\/wp-content\/uploads\/2024\/02\/image-397.png\" alt=\"\" class=\"wp-image-119842\" width=\"427\" height=\"240\" srcset=\"https:\/\/infoecos.com.ar\/wp-content\/uploads\/2024\/02\/image-397.png 1200w, https:\/\/infoecos.com.ar\/wp-content\/uploads\/2024\/02\/image-397-800x450.png 800w, https:\/\/infoecos.com.ar\/wp-content\/uploads\/2024\/02\/image-397-768x432.png 768w, https:\/\/infoecos.com.ar\/wp-content\/uploads\/2024\/02\/image-397-1024x576.png 1024w\" sizes=\"(max-width: 427px) 100vw, 427px\" \/><\/figure>\n\n\n\n<p><strong>\u00abYo no tengo la culpa de que el chico no pueda emplear un texto y comprenderlo. Evidentemente, es una v\u00edctima del deterioro de la educaci\u00f3n argentina\u00bb, insisti\u00f3 Milei acerca de Torres.<\/strong><\/p>\n\n\n\n<p>Consultado sobre una posible intervenci\u00f3n del Gobierno nacional en la provincia patag\u00f3nica en el caso que Torres tome la decisi\u00f3n que anunci\u00f3 el viernes \u00faltimo, Milei solo dijo que \u00abse seguir\u00e1n los pasos legales que determine la Justicia\u00bb. \u00a0<\/p>\n\n\n\n<p>El Presidente consider\u00f3, adem\u00e1s, que su llegada a la Casa Rosada produjo un \u00abcambio estructural\u00bb en la \u00abpol\u00edtica tradicional\u00bb, pese a lo cual todav\u00eda<strong>&nbsp;hay quienes \u00abno la ven\u00bb, y explic\u00f3 que por eso \u00abdetestan\u00bb su presencia en el poder, porque significa que \u00abestaban equivocados en lo que pensaron estos 40 a\u00f1os\u00bb.<\/strong><\/p>\n","protected":false},"excerpt":{"rendered":"<p>\u00abPobrecito, Nachito, es un pobre chico que no la ve. No puede leer ni comprender un contrato. Es de una precariedad intelectual muy grande\u00bb, dijo el Presidente<\/p>\n","protected":false},"author":2,"featured_media":119841,"comment_status":"closed","ping_status":"open","sticky":false,"template":"","format":"standard","meta":{"footnotes":""},"categories":[50],"tags":[10178],"class_list":["post-119840","post","type-post","status-publish","format-standard","has-post-thumbnail","hentry","category-c1nota4","tag-con-la-nacion-y-redes"],"yoast_head":"<!-- This site is optimized with the Yoast SEO plugin v23.4 - https:\/\/yoast.com\/wordpress\/plugins\/seo\/ -->\n<title>El presidente no tiene la m\u00e1s m\u00ednima intenci\u00f3n de conciliar: lo &quot;descabez\u00f3&quot; al gobernador de Chubut - Infoecos<\/title>\n<meta name=\"robots\" content=\"index, follow, max-snippet:-1, max-image-preview:large, max-video-preview:-1\" \/>\n<link rel=\"canonical\" href=\"https:\/\/infoecos.com.ar\/index.php\/el-presidente-no-tiene-la-mas-minima-intencion-de-conciliar-lo-descabezo-al-gobernador-de-chubut\/\" \/>\n<meta property=\"og:locale\" content=\"es_ES\" \/>\n<meta property=\"og:type\" content=\"article\" \/>\n<meta property=\"og:title\" content=\"El presidente no tiene la m\u00e1s m\u00ednima intenci\u00f3n de conciliar: lo &quot;descabez\u00f3&quot; al gobernador de Chubut - Infoecos\" \/>\n<meta property=\"og:description\" content=\"&quot;Pobrecito, Nachito, es un pobre chico que no la ve. No puede leer ni comprender un contrato. Es de una precariedad intelectual muy grande&quot;, dijo el Presidente\" \/>\n<meta property=\"og:url\" content=\"https:\/\/infoecos.com.ar\/index.php\/el-presidente-no-tiene-la-mas-minima-intencion-de-conciliar-lo-descabezo-al-gobernador-de-chubut\/\" \/>\n<meta property=\"og:site_name\" content=\"Infoecos\" \/>\n<meta property=\"article:publisher\" content=\"https:\/\/www.facebook.com\/profile.php?id=100063200290284\" \/>\n<meta property=\"article:published_time\" content=\"2024-02-25T17:35:22+00:00\" \/>\n<meta property=\"article:modified_time\" content=\"2024-02-25T17:35:24+00:00\" \/>\n<meta property=\"og:image\" content=\"https:\/\/infoecos.com.ar\/wp-content\/uploads\/2024\/02\/image-396.png\" \/>\n\t<meta property=\"og:image:width\" content=\"443\" \/>\n\t<meta property=\"og:image:height\" content=\"238\" \/>\n\t<meta property=\"og:image:type\" content=\"image\/png\" \/>\n<meta name=\"author\" content=\"Jorge Matheus\" \/>\n<meta name=\"twitter:card\" content=\"summary_large_image\" \/>\n<meta name=\"twitter:creator\" content=\"@infoecos\" \/>\n<meta name=\"twitter:site\" content=\"@infoecos\" \/>\n<meta name=\"twitter:label1\" content=\"Escrito por\" \/>\n\t<meta name=\"twitter:data1\" content=\"Jorge Matheus\" \/>\n\t<meta name=\"twitter:label2\" content=\"Tiempo de lectura\" \/>\n\t<meta name=\"twitter:data2\" content=\"2 minutos\" \/>\n<script type=\"application\/ld+json\" class=\"yoast-schema-graph\">{\"@context\":\"https:\/\/schema.org\",\"@graph\":[{\"@type\":\"Article\",\"@id\":\"https:\/\/infoecos.com.ar\/index.php\/el-presidente-no-tiene-la-mas-minima-intencion-de-conciliar-lo-descabezo-al-gobernador-de-chubut\/#article\",\"isPartOf\":{\"@id\":\"https:\/\/infoecos.com.ar\/index.php\/el-presidente-no-tiene-la-mas-minima-intencion-de-conciliar-lo-descabezo-al-gobernador-de-chubut\/\"},\"author\":{\"name\":\"Jorge Matheus\",\"@id\":\"https:\/\/infoecos.com.ar\/#\/schema\/person\/8f5ace5ce73b4b4aac4b7245aee6f191\"},\"headline\":\"El presidente no tiene la m\u00e1s m\u00ednima intenci\u00f3n de conciliar: lo \u00abdescabez\u00f3\u00bb al gobernador de Chubut\",\"datePublished\":\"2024-02-25T17:35:22+00:00\",\"dateModified\":\"2024-02-25T17:35:24+00:00\",\"mainEntityOfPage\":{\"@id\":\"https:\/\/infoecos.com.ar\/index.php\/el-presidente-no-tiene-la-mas-minima-intencion-de-conciliar-lo-descabezo-al-gobernador-de-chubut\/\"},\"wordCount\":338,\"publisher\":{\"@id\":\"https:\/\/infoecos.com.ar\/#organization\"},\"image\":{\"@id\":\"https:\/\/infoecos.com.ar\/index.php\/el-presidente-no-tiene-la-mas-minima-intencion-de-conciliar-lo-descabezo-al-gobernador-de-chubut\/#primaryimage\"},\"thumbnailUrl\":\"https:\/\/infoecos.com.ar\/wp-content\/uploads\/2024\/02\/image-396.png\",\"keywords\":[\"con La Naci\u00f3n+ y redes\"],\"articleSection\":[\"C1 N4\"],\"inLanguage\":\"es\"},{\"@type\":\"WebPage\",\"@id\":\"https:\/\/infoecos.com.ar\/index.php\/el-presidente-no-tiene-la-mas-minima-intencion-de-conciliar-lo-descabezo-al-gobernador-de-chubut\/\",\"url\":\"https:\/\/infoecos.com.ar\/index.php\/el-presidente-no-tiene-la-mas-minima-intencion-de-conciliar-lo-descabezo-al-gobernador-de-chubut\/\",\"name\":\"El presidente no tiene la m\u00e1s m\u00ednima intenci\u00f3n de conciliar: lo \\\"descabez\u00f3\\\" al gobernador de Chubut - Infoecos\",\"isPartOf\":{\"@id\":\"https:\/\/infoecos.com.ar\/#website\"},\"primaryImageOfPage\":{\"@id\":\"https:\/\/infoecos.com.ar\/index.php\/el-presidente-no-tiene-la-mas-minima-intencion-de-conciliar-lo-descabezo-al-gobernador-de-chubut\/#primaryimage\"},\"image\":{\"@id\":\"https:\/\/infoecos.com.ar\/index.php\/el-presidente-no-tiene-la-mas-minima-intencion-de-conciliar-lo-descabezo-al-gobernador-de-chubut\/#primaryimage\"},\"thumbnailUrl\":\"https:\/\/infoecos.com.ar\/wp-content\/uploads\/2024\/02\/image-396.png\",\"datePublished\":\"2024-02-25T17:35:22+00:00\",\"dateModified\":\"2024-02-25T17:35:24+00:00\",\"breadcrumb\":{\"@id\":\"https:\/\/infoecos.com.ar\/index.php\/el-presidente-no-tiene-la-mas-minima-intencion-de-conciliar-lo-descabezo-al-gobernador-de-chubut\/#breadcrumb\"},\"inLanguage\":\"es\",\"potentialAction\":[{\"@type\":\"ReadAction\",\"target\":[\"https:\/\/infoecos.com.ar\/index.php\/el-presidente-no-tiene-la-mas-minima-intencion-de-conciliar-lo-descabezo-al-gobernador-de-chubut\/\"]}]},{\"@type\":\"ImageObject\",\"inLanguage\":\"es\",\"@id\":\"https:\/\/infoecos.com.ar\/index.php\/el-presidente-no-tiene-la-mas-minima-intencion-de-conciliar-lo-descabezo-al-gobernador-de-chubut\/#primaryimage\",\"url\":\"https:\/\/infoecos.com.ar\/wp-content\/uploads\/2024\/02\/image-396.png\",\"contentUrl\":\"https:\/\/infoecos.com.ar\/wp-content\/uploads\/2024\/02\/image-396.png\",\"width\":443,\"height\":238},{\"@type\":\"BreadcrumbList\",\"@id\":\"https:\/\/infoecos.com.ar\/index.php\/el-presidente-no-tiene-la-mas-minima-intencion-de-conciliar-lo-descabezo-al-gobernador-de-chubut\/#breadcrumb\",\"itemListElement\":[{\"@type\":\"ListItem\",\"position\":1,\"name\":\"Portada\",\"item\":\"https:\/\/infoecos.com.ar\/\"},{\"@type\":\"ListItem\",\"position\":2,\"name\":\"El presidente no tiene la m\u00e1s m\u00ednima intenci\u00f3n de conciliar: lo \u00abdescabez\u00f3\u00bb al gobernador de Chubut\"}]},{\"@type\":\"WebSite\",\"@id\":\"https:\/\/infoecos.com.ar\/#website\",\"url\":\"https:\/\/infoecos.com.ar\/\",\"name\":\"Infoecos\",\"description\":\"Noticias de trenque lauquen y la zona\",\"publisher\":{\"@id\":\"https:\/\/infoecos.com.ar\/#organization\"},\"alternateName\":\"Noticias\",\"potentialAction\":[{\"@type\":\"SearchAction\",\"target\":{\"@type\":\"EntryPoint\",\"urlTemplate\":\"https:\/\/infoecos.com.ar\/?s={search_term_string}\"},\"query-input\":{\"@type\":\"PropertyValueSpecification\",\"valueRequired\":true,\"valueName\":\"search_term_string\"}}],\"inLanguage\":\"es\"},{\"@type\":\"Organization\",\"@id\":\"https:\/\/infoecos.com.ar\/#organization\",\"name\":\"Infoecos\",\"alternateName\":\"Noticias\",\"url\":\"https:\/\/infoecos.com.ar\/\",\"logo\":{\"@type\":\"ImageObject\",\"inLanguage\":\"es\",\"@id\":\"https:\/\/infoecos.com.ar\/#\/schema\/logo\/image\/\",\"url\":\"https:\/\/infoecos.com.ar\/wp-content\/uploads\/2024\/03\/cropped-logo.png\",\"contentUrl\":\"https:\/\/infoecos.com.ar\/wp-content\/uploads\/2024\/03\/cropped-logo.png\",\"width\":374,\"height\":90,\"caption\":\"Infoecos\"},\"image\":{\"@id\":\"https:\/\/infoecos.com.ar\/#\/schema\/logo\/image\/\"},\"sameAs\":[\"https:\/\/www.facebook.com\/profile.php?id=100063200290284\",\"https:\/\/x.com\/infoecos\"]},{\"@type\":\"Person\",\"@id\":\"https:\/\/infoecos.com.ar\/#\/schema\/person\/8f5ace5ce73b4b4aac4b7245aee6f191\",\"name\":\"Jorge Matheus\",\"url\":\"https:\/\/infoecos.com.ar\/index.php\/author\/jomatheus\/\"}]}<\/script>\n<!-- \/ Yoast SEO plugin. -->","yoast_head_json":{"title":"El presidente no tiene la m\u00e1s m\u00ednima intenci\u00f3n de conciliar: lo \"descabez\u00f3\" al gobernador de Chubut - Infoecos","robots":{"index":"index","follow":"follow","max-snippet":"max-snippet:-1","max-image-preview":"max-image-preview:large","max-video-preview":"max-video-preview:-1"},"canonical":"https:\/\/infoecos.com.ar\/index.php\/el-presidente-no-tiene-la-mas-minima-intencion-de-conciliar-lo-descabezo-al-gobernador-de-chubut\/","og_locale":"es_ES","og_type":"article","og_title":"El presidente no tiene la m\u00e1s m\u00ednima intenci\u00f3n de conciliar: lo \"descabez\u00f3\" al gobernador de Chubut - Infoecos","og_description":"\"Pobrecito, Nachito, es un pobre chico que no la ve. No puede leer ni comprender un contrato. Es de una precariedad intelectual muy grande\", dijo el Presidente","og_url":"https:\/\/infoecos.com.ar\/index.php\/el-presidente-no-tiene-la-mas-minima-intencion-de-conciliar-lo-descabezo-al-gobernador-de-chubut\/","og_site_name":"Infoecos","article_publisher":"https:\/\/www.facebook.com\/profile.php?id=100063200290284","article_published_time":"2024-02-25T17:35:22+00:00","article_modified_time":"2024-02-25T17:35:24+00:00","og_image":[{"width":443,"height":238,"url":"https:\/\/infoecos.com.ar\/wp-content\/uploads\/2024\/02\/image-396.png","type":"image\/png"}],"author":"Jorge Matheus","twitter_card":"summary_large_image","twitter_creator":"@infoecos","twitter_site":"@infoecos","twitter_misc":{"Escrito por":"Jorge Matheus","Tiempo de lectura":"2 minutos"},"schema":{"@context":"https:\/\/schema.org","@graph":[{"@type":"Article","@id":"https:\/\/infoecos.com.ar\/index.php\/el-presidente-no-tiene-la-mas-minima-intencion-de-conciliar-lo-descabezo-al-gobernador-de-chubut\/#article","isPartOf":{"@id":"https:\/\/infoecos.com.ar\/index.php\/el-presidente-no-tiene-la-mas-minima-intencion-de-conciliar-lo-descabezo-al-gobernador-de-chubut\/"},"author":{"name":"Jorge Matheus","@id":"https:\/\/infoecos.com.ar\/#\/schema\/person\/8f5ace5ce73b4b4aac4b7245aee6f191"},"headline":"El presidente no tiene la m\u00e1s m\u00ednima intenci\u00f3n de conciliar: lo \u00abdescabez\u00f3\u00bb al gobernador de Chubut","datePublished":"2024-02-25T17:35:22+00:00","dateModified":"2024-02-25T17:35:24+00:00","mainEntityOfPage":{"@id":"https:\/\/infoecos.com.ar\/index.php\/el-presidente-no-tiene-la-mas-minima-intencion-de-conciliar-lo-descabezo-al-gobernador-de-chubut\/"},"wordCount":338,"publisher":{"@id":"https:\/\/infoecos.com.ar\/#organization"},"image":{"@id":"https:\/\/infoecos.com.ar\/index.php\/el-presidente-no-tiene-la-mas-minima-intencion-de-conciliar-lo-descabezo-al-gobernador-de-chubut\/#primaryimage"},"thumbnailUrl":"https:\/\/infoecos.com.ar\/wp-content\/uploads\/2024\/02\/image-396.png","keywords":["con La Naci\u00f3n+ y redes"],"articleSection":["C1 N4"],"inLanguage":"es"},{"@type":"WebPage","@id":"https:\/\/infoecos.com.ar\/index.php\/el-presidente-no-tiene-la-mas-minima-intencion-de-conciliar-lo-descabezo-al-gobernador-de-chubut\/","url":"https:\/\/infoecos.com.ar\/index.php\/el-presidente-no-tiene-la-mas-minima-intencion-de-conciliar-lo-descabezo-al-gobernador-de-chubut\/","name":"El presidente no tiene la m\u00e1s m\u00ednima intenci\u00f3n de conciliar: lo \"descabez\u00f3\" al gobernador de Chubut - Infoecos","isPartOf":{"@id":"https:\/\/infoecos.com.ar\/#website"},"primaryImageOfPage":{"@id":"https:\/\/infoecos.com.ar\/index.php\/el-presidente-no-tiene-la-mas-minima-intencion-de-conciliar-lo-descabezo-al-gobernador-de-chubut\/#primaryimage"},"image":{"@id":"https:\/\/infoecos.com.ar\/index.php\/el-presidente-no-tiene-la-mas-minima-intencion-de-conciliar-lo-descabezo-al-gobernador-de-chubut\/#primaryimage"},"thumbnailUrl":"https:\/\/infoecos.com.ar\/wp-content\/uploads\/2024\/02\/image-396.png","datePublished":"2024-02-25T17:35:22+00:00","dateModified":"2024-02-25T17:35:24+00:00","breadcrumb":{"@id":"https:\/\/infoecos.com.ar\/index.php\/el-presidente-no-tiene-la-mas-minima-intencion-de-conciliar-lo-descabezo-al-gobernador-de-chubut\/#breadcrumb"},"inLanguage":"es","potentialAction":[{"@type":"ReadAction","target":["https:\/\/infoecos.com.ar\/index.php\/el-presidente-no-tiene-la-mas-minima-intencion-de-conciliar-lo-descabezo-al-gobernador-de-chubut\/"]}]},{"@type":"ImageObject","inLanguage":"es","@id":"https:\/\/infoecos.com.ar\/index.php\/el-presidente-no-tiene-la-mas-minima-intencion-de-conciliar-lo-descabezo-al-gobernador-de-chubut\/#primaryimage","url":"https:\/\/infoecos.com.ar\/wp-content\/uploads\/2024\/02\/image-396.png","contentUrl":"https:\/\/infoecos.com.ar\/wp-content\/uploads\/2024\/02\/image-396.png","width":443,"height":238},{"@type":"BreadcrumbList","@id":"https:\/\/infoecos.com.ar\/index.php\/el-presidente-no-tiene-la-mas-minima-intencion-de-conciliar-lo-descabezo-al-gobernador-de-chubut\/#breadcrumb","itemListElement":[{"@type":"ListItem","position":1,"name":"Portada","item":"https:\/\/infoecos.com.ar\/"},{"@type":"ListItem","position":2,"name":"El presidente no tiene la m\u00e1s m\u00ednima intenci\u00f3n de conciliar: lo \u00abdescabez\u00f3\u00bb al gobernador de Chubut"}]},{"@type":"WebSite","@id":"https:\/\/infoecos.com.ar\/#website","url":"https:\/\/infoecos.com.ar\/","name":"Infoecos","description":"Noticias de trenque lauquen y la zona","publisher":{"@id":"https:\/\/infoecos.com.ar\/#organization"},"alternateName":"Noticias","potentialAction":[{"@type":"SearchAction","target":{"@type":"EntryPoint","urlTemplate":"https:\/\/infoecos.com.ar\/?s={search_term_string}"},"query-input":{"@type":"PropertyValueSpecification","valueRequired":true,"valueName":"search_term_string"}}],"inLanguage":"es"},{"@type":"Organization","@id":"https:\/\/infoecos.com.ar\/#organization","name":"Infoecos","alternateName":"Noticias","url":"https:\/\/infoecos.com.ar\/","logo":{"@type":"ImageObject","inLanguage":"es","@id":"https:\/\/infoecos.com.ar\/#\/schema\/logo\/image\/","url":"https:\/\/infoecos.com.ar\/wp-content\/uploads\/2024\/03\/cropped-logo.png","contentUrl":"https:\/\/infoecos.com.ar\/wp-content\/uploads\/2024\/03\/cropped-logo.png","width":374,"height":90,"caption":"Infoecos"},"image":{"@id":"https:\/\/infoecos.com.ar\/#\/schema\/logo\/image\/"},"sameAs":["https:\/\/www.facebook.com\/profile.php?id=100063200290284","https:\/\/x.com\/infoecos"]},{"@type":"Person","@id":"https:\/\/infoecos.com.ar\/#\/schema\/person\/8f5ace5ce73b4b4aac4b7245aee6f191","name":"Jorge Matheus","url":"https:\/\/infoecos.com.ar\/index.php\/author\/jomatheus\/"}]}},"featured_image_urls":{"full":["https:\/\/infoecos.com.ar\/wp-content\/uploads\/2024\/02\/image-396.png",443,238,false],"thumbnail":["https:\/\/infoecos.com.ar\/wp-content\/uploads\/2024\/02\/image-396-300x150.png",300,150,true],"medium":["https:\/\/infoecos.com.ar\/wp-content\/uploads\/2024\/02\/image-396.png",443,238,false],"medium_large":["https:\/\/infoecos.com.ar\/wp-content\/uploads\/2024\/02\/image-396.png",443,238,false],"large":["https:\/\/infoecos.com.ar\/wp-content\/uploads\/2024\/02\/image-396.png",443,238,false],"1536x1536":["https:\/\/infoecos.com.ar\/wp-content\/uploads\/2024\/02\/image-396.png",443,238,false],"2048x2048":["https:\/\/infoecos.com.ar\/wp-content\/uploads\/2024\/02\/image-396.png",443,238,false],"covernews-slider-full":["https:\/\/infoecos.com.ar\/wp-content\/uploads\/2024\/02\/image-396.png",443,238,false],"covernews-slider-center":["https:\/\/infoecos.com.ar\/wp-content\/uploads\/2024\/02\/image-396.png",443,238,false],"covernews-featured":["https:\/\/infoecos.com.ar\/wp-content\/uploads\/2024\/02\/image-396.png",443,238,false],"covernews-medium":["https:\/\/infoecos.com.ar\/wp-content\/uploads\/2024\/02\/image-396.png",443,238,false],"covernews-medium-square":["https:\/\/infoecos.com.ar\/wp-content\/uploads\/2024\/02\/image-396.png",400,215,false]},"author_info":{"info":["Jorge Matheus"]},"category_info":"<a href=\"https:\/\/infoecos.com.ar\/index.php\/category\/c1nota4\/\" rel=\"category tag\">C1 N4<\/a>","tag_info":"C1 N4","comment_count":"0","_links":{"self":[{"href":"https:\/\/infoecos.com.ar\/index.php\/wp-json\/wp\/v2\/posts\/119840"}],"collection":[{"href":"https:\/\/infoecos.com.ar\/index.php\/wp-json\/wp\/v2\/posts"}],"about":[{"href":"https:\/\/infoecos.com.ar\/index.php\/wp-json\/wp\/v2\/types\/post"}],"author":[{"embeddable":true,"href":"https:\/\/infoecos.com.ar\/index.php\/wp-json\/wp\/v2\/users\/2"}],"replies":[{"embeddable":true,"href":"https:\/\/infoecos.com.ar\/index.php\/wp-json\/wp\/v2\/comments?post=119840"}],"version-history":[{"count":1,"href":"https:\/\/infoecos.com.ar\/index.php\/wp-json\/wp\/v2\/posts\/119840\/revisions"}],"predecessor-version":[{"id":119843,"href":"https:\/\/infoecos.com.ar\/index.php\/wp-json\/wp\/v2\/posts\/119840\/revisions\/119843"}],"wp:featuredmedia":[{"embeddable":true,"href":"https:\/\/infoecos.com.ar\/index.php\/wp-json\/wp\/v2\/media\/119841"}],"wp:attachment":[{"href":"https:\/\/infoecos.com.ar\/index.php\/wp-json\/wp\/v2\/media?parent=119840"}],"wp:term":[{"taxonomy":"category","embeddable":true,"href":"https:\/\/infoecos.com.ar\/index.php\/wp-json\/wp\/v2\/categories?post=119840"},{"taxonomy":"post_tag","embeddable":true,"href":"https:\/\/infoecos.com.ar\/index.php\/wp-json\/wp\/v2\/tags?post=119840"}],"curies":[{"name":"wp","href":"https:\/\/api.w.org\/{rel}","templated":true}]}}