{"id":120024,"date":"2024-02-27T19:27:38","date_gmt":"2024-02-27T22:27:38","guid":{"rendered":"https:\/\/infoecos.com.ar\/?p=120024"},"modified":"2024-02-27T19:27:39","modified_gmt":"2024-02-27T22:27:39","slug":"dos-incendios-a-la-madrugada-en-un-deposito-y-en-alumbrado-publico-de-la-calle-12-de-abril","status":"publish","type":"post","link":"https:\/\/infoecos.com.ar\/index.php\/dos-incendios-a-la-madrugada-en-un-deposito-y-en-alumbrado-publico-de-la-calle-12-de-abril\/","title":{"rendered":"Dos incendios a la madrugada: en un dep\u00f3sito y en alumbrado p\u00fablico de la calle 12 de Abril"},"content":{"rendered":"\n<p>El llamado a los Bomberos Voluntarios de Trenque Lauquen en la madrugada del martes se debi\u00f3 a un incendio en un taller-deposito ubicado en la Ruta Nacional Nro 5.<\/p>\n\n\n\n<figure class=\"wp-block-gallery has-nested-images columns-default is-cropped wp-block-gallery-1 is-layout-flex wp-block-gallery-is-layout-flex\">\n<figure class=\"wp-block-image size-large\"><img loading=\"lazy\" decoding=\"async\" width=\"1496\" height=\"1336\" data-id=\"120025\" src=\"https:\/\/infoecos.com.ar\/wp-content\/uploads\/2024\/02\/incendio1.jpg\" alt=\"\" class=\"wp-image-120025\" srcset=\"https:\/\/infoecos.com.ar\/wp-content\/uploads\/2024\/02\/incendio1.jpg 1496w, https:\/\/infoecos.com.ar\/wp-content\/uploads\/2024\/02\/incendio1-800x714.jpg 800w, https:\/\/infoecos.com.ar\/wp-content\/uploads\/2024\/02\/incendio1-768x686.jpg 768w, https:\/\/infoecos.com.ar\/wp-content\/uploads\/2024\/02\/incendio1-1024x914.jpg 1024w\" sizes=\"(max-width: 1496px) 100vw, 1496px\" \/><\/figure>\n\n\n\n<figure class=\"wp-block-image size-large\"><img loading=\"lazy\" decoding=\"async\" width=\"1600\" height=\"1439\" data-id=\"120026\" src=\"https:\/\/infoecos.com.ar\/wp-content\/uploads\/2024\/02\/incendio2.jpg\" alt=\"\" class=\"wp-image-120026\" srcset=\"https:\/\/infoecos.com.ar\/wp-content\/uploads\/2024\/02\/incendio2.jpg 1600w, https:\/\/infoecos.com.ar\/wp-content\/uploads\/2024\/02\/incendio2-800x720.jpg 800w, https:\/\/infoecos.com.ar\/wp-content\/uploads\/2024\/02\/incendio2-768x691.jpg 768w, https:\/\/infoecos.com.ar\/wp-content\/uploads\/2024\/02\/incendio2-1536x1381.jpg 1536w, https:\/\/infoecos.com.ar\/wp-content\/uploads\/2024\/02\/incendio2-1024x921.jpg 1024w\" sizes=\"(max-width: 1600px) 100vw, 1600px\" \/><\/figure>\n\n\n\n<figure class=\"wp-block-image size-large\"><img loading=\"lazy\" decoding=\"async\" width=\"1600\" height=\"1409\" data-id=\"120027\" src=\"https:\/\/infoecos.com.ar\/wp-content\/uploads\/2024\/02\/incendio3.jpg\" alt=\"\" class=\"wp-image-120027\" srcset=\"https:\/\/infoecos.com.ar\/wp-content\/uploads\/2024\/02\/incendio3.jpg 1600w, https:\/\/infoecos.com.ar\/wp-content\/uploads\/2024\/02\/incendio3-800x705.jpg 800w, https:\/\/infoecos.com.ar\/wp-content\/uploads\/2024\/02\/incendio3-768x676.jpg 768w, https:\/\/infoecos.com.ar\/wp-content\/uploads\/2024\/02\/incendio3-1536x1353.jpg 1536w, https:\/\/infoecos.com.ar\/wp-content\/uploads\/2024\/02\/incendio3-1024x902.jpg 1024w\" sizes=\"(max-width: 1600px) 100vw, 1600px\" \/><\/figure>\n<\/figure>\n\n\n\n<p>Al lugar acudi\u00f3 tres unidades: de incendio, log\u00edstica y cisterna a cargo del oficial de dotacion Pablo Arango.<\/p>\n\n\n\n<p>Se realiz\u00f3 ventilaci\u00f3n forzada y se retiraron los gases productos del incendio hacia el exterior.<\/p>\n\n\n\n<p>La acci\u00f3n se desarroll\u00f3 a partir de las 00.15.<\/p>\n\n\n\n<figure class=\"wp-block-gallery has-nested-images columns-default is-cropped wp-block-gallery-2 is-layout-flex wp-block-gallery-is-layout-flex\">\n<figure class=\"wp-block-image size-large\"><img loading=\"lazy\" decoding=\"async\" width=\"1600\" height=\"1409\" data-id=\"120029\" src=\"https:\/\/infoecos.com.ar\/wp-content\/uploads\/2024\/02\/incendio4.jpg\" alt=\"\" class=\"wp-image-120029\" srcset=\"https:\/\/infoecos.com.ar\/wp-content\/uploads\/2024\/02\/incendio4.jpg 1600w, https:\/\/infoecos.com.ar\/wp-content\/uploads\/2024\/02\/incendio4-800x705.jpg 800w, https:\/\/infoecos.com.ar\/wp-content\/uploads\/2024\/02\/incendio4-768x676.jpg 768w, https:\/\/infoecos.com.ar\/wp-content\/uploads\/2024\/02\/incendio4-1536x1353.jpg 1536w, https:\/\/infoecos.com.ar\/wp-content\/uploads\/2024\/02\/incendio4-1024x902.jpg 1024w\" sizes=\"(max-width: 1600px) 100vw, 1600px\" \/><\/figure>\n\n\n\n<figure class=\"wp-block-image size-large\"><img loading=\"lazy\" decoding=\"async\" width=\"720\" height=\"1280\" data-id=\"120028\" src=\"https:\/\/infoecos.com.ar\/wp-content\/uploads\/2024\/02\/incendio5.jpg\" alt=\"\" class=\"wp-image-120028\" srcset=\"https:\/\/infoecos.com.ar\/wp-content\/uploads\/2024\/02\/incendio5.jpg 720w, https:\/\/infoecos.com.ar\/wp-content\/uploads\/2024\/02\/incendio5-450x800.jpg 450w\" sizes=\"(max-width: 720px) 100vw, 720px\" \/><\/figure>\n<\/figure>\n\n\n\n<p>M\u00e1s tarde a las 02:40 hs se recibi\u00f3 un llamado a la guardia del cuartel por un incendio de alumbrado p\u00fablico, en la calle 12 de abril.<\/p>\n\n\n\n<p>Acudi\u00f3 una unidad de r\u00e1pida intervenci\u00f3n a cargo del bombero Mazoue Facundo.<\/p>\n\n\n\n<p>Al arribo de la dotacion se observa incendio de poste de luz.<\/p>\n\n\n\n<p>Se procede a anular suministros el\u00e9ctricos y se realizaron tareas de extinci\u00f3n con \u00e9xito<\/p>\n","protected":false},"excerpt":{"rendered":"<p>El primer llamado se dio a las 00.15 y el otro a las 02.40<\/p>\n","protected":false},"author":2,"featured_media":120026,"comment_status":"closed","ping_status":"open","sticky":false,"template":"","format":"standard","meta":{"footnotes":""},"categories":[47],"tags":[9370],"class_list":["post-120024","post","type-post","status-publish","format-standard","has-post-thumbnail","hentry","category-c3nota2","tag-bomberos-voluntarios"],"yoast_head":"<!-- This site is optimized with the Yoast SEO plugin v23.4 - https:\/\/yoast.com\/wordpress\/plugins\/seo\/ -->\n<title>Dos incendios a la madrugada: en un dep\u00f3sito y en alumbrado p\u00fablico de la calle 12 de Abril - Infoecos<\/title>\n<meta name=\"robots\" content=\"index, follow, max-snippet:-1, max-image-preview:large, max-video-preview:-1\" \/>\n<link rel=\"canonical\" href=\"https:\/\/infoecos.com.ar\/index.php\/dos-incendios-a-la-madrugada-en-un-deposito-y-en-alumbrado-publico-de-la-calle-12-de-abril\/\" \/>\n<meta property=\"og:locale\" content=\"es_ES\" \/>\n<meta property=\"og:type\" content=\"article\" \/>\n<meta property=\"og:title\" content=\"Dos incendios a la madrugada: en un dep\u00f3sito y en alumbrado p\u00fablico de la calle 12 de Abril - Infoecos\" \/>\n<meta property=\"og:description\" content=\"El primer llamado se dio a las 00.15 y el otro a las 02.40\" \/>\n<meta property=\"og:url\" content=\"https:\/\/infoecos.com.ar\/index.php\/dos-incendios-a-la-madrugada-en-un-deposito-y-en-alumbrado-publico-de-la-calle-12-de-abril\/\" \/>\n<meta property=\"og:site_name\" content=\"Infoecos\" \/>\n<meta property=\"article:publisher\" content=\"https:\/\/www.facebook.com\/profile.php?id=100063200290284\" \/>\n<meta property=\"article:published_time\" content=\"2024-02-27T22:27:38+00:00\" \/>\n<meta property=\"article:modified_time\" content=\"2024-02-27T22:27:39+00:00\" \/>\n<meta property=\"og:image\" content=\"https:\/\/infoecos.com.ar\/wp-content\/uploads\/2024\/02\/incendio2.jpg\" \/>\n\t<meta property=\"og:image:width\" content=\"1600\" \/>\n\t<meta property=\"og:image:height\" content=\"1439\" \/>\n\t<meta property=\"og:image:type\" content=\"image\/jpeg\" \/>\n<meta name=\"author\" content=\"Jorge Matheus\" \/>\n<meta name=\"twitter:card\" content=\"summary_large_image\" \/>\n<meta name=\"twitter:creator\" content=\"@infoecos\" \/>\n<meta name=\"twitter:site\" content=\"@infoecos\" \/>\n<meta name=\"twitter:label1\" content=\"Escrito por\" \/>\n\t<meta name=\"twitter:data1\" content=\"Jorge Matheus\" \/>\n\t<meta name=\"twitter:label2\" content=\"Tiempo de lectura\" \/>\n\t<meta name=\"twitter:data2\" content=\"2 minutos\" \/>\n<script type=\"application\/ld+json\" class=\"yoast-schema-graph\">{\"@context\":\"https:\/\/schema.org\",\"@graph\":[{\"@type\":\"Article\",\"@id\":\"https:\/\/infoecos.com.ar\/index.php\/dos-incendios-a-la-madrugada-en-un-deposito-y-en-alumbrado-publico-de-la-calle-12-de-abril\/#article\",\"isPartOf\":{\"@id\":\"https:\/\/infoecos.com.ar\/index.php\/dos-incendios-a-la-madrugada-en-un-deposito-y-en-alumbrado-publico-de-la-calle-12-de-abril\/\"},\"author\":{\"name\":\"Jorge Matheus\",\"@id\":\"https:\/\/infoecos.com.ar\/#\/schema\/person\/8f5ace5ce73b4b4aac4b7245aee6f191\"},\"headline\":\"Dos incendios a la madrugada: en un dep\u00f3sito y en alumbrado p\u00fablico de la calle 12 de Abril\",\"datePublished\":\"2024-02-27T22:27:38+00:00\",\"dateModified\":\"2024-02-27T22:27:39+00:00\",\"mainEntityOfPage\":{\"@id\":\"https:\/\/infoecos.com.ar\/index.php\/dos-incendios-a-la-madrugada-en-un-deposito-y-en-alumbrado-publico-de-la-calle-12-de-abril\/\"},\"wordCount\":160,\"publisher\":{\"@id\":\"https:\/\/infoecos.com.ar\/#organization\"},\"image\":{\"@id\":\"https:\/\/infoecos.com.ar\/index.php\/dos-incendios-a-la-madrugada-en-un-deposito-y-en-alumbrado-publico-de-la-calle-12-de-abril\/#primaryimage\"},\"thumbnailUrl\":\"https:\/\/infoecos.com.ar\/wp-content\/uploads\/2024\/02\/incendio2.jpg\",\"keywords\":[\"BOMBEROS VOLUNTARIOS\"],\"articleSection\":[\"C3 N2\"],\"inLanguage\":\"es\"},{\"@type\":\"WebPage\",\"@id\":\"https:\/\/infoecos.com.ar\/index.php\/dos-incendios-a-la-madrugada-en-un-deposito-y-en-alumbrado-publico-de-la-calle-12-de-abril\/\",\"url\":\"https:\/\/infoecos.com.ar\/index.php\/dos-incendios-a-la-madrugada-en-un-deposito-y-en-alumbrado-publico-de-la-calle-12-de-abril\/\",\"name\":\"Dos incendios a la madrugada: en un dep\u00f3sito y en alumbrado p\u00fablico de la calle 12 de Abril - Infoecos\",\"isPartOf\":{\"@id\":\"https:\/\/infoecos.com.ar\/#website\"},\"primaryImageOfPage\":{\"@id\":\"https:\/\/infoecos.com.ar\/index.php\/dos-incendios-a-la-madrugada-en-un-deposito-y-en-alumbrado-publico-de-la-calle-12-de-abril\/#primaryimage\"},\"image\":{\"@id\":\"https:\/\/infoecos.com.ar\/index.php\/dos-incendios-a-la-madrugada-en-un-deposito-y-en-alumbrado-publico-de-la-calle-12-de-abril\/#primaryimage\"},\"thumbnailUrl\":\"https:\/\/infoecos.com.ar\/wp-content\/uploads\/2024\/02\/incendio2.jpg\",\"datePublished\":\"2024-02-27T22:27:38+00:00\",\"dateModified\":\"2024-02-27T22:27:39+00:00\",\"breadcrumb\":{\"@id\":\"https:\/\/infoecos.com.ar\/index.php\/dos-incendios-a-la-madrugada-en-un-deposito-y-en-alumbrado-publico-de-la-calle-12-de-abril\/#breadcrumb\"},\"inLanguage\":\"es\",\"potentialAction\":[{\"@type\":\"ReadAction\",\"target\":[\"https:\/\/infoecos.com.ar\/index.php\/dos-incendios-a-la-madrugada-en-un-deposito-y-en-alumbrado-publico-de-la-calle-12-de-abril\/\"]}]},{\"@type\":\"ImageObject\",\"inLanguage\":\"es\",\"@id\":\"https:\/\/infoecos.com.ar\/index.php\/dos-incendios-a-la-madrugada-en-un-deposito-y-en-alumbrado-publico-de-la-calle-12-de-abril\/#primaryimage\",\"url\":\"https:\/\/infoecos.com.ar\/wp-content\/uploads\/2024\/02\/incendio2.jpg\",\"contentUrl\":\"https:\/\/infoecos.com.ar\/wp-content\/uploads\/2024\/02\/incendio2.jpg\",\"width\":1600,\"height\":1439},{\"@type\":\"BreadcrumbList\",\"@id\":\"https:\/\/infoecos.com.ar\/index.php\/dos-incendios-a-la-madrugada-en-un-deposito-y-en-alumbrado-publico-de-la-calle-12-de-abril\/#breadcrumb\",\"itemListElement\":[{\"@type\":\"ListItem\",\"position\":1,\"name\":\"Portada\",\"item\":\"https:\/\/infoecos.com.ar\/\"},{\"@type\":\"ListItem\",\"position\":2,\"name\":\"Dos incendios a la madrugada: en un dep\u00f3sito y en alumbrado p\u00fablico de la calle 12 de Abril\"}]},{\"@type\":\"WebSite\",\"@id\":\"https:\/\/infoecos.com.ar\/#website\",\"url\":\"https:\/\/infoecos.com.ar\/\",\"name\":\"Infoecos\",\"description\":\"Noticias de trenque lauquen y la zona\",\"publisher\":{\"@id\":\"https:\/\/infoecos.com.ar\/#organization\"},\"alternateName\":\"Noticias\",\"potentialAction\":[{\"@type\":\"SearchAction\",\"target\":{\"@type\":\"EntryPoint\",\"urlTemplate\":\"https:\/\/infoecos.com.ar\/?s={search_term_string}\"},\"query-input\":{\"@type\":\"PropertyValueSpecification\",\"valueRequired\":true,\"valueName\":\"search_term_string\"}}],\"inLanguage\":\"es\"},{\"@type\":\"Organization\",\"@id\":\"https:\/\/infoecos.com.ar\/#organization\",\"name\":\"Infoecos\",\"alternateName\":\"Noticias\",\"url\":\"https:\/\/infoecos.com.ar\/\",\"logo\":{\"@type\":\"ImageObject\",\"inLanguage\":\"es\",\"@id\":\"https:\/\/infoecos.com.ar\/#\/schema\/logo\/image\/\",\"url\":\"https:\/\/infoecos.com.ar\/wp-content\/uploads\/2024\/03\/cropped-logo.png\",\"contentUrl\":\"https:\/\/infoecos.com.ar\/wp-content\/uploads\/2024\/03\/cropped-logo.png\",\"width\":374,\"height\":90,\"caption\":\"Infoecos\"},\"image\":{\"@id\":\"https:\/\/infoecos.com.ar\/#\/schema\/logo\/image\/\"},\"sameAs\":[\"https:\/\/www.facebook.com\/profile.php?id=100063200290284\",\"https:\/\/x.com\/infoecos\"]},{\"@type\":\"Person\",\"@id\":\"https:\/\/infoecos.com.ar\/#\/schema\/person\/8f5ace5ce73b4b4aac4b7245aee6f191\",\"name\":\"Jorge Matheus\",\"url\":\"https:\/\/infoecos.com.ar\/index.php\/author\/jomatheus\/\"}]}<\/script>\n<!-- \/ Yoast SEO plugin. -->","yoast_head_json":{"title":"Dos incendios a la madrugada: en un dep\u00f3sito y en alumbrado p\u00fablico de la calle 12 de Abril - Infoecos","robots":{"index":"index","follow":"follow","max-snippet":"max-snippet:-1","max-image-preview":"max-image-preview:large","max-video-preview":"max-video-preview:-1"},"canonical":"https:\/\/infoecos.com.ar\/index.php\/dos-incendios-a-la-madrugada-en-un-deposito-y-en-alumbrado-publico-de-la-calle-12-de-abril\/","og_locale":"es_ES","og_type":"article","og_title":"Dos incendios a la madrugada: en un dep\u00f3sito y en alumbrado p\u00fablico de la calle 12 de Abril - Infoecos","og_description":"El primer llamado se dio a las 00.15 y el otro a las 02.40","og_url":"https:\/\/infoecos.com.ar\/index.php\/dos-incendios-a-la-madrugada-en-un-deposito-y-en-alumbrado-publico-de-la-calle-12-de-abril\/","og_site_name":"Infoecos","article_publisher":"https:\/\/www.facebook.com\/profile.php?id=100063200290284","article_published_time":"2024-02-27T22:27:38+00:00","article_modified_time":"2024-02-27T22:27:39+00:00","og_image":[{"width":1600,"height":1439,"url":"https:\/\/infoecos.com.ar\/wp-content\/uploads\/2024\/02\/incendio2.jpg","type":"image\/jpeg"}],"author":"Jorge Matheus","twitter_card":"summary_large_image","twitter_creator":"@infoecos","twitter_site":"@infoecos","twitter_misc":{"Escrito por":"Jorge Matheus","Tiempo de lectura":"2 minutos"},"schema":{"@context":"https:\/\/schema.org","@graph":[{"@type":"Article","@id":"https:\/\/infoecos.com.ar\/index.php\/dos-incendios-a-la-madrugada-en-un-deposito-y-en-alumbrado-publico-de-la-calle-12-de-abril\/#article","isPartOf":{"@id":"https:\/\/infoecos.com.ar\/index.php\/dos-incendios-a-la-madrugada-en-un-deposito-y-en-alumbrado-publico-de-la-calle-12-de-abril\/"},"author":{"name":"Jorge Matheus","@id":"https:\/\/infoecos.com.ar\/#\/schema\/person\/8f5ace5ce73b4b4aac4b7245aee6f191"},"headline":"Dos incendios a la madrugada: en un dep\u00f3sito y en alumbrado p\u00fablico de la calle 12 de Abril","datePublished":"2024-02-27T22:27:38+00:00","dateModified":"2024-02-27T22:27:39+00:00","mainEntityOfPage":{"@id":"https:\/\/infoecos.com.ar\/index.php\/dos-incendios-a-la-madrugada-en-un-deposito-y-en-alumbrado-publico-de-la-calle-12-de-abril\/"},"wordCount":160,"publisher":{"@id":"https:\/\/infoecos.com.ar\/#organization"},"image":{"@id":"https:\/\/infoecos.com.ar\/index.php\/dos-incendios-a-la-madrugada-en-un-deposito-y-en-alumbrado-publico-de-la-calle-12-de-abril\/#primaryimage"},"thumbnailUrl":"https:\/\/infoecos.com.ar\/wp-content\/uploads\/2024\/02\/incendio2.jpg","keywords":["BOMBEROS VOLUNTARIOS"],"articleSection":["C3 N2"],"inLanguage":"es"},{"@type":"WebPage","@id":"https:\/\/infoecos.com.ar\/index.php\/dos-incendios-a-la-madrugada-en-un-deposito-y-en-alumbrado-publico-de-la-calle-12-de-abril\/","url":"https:\/\/infoecos.com.ar\/index.php\/dos-incendios-a-la-madrugada-en-un-deposito-y-en-alumbrado-publico-de-la-calle-12-de-abril\/","name":"Dos incendios a la madrugada: en un dep\u00f3sito y en alumbrado p\u00fablico de la calle 12 de Abril - Infoecos","isPartOf":{"@id":"https:\/\/infoecos.com.ar\/#website"},"primaryImageOfPage":{"@id":"https:\/\/infoecos.com.ar\/index.php\/dos-incendios-a-la-madrugada-en-un-deposito-y-en-alumbrado-publico-de-la-calle-12-de-abril\/#primaryimage"},"image":{"@id":"https:\/\/infoecos.com.ar\/index.php\/dos-incendios-a-la-madrugada-en-un-deposito-y-en-alumbrado-publico-de-la-calle-12-de-abril\/#primaryimage"},"thumbnailUrl":"https:\/\/infoecos.com.ar\/wp-content\/uploads\/2024\/02\/incendio2.jpg","datePublished":"2024-02-27T22:27:38+00:00","dateModified":"2024-02-27T22:27:39+00:00","breadcrumb":{"@id":"https:\/\/infoecos.com.ar\/index.php\/dos-incendios-a-la-madrugada-en-un-deposito-y-en-alumbrado-publico-de-la-calle-12-de-abril\/#breadcrumb"},"inLanguage":"es","potentialAction":[{"@type":"ReadAction","target":["https:\/\/infoecos.com.ar\/index.php\/dos-incendios-a-la-madrugada-en-un-deposito-y-en-alumbrado-publico-de-la-calle-12-de-abril\/"]}]},{"@type":"ImageObject","inLanguage":"es","@id":"https:\/\/infoecos.com.ar\/index.php\/dos-incendios-a-la-madrugada-en-un-deposito-y-en-alumbrado-publico-de-la-calle-12-de-abril\/#primaryimage","url":"https:\/\/infoecos.com.ar\/wp-content\/uploads\/2024\/02\/incendio2.jpg","contentUrl":"https:\/\/infoecos.com.ar\/wp-content\/uploads\/2024\/02\/incendio2.jpg","width":1600,"height":1439},{"@type":"BreadcrumbList","@id":"https:\/\/infoecos.com.ar\/index.php\/dos-incendios-a-la-madrugada-en-un-deposito-y-en-alumbrado-publico-de-la-calle-12-de-abril\/#breadcrumb","itemListElement":[{"@type":"ListItem","position":1,"name":"Portada","item":"https:\/\/infoecos.com.ar\/"},{"@type":"ListItem","position":2,"name":"Dos incendios a la madrugada: en un dep\u00f3sito y en alumbrado p\u00fablico de la calle 12 de Abril"}]},{"@type":"WebSite","@id":"https:\/\/infoecos.com.ar\/#website","url":"https:\/\/infoecos.com.ar\/","name":"Infoecos","description":"Noticias de trenque lauquen y la zona","publisher":{"@id":"https:\/\/infoecos.com.ar\/#organization"},"alternateName":"Noticias","potentialAction":[{"@type":"SearchAction","target":{"@type":"EntryPoint","urlTemplate":"https:\/\/infoecos.com.ar\/?s={search_term_string}"},"query-input":{"@type":"PropertyValueSpecification","valueRequired":true,"valueName":"search_term_string"}}],"inLanguage":"es"},{"@type":"Organization","@id":"https:\/\/infoecos.com.ar\/#organization","name":"Infoecos","alternateName":"Noticias","url":"https:\/\/infoecos.com.ar\/","logo":{"@type":"ImageObject","inLanguage":"es","@id":"https:\/\/infoecos.com.ar\/#\/schema\/logo\/image\/","url":"https:\/\/infoecos.com.ar\/wp-content\/uploads\/2024\/03\/cropped-logo.png","contentUrl":"https:\/\/infoecos.com.ar\/wp-content\/uploads\/2024\/03\/cropped-logo.png","width":374,"height":90,"caption":"Infoecos"},"image":{"@id":"https:\/\/infoecos.com.ar\/#\/schema\/logo\/image\/"},"sameAs":["https:\/\/www.facebook.com\/profile.php?id=100063200290284","https:\/\/x.com\/infoecos"]},{"@type":"Person","@id":"https:\/\/infoecos.com.ar\/#\/schema\/person\/8f5ace5ce73b4b4aac4b7245aee6f191","name":"Jorge Matheus","url":"https:\/\/infoecos.com.ar\/index.php\/author\/jomatheus\/"}]}},"featured_image_urls":{"full":["https:\/\/infoecos.com.ar\/wp-content\/uploads\/2024\/02\/incendio2.jpg",1600,1439,false],"thumbnail":["https:\/\/infoecos.com.ar\/wp-content\/uploads\/2024\/02\/incendio2-300x150.jpg",300,150,true],"medium":["https:\/\/infoecos.com.ar\/wp-content\/uploads\/2024\/02\/incendio2-800x720.jpg",800,720,true],"medium_large":["https:\/\/infoecos.com.ar\/wp-content\/uploads\/2024\/02\/incendio2-768x691.jpg",640,576,true],"large":["https:\/\/infoecos.com.ar\/wp-content\/uploads\/2024\/02\/incendio2.jpg",640,576,false],"1536x1536":["https:\/\/infoecos.com.ar\/wp-content\/uploads\/2024\/02\/incendio2-1536x1381.jpg",1536,1381,true],"2048x2048":["https:\/\/infoecos.com.ar\/wp-content\/uploads\/2024\/02\/incendio2.jpg",1600,1439,false],"covernews-slider-full":["https:\/\/infoecos.com.ar\/wp-content\/uploads\/2024\/02\/incendio2-1536x1020.jpg",1077,715,true],"covernews-slider-center":["https:\/\/infoecos.com.ar\/wp-content\/uploads\/2024\/02\/incendio2-936x897.jpg",522,500,true],"covernews-featured":["https:\/\/infoecos.com.ar\/wp-content\/uploads\/2024\/02\/incendio2-1024x921.jpg",1024,921,true],"covernews-medium":["https:\/\/infoecos.com.ar\/wp-content\/uploads\/2024\/02\/incendio2-720x380.jpg",540,285,true],"covernews-medium-square":["https:\/\/infoecos.com.ar\/wp-content\/uploads\/2024\/02\/incendio2-675x450.jpg",375,250,true]},"author_info":{"info":["Jorge Matheus"]},"category_info":"<a href=\"https:\/\/infoecos.com.ar\/index.php\/category\/c3nota2\/\" rel=\"category tag\">C3 N2<\/a>","tag_info":"C3 N2","comment_count":"0","_links":{"self":[{"href":"https:\/\/infoecos.com.ar\/index.php\/wp-json\/wp\/v2\/posts\/120024"}],"collection":[{"href":"https:\/\/infoecos.com.ar\/index.php\/wp-json\/wp\/v2\/posts"}],"about":[{"href":"https:\/\/infoecos.com.ar\/index.php\/wp-json\/wp\/v2\/types\/post"}],"author":[{"embeddable":true,"href":"https:\/\/infoecos.com.ar\/index.php\/wp-json\/wp\/v2\/users\/2"}],"replies":[{"embeddable":true,"href":"https:\/\/infoecos.com.ar\/index.php\/wp-json\/wp\/v2\/comments?post=120024"}],"version-history":[{"count":1,"href":"https:\/\/infoecos.com.ar\/index.php\/wp-json\/wp\/v2\/posts\/120024\/revisions"}],"predecessor-version":[{"id":120030,"href":"https:\/\/infoecos.com.ar\/index.php\/wp-json\/wp\/v2\/posts\/120024\/revisions\/120030"}],"wp:featuredmedia":[{"embeddable":true,"href":"https:\/\/infoecos.com.ar\/index.php\/wp-json\/wp\/v2\/media\/120026"}],"wp:attachment":[{"href":"https:\/\/infoecos.com.ar\/index.php\/wp-json\/wp\/v2\/media?parent=120024"}],"wp:term":[{"taxonomy":"category","embeddable":true,"href":"https:\/\/infoecos.com.ar\/index.php\/wp-json\/wp\/v2\/categories?post=120024"},{"taxonomy":"post_tag","embeddable":true,"href":"https:\/\/infoecos.com.ar\/index.php\/wp-json\/wp\/v2\/tags?post=120024"}],"curies":[{"name":"wp","href":"https:\/\/api.w.org\/{rel}","templated":true}]}}