{"id":120116,"date":"2024-02-28T14:18:44","date_gmt":"2024-02-28T17:18:44","guid":{"rendered":"https:\/\/infoecos.com.ar\/?p=120116"},"modified":"2024-03-02T02:50:53","modified_gmt":"2024-03-02T05:50:53","slug":"120116","status":"publish","type":"post","link":"https:\/\/infoecos.com.ar\/index.php\/120116\/","title":{"rendered":"El intendente de Pehuaj\u00f3 con el tono que lo caracteriza pide que se reclame por la Autov\u00eda de Ruta 5"},"content":{"rendered":"\n<figure class=\"wp-block-image alignright size-full is-resized\"><img loading=\"lazy\" decoding=\"async\" src=\"https:\/\/infoecos.com.ar\/wp-content\/uploads\/2024\/02\/image-463.png\" alt=\"\" class=\"wp-image-120119\" width=\"425\" height=\"206\"\/><\/figure>\n\n\n\n<p>El intendente municipal de Pehuaj\u00f3, Pablo Zurro, grab\u00f3 un video en el kil\u00f3metro 365 de la Ruta Nacional n\u00famero 5, donde se refiere a la suspensi\u00f3n de las obras en la autopista que va desde Mercedes a Suipacha.<\/p>\n\n\n\n<p>El mandatario pehuajense, convertido en vocero del kirchnerismo y del gobierno provincial, se\u00f1ala que \u00aben el 2023, un muy buen ministro que se llama <a href=\"https:\/\/twitter.com\/gkatopodis\">@gkatopodis<\/a> anunciaba el reinicio de la autov\u00eda entre Mercedes y Suipacha. Despu\u00e9s de eso se estaba trabajando en forma lenta, pero se estaba trabajando.  Muchos intendentes de la zona y la C\u00e1mara de Comercio de Pehuaj\u00f3, todos los cinco de cada mes se reunieron ac\u00e1 a reclamar Autov\u00eda Ya, que se estaba haciendo. \u00bfCu\u00e1ndo se suspende la obra? El 15 de febrero 2024&#8243;.<\/p>\n\n\n\n<p>Zurro explica \u00abque el 15 de febrero las empresas dejan la ruta 5, dejan la autov\u00eda\u00bb, y se pregunta \u00aba ver, Intendentes Pro que reclamaban, C\u00e1mara de Comercio de Pehuaj\u00f3, el 5 de marzo, si no era una cuesti\u00f3n pol\u00edtica, si era una cuesti\u00f3n supuestamente institucional, y si estaban mal informados todos los intendentes como los que me llamaban, con una obra que se hac\u00eda y ustedes reclamaban, por favor, por sinceridad, por no ser hip\u00f3crita, por no tener miedo, vengan a reclamar este cinco, Autov\u00eda Ya, porque esta ruta es clave, no para los pehuajenses, para todos, es la ruta que une Buenos Aires con La Pampa, que es la salida al sur, que despu\u00e9s toma el camino del desierto, una ruta clave\u00bb. <\/p>\n\n\n\n<p>En lo que aparece como diferencias con la c\u00e1mara de comercio de su ciudad, el intendente termina se\u00f1alando que \u00abpor favor, por sinceridad, por honestidad, por idoneidad y por todo lo que quieran, la C\u00e1mara de Comercio de Pehuaj\u00f3, su presidente y todos los que me llamaron, el cinco vengan, por favor\u00bb.<\/p>\n\n\n\n<p><\/p>\n","protected":false},"excerpt":{"rendered":"<p>Grab\u00f3 un video en el kil\u00f3metro 365 de la Ruta Nacional n\u00famero 5, donde se refiere a la suspensi\u00f3n de las obras en la autopista que va desde Mercedes a Suipacha<\/p>\n","protected":false},"author":2,"featured_media":120119,"comment_status":"closed","ping_status":"open","sticky":false,"template":"","format":"standard","meta":{"footnotes":""},"categories":[26],"tags":[10213],"class_list":["post-120116","post","type-post","status-publish","format-standard","has-post-thumbnail","hentry","category-inferior6","tag-lo-hizo-desde-el-km-365"],"yoast_head":"<!-- This site is optimized with the Yoast SEO plugin v23.4 - https:\/\/yoast.com\/wordpress\/plugins\/seo\/ -->\n<title>El intendente de Pehuaj\u00f3 con el tono que lo caracteriza pide que se reclame por la Autov\u00eda de Ruta 5 - Infoecos<\/title>\n<meta name=\"robots\" content=\"index, follow, max-snippet:-1, max-image-preview:large, max-video-preview:-1\" \/>\n<link rel=\"canonical\" href=\"https:\/\/infoecos.com.ar\/index.php\/120116\/\" \/>\n<meta property=\"og:locale\" content=\"es_ES\" \/>\n<meta property=\"og:type\" content=\"article\" \/>\n<meta property=\"og:title\" content=\"El intendente de Pehuaj\u00f3 con el tono que lo caracteriza pide que se reclame por la Autov\u00eda de Ruta 5 - Infoecos\" \/>\n<meta property=\"og:description\" content=\"Grab\u00f3 un video en el kil\u00f3metro 365 de la Ruta Nacional n\u00famero 5, donde se refiere a la suspensi\u00f3n de las obras en la autopista que va desde Mercedes a Suipacha\" \/>\n<meta property=\"og:url\" content=\"https:\/\/infoecos.com.ar\/index.php\/120116\/\" \/>\n<meta property=\"og:site_name\" content=\"Infoecos\" \/>\n<meta property=\"article:publisher\" content=\"https:\/\/www.facebook.com\/profile.php?id=100063200290284\" \/>\n<meta property=\"article:published_time\" content=\"2024-02-28T17:18:44+00:00\" \/>\n<meta property=\"article:modified_time\" content=\"2024-03-02T05:50:53+00:00\" \/>\n<meta property=\"og:image\" content=\"https:\/\/infoecos.com.ar\/wp-content\/uploads\/2024\/02\/image-463.png\" \/>\n\t<meta property=\"og:image:width\" content=\"460\" \/>\n\t<meta property=\"og:image:height\" content=\"223\" \/>\n\t<meta property=\"og:image:type\" content=\"image\/png\" \/>\n<meta name=\"author\" content=\"Jorge Matheus\" \/>\n<meta name=\"twitter:card\" content=\"summary_large_image\" \/>\n<meta name=\"twitter:creator\" content=\"@infoecos\" \/>\n<meta name=\"twitter:site\" content=\"@infoecos\" \/>\n<meta name=\"twitter:label1\" content=\"Escrito por\" \/>\n\t<meta name=\"twitter:data1\" content=\"Jorge Matheus\" \/>\n\t<meta name=\"twitter:label2\" content=\"Tiempo de lectura\" \/>\n\t<meta name=\"twitter:data2\" content=\"2 minutos\" \/>\n<script type=\"application\/ld+json\" class=\"yoast-schema-graph\">{\"@context\":\"https:\/\/schema.org\",\"@graph\":[{\"@type\":\"Article\",\"@id\":\"https:\/\/infoecos.com.ar\/index.php\/120116\/#article\",\"isPartOf\":{\"@id\":\"https:\/\/infoecos.com.ar\/index.php\/120116\/\"},\"author\":{\"name\":\"Jorge Matheus\",\"@id\":\"https:\/\/infoecos.com.ar\/#\/schema\/person\/8f5ace5ce73b4b4aac4b7245aee6f191\"},\"headline\":\"El intendente de Pehuaj\u00f3 con el tono que lo caracteriza pide que se reclame por la Autov\u00eda de Ruta 5\",\"datePublished\":\"2024-02-28T17:18:44+00:00\",\"dateModified\":\"2024-03-02T05:50:53+00:00\",\"mainEntityOfPage\":{\"@id\":\"https:\/\/infoecos.com.ar\/index.php\/120116\/\"},\"wordCount\":334,\"publisher\":{\"@id\":\"https:\/\/infoecos.com.ar\/#organization\"},\"image\":{\"@id\":\"https:\/\/infoecos.com.ar\/index.php\/120116\/#primaryimage\"},\"thumbnailUrl\":\"https:\/\/infoecos.com.ar\/wp-content\/uploads\/2024\/02\/image-463.png\",\"keywords\":[\"lo hizo desde el km 365\"],\"articleSection\":[\"Bloque inferior - 6\"],\"inLanguage\":\"es\"},{\"@type\":\"WebPage\",\"@id\":\"https:\/\/infoecos.com.ar\/index.php\/120116\/\",\"url\":\"https:\/\/infoecos.com.ar\/index.php\/120116\/\",\"name\":\"El intendente de Pehuaj\u00f3 con el tono que lo caracteriza pide que se reclame por la Autov\u00eda de Ruta 5 - Infoecos\",\"isPartOf\":{\"@id\":\"https:\/\/infoecos.com.ar\/#website\"},\"primaryImageOfPage\":{\"@id\":\"https:\/\/infoecos.com.ar\/index.php\/120116\/#primaryimage\"},\"image\":{\"@id\":\"https:\/\/infoecos.com.ar\/index.php\/120116\/#primaryimage\"},\"thumbnailUrl\":\"https:\/\/infoecos.com.ar\/wp-content\/uploads\/2024\/02\/image-463.png\",\"datePublished\":\"2024-02-28T17:18:44+00:00\",\"dateModified\":\"2024-03-02T05:50:53+00:00\",\"breadcrumb\":{\"@id\":\"https:\/\/infoecos.com.ar\/index.php\/120116\/#breadcrumb\"},\"inLanguage\":\"es\",\"potentialAction\":[{\"@type\":\"ReadAction\",\"target\":[\"https:\/\/infoecos.com.ar\/index.php\/120116\/\"]}]},{\"@type\":\"ImageObject\",\"inLanguage\":\"es\",\"@id\":\"https:\/\/infoecos.com.ar\/index.php\/120116\/#primaryimage\",\"url\":\"https:\/\/infoecos.com.ar\/wp-content\/uploads\/2024\/02\/image-463.png\",\"contentUrl\":\"https:\/\/infoecos.com.ar\/wp-content\/uploads\/2024\/02\/image-463.png\",\"width\":460,\"height\":223},{\"@type\":\"BreadcrumbList\",\"@id\":\"https:\/\/infoecos.com.ar\/index.php\/120116\/#breadcrumb\",\"itemListElement\":[{\"@type\":\"ListItem\",\"position\":1,\"name\":\"Portada\",\"item\":\"https:\/\/infoecos.com.ar\/\"},{\"@type\":\"ListItem\",\"position\":2,\"name\":\"El intendente de Pehuaj\u00f3 con el tono que lo caracteriza pide que se reclame por la Autov\u00eda de Ruta 5\"}]},{\"@type\":\"WebSite\",\"@id\":\"https:\/\/infoecos.com.ar\/#website\",\"url\":\"https:\/\/infoecos.com.ar\/\",\"name\":\"Infoecos\",\"description\":\"Noticias de trenque lauquen y la zona\",\"publisher\":{\"@id\":\"https:\/\/infoecos.com.ar\/#organization\"},\"alternateName\":\"Noticias\",\"potentialAction\":[{\"@type\":\"SearchAction\",\"target\":{\"@type\":\"EntryPoint\",\"urlTemplate\":\"https:\/\/infoecos.com.ar\/?s={search_term_string}\"},\"query-input\":{\"@type\":\"PropertyValueSpecification\",\"valueRequired\":true,\"valueName\":\"search_term_string\"}}],\"inLanguage\":\"es\"},{\"@type\":\"Organization\",\"@id\":\"https:\/\/infoecos.com.ar\/#organization\",\"name\":\"Infoecos\",\"alternateName\":\"Noticias\",\"url\":\"https:\/\/infoecos.com.ar\/\",\"logo\":{\"@type\":\"ImageObject\",\"inLanguage\":\"es\",\"@id\":\"https:\/\/infoecos.com.ar\/#\/schema\/logo\/image\/\",\"url\":\"https:\/\/infoecos.com.ar\/wp-content\/uploads\/2024\/03\/cropped-logo.png\",\"contentUrl\":\"https:\/\/infoecos.com.ar\/wp-content\/uploads\/2024\/03\/cropped-logo.png\",\"width\":374,\"height\":90,\"caption\":\"Infoecos\"},\"image\":{\"@id\":\"https:\/\/infoecos.com.ar\/#\/schema\/logo\/image\/\"},\"sameAs\":[\"https:\/\/www.facebook.com\/profile.php?id=100063200290284\",\"https:\/\/x.com\/infoecos\"]},{\"@type\":\"Person\",\"@id\":\"https:\/\/infoecos.com.ar\/#\/schema\/person\/8f5ace5ce73b4b4aac4b7245aee6f191\",\"name\":\"Jorge Matheus\",\"url\":\"https:\/\/infoecos.com.ar\/index.php\/author\/jomatheus\/\"}]}<\/script>\n<!-- \/ Yoast SEO plugin. -->","yoast_head_json":{"title":"El intendente de Pehuaj\u00f3 con el tono que lo caracteriza pide que se reclame por la Autov\u00eda de Ruta 5 - Infoecos","robots":{"index":"index","follow":"follow","max-snippet":"max-snippet:-1","max-image-preview":"max-image-preview:large","max-video-preview":"max-video-preview:-1"},"canonical":"https:\/\/infoecos.com.ar\/index.php\/120116\/","og_locale":"es_ES","og_type":"article","og_title":"El intendente de Pehuaj\u00f3 con el tono que lo caracteriza pide que se reclame por la Autov\u00eda de Ruta 5 - Infoecos","og_description":"Grab\u00f3 un video en el kil\u00f3metro 365 de la Ruta Nacional n\u00famero 5, donde se refiere a la suspensi\u00f3n de las obras en la autopista que va desde Mercedes a Suipacha","og_url":"https:\/\/infoecos.com.ar\/index.php\/120116\/","og_site_name":"Infoecos","article_publisher":"https:\/\/www.facebook.com\/profile.php?id=100063200290284","article_published_time":"2024-02-28T17:18:44+00:00","article_modified_time":"2024-03-02T05:50:53+00:00","og_image":[{"width":460,"height":223,"url":"https:\/\/infoecos.com.ar\/wp-content\/uploads\/2024\/02\/image-463.png","type":"image\/png"}],"author":"Jorge Matheus","twitter_card":"summary_large_image","twitter_creator":"@infoecos","twitter_site":"@infoecos","twitter_misc":{"Escrito por":"Jorge Matheus","Tiempo de lectura":"2 minutos"},"schema":{"@context":"https:\/\/schema.org","@graph":[{"@type":"Article","@id":"https:\/\/infoecos.com.ar\/index.php\/120116\/#article","isPartOf":{"@id":"https:\/\/infoecos.com.ar\/index.php\/120116\/"},"author":{"name":"Jorge Matheus","@id":"https:\/\/infoecos.com.ar\/#\/schema\/person\/8f5ace5ce73b4b4aac4b7245aee6f191"},"headline":"El intendente de Pehuaj\u00f3 con el tono que lo caracteriza pide que se reclame por la Autov\u00eda de Ruta 5","datePublished":"2024-02-28T17:18:44+00:00","dateModified":"2024-03-02T05:50:53+00:00","mainEntityOfPage":{"@id":"https:\/\/infoecos.com.ar\/index.php\/120116\/"},"wordCount":334,"publisher":{"@id":"https:\/\/infoecos.com.ar\/#organization"},"image":{"@id":"https:\/\/infoecos.com.ar\/index.php\/120116\/#primaryimage"},"thumbnailUrl":"https:\/\/infoecos.com.ar\/wp-content\/uploads\/2024\/02\/image-463.png","keywords":["lo hizo desde el km 365"],"articleSection":["Bloque inferior - 6"],"inLanguage":"es"},{"@type":"WebPage","@id":"https:\/\/infoecos.com.ar\/index.php\/120116\/","url":"https:\/\/infoecos.com.ar\/index.php\/120116\/","name":"El intendente de Pehuaj\u00f3 con el tono que lo caracteriza pide que se reclame por la Autov\u00eda de Ruta 5 - Infoecos","isPartOf":{"@id":"https:\/\/infoecos.com.ar\/#website"},"primaryImageOfPage":{"@id":"https:\/\/infoecos.com.ar\/index.php\/120116\/#primaryimage"},"image":{"@id":"https:\/\/infoecos.com.ar\/index.php\/120116\/#primaryimage"},"thumbnailUrl":"https:\/\/infoecos.com.ar\/wp-content\/uploads\/2024\/02\/image-463.png","datePublished":"2024-02-28T17:18:44+00:00","dateModified":"2024-03-02T05:50:53+00:00","breadcrumb":{"@id":"https:\/\/infoecos.com.ar\/index.php\/120116\/#breadcrumb"},"inLanguage":"es","potentialAction":[{"@type":"ReadAction","target":["https:\/\/infoecos.com.ar\/index.php\/120116\/"]}]},{"@type":"ImageObject","inLanguage":"es","@id":"https:\/\/infoecos.com.ar\/index.php\/120116\/#primaryimage","url":"https:\/\/infoecos.com.ar\/wp-content\/uploads\/2024\/02\/image-463.png","contentUrl":"https:\/\/infoecos.com.ar\/wp-content\/uploads\/2024\/02\/image-463.png","width":460,"height":223},{"@type":"BreadcrumbList","@id":"https:\/\/infoecos.com.ar\/index.php\/120116\/#breadcrumb","itemListElement":[{"@type":"ListItem","position":1,"name":"Portada","item":"https:\/\/infoecos.com.ar\/"},{"@type":"ListItem","position":2,"name":"El intendente de Pehuaj\u00f3 con el tono que lo caracteriza pide que se reclame por la Autov\u00eda de Ruta 5"}]},{"@type":"WebSite","@id":"https:\/\/infoecos.com.ar\/#website","url":"https:\/\/infoecos.com.ar\/","name":"Infoecos","description":"Noticias de trenque lauquen y la zona","publisher":{"@id":"https:\/\/infoecos.com.ar\/#organization"},"alternateName":"Noticias","potentialAction":[{"@type":"SearchAction","target":{"@type":"EntryPoint","urlTemplate":"https:\/\/infoecos.com.ar\/?s={search_term_string}"},"query-input":{"@type":"PropertyValueSpecification","valueRequired":true,"valueName":"search_term_string"}}],"inLanguage":"es"},{"@type":"Organization","@id":"https:\/\/infoecos.com.ar\/#organization","name":"Infoecos","alternateName":"Noticias","url":"https:\/\/infoecos.com.ar\/","logo":{"@type":"ImageObject","inLanguage":"es","@id":"https:\/\/infoecos.com.ar\/#\/schema\/logo\/image\/","url":"https:\/\/infoecos.com.ar\/wp-content\/uploads\/2024\/03\/cropped-logo.png","contentUrl":"https:\/\/infoecos.com.ar\/wp-content\/uploads\/2024\/03\/cropped-logo.png","width":374,"height":90,"caption":"Infoecos"},"image":{"@id":"https:\/\/infoecos.com.ar\/#\/schema\/logo\/image\/"},"sameAs":["https:\/\/www.facebook.com\/profile.php?id=100063200290284","https:\/\/x.com\/infoecos"]},{"@type":"Person","@id":"https:\/\/infoecos.com.ar\/#\/schema\/person\/8f5ace5ce73b4b4aac4b7245aee6f191","name":"Jorge Matheus","url":"https:\/\/infoecos.com.ar\/index.php\/author\/jomatheus\/"}]}},"featured_image_urls":{"full":["https:\/\/infoecos.com.ar\/wp-content\/uploads\/2024\/02\/image-463.png",460,223,false],"thumbnail":["https:\/\/infoecos.com.ar\/wp-content\/uploads\/2024\/02\/image-463-300x150.png",300,150,true],"medium":["https:\/\/infoecos.com.ar\/wp-content\/uploads\/2024\/02\/image-463.png",460,223,false],"medium_large":["https:\/\/infoecos.com.ar\/wp-content\/uploads\/2024\/02\/image-463.png",460,223,false],"large":["https:\/\/infoecos.com.ar\/wp-content\/uploads\/2024\/02\/image-463.png",460,223,false],"1536x1536":["https:\/\/infoecos.com.ar\/wp-content\/uploads\/2024\/02\/image-463.png",460,223,false],"2048x2048":["https:\/\/infoecos.com.ar\/wp-content\/uploads\/2024\/02\/image-463.png",460,223,false],"covernews-slider-full":["https:\/\/infoecos.com.ar\/wp-content\/uploads\/2024\/02\/image-463.png",460,223,false],"covernews-slider-center":["https:\/\/infoecos.com.ar\/wp-content\/uploads\/2024\/02\/image-463.png",460,223,false],"covernews-featured":["https:\/\/infoecos.com.ar\/wp-content\/uploads\/2024\/02\/image-463.png",460,223,false],"covernews-medium":["https:\/\/infoecos.com.ar\/wp-content\/uploads\/2024\/02\/image-463.png",460,223,false],"covernews-medium-square":["https:\/\/infoecos.com.ar\/wp-content\/uploads\/2024\/02\/image-463.png",400,194,false]},"author_info":{"info":["Jorge Matheus"]},"category_info":"<a href=\"https:\/\/infoecos.com.ar\/index.php\/category\/inferior6\/\" rel=\"category tag\">Bloque inferior - 6<\/a>","tag_info":"Bloque inferior - 6","comment_count":"0","_links":{"self":[{"href":"https:\/\/infoecos.com.ar\/index.php\/wp-json\/wp\/v2\/posts\/120116"}],"collection":[{"href":"https:\/\/infoecos.com.ar\/index.php\/wp-json\/wp\/v2\/posts"}],"about":[{"href":"https:\/\/infoecos.com.ar\/index.php\/wp-json\/wp\/v2\/types\/post"}],"author":[{"embeddable":true,"href":"https:\/\/infoecos.com.ar\/index.php\/wp-json\/wp\/v2\/users\/2"}],"replies":[{"embeddable":true,"href":"https:\/\/infoecos.com.ar\/index.php\/wp-json\/wp\/v2\/comments?post=120116"}],"version-history":[{"count":2,"href":"https:\/\/infoecos.com.ar\/index.php\/wp-json\/wp\/v2\/posts\/120116\/revisions"}],"predecessor-version":[{"id":120120,"href":"https:\/\/infoecos.com.ar\/index.php\/wp-json\/wp\/v2\/posts\/120116\/revisions\/120120"}],"wp:featuredmedia":[{"embeddable":true,"href":"https:\/\/infoecos.com.ar\/index.php\/wp-json\/wp\/v2\/media\/120119"}],"wp:attachment":[{"href":"https:\/\/infoecos.com.ar\/index.php\/wp-json\/wp\/v2\/media?parent=120116"}],"wp:term":[{"taxonomy":"category","embeddable":true,"href":"https:\/\/infoecos.com.ar\/index.php\/wp-json\/wp\/v2\/categories?post=120116"},{"taxonomy":"post_tag","embeddable":true,"href":"https:\/\/infoecos.com.ar\/index.php\/wp-json\/wp\/v2\/tags?post=120116"}],"curies":[{"name":"wp","href":"https:\/\/api.w.org\/{rel}","templated":true}]}}