{"id":121326,"date":"2024-03-21T20:06:13","date_gmt":"2024-03-21T23:06:13","guid":{"rendered":"https:\/\/infoecos.com.ar\/?p=121326"},"modified":"2024-03-21T20:06:14","modified_gmt":"2024-03-21T23:06:14","slug":"indec-caida-de-las-ventas-en-supermercados","status":"publish","type":"post","link":"https:\/\/infoecos.com.ar\/index.php\/indec-caida-de-las-ventas-en-supermercados\/","title":{"rendered":"INDEC: caida de las ventas en supermercados"},"content":{"rendered":"\n<p>La ca\u00edda del poder adquisitivo de los salarios sigue dejando su marca en los niveles de consumo. Seg\u00fan el Instituto Nacional de Estad\u00edsticas y Censos (INDEC) las ventas de los supermercados tuvieron una fuerte ca\u00edda del 13,6% en enero. Se trata de la peor baja registrada desde marzo de 2019, cuando los s\u00fapers sufrieron las consecuencias del Aislamiento Social Preventivo y Obligatorio (ASPO).<\/p>\n\n\n\n<figure class=\"wp-block-image aligncenter size-full is-resized\"><img loading=\"lazy\" decoding=\"async\" width=\"860\" height=\"452\" src=\"https:\/\/infoecos.com.ar\/wp-content\/uploads\/2024\/03\/image-168.png\" alt=\"\" class=\"wp-image-121327\" style=\"width:670px;height:auto\" srcset=\"https:\/\/infoecos.com.ar\/wp-content\/uploads\/2024\/03\/image-168.png 860w, https:\/\/infoecos.com.ar\/wp-content\/uploads\/2024\/03\/image-168-800x420.png 800w, https:\/\/infoecos.com.ar\/wp-content\/uploads\/2024\/03\/image-168-768x404.png 768w\" sizes=\"(max-width: 860px) 100vw, 860px\" \/><\/figure>\n\n\n\n<p>En total, las empresas facturaron en forma conjunta $1.1 billones durante el mes de enero, un 248,4% m\u00e1s que el a\u00f1o pasado en t\u00e9rminos nominales, pero 13,6% menos en t\u00e9rminos reales, dado que la inflaci\u00f3n de ese per\u00edodo fue de 254,2%.<\/p>\n\n\n\n<p>De acuerdo a los n\u00fameros relevados por el organismo, la mayor\u00eda de los rubros de productos comercializados por los s\u00fapers e h\u00edpers de todo el pa\u00eds tuvieron variaciones de facturaci\u00f3n por debajo del \u00edndice de inflaci\u00f3n. Sirve de ejemplo la venta de \u00abelectr\u00f3nicos y productos para el hogar\u00bb, que tuvieron una variaci\u00f3n nominal del 122,7% entre enero de 2023 e igual mes de este a\u00f1o.<\/p>\n\n\n\n<p>Tambi\u00e9n subieron menos que la inflaci\u00f3n las ventas de \u00abindumentaria\u00bb (139,9%), \u00abverduler\u00eda y fruter\u00eda\u00bb (208,1%), \u00abalimentos preparados\u00bb (218,3%), \u00abbebidas\u00bb (232,5%) y \u00abl\u00e1cteos\u00bb (247%), entre otros.<\/p>\n\n\n\n<p>Tambi\u00e9n el ticket promedio da cuenta de la fuerte ca\u00edda de las ventas de los supermercados. Seg\u00fan detalla el INDEC, los argentinos pagaron por sus compras un valor medio de $13.857 cada vez que fueron al s\u00faper durante el mes de enero. Si bien ese valor representa un incremento nominal del 221,9%, se trata de una variaci\u00f3n que estuvo muy lejos de la inflaci\u00f3n del 254,2%.<\/p>\n","protected":false},"excerpt":{"rendered":"<p>En total, las empresas facturaron en forma conjunta $1.1 billones durante el mes de enero, un 248,4% m\u00e1s que el a\u00f1o pasado en t\u00e9rminos nominales, pero 13,6% menos en t\u00e9rminos reales, dado que la inflaci\u00f3n de ese per\u00edodo fue de 254,2%<\/p>\n","protected":false},"author":2,"featured_media":121327,"comment_status":"closed","ping_status":"open","sticky":false,"template":"","format":"standard","meta":{"footnotes":""},"categories":[1],"tags":[97],"class_list":["post-121326","post","type-post","status-publish","format-standard","has-post-thumbnail","hentry","category-sin-categoria","tag-economia"],"yoast_head":"<!-- This site is optimized with the Yoast SEO plugin v23.4 - https:\/\/yoast.com\/wordpress\/plugins\/seo\/ -->\n<title>INDEC: caida de las ventas en supermercados - Infoecos<\/title>\n<meta name=\"robots\" content=\"index, follow, max-snippet:-1, max-image-preview:large, max-video-preview:-1\" \/>\n<link rel=\"canonical\" href=\"https:\/\/infoecos.com.ar\/index.php\/indec-caida-de-las-ventas-en-supermercados\/\" \/>\n<meta property=\"og:locale\" content=\"es_ES\" \/>\n<meta property=\"og:type\" content=\"article\" \/>\n<meta property=\"og:title\" content=\"INDEC: caida de las ventas en supermercados - Infoecos\" \/>\n<meta property=\"og:description\" content=\"En total, las empresas facturaron en forma conjunta $1.1 billones durante el mes de enero, un 248,4% m\u00e1s que el a\u00f1o pasado en t\u00e9rminos nominales, pero 13,6% menos en t\u00e9rminos reales, dado que la inflaci\u00f3n de ese per\u00edodo fue de 254,2%\" \/>\n<meta property=\"og:url\" content=\"https:\/\/infoecos.com.ar\/index.php\/indec-caida-de-las-ventas-en-supermercados\/\" \/>\n<meta property=\"og:site_name\" content=\"Infoecos\" \/>\n<meta property=\"article:publisher\" content=\"https:\/\/www.facebook.com\/profile.php?id=100063200290284\" \/>\n<meta property=\"article:published_time\" content=\"2024-03-21T23:06:13+00:00\" \/>\n<meta property=\"article:modified_time\" content=\"2024-03-21T23:06:14+00:00\" \/>\n<meta property=\"og:image\" content=\"https:\/\/infoecos.com.ar\/wp-content\/uploads\/2024\/03\/image-168.png\" \/>\n\t<meta property=\"og:image:width\" content=\"860\" \/>\n\t<meta property=\"og:image:height\" content=\"452\" \/>\n\t<meta property=\"og:image:type\" content=\"image\/png\" \/>\n<meta name=\"author\" content=\"Jorge Matheus\" \/>\n<meta name=\"twitter:card\" content=\"summary_large_image\" \/>\n<meta name=\"twitter:creator\" content=\"@infoecos\" \/>\n<meta name=\"twitter:site\" content=\"@infoecos\" \/>\n<meta name=\"twitter:label1\" content=\"Escrito por\" \/>\n\t<meta name=\"twitter:data1\" content=\"Jorge Matheus\" \/>\n\t<meta name=\"twitter:label2\" content=\"Tiempo de lectura\" \/>\n\t<meta name=\"twitter:data2\" content=\"2 minutos\" \/>\n<script type=\"application\/ld+json\" class=\"yoast-schema-graph\">{\"@context\":\"https:\/\/schema.org\",\"@graph\":[{\"@type\":\"Article\",\"@id\":\"https:\/\/infoecos.com.ar\/index.php\/indec-caida-de-las-ventas-en-supermercados\/#article\",\"isPartOf\":{\"@id\":\"https:\/\/infoecos.com.ar\/index.php\/indec-caida-de-las-ventas-en-supermercados\/\"},\"author\":{\"name\":\"Jorge Matheus\",\"@id\":\"https:\/\/infoecos.com.ar\/#\/schema\/person\/8f5ace5ce73b4b4aac4b7245aee6f191\"},\"headline\":\"INDEC: caida de las ventas en supermercados\",\"datePublished\":\"2024-03-21T23:06:13+00:00\",\"dateModified\":\"2024-03-21T23:06:14+00:00\",\"mainEntityOfPage\":{\"@id\":\"https:\/\/infoecos.com.ar\/index.php\/indec-caida-de-las-ventas-en-supermercados\/\"},\"wordCount\":283,\"publisher\":{\"@id\":\"https:\/\/infoecos.com.ar\/#organization\"},\"image\":{\"@id\":\"https:\/\/infoecos.com.ar\/index.php\/indec-caida-de-las-ventas-en-supermercados\/#primaryimage\"},\"thumbnailUrl\":\"https:\/\/infoecos.com.ar\/wp-content\/uploads\/2024\/03\/image-168.png\",\"keywords\":[\"ECONOM\u00cdA\"],\"inLanguage\":\"es\"},{\"@type\":\"WebPage\",\"@id\":\"https:\/\/infoecos.com.ar\/index.php\/indec-caida-de-las-ventas-en-supermercados\/\",\"url\":\"https:\/\/infoecos.com.ar\/index.php\/indec-caida-de-las-ventas-en-supermercados\/\",\"name\":\"INDEC: caida de las ventas en supermercados - Infoecos\",\"isPartOf\":{\"@id\":\"https:\/\/infoecos.com.ar\/#website\"},\"primaryImageOfPage\":{\"@id\":\"https:\/\/infoecos.com.ar\/index.php\/indec-caida-de-las-ventas-en-supermercados\/#primaryimage\"},\"image\":{\"@id\":\"https:\/\/infoecos.com.ar\/index.php\/indec-caida-de-las-ventas-en-supermercados\/#primaryimage\"},\"thumbnailUrl\":\"https:\/\/infoecos.com.ar\/wp-content\/uploads\/2024\/03\/image-168.png\",\"datePublished\":\"2024-03-21T23:06:13+00:00\",\"dateModified\":\"2024-03-21T23:06:14+00:00\",\"breadcrumb\":{\"@id\":\"https:\/\/infoecos.com.ar\/index.php\/indec-caida-de-las-ventas-en-supermercados\/#breadcrumb\"},\"inLanguage\":\"es\",\"potentialAction\":[{\"@type\":\"ReadAction\",\"target\":[\"https:\/\/infoecos.com.ar\/index.php\/indec-caida-de-las-ventas-en-supermercados\/\"]}]},{\"@type\":\"ImageObject\",\"inLanguage\":\"es\",\"@id\":\"https:\/\/infoecos.com.ar\/index.php\/indec-caida-de-las-ventas-en-supermercados\/#primaryimage\",\"url\":\"https:\/\/infoecos.com.ar\/wp-content\/uploads\/2024\/03\/image-168.png\",\"contentUrl\":\"https:\/\/infoecos.com.ar\/wp-content\/uploads\/2024\/03\/image-168.png\",\"width\":860,\"height\":452},{\"@type\":\"BreadcrumbList\",\"@id\":\"https:\/\/infoecos.com.ar\/index.php\/indec-caida-de-las-ventas-en-supermercados\/#breadcrumb\",\"itemListElement\":[{\"@type\":\"ListItem\",\"position\":1,\"name\":\"Portada\",\"item\":\"https:\/\/infoecos.com.ar\/\"},{\"@type\":\"ListItem\",\"position\":2,\"name\":\"INDEC: caida de las ventas en supermercados\"}]},{\"@type\":\"WebSite\",\"@id\":\"https:\/\/infoecos.com.ar\/#website\",\"url\":\"https:\/\/infoecos.com.ar\/\",\"name\":\"Infoecos\",\"description\":\"Noticias de trenque lauquen y la zona\",\"publisher\":{\"@id\":\"https:\/\/infoecos.com.ar\/#organization\"},\"alternateName\":\"Noticias\",\"potentialAction\":[{\"@type\":\"SearchAction\",\"target\":{\"@type\":\"EntryPoint\",\"urlTemplate\":\"https:\/\/infoecos.com.ar\/?s={search_term_string}\"},\"query-input\":{\"@type\":\"PropertyValueSpecification\",\"valueRequired\":true,\"valueName\":\"search_term_string\"}}],\"inLanguage\":\"es\"},{\"@type\":\"Organization\",\"@id\":\"https:\/\/infoecos.com.ar\/#organization\",\"name\":\"Infoecos\",\"alternateName\":\"Noticias\",\"url\":\"https:\/\/infoecos.com.ar\/\",\"logo\":{\"@type\":\"ImageObject\",\"inLanguage\":\"es\",\"@id\":\"https:\/\/infoecos.com.ar\/#\/schema\/logo\/image\/\",\"url\":\"https:\/\/infoecos.com.ar\/wp-content\/uploads\/2024\/03\/cropped-logo.png\",\"contentUrl\":\"https:\/\/infoecos.com.ar\/wp-content\/uploads\/2024\/03\/cropped-logo.png\",\"width\":374,\"height\":90,\"caption\":\"Infoecos\"},\"image\":{\"@id\":\"https:\/\/infoecos.com.ar\/#\/schema\/logo\/image\/\"},\"sameAs\":[\"https:\/\/www.facebook.com\/profile.php?id=100063200290284\",\"https:\/\/x.com\/infoecos\"]},{\"@type\":\"Person\",\"@id\":\"https:\/\/infoecos.com.ar\/#\/schema\/person\/8f5ace5ce73b4b4aac4b7245aee6f191\",\"name\":\"Jorge Matheus\",\"url\":\"https:\/\/infoecos.com.ar\/index.php\/author\/jomatheus\/\"}]}<\/script>\n<!-- \/ Yoast SEO plugin. -->","yoast_head_json":{"title":"INDEC: caida de las ventas en supermercados - Infoecos","robots":{"index":"index","follow":"follow","max-snippet":"max-snippet:-1","max-image-preview":"max-image-preview:large","max-video-preview":"max-video-preview:-1"},"canonical":"https:\/\/infoecos.com.ar\/index.php\/indec-caida-de-las-ventas-en-supermercados\/","og_locale":"es_ES","og_type":"article","og_title":"INDEC: caida de las ventas en supermercados - Infoecos","og_description":"En total, las empresas facturaron en forma conjunta $1.1 billones durante el mes de enero, un 248,4% m\u00e1s que el a\u00f1o pasado en t\u00e9rminos nominales, pero 13,6% menos en t\u00e9rminos reales, dado que la inflaci\u00f3n de ese per\u00edodo fue de 254,2%","og_url":"https:\/\/infoecos.com.ar\/index.php\/indec-caida-de-las-ventas-en-supermercados\/","og_site_name":"Infoecos","article_publisher":"https:\/\/www.facebook.com\/profile.php?id=100063200290284","article_published_time":"2024-03-21T23:06:13+00:00","article_modified_time":"2024-03-21T23:06:14+00:00","og_image":[{"width":860,"height":452,"url":"https:\/\/infoecos.com.ar\/wp-content\/uploads\/2024\/03\/image-168.png","type":"image\/png"}],"author":"Jorge Matheus","twitter_card":"summary_large_image","twitter_creator":"@infoecos","twitter_site":"@infoecos","twitter_misc":{"Escrito por":"Jorge Matheus","Tiempo de lectura":"2 minutos"},"schema":{"@context":"https:\/\/schema.org","@graph":[{"@type":"Article","@id":"https:\/\/infoecos.com.ar\/index.php\/indec-caida-de-las-ventas-en-supermercados\/#article","isPartOf":{"@id":"https:\/\/infoecos.com.ar\/index.php\/indec-caida-de-las-ventas-en-supermercados\/"},"author":{"name":"Jorge Matheus","@id":"https:\/\/infoecos.com.ar\/#\/schema\/person\/8f5ace5ce73b4b4aac4b7245aee6f191"},"headline":"INDEC: caida de las ventas en supermercados","datePublished":"2024-03-21T23:06:13+00:00","dateModified":"2024-03-21T23:06:14+00:00","mainEntityOfPage":{"@id":"https:\/\/infoecos.com.ar\/index.php\/indec-caida-de-las-ventas-en-supermercados\/"},"wordCount":283,"publisher":{"@id":"https:\/\/infoecos.com.ar\/#organization"},"image":{"@id":"https:\/\/infoecos.com.ar\/index.php\/indec-caida-de-las-ventas-en-supermercados\/#primaryimage"},"thumbnailUrl":"https:\/\/infoecos.com.ar\/wp-content\/uploads\/2024\/03\/image-168.png","keywords":["ECONOM\u00cdA"],"inLanguage":"es"},{"@type":"WebPage","@id":"https:\/\/infoecos.com.ar\/index.php\/indec-caida-de-las-ventas-en-supermercados\/","url":"https:\/\/infoecos.com.ar\/index.php\/indec-caida-de-las-ventas-en-supermercados\/","name":"INDEC: caida de las ventas en supermercados - Infoecos","isPartOf":{"@id":"https:\/\/infoecos.com.ar\/#website"},"primaryImageOfPage":{"@id":"https:\/\/infoecos.com.ar\/index.php\/indec-caida-de-las-ventas-en-supermercados\/#primaryimage"},"image":{"@id":"https:\/\/infoecos.com.ar\/index.php\/indec-caida-de-las-ventas-en-supermercados\/#primaryimage"},"thumbnailUrl":"https:\/\/infoecos.com.ar\/wp-content\/uploads\/2024\/03\/image-168.png","datePublished":"2024-03-21T23:06:13+00:00","dateModified":"2024-03-21T23:06:14+00:00","breadcrumb":{"@id":"https:\/\/infoecos.com.ar\/index.php\/indec-caida-de-las-ventas-en-supermercados\/#breadcrumb"},"inLanguage":"es","potentialAction":[{"@type":"ReadAction","target":["https:\/\/infoecos.com.ar\/index.php\/indec-caida-de-las-ventas-en-supermercados\/"]}]},{"@type":"ImageObject","inLanguage":"es","@id":"https:\/\/infoecos.com.ar\/index.php\/indec-caida-de-las-ventas-en-supermercados\/#primaryimage","url":"https:\/\/infoecos.com.ar\/wp-content\/uploads\/2024\/03\/image-168.png","contentUrl":"https:\/\/infoecos.com.ar\/wp-content\/uploads\/2024\/03\/image-168.png","width":860,"height":452},{"@type":"BreadcrumbList","@id":"https:\/\/infoecos.com.ar\/index.php\/indec-caida-de-las-ventas-en-supermercados\/#breadcrumb","itemListElement":[{"@type":"ListItem","position":1,"name":"Portada","item":"https:\/\/infoecos.com.ar\/"},{"@type":"ListItem","position":2,"name":"INDEC: caida de las ventas en supermercados"}]},{"@type":"WebSite","@id":"https:\/\/infoecos.com.ar\/#website","url":"https:\/\/infoecos.com.ar\/","name":"Infoecos","description":"Noticias de trenque lauquen y la zona","publisher":{"@id":"https:\/\/infoecos.com.ar\/#organization"},"alternateName":"Noticias","potentialAction":[{"@type":"SearchAction","target":{"@type":"EntryPoint","urlTemplate":"https:\/\/infoecos.com.ar\/?s={search_term_string}"},"query-input":{"@type":"PropertyValueSpecification","valueRequired":true,"valueName":"search_term_string"}}],"inLanguage":"es"},{"@type":"Organization","@id":"https:\/\/infoecos.com.ar\/#organization","name":"Infoecos","alternateName":"Noticias","url":"https:\/\/infoecos.com.ar\/","logo":{"@type":"ImageObject","inLanguage":"es","@id":"https:\/\/infoecos.com.ar\/#\/schema\/logo\/image\/","url":"https:\/\/infoecos.com.ar\/wp-content\/uploads\/2024\/03\/cropped-logo.png","contentUrl":"https:\/\/infoecos.com.ar\/wp-content\/uploads\/2024\/03\/cropped-logo.png","width":374,"height":90,"caption":"Infoecos"},"image":{"@id":"https:\/\/infoecos.com.ar\/#\/schema\/logo\/image\/"},"sameAs":["https:\/\/www.facebook.com\/profile.php?id=100063200290284","https:\/\/x.com\/infoecos"]},{"@type":"Person","@id":"https:\/\/infoecos.com.ar\/#\/schema\/person\/8f5ace5ce73b4b4aac4b7245aee6f191","name":"Jorge Matheus","url":"https:\/\/infoecos.com.ar\/index.php\/author\/jomatheus\/"}]}},"featured_image_urls":{"full":["https:\/\/infoecos.com.ar\/wp-content\/uploads\/2024\/03\/image-168.png",860,452,false],"thumbnail":["https:\/\/infoecos.com.ar\/wp-content\/uploads\/2024\/03\/image-168-300x150.png",300,150,true],"medium":["https:\/\/infoecos.com.ar\/wp-content\/uploads\/2024\/03\/image-168-800x420.png",800,420,true],"medium_large":["https:\/\/infoecos.com.ar\/wp-content\/uploads\/2024\/03\/image-168-768x404.png",640,337,true],"large":["https:\/\/infoecos.com.ar\/wp-content\/uploads\/2024\/03\/image-168.png",640,336,false],"1536x1536":["https:\/\/infoecos.com.ar\/wp-content\/uploads\/2024\/03\/image-168.png",860,452,false],"2048x2048":["https:\/\/infoecos.com.ar\/wp-content\/uploads\/2024\/03\/image-168.png",860,452,false],"covernews-slider-full":["https:\/\/infoecos.com.ar\/wp-content\/uploads\/2024\/03\/image-168.png",860,452,false],"covernews-slider-center":["https:\/\/infoecos.com.ar\/wp-content\/uploads\/2024\/03\/image-168-800x452.png",800,452,true],"covernews-featured":["https:\/\/infoecos.com.ar\/wp-content\/uploads\/2024\/03\/image-168.png",860,452,false],"covernews-medium":["https:\/\/infoecos.com.ar\/wp-content\/uploads\/2024\/03\/image-168-540x340.png",540,340,true],"covernews-medium-square":["https:\/\/infoecos.com.ar\/wp-content\/uploads\/2024\/03\/image-168-400x250.png",400,250,true]},"author_info":{"info":["Jorge Matheus"]},"category_info":"<a href=\"https:\/\/infoecos.com.ar\/index.php\/category\/sin-categoria\/\" rel=\"category tag\">Sin categor\u00eda<\/a>","tag_info":"Sin categor\u00eda","comment_count":"0","_links":{"self":[{"href":"https:\/\/infoecos.com.ar\/index.php\/wp-json\/wp\/v2\/posts\/121326"}],"collection":[{"href":"https:\/\/infoecos.com.ar\/index.php\/wp-json\/wp\/v2\/posts"}],"about":[{"href":"https:\/\/infoecos.com.ar\/index.php\/wp-json\/wp\/v2\/types\/post"}],"author":[{"embeddable":true,"href":"https:\/\/infoecos.com.ar\/index.php\/wp-json\/wp\/v2\/users\/2"}],"replies":[{"embeddable":true,"href":"https:\/\/infoecos.com.ar\/index.php\/wp-json\/wp\/v2\/comments?post=121326"}],"version-history":[{"count":1,"href":"https:\/\/infoecos.com.ar\/index.php\/wp-json\/wp\/v2\/posts\/121326\/revisions"}],"predecessor-version":[{"id":121328,"href":"https:\/\/infoecos.com.ar\/index.php\/wp-json\/wp\/v2\/posts\/121326\/revisions\/121328"}],"wp:featuredmedia":[{"embeddable":true,"href":"https:\/\/infoecos.com.ar\/index.php\/wp-json\/wp\/v2\/media\/121327"}],"wp:attachment":[{"href":"https:\/\/infoecos.com.ar\/index.php\/wp-json\/wp\/v2\/media?parent=121326"}],"wp:term":[{"taxonomy":"category","embeddable":true,"href":"https:\/\/infoecos.com.ar\/index.php\/wp-json\/wp\/v2\/categories?post=121326"},{"taxonomy":"post_tag","embeddable":true,"href":"https:\/\/infoecos.com.ar\/index.php\/wp-json\/wp\/v2\/tags?post=121326"}],"curies":[{"name":"wp","href":"https:\/\/api.w.org\/{rel}","templated":true}]}}