{"id":121332,"date":"2024-03-21T20:17:50","date_gmt":"2024-03-21T23:17:50","guid":{"rendered":"https:\/\/infoecos.com.ar\/?p=121332"},"modified":"2024-03-21T20:17:51","modified_gmt":"2024-03-21T23:17:51","slug":"la-importacion-de-alimentos-es-una-verdadera-verguenza","status":"publish","type":"post","link":"https:\/\/infoecos.com.ar\/index.php\/la-importacion-de-alimentos-es-una-verdadera-verguenza\/","title":{"rendered":"\u00abLa importaci\u00f3n de alimentos es una verdadera verg\u00fcenza\u00bb"},"content":{"rendered":"\n<p>La Federaci\u00f3n de Trabajadores de la Rep\u00fablica Argentina (<a href=\"https:\/\/twitter.com\/Fetara_agrarios\">FETARA<\/a>)\u00a0<a href=\"https:\/\/www.codigobaires.com.ar\/2024-03-20\/fetara-salio-con-los-tapones-de-punta-contra-las-apertura-de-importaciones-234863\/\">emiti\u00f3 un comunicado repudiando la decisi\u00f3n del Gobierno Nacional de abrir indiscriminadamente las importaciones a productos alimenticios y medicamentos<\/a>.\u00a0<strong>Ernesto Ojeda<\/strong>, Secretario General de FETARA, dialog\u00f3 con\u00a0<strong>C\u00f3digo Baires<\/strong>\u00a0para esperar las inquietudes que esto genera en el sector.<\/p>\n\n\n\n<figure class=\"wp-block-image alignright size-full is-resized\"><img loading=\"lazy\" decoding=\"async\" width=\"800\" height=\"450\" src=\"https:\/\/infoecos.com.ar\/wp-content\/uploads\/2024\/03\/image-170.png\" alt=\"\" class=\"wp-image-121333\" style=\"width:412px;height:auto\" srcset=\"https:\/\/infoecos.com.ar\/wp-content\/uploads\/2024\/03\/image-170.png 800w, https:\/\/infoecos.com.ar\/wp-content\/uploads\/2024\/03\/image-170-768x432.png 768w\" sizes=\"(max-width: 800px) 100vw, 800px\" \/><\/figure>\n\n\n\n<p>\u201c<strong>Ya con el DNU y la Ley \u00d3mnibus dejaron entrever que es lo que quer\u00edan con el pa\u00eds, y en materia de trabajo, est\u00e1 claro que buscan terminar con la regulaci\u00f3n del Estado<\/strong>, causando que esa enorme diferencia entre el n\u00facleo de \u2018ganadores\u2019, compuesto por los productores agrarios de gran escala, y los trabajadores, sea cada vez m\u00e1s grande\u201d, comenz\u00f3 explicando Ojeda.<\/p>\n\n\n\n<p>A\u00f1adi\u00f3: \u201cAdem\u00e1s buscan la desarticulaci\u00f3n de un Estado que no ven\u00eda de sus mejores momentos ni de su mejor planificaci\u00f3n productiva y distribuci\u00f3n de la riqueza, pero definitivamente cuando entr\u00f3 este gobierno qued\u00f3 claro que quiere terminar con todos los derechos. En esa anarqu\u00eda, quieren cumplir con su viejo sue\u00f1o de que el libre juego del mercado regule todo. La idea del comunicado es pegar un primer grito, advirtiendo que van por m\u00e1s\u201d.\u00a0<\/p>\n\n\n\n<p>\u201cSomos varios los que vamos a tener que reclamar. Esto afecta a la agricultura familiar, a los peque\u00f1os productores y a las industrias relacionadas con la producci\u00f3n primaria, entro otros, que tambi\u00e9n van a ser perjudicadas\u201d, complet\u00f3.<\/p>\n","protected":false},"excerpt":{"rendered":"<p>La Federaci\u00f3n de Trabajadores de la Rep\u00fablica Argentina (FETARA)\u00a0emiti\u00f3 un comunicado repudiando la decisi\u00f3n del&#8230;<\/p>\n","protected":false},"author":2,"featured_media":121333,"comment_status":"closed","ping_status":"open","sticky":false,"template":"","format":"standard","meta":{"footnotes":""},"categories":[1],"tags":[97],"class_list":["post-121332","post","type-post","status-publish","format-standard","has-post-thumbnail","hentry","category-sin-categoria","tag-economia"],"yoast_head":"<!-- This site is optimized with the Yoast SEO plugin v23.4 - https:\/\/yoast.com\/wordpress\/plugins\/seo\/ -->\n<title>&quot;La importaci\u00f3n de alimentos es una verdadera verg\u00fcenza&quot; - Infoecos<\/title>\n<meta name=\"robots\" content=\"index, follow, max-snippet:-1, max-image-preview:large, max-video-preview:-1\" \/>\n<link rel=\"canonical\" href=\"https:\/\/infoecos.com.ar\/index.php\/la-importacion-de-alimentos-es-una-verdadera-verguenza\/\" \/>\n<meta property=\"og:locale\" content=\"es_ES\" \/>\n<meta property=\"og:type\" content=\"article\" \/>\n<meta property=\"og:title\" content=\"&quot;La importaci\u00f3n de alimentos es una verdadera verg\u00fcenza&quot; - Infoecos\" \/>\n<meta property=\"og:description\" content=\"La Federaci\u00f3n de Trabajadores de la Rep\u00fablica Argentina (FETARA)\u00a0emiti\u00f3 un comunicado repudiando la decisi\u00f3n del...\" \/>\n<meta property=\"og:url\" content=\"https:\/\/infoecos.com.ar\/index.php\/la-importacion-de-alimentos-es-una-verdadera-verguenza\/\" \/>\n<meta property=\"og:site_name\" content=\"Infoecos\" \/>\n<meta property=\"article:publisher\" content=\"https:\/\/www.facebook.com\/profile.php?id=100063200290284\" \/>\n<meta property=\"article:published_time\" content=\"2024-03-21T23:17:50+00:00\" \/>\n<meta property=\"article:modified_time\" content=\"2024-03-21T23:17:51+00:00\" \/>\n<meta property=\"og:image\" content=\"https:\/\/infoecos.com.ar\/wp-content\/uploads\/2024\/03\/image-170.png\" \/>\n\t<meta property=\"og:image:width\" content=\"800\" \/>\n\t<meta property=\"og:image:height\" content=\"450\" \/>\n\t<meta property=\"og:image:type\" content=\"image\/png\" \/>\n<meta name=\"author\" content=\"Jorge Matheus\" \/>\n<meta name=\"twitter:card\" content=\"summary_large_image\" \/>\n<meta name=\"twitter:creator\" content=\"@infoecos\" \/>\n<meta name=\"twitter:site\" content=\"@infoecos\" \/>\n<meta name=\"twitter:label1\" content=\"Escrito por\" \/>\n\t<meta name=\"twitter:data1\" content=\"Jorge Matheus\" \/>\n\t<meta name=\"twitter:label2\" content=\"Tiempo de lectura\" \/>\n\t<meta name=\"twitter:data2\" content=\"2 minutos\" \/>\n<script type=\"application\/ld+json\" class=\"yoast-schema-graph\">{\"@context\":\"https:\/\/schema.org\",\"@graph\":[{\"@type\":\"Article\",\"@id\":\"https:\/\/infoecos.com.ar\/index.php\/la-importacion-de-alimentos-es-una-verdadera-verguenza\/#article\",\"isPartOf\":{\"@id\":\"https:\/\/infoecos.com.ar\/index.php\/la-importacion-de-alimentos-es-una-verdadera-verguenza\/\"},\"author\":{\"name\":\"Jorge Matheus\",\"@id\":\"https:\/\/infoecos.com.ar\/#\/schema\/person\/8f5ace5ce73b4b4aac4b7245aee6f191\"},\"headline\":\"\u00abLa importaci\u00f3n de alimentos es una verdadera verg\u00fcenza\u00bb\",\"datePublished\":\"2024-03-21T23:17:50+00:00\",\"dateModified\":\"2024-03-21T23:17:51+00:00\",\"mainEntityOfPage\":{\"@id\":\"https:\/\/infoecos.com.ar\/index.php\/la-importacion-de-alimentos-es-una-verdadera-verguenza\/\"},\"wordCount\":251,\"publisher\":{\"@id\":\"https:\/\/infoecos.com.ar\/#organization\"},\"image\":{\"@id\":\"https:\/\/infoecos.com.ar\/index.php\/la-importacion-de-alimentos-es-una-verdadera-verguenza\/#primaryimage\"},\"thumbnailUrl\":\"https:\/\/infoecos.com.ar\/wp-content\/uploads\/2024\/03\/image-170.png\",\"keywords\":[\"ECONOM\u00cdA\"],\"inLanguage\":\"es\"},{\"@type\":\"WebPage\",\"@id\":\"https:\/\/infoecos.com.ar\/index.php\/la-importacion-de-alimentos-es-una-verdadera-verguenza\/\",\"url\":\"https:\/\/infoecos.com.ar\/index.php\/la-importacion-de-alimentos-es-una-verdadera-verguenza\/\",\"name\":\"\\\"La importaci\u00f3n de alimentos es una verdadera verg\u00fcenza\\\" - Infoecos\",\"isPartOf\":{\"@id\":\"https:\/\/infoecos.com.ar\/#website\"},\"primaryImageOfPage\":{\"@id\":\"https:\/\/infoecos.com.ar\/index.php\/la-importacion-de-alimentos-es-una-verdadera-verguenza\/#primaryimage\"},\"image\":{\"@id\":\"https:\/\/infoecos.com.ar\/index.php\/la-importacion-de-alimentos-es-una-verdadera-verguenza\/#primaryimage\"},\"thumbnailUrl\":\"https:\/\/infoecos.com.ar\/wp-content\/uploads\/2024\/03\/image-170.png\",\"datePublished\":\"2024-03-21T23:17:50+00:00\",\"dateModified\":\"2024-03-21T23:17:51+00:00\",\"breadcrumb\":{\"@id\":\"https:\/\/infoecos.com.ar\/index.php\/la-importacion-de-alimentos-es-una-verdadera-verguenza\/#breadcrumb\"},\"inLanguage\":\"es\",\"potentialAction\":[{\"@type\":\"ReadAction\",\"target\":[\"https:\/\/infoecos.com.ar\/index.php\/la-importacion-de-alimentos-es-una-verdadera-verguenza\/\"]}]},{\"@type\":\"ImageObject\",\"inLanguage\":\"es\",\"@id\":\"https:\/\/infoecos.com.ar\/index.php\/la-importacion-de-alimentos-es-una-verdadera-verguenza\/#primaryimage\",\"url\":\"https:\/\/infoecos.com.ar\/wp-content\/uploads\/2024\/03\/image-170.png\",\"contentUrl\":\"https:\/\/infoecos.com.ar\/wp-content\/uploads\/2024\/03\/image-170.png\",\"width\":800,\"height\":450},{\"@type\":\"BreadcrumbList\",\"@id\":\"https:\/\/infoecos.com.ar\/index.php\/la-importacion-de-alimentos-es-una-verdadera-verguenza\/#breadcrumb\",\"itemListElement\":[{\"@type\":\"ListItem\",\"position\":1,\"name\":\"Portada\",\"item\":\"https:\/\/infoecos.com.ar\/\"},{\"@type\":\"ListItem\",\"position\":2,\"name\":\"\u00abLa importaci\u00f3n de alimentos es una verdadera verg\u00fcenza\u00bb\"}]},{\"@type\":\"WebSite\",\"@id\":\"https:\/\/infoecos.com.ar\/#website\",\"url\":\"https:\/\/infoecos.com.ar\/\",\"name\":\"Infoecos\",\"description\":\"Noticias de trenque lauquen y la zona\",\"publisher\":{\"@id\":\"https:\/\/infoecos.com.ar\/#organization\"},\"alternateName\":\"Noticias\",\"potentialAction\":[{\"@type\":\"SearchAction\",\"target\":{\"@type\":\"EntryPoint\",\"urlTemplate\":\"https:\/\/infoecos.com.ar\/?s={search_term_string}\"},\"query-input\":{\"@type\":\"PropertyValueSpecification\",\"valueRequired\":true,\"valueName\":\"search_term_string\"}}],\"inLanguage\":\"es\"},{\"@type\":\"Organization\",\"@id\":\"https:\/\/infoecos.com.ar\/#organization\",\"name\":\"Infoecos\",\"alternateName\":\"Noticias\",\"url\":\"https:\/\/infoecos.com.ar\/\",\"logo\":{\"@type\":\"ImageObject\",\"inLanguage\":\"es\",\"@id\":\"https:\/\/infoecos.com.ar\/#\/schema\/logo\/image\/\",\"url\":\"https:\/\/infoecos.com.ar\/wp-content\/uploads\/2024\/03\/cropped-logo.png\",\"contentUrl\":\"https:\/\/infoecos.com.ar\/wp-content\/uploads\/2024\/03\/cropped-logo.png\",\"width\":374,\"height\":90,\"caption\":\"Infoecos\"},\"image\":{\"@id\":\"https:\/\/infoecos.com.ar\/#\/schema\/logo\/image\/\"},\"sameAs\":[\"https:\/\/www.facebook.com\/profile.php?id=100063200290284\",\"https:\/\/x.com\/infoecos\"]},{\"@type\":\"Person\",\"@id\":\"https:\/\/infoecos.com.ar\/#\/schema\/person\/8f5ace5ce73b4b4aac4b7245aee6f191\",\"name\":\"Jorge Matheus\",\"url\":\"https:\/\/infoecos.com.ar\/index.php\/author\/jomatheus\/\"}]}<\/script>\n<!-- \/ Yoast SEO plugin. -->","yoast_head_json":{"title":"\"La importaci\u00f3n de alimentos es una verdadera verg\u00fcenza\" - Infoecos","robots":{"index":"index","follow":"follow","max-snippet":"max-snippet:-1","max-image-preview":"max-image-preview:large","max-video-preview":"max-video-preview:-1"},"canonical":"https:\/\/infoecos.com.ar\/index.php\/la-importacion-de-alimentos-es-una-verdadera-verguenza\/","og_locale":"es_ES","og_type":"article","og_title":"\"La importaci\u00f3n de alimentos es una verdadera verg\u00fcenza\" - Infoecos","og_description":"La Federaci\u00f3n de Trabajadores de la Rep\u00fablica Argentina (FETARA)\u00a0emiti\u00f3 un comunicado repudiando la decisi\u00f3n del...","og_url":"https:\/\/infoecos.com.ar\/index.php\/la-importacion-de-alimentos-es-una-verdadera-verguenza\/","og_site_name":"Infoecos","article_publisher":"https:\/\/www.facebook.com\/profile.php?id=100063200290284","article_published_time":"2024-03-21T23:17:50+00:00","article_modified_time":"2024-03-21T23:17:51+00:00","og_image":[{"width":800,"height":450,"url":"https:\/\/infoecos.com.ar\/wp-content\/uploads\/2024\/03\/image-170.png","type":"image\/png"}],"author":"Jorge Matheus","twitter_card":"summary_large_image","twitter_creator":"@infoecos","twitter_site":"@infoecos","twitter_misc":{"Escrito por":"Jorge Matheus","Tiempo de lectura":"2 minutos"},"schema":{"@context":"https:\/\/schema.org","@graph":[{"@type":"Article","@id":"https:\/\/infoecos.com.ar\/index.php\/la-importacion-de-alimentos-es-una-verdadera-verguenza\/#article","isPartOf":{"@id":"https:\/\/infoecos.com.ar\/index.php\/la-importacion-de-alimentos-es-una-verdadera-verguenza\/"},"author":{"name":"Jorge Matheus","@id":"https:\/\/infoecos.com.ar\/#\/schema\/person\/8f5ace5ce73b4b4aac4b7245aee6f191"},"headline":"\u00abLa importaci\u00f3n de alimentos es una verdadera verg\u00fcenza\u00bb","datePublished":"2024-03-21T23:17:50+00:00","dateModified":"2024-03-21T23:17:51+00:00","mainEntityOfPage":{"@id":"https:\/\/infoecos.com.ar\/index.php\/la-importacion-de-alimentos-es-una-verdadera-verguenza\/"},"wordCount":251,"publisher":{"@id":"https:\/\/infoecos.com.ar\/#organization"},"image":{"@id":"https:\/\/infoecos.com.ar\/index.php\/la-importacion-de-alimentos-es-una-verdadera-verguenza\/#primaryimage"},"thumbnailUrl":"https:\/\/infoecos.com.ar\/wp-content\/uploads\/2024\/03\/image-170.png","keywords":["ECONOM\u00cdA"],"inLanguage":"es"},{"@type":"WebPage","@id":"https:\/\/infoecos.com.ar\/index.php\/la-importacion-de-alimentos-es-una-verdadera-verguenza\/","url":"https:\/\/infoecos.com.ar\/index.php\/la-importacion-de-alimentos-es-una-verdadera-verguenza\/","name":"\"La importaci\u00f3n de alimentos es una verdadera verg\u00fcenza\" - Infoecos","isPartOf":{"@id":"https:\/\/infoecos.com.ar\/#website"},"primaryImageOfPage":{"@id":"https:\/\/infoecos.com.ar\/index.php\/la-importacion-de-alimentos-es-una-verdadera-verguenza\/#primaryimage"},"image":{"@id":"https:\/\/infoecos.com.ar\/index.php\/la-importacion-de-alimentos-es-una-verdadera-verguenza\/#primaryimage"},"thumbnailUrl":"https:\/\/infoecos.com.ar\/wp-content\/uploads\/2024\/03\/image-170.png","datePublished":"2024-03-21T23:17:50+00:00","dateModified":"2024-03-21T23:17:51+00:00","breadcrumb":{"@id":"https:\/\/infoecos.com.ar\/index.php\/la-importacion-de-alimentos-es-una-verdadera-verguenza\/#breadcrumb"},"inLanguage":"es","potentialAction":[{"@type":"ReadAction","target":["https:\/\/infoecos.com.ar\/index.php\/la-importacion-de-alimentos-es-una-verdadera-verguenza\/"]}]},{"@type":"ImageObject","inLanguage":"es","@id":"https:\/\/infoecos.com.ar\/index.php\/la-importacion-de-alimentos-es-una-verdadera-verguenza\/#primaryimage","url":"https:\/\/infoecos.com.ar\/wp-content\/uploads\/2024\/03\/image-170.png","contentUrl":"https:\/\/infoecos.com.ar\/wp-content\/uploads\/2024\/03\/image-170.png","width":800,"height":450},{"@type":"BreadcrumbList","@id":"https:\/\/infoecos.com.ar\/index.php\/la-importacion-de-alimentos-es-una-verdadera-verguenza\/#breadcrumb","itemListElement":[{"@type":"ListItem","position":1,"name":"Portada","item":"https:\/\/infoecos.com.ar\/"},{"@type":"ListItem","position":2,"name":"\u00abLa importaci\u00f3n de alimentos es una verdadera verg\u00fcenza\u00bb"}]},{"@type":"WebSite","@id":"https:\/\/infoecos.com.ar\/#website","url":"https:\/\/infoecos.com.ar\/","name":"Infoecos","description":"Noticias de trenque lauquen y la zona","publisher":{"@id":"https:\/\/infoecos.com.ar\/#organization"},"alternateName":"Noticias","potentialAction":[{"@type":"SearchAction","target":{"@type":"EntryPoint","urlTemplate":"https:\/\/infoecos.com.ar\/?s={search_term_string}"},"query-input":{"@type":"PropertyValueSpecification","valueRequired":true,"valueName":"search_term_string"}}],"inLanguage":"es"},{"@type":"Organization","@id":"https:\/\/infoecos.com.ar\/#organization","name":"Infoecos","alternateName":"Noticias","url":"https:\/\/infoecos.com.ar\/","logo":{"@type":"ImageObject","inLanguage":"es","@id":"https:\/\/infoecos.com.ar\/#\/schema\/logo\/image\/","url":"https:\/\/infoecos.com.ar\/wp-content\/uploads\/2024\/03\/cropped-logo.png","contentUrl":"https:\/\/infoecos.com.ar\/wp-content\/uploads\/2024\/03\/cropped-logo.png","width":374,"height":90,"caption":"Infoecos"},"image":{"@id":"https:\/\/infoecos.com.ar\/#\/schema\/logo\/image\/"},"sameAs":["https:\/\/www.facebook.com\/profile.php?id=100063200290284","https:\/\/x.com\/infoecos"]},{"@type":"Person","@id":"https:\/\/infoecos.com.ar\/#\/schema\/person\/8f5ace5ce73b4b4aac4b7245aee6f191","name":"Jorge Matheus","url":"https:\/\/infoecos.com.ar\/index.php\/author\/jomatheus\/"}]}},"featured_image_urls":{"full":["https:\/\/infoecos.com.ar\/wp-content\/uploads\/2024\/03\/image-170.png",800,450,false],"thumbnail":["https:\/\/infoecos.com.ar\/wp-content\/uploads\/2024\/03\/image-170-300x150.png",300,150,true],"medium":["https:\/\/infoecos.com.ar\/wp-content\/uploads\/2024\/03\/image-170.png",800,450,false],"medium_large":["https:\/\/infoecos.com.ar\/wp-content\/uploads\/2024\/03\/image-170-768x432.png",640,360,true],"large":["https:\/\/infoecos.com.ar\/wp-content\/uploads\/2024\/03\/image-170.png",640,360,false],"1536x1536":["https:\/\/infoecos.com.ar\/wp-content\/uploads\/2024\/03\/image-170.png",800,450,false],"2048x2048":["https:\/\/infoecos.com.ar\/wp-content\/uploads\/2024\/03\/image-170.png",800,450,false],"covernews-slider-full":["https:\/\/infoecos.com.ar\/wp-content\/uploads\/2024\/03\/image-170.png",800,450,false],"covernews-slider-center":["https:\/\/infoecos.com.ar\/wp-content\/uploads\/2024\/03\/image-170.png",800,450,false],"covernews-featured":["https:\/\/infoecos.com.ar\/wp-content\/uploads\/2024\/03\/image-170.png",800,450,false],"covernews-medium":["https:\/\/infoecos.com.ar\/wp-content\/uploads\/2024\/03\/image-170-540x340.png",540,340,true],"covernews-medium-square":["https:\/\/infoecos.com.ar\/wp-content\/uploads\/2024\/03\/image-170-400x250.png",400,250,true]},"author_info":{"info":["Jorge Matheus"]},"category_info":"<a href=\"https:\/\/infoecos.com.ar\/index.php\/category\/sin-categoria\/\" rel=\"category tag\">Sin categor\u00eda<\/a>","tag_info":"Sin categor\u00eda","comment_count":"0","_links":{"self":[{"href":"https:\/\/infoecos.com.ar\/index.php\/wp-json\/wp\/v2\/posts\/121332"}],"collection":[{"href":"https:\/\/infoecos.com.ar\/index.php\/wp-json\/wp\/v2\/posts"}],"about":[{"href":"https:\/\/infoecos.com.ar\/index.php\/wp-json\/wp\/v2\/types\/post"}],"author":[{"embeddable":true,"href":"https:\/\/infoecos.com.ar\/index.php\/wp-json\/wp\/v2\/users\/2"}],"replies":[{"embeddable":true,"href":"https:\/\/infoecos.com.ar\/index.php\/wp-json\/wp\/v2\/comments?post=121332"}],"version-history":[{"count":1,"href":"https:\/\/infoecos.com.ar\/index.php\/wp-json\/wp\/v2\/posts\/121332\/revisions"}],"predecessor-version":[{"id":121334,"href":"https:\/\/infoecos.com.ar\/index.php\/wp-json\/wp\/v2\/posts\/121332\/revisions\/121334"}],"wp:featuredmedia":[{"embeddable":true,"href":"https:\/\/infoecos.com.ar\/index.php\/wp-json\/wp\/v2\/media\/121333"}],"wp:attachment":[{"href":"https:\/\/infoecos.com.ar\/index.php\/wp-json\/wp\/v2\/media?parent=121332"}],"wp:term":[{"taxonomy":"category","embeddable":true,"href":"https:\/\/infoecos.com.ar\/index.php\/wp-json\/wp\/v2\/categories?post=121332"},{"taxonomy":"post_tag","embeddable":true,"href":"https:\/\/infoecos.com.ar\/index.php\/wp-json\/wp\/v2\/tags?post=121332"}],"curies":[{"name":"wp","href":"https:\/\/api.w.org\/{rel}","templated":true}]}}