{"id":121338,"date":"2024-03-21T20:56:25","date_gmt":"2024-03-21T23:56:25","guid":{"rendered":"https:\/\/infoecos.com.ar\/?p=121338"},"modified":"2024-03-21T20:56:26","modified_gmt":"2024-03-21T23:56:26","slug":"el-campo-y-vaca-muerta-lideran-un-boom-de-exportaciones","status":"publish","type":"post","link":"https:\/\/infoecos.com.ar\/index.php\/el-campo-y-vaca-muerta-lideran-un-boom-de-exportaciones\/","title":{"rendered":"El campo y Vaca Muerta lideran un boom de exportaciones"},"content":{"rendered":"\n<p><strong>Nota textual extra\u00edda del sitio forbesargentina.com<\/strong><\/p>\n\n\n\n<figure class=\"wp-block-image alignright size-full is-resized\"><img loading=\"lazy\" decoding=\"async\" width=\"800\" height=\"450\" src=\"https:\/\/infoecos.com.ar\/wp-content\/uploads\/2023\/07\/image-42.png\" alt=\"\" class=\"wp-image-106834\" style=\"width:356px;height:auto\" srcset=\"https:\/\/infoecos.com.ar\/wp-content\/uploads\/2023\/07\/image-42.png 800w, https:\/\/infoecos.com.ar\/wp-content\/uploads\/2023\/07\/image-42-768x432.png 768w\" sizes=\"(max-width: 800px) 100vw, 800px\" \/><\/figure>\n\n\n\n<p>\u201cLos \u00faltimos dos meses pueden dar un pantallazo de c\u00f3mo se desempe\u00f1ar\u00eda el sector externo en 2024. Primero, las exportaciones se recuperar\u00edan significativamente en todos los rubros, aunque con heterogeneidades por sector: ser\u00edan protagonistas el agro, debido a la reversi\u00f3n del efecto sequ\u00eda, as\u00ed como la miner\u00eda, el petr\u00f3leo, y el gas natural, gracias a la culminaci\u00f3n de inversiones realizadas en los \u00faltimos a\u00f1os\u201d, sostienen desde la consultora ABECEB.<\/p>\n\n\n\n<p>Como dice la firma de Dante Sica, este primer bimestre acumul\u00f3 un saldo positivo de 2.222 millones de d\u00f3lares a ra\u00edz de una suba del 7,5% de las exportaciones y una ca\u00edda del 16,3% de las importaciones.<\/p>\n\n\n\n<p>Las categor\u00edas m\u00e1s din\u00e1micas fueron las ligadas al campo a partir de la salida de la sequ\u00eda con productos primarios (34,7%) a la cabeza, seguida de manufacturas de origen agropecuario (5,4%). El otro motor fue el sector de combustibles y energ\u00eda con un alza del 5,4%, mientras que las manufacturas industriales cayeron un 10%.<\/p>\n\n\n\n<p>En cuanto al desagregado de productos, los que m\u00e1s aportaron a este buen desempe\u00f1o de la balanza comercial en este primer bimestre fueron las harinas y pellets de soja con 1.290 millones de d\u00f3lares y una suba del 22%, el trigo (997% y un alza del 338%), el ma\u00edz (840 millones) y el petr\u00f3leo crudo (705 millones).<\/p>\n\n\n\n<p>\u201cLos valores exportados en febrero crecieron exclusivamente por efecto cantidades (+13,5% no interanual), ya que los precios se redujeron un 6,8% anual en el mismo mes. Esta din\u00e1mica es la misma que en enero, donde una suba en las cantidades de 21,1% fue parcialmente moderada por una ca\u00edda de precios (-9,4%) \u2013 es decir, se est\u00e1 viendo una recuperaci\u00f3n genuina de los env\u00edos externos, aunque generalmente impulsada por la reversi\u00f3n de la sequ\u00eda\u201d, explic\u00f3 la consultora.<\/p>\n\n\n\n<p>Las ventas al Mercosur aumentaron un 13,7% a\u00fan pese a una baja del 36% en Per\u00fa, con subas de 16,2% i.a. en Brasil, el principal socio comercial de Argentina, en tanto que los env\u00edos a Chile crecieron en un 11,5% anual. En tanto, las ventas a India, un socio de peso, crecieron en un 16,2% anual, y los env\u00edos a ASEAN se incrementaron en un 30,8% versus febrero pasado. En tanto, las exportaciones a Europa (+6,4% i.a.) y a Estados Unidos, M\u00e9xico, y Canad\u00e1 (6,7%) mantuvieron un ritmo de expansi\u00f3n m\u00e1s moderado. Pese a esto, las exportaciones a China cayeron en un 3,5% interanual.<\/p>\n\n\n\n<p>Por el contrario, el segmento importaciones mostr\u00f3 fuertes ca\u00eddas en combustibles y lubricantes (-65%) a partir de la menor necesidad de productos energ\u00e9ticos extranjeros, bienes de consumo (-16%) y piezas y accesorios para bienes de capital (-15%).<\/p>\n\n\n\n<p>\u201cLas cantidades demandadas traccionar\u00e1n a la baja debido a la debilidad de la demanda interna y la contracci\u00f3n del sector industrial y de la construcci\u00f3n\u201d, dicen desde ABECEB sobre el futuro de las compras externas en 2024.<\/p>\n\n\n\n<p>El resultado de febrero representa el tercero con saldo positivo de manera consecutiva, luego de un 2023 muy malo que tuvo nueves meses en rojo y un d\u00e9ficit total de 6.926 millones.<\/p>\n","protected":false},"excerpt":{"rendered":"<p>Este primer bimestre acumul\u00f3 un saldo positivo de 2.222 millones de d\u00f3lares a ra\u00edz de una suba del 7,5% de las exportaciones y una ca\u00edda del 16,3% de las importaciones<\/p>\n","protected":false},"author":2,"featured_media":109240,"comment_status":"closed","ping_status":"open","sticky":false,"template":"","format":"standard","meta":{"footnotes":""},"categories":[1],"tags":[97],"class_list":["post-121338","post","type-post","status-publish","format-standard","has-post-thumbnail","hentry","category-sin-categoria","tag-economia"],"yoast_head":"<!-- This site is optimized with the Yoast SEO plugin v23.4 - https:\/\/yoast.com\/wordpress\/plugins\/seo\/ -->\n<title>El campo y Vaca Muerta lideran un boom de exportaciones - Infoecos<\/title>\n<meta name=\"robots\" content=\"index, follow, max-snippet:-1, max-image-preview:large, max-video-preview:-1\" \/>\n<link rel=\"canonical\" href=\"https:\/\/infoecos.com.ar\/index.php\/el-campo-y-vaca-muerta-lideran-un-boom-de-exportaciones\/\" \/>\n<meta property=\"og:locale\" content=\"es_ES\" \/>\n<meta property=\"og:type\" content=\"article\" \/>\n<meta property=\"og:title\" content=\"El campo y Vaca Muerta lideran un boom de exportaciones - Infoecos\" \/>\n<meta property=\"og:description\" content=\"Este primer bimestre acumul\u00f3 un saldo positivo de 2.222 millones de d\u00f3lares a ra\u00edz de una suba del 7,5% de las exportaciones y una ca\u00edda del 16,3% de las importaciones\" \/>\n<meta property=\"og:url\" content=\"https:\/\/infoecos.com.ar\/index.php\/el-campo-y-vaca-muerta-lideran-un-boom-de-exportaciones\/\" \/>\n<meta property=\"og:site_name\" content=\"Infoecos\" \/>\n<meta property=\"article:publisher\" content=\"https:\/\/www.facebook.com\/profile.php?id=100063200290284\" \/>\n<meta property=\"article:published_time\" content=\"2024-03-21T23:56:25+00:00\" \/>\n<meta property=\"article:modified_time\" content=\"2024-03-21T23:56:26+00:00\" \/>\n<meta property=\"og:image\" content=\"https:\/\/infoecos.com.ar\/wp-content\/uploads\/2023\/08\/image-15.png\" \/>\n\t<meta property=\"og:image:width\" content=\"1121\" \/>\n\t<meta property=\"og:image:height\" content=\"633\" \/>\n\t<meta property=\"og:image:type\" content=\"image\/png\" \/>\n<meta name=\"author\" content=\"Jorge Matheus\" \/>\n<meta name=\"twitter:card\" content=\"summary_large_image\" \/>\n<meta name=\"twitter:creator\" content=\"@infoecos\" \/>\n<meta name=\"twitter:site\" content=\"@infoecos\" \/>\n<meta name=\"twitter:label1\" content=\"Escrito por\" \/>\n\t<meta name=\"twitter:data1\" content=\"Jorge Matheus\" \/>\n\t<meta name=\"twitter:label2\" content=\"Tiempo de lectura\" \/>\n\t<meta name=\"twitter:data2\" content=\"3 minutos\" \/>\n<script type=\"application\/ld+json\" class=\"yoast-schema-graph\">{\"@context\":\"https:\/\/schema.org\",\"@graph\":[{\"@type\":\"Article\",\"@id\":\"https:\/\/infoecos.com.ar\/index.php\/el-campo-y-vaca-muerta-lideran-un-boom-de-exportaciones\/#article\",\"isPartOf\":{\"@id\":\"https:\/\/infoecos.com.ar\/index.php\/el-campo-y-vaca-muerta-lideran-un-boom-de-exportaciones\/\"},\"author\":{\"name\":\"Jorge Matheus\",\"@id\":\"https:\/\/infoecos.com.ar\/#\/schema\/person\/8f5ace5ce73b4b4aac4b7245aee6f191\"},\"headline\":\"El campo y Vaca Muerta lideran un boom de exportaciones\",\"datePublished\":\"2024-03-21T23:56:25+00:00\",\"dateModified\":\"2024-03-21T23:56:26+00:00\",\"mainEntityOfPage\":{\"@id\":\"https:\/\/infoecos.com.ar\/index.php\/el-campo-y-vaca-muerta-lideran-un-boom-de-exportaciones\/\"},\"wordCount\":535,\"publisher\":{\"@id\":\"https:\/\/infoecos.com.ar\/#organization\"},\"image\":{\"@id\":\"https:\/\/infoecos.com.ar\/index.php\/el-campo-y-vaca-muerta-lideran-un-boom-de-exportaciones\/#primaryimage\"},\"thumbnailUrl\":\"https:\/\/infoecos.com.ar\/wp-content\/uploads\/2023\/08\/image-15.png\",\"keywords\":[\"ECONOM\u00cdA\"],\"inLanguage\":\"es\"},{\"@type\":\"WebPage\",\"@id\":\"https:\/\/infoecos.com.ar\/index.php\/el-campo-y-vaca-muerta-lideran-un-boom-de-exportaciones\/\",\"url\":\"https:\/\/infoecos.com.ar\/index.php\/el-campo-y-vaca-muerta-lideran-un-boom-de-exportaciones\/\",\"name\":\"El campo y Vaca Muerta lideran un boom de exportaciones - Infoecos\",\"isPartOf\":{\"@id\":\"https:\/\/infoecos.com.ar\/#website\"},\"primaryImageOfPage\":{\"@id\":\"https:\/\/infoecos.com.ar\/index.php\/el-campo-y-vaca-muerta-lideran-un-boom-de-exportaciones\/#primaryimage\"},\"image\":{\"@id\":\"https:\/\/infoecos.com.ar\/index.php\/el-campo-y-vaca-muerta-lideran-un-boom-de-exportaciones\/#primaryimage\"},\"thumbnailUrl\":\"https:\/\/infoecos.com.ar\/wp-content\/uploads\/2023\/08\/image-15.png\",\"datePublished\":\"2024-03-21T23:56:25+00:00\",\"dateModified\":\"2024-03-21T23:56:26+00:00\",\"breadcrumb\":{\"@id\":\"https:\/\/infoecos.com.ar\/index.php\/el-campo-y-vaca-muerta-lideran-un-boom-de-exportaciones\/#breadcrumb\"},\"inLanguage\":\"es\",\"potentialAction\":[{\"@type\":\"ReadAction\",\"target\":[\"https:\/\/infoecos.com.ar\/index.php\/el-campo-y-vaca-muerta-lideran-un-boom-de-exportaciones\/\"]}]},{\"@type\":\"ImageObject\",\"inLanguage\":\"es\",\"@id\":\"https:\/\/infoecos.com.ar\/index.php\/el-campo-y-vaca-muerta-lideran-un-boom-de-exportaciones\/#primaryimage\",\"url\":\"https:\/\/infoecos.com.ar\/wp-content\/uploads\/2023\/08\/image-15.png\",\"contentUrl\":\"https:\/\/infoecos.com.ar\/wp-content\/uploads\/2023\/08\/image-15.png\",\"width\":1121,\"height\":633},{\"@type\":\"BreadcrumbList\",\"@id\":\"https:\/\/infoecos.com.ar\/index.php\/el-campo-y-vaca-muerta-lideran-un-boom-de-exportaciones\/#breadcrumb\",\"itemListElement\":[{\"@type\":\"ListItem\",\"position\":1,\"name\":\"Portada\",\"item\":\"https:\/\/infoecos.com.ar\/\"},{\"@type\":\"ListItem\",\"position\":2,\"name\":\"El campo y Vaca Muerta lideran un boom de exportaciones\"}]},{\"@type\":\"WebSite\",\"@id\":\"https:\/\/infoecos.com.ar\/#website\",\"url\":\"https:\/\/infoecos.com.ar\/\",\"name\":\"Infoecos\",\"description\":\"Noticias de trenque lauquen y la zona\",\"publisher\":{\"@id\":\"https:\/\/infoecos.com.ar\/#organization\"},\"alternateName\":\"Noticias\",\"potentialAction\":[{\"@type\":\"SearchAction\",\"target\":{\"@type\":\"EntryPoint\",\"urlTemplate\":\"https:\/\/infoecos.com.ar\/?s={search_term_string}\"},\"query-input\":{\"@type\":\"PropertyValueSpecification\",\"valueRequired\":true,\"valueName\":\"search_term_string\"}}],\"inLanguage\":\"es\"},{\"@type\":\"Organization\",\"@id\":\"https:\/\/infoecos.com.ar\/#organization\",\"name\":\"Infoecos\",\"alternateName\":\"Noticias\",\"url\":\"https:\/\/infoecos.com.ar\/\",\"logo\":{\"@type\":\"ImageObject\",\"inLanguage\":\"es\",\"@id\":\"https:\/\/infoecos.com.ar\/#\/schema\/logo\/image\/\",\"url\":\"https:\/\/infoecos.com.ar\/wp-content\/uploads\/2024\/03\/cropped-logo.png\",\"contentUrl\":\"https:\/\/infoecos.com.ar\/wp-content\/uploads\/2024\/03\/cropped-logo.png\",\"width\":374,\"height\":90,\"caption\":\"Infoecos\"},\"image\":{\"@id\":\"https:\/\/infoecos.com.ar\/#\/schema\/logo\/image\/\"},\"sameAs\":[\"https:\/\/www.facebook.com\/profile.php?id=100063200290284\",\"https:\/\/x.com\/infoecos\"]},{\"@type\":\"Person\",\"@id\":\"https:\/\/infoecos.com.ar\/#\/schema\/person\/8f5ace5ce73b4b4aac4b7245aee6f191\",\"name\":\"Jorge Matheus\",\"url\":\"https:\/\/infoecos.com.ar\/index.php\/author\/jomatheus\/\"}]}<\/script>\n<!-- \/ Yoast SEO plugin. -->","yoast_head_json":{"title":"El campo y Vaca Muerta lideran un boom de exportaciones - Infoecos","robots":{"index":"index","follow":"follow","max-snippet":"max-snippet:-1","max-image-preview":"max-image-preview:large","max-video-preview":"max-video-preview:-1"},"canonical":"https:\/\/infoecos.com.ar\/index.php\/el-campo-y-vaca-muerta-lideran-un-boom-de-exportaciones\/","og_locale":"es_ES","og_type":"article","og_title":"El campo y Vaca Muerta lideran un boom de exportaciones - Infoecos","og_description":"Este primer bimestre acumul\u00f3 un saldo positivo de 2.222 millones de d\u00f3lares a ra\u00edz de una suba del 7,5% de las exportaciones y una ca\u00edda del 16,3% de las importaciones","og_url":"https:\/\/infoecos.com.ar\/index.php\/el-campo-y-vaca-muerta-lideran-un-boom-de-exportaciones\/","og_site_name":"Infoecos","article_publisher":"https:\/\/www.facebook.com\/profile.php?id=100063200290284","article_published_time":"2024-03-21T23:56:25+00:00","article_modified_time":"2024-03-21T23:56:26+00:00","og_image":[{"width":1121,"height":633,"url":"https:\/\/infoecos.com.ar\/wp-content\/uploads\/2023\/08\/image-15.png","type":"image\/png"}],"author":"Jorge Matheus","twitter_card":"summary_large_image","twitter_creator":"@infoecos","twitter_site":"@infoecos","twitter_misc":{"Escrito por":"Jorge Matheus","Tiempo de lectura":"3 minutos"},"schema":{"@context":"https:\/\/schema.org","@graph":[{"@type":"Article","@id":"https:\/\/infoecos.com.ar\/index.php\/el-campo-y-vaca-muerta-lideran-un-boom-de-exportaciones\/#article","isPartOf":{"@id":"https:\/\/infoecos.com.ar\/index.php\/el-campo-y-vaca-muerta-lideran-un-boom-de-exportaciones\/"},"author":{"name":"Jorge Matheus","@id":"https:\/\/infoecos.com.ar\/#\/schema\/person\/8f5ace5ce73b4b4aac4b7245aee6f191"},"headline":"El campo y Vaca Muerta lideran un boom de exportaciones","datePublished":"2024-03-21T23:56:25+00:00","dateModified":"2024-03-21T23:56:26+00:00","mainEntityOfPage":{"@id":"https:\/\/infoecos.com.ar\/index.php\/el-campo-y-vaca-muerta-lideran-un-boom-de-exportaciones\/"},"wordCount":535,"publisher":{"@id":"https:\/\/infoecos.com.ar\/#organization"},"image":{"@id":"https:\/\/infoecos.com.ar\/index.php\/el-campo-y-vaca-muerta-lideran-un-boom-de-exportaciones\/#primaryimage"},"thumbnailUrl":"https:\/\/infoecos.com.ar\/wp-content\/uploads\/2023\/08\/image-15.png","keywords":["ECONOM\u00cdA"],"inLanguage":"es"},{"@type":"WebPage","@id":"https:\/\/infoecos.com.ar\/index.php\/el-campo-y-vaca-muerta-lideran-un-boom-de-exportaciones\/","url":"https:\/\/infoecos.com.ar\/index.php\/el-campo-y-vaca-muerta-lideran-un-boom-de-exportaciones\/","name":"El campo y Vaca Muerta lideran un boom de exportaciones - Infoecos","isPartOf":{"@id":"https:\/\/infoecos.com.ar\/#website"},"primaryImageOfPage":{"@id":"https:\/\/infoecos.com.ar\/index.php\/el-campo-y-vaca-muerta-lideran-un-boom-de-exportaciones\/#primaryimage"},"image":{"@id":"https:\/\/infoecos.com.ar\/index.php\/el-campo-y-vaca-muerta-lideran-un-boom-de-exportaciones\/#primaryimage"},"thumbnailUrl":"https:\/\/infoecos.com.ar\/wp-content\/uploads\/2023\/08\/image-15.png","datePublished":"2024-03-21T23:56:25+00:00","dateModified":"2024-03-21T23:56:26+00:00","breadcrumb":{"@id":"https:\/\/infoecos.com.ar\/index.php\/el-campo-y-vaca-muerta-lideran-un-boom-de-exportaciones\/#breadcrumb"},"inLanguage":"es","potentialAction":[{"@type":"ReadAction","target":["https:\/\/infoecos.com.ar\/index.php\/el-campo-y-vaca-muerta-lideran-un-boom-de-exportaciones\/"]}]},{"@type":"ImageObject","inLanguage":"es","@id":"https:\/\/infoecos.com.ar\/index.php\/el-campo-y-vaca-muerta-lideran-un-boom-de-exportaciones\/#primaryimage","url":"https:\/\/infoecos.com.ar\/wp-content\/uploads\/2023\/08\/image-15.png","contentUrl":"https:\/\/infoecos.com.ar\/wp-content\/uploads\/2023\/08\/image-15.png","width":1121,"height":633},{"@type":"BreadcrumbList","@id":"https:\/\/infoecos.com.ar\/index.php\/el-campo-y-vaca-muerta-lideran-un-boom-de-exportaciones\/#breadcrumb","itemListElement":[{"@type":"ListItem","position":1,"name":"Portada","item":"https:\/\/infoecos.com.ar\/"},{"@type":"ListItem","position":2,"name":"El campo y Vaca Muerta lideran un boom de exportaciones"}]},{"@type":"WebSite","@id":"https:\/\/infoecos.com.ar\/#website","url":"https:\/\/infoecos.com.ar\/","name":"Infoecos","description":"Noticias de trenque lauquen y la zona","publisher":{"@id":"https:\/\/infoecos.com.ar\/#organization"},"alternateName":"Noticias","potentialAction":[{"@type":"SearchAction","target":{"@type":"EntryPoint","urlTemplate":"https:\/\/infoecos.com.ar\/?s={search_term_string}"},"query-input":{"@type":"PropertyValueSpecification","valueRequired":true,"valueName":"search_term_string"}}],"inLanguage":"es"},{"@type":"Organization","@id":"https:\/\/infoecos.com.ar\/#organization","name":"Infoecos","alternateName":"Noticias","url":"https:\/\/infoecos.com.ar\/","logo":{"@type":"ImageObject","inLanguage":"es","@id":"https:\/\/infoecos.com.ar\/#\/schema\/logo\/image\/","url":"https:\/\/infoecos.com.ar\/wp-content\/uploads\/2024\/03\/cropped-logo.png","contentUrl":"https:\/\/infoecos.com.ar\/wp-content\/uploads\/2024\/03\/cropped-logo.png","width":374,"height":90,"caption":"Infoecos"},"image":{"@id":"https:\/\/infoecos.com.ar\/#\/schema\/logo\/image\/"},"sameAs":["https:\/\/www.facebook.com\/profile.php?id=100063200290284","https:\/\/x.com\/infoecos"]},{"@type":"Person","@id":"https:\/\/infoecos.com.ar\/#\/schema\/person\/8f5ace5ce73b4b4aac4b7245aee6f191","name":"Jorge Matheus","url":"https:\/\/infoecos.com.ar\/index.php\/author\/jomatheus\/"}]}},"featured_image_urls":{"full":["https:\/\/infoecos.com.ar\/wp-content\/uploads\/2023\/08\/image-15.png",1121,633,false],"thumbnail":["https:\/\/infoecos.com.ar\/wp-content\/uploads\/2023\/08\/image-15-300x150.png",300,150,true],"medium":["https:\/\/infoecos.com.ar\/wp-content\/uploads\/2023\/08\/image-15-800x452.png",800,452,true],"medium_large":["https:\/\/infoecos.com.ar\/wp-content\/uploads\/2023\/08\/image-15-768x434.png",640,362,true],"large":["https:\/\/infoecos.com.ar\/wp-content\/uploads\/2023\/08\/image-15.png",640,361,false],"1536x1536":["https:\/\/infoecos.com.ar\/wp-content\/uploads\/2023\/08\/image-15.png",1121,633,false],"2048x2048":["https:\/\/infoecos.com.ar\/wp-content\/uploads\/2023\/08\/image-15.png",1121,633,false],"covernews-slider-full":["https:\/\/infoecos.com.ar\/wp-content\/uploads\/2023\/08\/image-15.png",1115,630,false],"covernews-slider-center":["https:\/\/infoecos.com.ar\/wp-content\/uploads\/2023\/08\/image-15-936x633.png",739,500,true],"covernews-featured":["https:\/\/infoecos.com.ar\/wp-content\/uploads\/2023\/08\/image-15-1024x578.png",1024,578,true],"covernews-medium":["https:\/\/infoecos.com.ar\/wp-content\/uploads\/2023\/08\/image-15-720x380.png",540,285,true],"covernews-medium-square":["https:\/\/infoecos.com.ar\/wp-content\/uploads\/2023\/08\/image-15-675x450.png",375,250,true]},"author_info":{"info":["Jorge Matheus"]},"category_info":"<a href=\"https:\/\/infoecos.com.ar\/index.php\/category\/sin-categoria\/\" rel=\"category tag\">Sin categor\u00eda<\/a>","tag_info":"Sin categor\u00eda","comment_count":"0","_links":{"self":[{"href":"https:\/\/infoecos.com.ar\/index.php\/wp-json\/wp\/v2\/posts\/121338"}],"collection":[{"href":"https:\/\/infoecos.com.ar\/index.php\/wp-json\/wp\/v2\/posts"}],"about":[{"href":"https:\/\/infoecos.com.ar\/index.php\/wp-json\/wp\/v2\/types\/post"}],"author":[{"embeddable":true,"href":"https:\/\/infoecos.com.ar\/index.php\/wp-json\/wp\/v2\/users\/2"}],"replies":[{"embeddable":true,"href":"https:\/\/infoecos.com.ar\/index.php\/wp-json\/wp\/v2\/comments?post=121338"}],"version-history":[{"count":1,"href":"https:\/\/infoecos.com.ar\/index.php\/wp-json\/wp\/v2\/posts\/121338\/revisions"}],"predecessor-version":[{"id":121339,"href":"https:\/\/infoecos.com.ar\/index.php\/wp-json\/wp\/v2\/posts\/121338\/revisions\/121339"}],"wp:featuredmedia":[{"embeddable":true,"href":"https:\/\/infoecos.com.ar\/index.php\/wp-json\/wp\/v2\/media\/109240"}],"wp:attachment":[{"href":"https:\/\/infoecos.com.ar\/index.php\/wp-json\/wp\/v2\/media?parent=121338"}],"wp:term":[{"taxonomy":"category","embeddable":true,"href":"https:\/\/infoecos.com.ar\/index.php\/wp-json\/wp\/v2\/categories?post=121338"},{"taxonomy":"post_tag","embeddable":true,"href":"https:\/\/infoecos.com.ar\/index.php\/wp-json\/wp\/v2\/tags?post=121338"}],"curies":[{"name":"wp","href":"https:\/\/api.w.org\/{rel}","templated":true}]}}