{"id":123064,"date":"2024-04-14T14:26:42","date_gmt":"2024-04-14T17:26:42","guid":{"rendered":"https:\/\/infoecos.com.ar\/?p=123064"},"modified":"2024-04-15T22:19:56","modified_gmt":"2024-04-16T01:19:56","slug":"felipe-bernasconi-consiguio-su-2-triunfo-en-la-temporada-2024-del-tc-mouras","status":"publish","type":"post","link":"https:\/\/infoecos.com.ar\/index.php\/felipe-bernasconi-consiguio-su-2-triunfo-en-la-temporada-2024-del-tc-mouras\/","title":{"rendered":"Felipe Bernasconi consigui\u00f3 su 2\u00b0 triunfo en la temporada 2024 del TC MOURAS"},"content":{"rendered":"\n<figure class=\"wp-block-image alignright size-full is-resized\"><img loading=\"lazy\" decoding=\"async\" width=\"976\" height=\"651\" src=\"https:\/\/infoecos.com.ar\/wp-content\/uploads\/2024\/04\/image-254.png\" alt=\"\" class=\"wp-image-123065\" style=\"width:454px;height:auto\" srcset=\"https:\/\/infoecos.com.ar\/wp-content\/uploads\/2024\/04\/image-254.png 976w, https:\/\/infoecos.com.ar\/wp-content\/uploads\/2024\/04\/image-254-800x534.png 800w, https:\/\/infoecos.com.ar\/wp-content\/uploads\/2024\/04\/image-254-768x512.png 768w\" sizes=\"(max-width: 976px) 100vw, 976px\" \/><\/figure>\n\n\n\n<p><br><strong>Felipe Bernasconi\u00a0<\/strong>(Torino) consigui\u00f3 su 2\u00ba triunfo en la temporada 2024 del\u00a0<strong>TC Mouras<\/strong>\u00a0luego de imponerse en la Final que la categor\u00eda disput\u00f3 en el circuito sin chicana del aut\u00f3dromo de\u00a0<strong>La Plata<\/strong>, por la 5\u00aa fecha de su 22\u00ba Campeonato Argentino. De esta manera, el piloto del\u00a0<strong>Trotta Racing Team<\/strong>\u00a0se convirti\u00f3 en el primero que repite victoria en la temporada 2024.<\/p>\n\n\n\n<p><em>\u201cFuimos construyendo la victoria de a poco, aprovechando los errores de los dem\u00e1s y en una pista complicada. El auto iba bien, tal vez un poco de cola, pero ten\u00eda un poquito menos que Ochoa e Iansa. Descontamos en el campeonato, que era el objetivo principal de esta fecha<\/em>\u201d, asever\u00f3 el piloto de 18 a\u00f1os en&nbsp;<strong>Campeones Radio&nbsp;<\/strong>y<strong>&nbsp;AM590 Continental.<\/strong><\/p>\n\n\n\n<p>El TC Mouras disputar\u00e1 su 6\u00aa fecha en el circuito con chicana del aut\u00f3dromo de&nbsp;<strong>La Plata,&nbsp;<\/strong>del&nbsp;<strong>17&nbsp;<\/strong>al<strong>&nbsp;19&nbsp;<\/strong>de&nbsp;<strong>mayo<\/strong>.&nbsp;<\/p>\n\n\n\n<h3 class=\"wp-block-heading\"><strong>TC MOURAS \u2013 FINAL \u2013 LA PLATA \u2013 16 VUELTAS<\/strong><\/h3>\n\n\n\n<figure class=\"wp-block-table\"><table><tbody><tr><td><strong>POS.<\/strong><\/td><td><strong>PILOTO<\/strong><\/td><td><strong>MARCA<\/strong><\/td><td><strong>TPO.\/DIF.<\/strong><\/td><\/tr><tr><td>1\u00ba<\/td><td>BERNASCONI FELIPE<\/td><td>TORINO<\/td><td>28;26.869<\/td><\/tr><tr><td>2\u00ba<\/td><td>JAKOS ALEXANDER<\/td><td>CHEVROLET<\/td><td>5.617<\/td><\/tr><tr><td>3\u00ba<\/td><td>PROVENS EUGENIO<\/td><td>FORD<\/td><td>9.075<\/td><\/tr><tr><td>4\u00ba<\/td><td>CRAVERO MAT\u00cdAS<\/td><td>DODGE<\/td><td>13.507<\/td><\/tr><tr><td>5\u00ba<\/td><td>CIFRE FAUSTINO<\/td><td>FORD<\/td><td>17.842<\/td><\/tr><tr><td>6\u00ba<\/td><td>POZNER THOMAS<\/td><td>DODGE<\/td><td>18.627<\/td><\/tr><tr><td>7\u00ba<\/td><td>IANSA GAST\u00d3N<\/td><td>CHEVROLET<\/td><td>28.462<\/td><\/tr><tr><td>8\u00ba<\/td><td>VIDELE ROBERTO<\/td><td>DODGE<\/td><td>1;17.418<\/td><\/tr><tr><td>9\u00ba<\/td><td>BIAGI SANTIAGO<\/td><td>DODGE<\/td><td>1 VTA<\/td><\/tr><tr><td>10\u00ba<\/td><td>DIANDA MARCO<\/td><td>DODGE<\/td><td>1 VTA<\/td><\/tr><tr><td>11\u00ba<\/td><td>OCHOA BENJAMIN<\/td><td>FORD<\/td><td>6 VTAS<\/td><\/tr><tr><td>12\u00ba<\/td><td>SANTILLI PAZOS NICANOR<\/td><td>CHEVROLET<\/td><td>10 VTAS<\/td><\/tr><tr><td>13\u00ba<\/td><td>POLAKOVICH MATEO<\/td><td>FORD<\/td><td>11 VTAS<\/td><\/tr><tr><td>14\u00ba<\/td><td>RASETTO GENARO<\/td><td>DODGE<\/td><td>13 VTAS<\/td><\/tr><\/tbody><\/table><\/figure>\n\n\n\n<p><strong>PROMEDIO:&nbsp;<\/strong>143,927 km\/h.&nbsp;<strong>RECORD DE VUELTA:&nbsp;<\/strong>Iansa en la vta. 16 en 1:42.381 a 149,969 km\/h.&nbsp;<strong>NO LARG\u00d3:&nbsp;<\/strong>Jos\u00e9 Luis L\u00f3pez (Ford).&nbsp;<\/p>\n","protected":false},"excerpt":{"rendered":"<p>Informaci\u00f3n de Campeones.com.ar. De esta manera, el piloto del\u00a0Trotta Racing Team\u00a0se convirti\u00f3 en el primero que repite victoria en la temporada 2024.<\/p>\n","protected":false},"author":2,"featured_media":123065,"comment_status":"closed","ping_status":"open","sticky":false,"template":"","format":"standard","meta":{"footnotes":""},"categories":[1],"tags":[1750],"class_list":["post-123064","post","type-post","status-publish","format-standard","has-post-thumbnail","hentry","category-sin-categoria","tag-deporte"],"yoast_head":"<!-- This site is optimized with the Yoast SEO plugin v23.4 - https:\/\/yoast.com\/wordpress\/plugins\/seo\/ -->\n<title>Felipe Bernasconi consigui\u00f3 su 2\u00b0 triunfo en la temporada 2024 del TC MOURAS - Infoecos<\/title>\n<meta name=\"robots\" content=\"index, follow, max-snippet:-1, max-image-preview:large, max-video-preview:-1\" \/>\n<link rel=\"canonical\" href=\"https:\/\/infoecos.com.ar\/index.php\/felipe-bernasconi-consiguio-su-2-triunfo-en-la-temporada-2024-del-tc-mouras\/\" \/>\n<meta property=\"og:locale\" content=\"es_ES\" \/>\n<meta property=\"og:type\" content=\"article\" \/>\n<meta property=\"og:title\" content=\"Felipe Bernasconi consigui\u00f3 su 2\u00b0 triunfo en la temporada 2024 del TC MOURAS - Infoecos\" \/>\n<meta property=\"og:description\" content=\"Informaci\u00f3n de Campeones.com.ar. De esta manera, el piloto del\u00a0Trotta Racing Team\u00a0se convirti\u00f3 en el primero que repite victoria en la temporada 2024.\" \/>\n<meta property=\"og:url\" content=\"https:\/\/infoecos.com.ar\/index.php\/felipe-bernasconi-consiguio-su-2-triunfo-en-la-temporada-2024-del-tc-mouras\/\" \/>\n<meta property=\"og:site_name\" content=\"Infoecos\" \/>\n<meta property=\"article:publisher\" content=\"https:\/\/www.facebook.com\/profile.php?id=100063200290284\" \/>\n<meta property=\"article:published_time\" content=\"2024-04-14T17:26:42+00:00\" \/>\n<meta property=\"article:modified_time\" content=\"2024-04-16T01:19:56+00:00\" \/>\n<meta property=\"og:image\" content=\"https:\/\/infoecos.com.ar\/wp-content\/uploads\/2024\/04\/image-254.png\" \/>\n\t<meta property=\"og:image:width\" content=\"976\" \/>\n\t<meta property=\"og:image:height\" content=\"651\" \/>\n\t<meta property=\"og:image:type\" content=\"image\/png\" \/>\n<meta name=\"author\" content=\"Jorge Matheus\" \/>\n<meta name=\"twitter:card\" content=\"summary_large_image\" \/>\n<meta name=\"twitter:creator\" content=\"@infoecos\" \/>\n<meta name=\"twitter:site\" content=\"@infoecos\" \/>\n<meta name=\"twitter:label1\" content=\"Escrito por\" \/>\n\t<meta name=\"twitter:data1\" content=\"Jorge Matheus\" \/>\n\t<meta name=\"twitter:label2\" content=\"Tiempo de lectura\" \/>\n\t<meta name=\"twitter:data2\" content=\"2 minutos\" \/>\n<script type=\"application\/ld+json\" class=\"yoast-schema-graph\">{\"@context\":\"https:\/\/schema.org\",\"@graph\":[{\"@type\":\"Article\",\"@id\":\"https:\/\/infoecos.com.ar\/index.php\/felipe-bernasconi-consiguio-su-2-triunfo-en-la-temporada-2024-del-tc-mouras\/#article\",\"isPartOf\":{\"@id\":\"https:\/\/infoecos.com.ar\/index.php\/felipe-bernasconi-consiguio-su-2-triunfo-en-la-temporada-2024-del-tc-mouras\/\"},\"author\":{\"name\":\"Jorge Matheus\",\"@id\":\"https:\/\/infoecos.com.ar\/#\/schema\/person\/8f5ace5ce73b4b4aac4b7245aee6f191\"},\"headline\":\"Felipe Bernasconi consigui\u00f3 su 2\u00b0 triunfo en la temporada 2024 del TC MOURAS\",\"datePublished\":\"2024-04-14T17:26:42+00:00\",\"dateModified\":\"2024-04-16T01:19:56+00:00\",\"mainEntityOfPage\":{\"@id\":\"https:\/\/infoecos.com.ar\/index.php\/felipe-bernasconi-consiguio-su-2-triunfo-en-la-temporada-2024-del-tc-mouras\/\"},\"wordCount\":256,\"publisher\":{\"@id\":\"https:\/\/infoecos.com.ar\/#organization\"},\"image\":{\"@id\":\"https:\/\/infoecos.com.ar\/index.php\/felipe-bernasconi-consiguio-su-2-triunfo-en-la-temporada-2024-del-tc-mouras\/#primaryimage\"},\"thumbnailUrl\":\"https:\/\/infoecos.com.ar\/wp-content\/uploads\/2024\/04\/image-254.png\",\"keywords\":[\"DEPORTE\"],\"inLanguage\":\"es\"},{\"@type\":\"WebPage\",\"@id\":\"https:\/\/infoecos.com.ar\/index.php\/felipe-bernasconi-consiguio-su-2-triunfo-en-la-temporada-2024-del-tc-mouras\/\",\"url\":\"https:\/\/infoecos.com.ar\/index.php\/felipe-bernasconi-consiguio-su-2-triunfo-en-la-temporada-2024-del-tc-mouras\/\",\"name\":\"Felipe Bernasconi consigui\u00f3 su 2\u00b0 triunfo en la temporada 2024 del TC MOURAS - Infoecos\",\"isPartOf\":{\"@id\":\"https:\/\/infoecos.com.ar\/#website\"},\"primaryImageOfPage\":{\"@id\":\"https:\/\/infoecos.com.ar\/index.php\/felipe-bernasconi-consiguio-su-2-triunfo-en-la-temporada-2024-del-tc-mouras\/#primaryimage\"},\"image\":{\"@id\":\"https:\/\/infoecos.com.ar\/index.php\/felipe-bernasconi-consiguio-su-2-triunfo-en-la-temporada-2024-del-tc-mouras\/#primaryimage\"},\"thumbnailUrl\":\"https:\/\/infoecos.com.ar\/wp-content\/uploads\/2024\/04\/image-254.png\",\"datePublished\":\"2024-04-14T17:26:42+00:00\",\"dateModified\":\"2024-04-16T01:19:56+00:00\",\"breadcrumb\":{\"@id\":\"https:\/\/infoecos.com.ar\/index.php\/felipe-bernasconi-consiguio-su-2-triunfo-en-la-temporada-2024-del-tc-mouras\/#breadcrumb\"},\"inLanguage\":\"es\",\"potentialAction\":[{\"@type\":\"ReadAction\",\"target\":[\"https:\/\/infoecos.com.ar\/index.php\/felipe-bernasconi-consiguio-su-2-triunfo-en-la-temporada-2024-del-tc-mouras\/\"]}]},{\"@type\":\"ImageObject\",\"inLanguage\":\"es\",\"@id\":\"https:\/\/infoecos.com.ar\/index.php\/felipe-bernasconi-consiguio-su-2-triunfo-en-la-temporada-2024-del-tc-mouras\/#primaryimage\",\"url\":\"https:\/\/infoecos.com.ar\/wp-content\/uploads\/2024\/04\/image-254.png\",\"contentUrl\":\"https:\/\/infoecos.com.ar\/wp-content\/uploads\/2024\/04\/image-254.png\",\"width\":976,\"height\":651},{\"@type\":\"BreadcrumbList\",\"@id\":\"https:\/\/infoecos.com.ar\/index.php\/felipe-bernasconi-consiguio-su-2-triunfo-en-la-temporada-2024-del-tc-mouras\/#breadcrumb\",\"itemListElement\":[{\"@type\":\"ListItem\",\"position\":1,\"name\":\"Portada\",\"item\":\"https:\/\/infoecos.com.ar\/\"},{\"@type\":\"ListItem\",\"position\":2,\"name\":\"Felipe Bernasconi consigui\u00f3 su 2\u00b0 triunfo en la temporada 2024 del TC MOURAS\"}]},{\"@type\":\"WebSite\",\"@id\":\"https:\/\/infoecos.com.ar\/#website\",\"url\":\"https:\/\/infoecos.com.ar\/\",\"name\":\"Infoecos\",\"description\":\"Noticias de trenque lauquen y la zona\",\"publisher\":{\"@id\":\"https:\/\/infoecos.com.ar\/#organization\"},\"alternateName\":\"Noticias\",\"potentialAction\":[{\"@type\":\"SearchAction\",\"target\":{\"@type\":\"EntryPoint\",\"urlTemplate\":\"https:\/\/infoecos.com.ar\/?s={search_term_string}\"},\"query-input\":{\"@type\":\"PropertyValueSpecification\",\"valueRequired\":true,\"valueName\":\"search_term_string\"}}],\"inLanguage\":\"es\"},{\"@type\":\"Organization\",\"@id\":\"https:\/\/infoecos.com.ar\/#organization\",\"name\":\"Infoecos\",\"alternateName\":\"Noticias\",\"url\":\"https:\/\/infoecos.com.ar\/\",\"logo\":{\"@type\":\"ImageObject\",\"inLanguage\":\"es\",\"@id\":\"https:\/\/infoecos.com.ar\/#\/schema\/logo\/image\/\",\"url\":\"https:\/\/infoecos.com.ar\/wp-content\/uploads\/2024\/03\/cropped-logo.png\",\"contentUrl\":\"https:\/\/infoecos.com.ar\/wp-content\/uploads\/2024\/03\/cropped-logo.png\",\"width\":374,\"height\":90,\"caption\":\"Infoecos\"},\"image\":{\"@id\":\"https:\/\/infoecos.com.ar\/#\/schema\/logo\/image\/\"},\"sameAs\":[\"https:\/\/www.facebook.com\/profile.php?id=100063200290284\",\"https:\/\/x.com\/infoecos\"]},{\"@type\":\"Person\",\"@id\":\"https:\/\/infoecos.com.ar\/#\/schema\/person\/8f5ace5ce73b4b4aac4b7245aee6f191\",\"name\":\"Jorge Matheus\",\"url\":\"https:\/\/infoecos.com.ar\/index.php\/author\/jomatheus\/\"}]}<\/script>\n<!-- \/ Yoast SEO plugin. -->","yoast_head_json":{"title":"Felipe Bernasconi consigui\u00f3 su 2\u00b0 triunfo en la temporada 2024 del TC MOURAS - Infoecos","robots":{"index":"index","follow":"follow","max-snippet":"max-snippet:-1","max-image-preview":"max-image-preview:large","max-video-preview":"max-video-preview:-1"},"canonical":"https:\/\/infoecos.com.ar\/index.php\/felipe-bernasconi-consiguio-su-2-triunfo-en-la-temporada-2024-del-tc-mouras\/","og_locale":"es_ES","og_type":"article","og_title":"Felipe Bernasconi consigui\u00f3 su 2\u00b0 triunfo en la temporada 2024 del TC MOURAS - Infoecos","og_description":"Informaci\u00f3n de Campeones.com.ar. De esta manera, el piloto del\u00a0Trotta Racing Team\u00a0se convirti\u00f3 en el primero que repite victoria en la temporada 2024.","og_url":"https:\/\/infoecos.com.ar\/index.php\/felipe-bernasconi-consiguio-su-2-triunfo-en-la-temporada-2024-del-tc-mouras\/","og_site_name":"Infoecos","article_publisher":"https:\/\/www.facebook.com\/profile.php?id=100063200290284","article_published_time":"2024-04-14T17:26:42+00:00","article_modified_time":"2024-04-16T01:19:56+00:00","og_image":[{"width":976,"height":651,"url":"https:\/\/infoecos.com.ar\/wp-content\/uploads\/2024\/04\/image-254.png","type":"image\/png"}],"author":"Jorge Matheus","twitter_card":"summary_large_image","twitter_creator":"@infoecos","twitter_site":"@infoecos","twitter_misc":{"Escrito por":"Jorge Matheus","Tiempo de lectura":"2 minutos"},"schema":{"@context":"https:\/\/schema.org","@graph":[{"@type":"Article","@id":"https:\/\/infoecos.com.ar\/index.php\/felipe-bernasconi-consiguio-su-2-triunfo-en-la-temporada-2024-del-tc-mouras\/#article","isPartOf":{"@id":"https:\/\/infoecos.com.ar\/index.php\/felipe-bernasconi-consiguio-su-2-triunfo-en-la-temporada-2024-del-tc-mouras\/"},"author":{"name":"Jorge Matheus","@id":"https:\/\/infoecos.com.ar\/#\/schema\/person\/8f5ace5ce73b4b4aac4b7245aee6f191"},"headline":"Felipe Bernasconi consigui\u00f3 su 2\u00b0 triunfo en la temporada 2024 del TC MOURAS","datePublished":"2024-04-14T17:26:42+00:00","dateModified":"2024-04-16T01:19:56+00:00","mainEntityOfPage":{"@id":"https:\/\/infoecos.com.ar\/index.php\/felipe-bernasconi-consiguio-su-2-triunfo-en-la-temporada-2024-del-tc-mouras\/"},"wordCount":256,"publisher":{"@id":"https:\/\/infoecos.com.ar\/#organization"},"image":{"@id":"https:\/\/infoecos.com.ar\/index.php\/felipe-bernasconi-consiguio-su-2-triunfo-en-la-temporada-2024-del-tc-mouras\/#primaryimage"},"thumbnailUrl":"https:\/\/infoecos.com.ar\/wp-content\/uploads\/2024\/04\/image-254.png","keywords":["DEPORTE"],"inLanguage":"es"},{"@type":"WebPage","@id":"https:\/\/infoecos.com.ar\/index.php\/felipe-bernasconi-consiguio-su-2-triunfo-en-la-temporada-2024-del-tc-mouras\/","url":"https:\/\/infoecos.com.ar\/index.php\/felipe-bernasconi-consiguio-su-2-triunfo-en-la-temporada-2024-del-tc-mouras\/","name":"Felipe Bernasconi consigui\u00f3 su 2\u00b0 triunfo en la temporada 2024 del TC MOURAS - Infoecos","isPartOf":{"@id":"https:\/\/infoecos.com.ar\/#website"},"primaryImageOfPage":{"@id":"https:\/\/infoecos.com.ar\/index.php\/felipe-bernasconi-consiguio-su-2-triunfo-en-la-temporada-2024-del-tc-mouras\/#primaryimage"},"image":{"@id":"https:\/\/infoecos.com.ar\/index.php\/felipe-bernasconi-consiguio-su-2-triunfo-en-la-temporada-2024-del-tc-mouras\/#primaryimage"},"thumbnailUrl":"https:\/\/infoecos.com.ar\/wp-content\/uploads\/2024\/04\/image-254.png","datePublished":"2024-04-14T17:26:42+00:00","dateModified":"2024-04-16T01:19:56+00:00","breadcrumb":{"@id":"https:\/\/infoecos.com.ar\/index.php\/felipe-bernasconi-consiguio-su-2-triunfo-en-la-temporada-2024-del-tc-mouras\/#breadcrumb"},"inLanguage":"es","potentialAction":[{"@type":"ReadAction","target":["https:\/\/infoecos.com.ar\/index.php\/felipe-bernasconi-consiguio-su-2-triunfo-en-la-temporada-2024-del-tc-mouras\/"]}]},{"@type":"ImageObject","inLanguage":"es","@id":"https:\/\/infoecos.com.ar\/index.php\/felipe-bernasconi-consiguio-su-2-triunfo-en-la-temporada-2024-del-tc-mouras\/#primaryimage","url":"https:\/\/infoecos.com.ar\/wp-content\/uploads\/2024\/04\/image-254.png","contentUrl":"https:\/\/infoecos.com.ar\/wp-content\/uploads\/2024\/04\/image-254.png","width":976,"height":651},{"@type":"BreadcrumbList","@id":"https:\/\/infoecos.com.ar\/index.php\/felipe-bernasconi-consiguio-su-2-triunfo-en-la-temporada-2024-del-tc-mouras\/#breadcrumb","itemListElement":[{"@type":"ListItem","position":1,"name":"Portada","item":"https:\/\/infoecos.com.ar\/"},{"@type":"ListItem","position":2,"name":"Felipe Bernasconi consigui\u00f3 su 2\u00b0 triunfo en la temporada 2024 del TC MOURAS"}]},{"@type":"WebSite","@id":"https:\/\/infoecos.com.ar\/#website","url":"https:\/\/infoecos.com.ar\/","name":"Infoecos","description":"Noticias de trenque lauquen y la zona","publisher":{"@id":"https:\/\/infoecos.com.ar\/#organization"},"alternateName":"Noticias","potentialAction":[{"@type":"SearchAction","target":{"@type":"EntryPoint","urlTemplate":"https:\/\/infoecos.com.ar\/?s={search_term_string}"},"query-input":{"@type":"PropertyValueSpecification","valueRequired":true,"valueName":"search_term_string"}}],"inLanguage":"es"},{"@type":"Organization","@id":"https:\/\/infoecos.com.ar\/#organization","name":"Infoecos","alternateName":"Noticias","url":"https:\/\/infoecos.com.ar\/","logo":{"@type":"ImageObject","inLanguage":"es","@id":"https:\/\/infoecos.com.ar\/#\/schema\/logo\/image\/","url":"https:\/\/infoecos.com.ar\/wp-content\/uploads\/2024\/03\/cropped-logo.png","contentUrl":"https:\/\/infoecos.com.ar\/wp-content\/uploads\/2024\/03\/cropped-logo.png","width":374,"height":90,"caption":"Infoecos"},"image":{"@id":"https:\/\/infoecos.com.ar\/#\/schema\/logo\/image\/"},"sameAs":["https:\/\/www.facebook.com\/profile.php?id=100063200290284","https:\/\/x.com\/infoecos"]},{"@type":"Person","@id":"https:\/\/infoecos.com.ar\/#\/schema\/person\/8f5ace5ce73b4b4aac4b7245aee6f191","name":"Jorge Matheus","url":"https:\/\/infoecos.com.ar\/index.php\/author\/jomatheus\/"}]}},"featured_image_urls":{"full":["https:\/\/infoecos.com.ar\/wp-content\/uploads\/2024\/04\/image-254.png",976,651,false],"thumbnail":["https:\/\/infoecos.com.ar\/wp-content\/uploads\/2024\/04\/image-254-300x150.png",300,150,true],"medium":["https:\/\/infoecos.com.ar\/wp-content\/uploads\/2024\/04\/image-254-800x534.png",800,534,true],"medium_large":["https:\/\/infoecos.com.ar\/wp-content\/uploads\/2024\/04\/image-254-768x512.png",640,427,true],"large":["https:\/\/infoecos.com.ar\/wp-content\/uploads\/2024\/04\/image-254.png",640,427,false],"1536x1536":["https:\/\/infoecos.com.ar\/wp-content\/uploads\/2024\/04\/image-254.png",976,651,false],"2048x2048":["https:\/\/infoecos.com.ar\/wp-content\/uploads\/2024\/04\/image-254.png",976,651,false],"covernews-slider-full":["https:\/\/infoecos.com.ar\/wp-content\/uploads\/2024\/04\/image-254.png",976,651,false],"covernews-slider-center":["https:\/\/infoecos.com.ar\/wp-content\/uploads\/2024\/04\/image-254-800x500.png",800,500,true],"covernews-featured":["https:\/\/infoecos.com.ar\/wp-content\/uploads\/2024\/04\/image-254.png",976,651,false],"covernews-medium":["https:\/\/infoecos.com.ar\/wp-content\/uploads\/2024\/04\/image-254-540x340.png",540,340,true],"covernews-medium-square":["https:\/\/infoecos.com.ar\/wp-content\/uploads\/2024\/04\/image-254-400x250.png",400,250,true]},"author_info":{"info":["Jorge Matheus"]},"category_info":"<a href=\"https:\/\/infoecos.com.ar\/index.php\/category\/sin-categoria\/\" rel=\"category tag\">Sin categor\u00eda<\/a>","tag_info":"Sin categor\u00eda","comment_count":"0","_links":{"self":[{"href":"https:\/\/infoecos.com.ar\/index.php\/wp-json\/wp\/v2\/posts\/123064"}],"collection":[{"href":"https:\/\/infoecos.com.ar\/index.php\/wp-json\/wp\/v2\/posts"}],"about":[{"href":"https:\/\/infoecos.com.ar\/index.php\/wp-json\/wp\/v2\/types\/post"}],"author":[{"embeddable":true,"href":"https:\/\/infoecos.com.ar\/index.php\/wp-json\/wp\/v2\/users\/2"}],"replies":[{"embeddable":true,"href":"https:\/\/infoecos.com.ar\/index.php\/wp-json\/wp\/v2\/comments?post=123064"}],"version-history":[{"count":1,"href":"https:\/\/infoecos.com.ar\/index.php\/wp-json\/wp\/v2\/posts\/123064\/revisions"}],"predecessor-version":[{"id":123066,"href":"https:\/\/infoecos.com.ar\/index.php\/wp-json\/wp\/v2\/posts\/123064\/revisions\/123066"}],"wp:featuredmedia":[{"embeddable":true,"href":"https:\/\/infoecos.com.ar\/index.php\/wp-json\/wp\/v2\/media\/123065"}],"wp:attachment":[{"href":"https:\/\/infoecos.com.ar\/index.php\/wp-json\/wp\/v2\/media?parent=123064"}],"wp:term":[{"taxonomy":"category","embeddable":true,"href":"https:\/\/infoecos.com.ar\/index.php\/wp-json\/wp\/v2\/categories?post=123064"},{"taxonomy":"post_tag","embeddable":true,"href":"https:\/\/infoecos.com.ar\/index.php\/wp-json\/wp\/v2\/tags?post=123064"}],"curies":[{"name":"wp","href":"https:\/\/api.w.org\/{rel}","templated":true}]}}