{"id":123360,"date":"2024-04-19T21:28:42","date_gmt":"2024-04-20T00:28:42","guid":{"rendered":"https:\/\/infoecos.com.ar\/?p=123360"},"modified":"2024-04-21T20:10:36","modified_gmt":"2024-04-21T23:10:36","slug":"puesto-caminero-catrilo-con-retencion-de-licencia-y-secuestro-de-dos-camiones","status":"publish","type":"post","link":"https:\/\/infoecos.com.ar\/index.php\/puesto-caminero-catrilo-con-retencion-de-licencia-y-secuestro-de-dos-camiones\/","title":{"rendered":"Puesto Caminero Catril\u00f3: retenci\u00f3n de licencia y secuestro de dos camiones"},"content":{"rendered":"\n<p>Durante los controles habituales llevados a cabo en el Puesto Caminero Catril\u00f3, el personal policial y el grupo de prevenci\u00f3n y protecci\u00f3n vial detectaron dos casos de\u00a0alcoholemia positiva en conductores profesionales. Los resultados de los testeos arrojaron niveles de 0.35 y 0.31 gramos de alcohol por litro de sangre, respectivamente. \u00a0<\/p>\n\n\n\n<p>Uno de los conductores implicados es de nacionalidad chilena, quien manejaba un cami\u00f3n proveniente de Los Andes y arroj\u00f3 un nivel de alcoholemia de 0.35 gramos por litro de sangre. El otro conductor es oriundo de Mendoza.<\/p>\n\n\n\n<p>La informaci\u00f3n oficial de la polic\u00eda pampeana, da cuenta que en lo que va de este a\u00f1o, se detect\u00f3 a un conductor de nacionalidad brasile\u00f1a con 1.10 gramos de alcohol por litro de sangre. <\/p>\n\n\n\n<p>Asimismo, el a\u00f1o pasado se registraron tres casos similares en el mismo puesto, involucrando a conductores de camiones extranjeros. Estas situaciones incluyeron a un conductor chileno con 1.31 gramos de alcohol por litro de sangre, otro conductor brasile\u00f1o con 0.33 gramos y un conductor paraguayo con 0.54 gramos. <\/p>\n\n\n\n<p>En todos estos casos, al igual que en el actual, se procedi\u00f3 a la retenci\u00f3n de la licencia y de los veh\u00edculos implicados.<\/p>\n\n\n\n<p><\/p>\n","protected":false},"excerpt":{"rendered":"<p>Uno de los conductores implicados es de nacionalidad chilena, quien manejaba un cami\u00f3n proveniente de Los Andes y arroj\u00f3 un nivel de alcoholemia de 0.35 gramos por litro de sangre. El otro conductor es oriundo de Mendoza<\/p>\n","protected":false},"author":2,"featured_media":123361,"comment_status":"closed","ping_status":"open","sticky":false,"template":"","format":"standard","meta":{"footnotes":""},"categories":[1],"tags":[1500],"class_list":["post-123360","post","type-post","status-publish","format-standard","has-post-thumbnail","hentry","category-sin-categoria","tag-regional"],"yoast_head":"<!-- This site is optimized with the Yoast SEO plugin v23.4 - https:\/\/yoast.com\/wordpress\/plugins\/seo\/ -->\n<title>Puesto Caminero Catril\u00f3: retenci\u00f3n de licencia y secuestro de dos camiones - Infoecos<\/title>\n<meta name=\"robots\" content=\"index, follow, max-snippet:-1, max-image-preview:large, max-video-preview:-1\" \/>\n<link rel=\"canonical\" href=\"https:\/\/infoecos.com.ar\/index.php\/puesto-caminero-catrilo-con-retencion-de-licencia-y-secuestro-de-dos-camiones\/\" \/>\n<meta property=\"og:locale\" content=\"es_ES\" \/>\n<meta property=\"og:type\" content=\"article\" \/>\n<meta property=\"og:title\" content=\"Puesto Caminero Catril\u00f3: retenci\u00f3n de licencia y secuestro de dos camiones - Infoecos\" \/>\n<meta property=\"og:description\" content=\"Uno de los conductores implicados es de nacionalidad chilena, quien manejaba un cami\u00f3n proveniente de Los Andes y arroj\u00f3 un nivel de alcoholemia de 0.35 gramos por litro de sangre. El otro conductor es oriundo de Mendoza\" \/>\n<meta property=\"og:url\" content=\"https:\/\/infoecos.com.ar\/index.php\/puesto-caminero-catrilo-con-retencion-de-licencia-y-secuestro-de-dos-camiones\/\" \/>\n<meta property=\"og:site_name\" content=\"Infoecos\" \/>\n<meta property=\"article:publisher\" content=\"https:\/\/www.facebook.com\/profile.php?id=100063200290284\" \/>\n<meta property=\"article:published_time\" content=\"2024-04-20T00:28:42+00:00\" \/>\n<meta property=\"article:modified_time\" content=\"2024-04-21T23:10:36+00:00\" \/>\n<meta property=\"og:image\" content=\"https:\/\/infoecos.com.ar\/wp-content\/uploads\/2024\/04\/catrilo.jpeg\" \/>\n\t<meta property=\"og:image:width\" content=\"1600\" \/>\n\t<meta property=\"og:image:height\" content=\"758\" \/>\n\t<meta property=\"og:image:type\" content=\"image\/jpeg\" \/>\n<meta name=\"author\" content=\"Jorge Matheus\" \/>\n<meta name=\"twitter:card\" content=\"summary_large_image\" \/>\n<meta name=\"twitter:creator\" content=\"@infoecos\" \/>\n<meta name=\"twitter:site\" content=\"@infoecos\" \/>\n<meta name=\"twitter:label1\" content=\"Escrito por\" \/>\n\t<meta name=\"twitter:data1\" content=\"Jorge Matheus\" \/>\n\t<meta name=\"twitter:label2\" content=\"Tiempo de lectura\" \/>\n\t<meta name=\"twitter:data2\" content=\"2 minutos\" \/>\n<script type=\"application\/ld+json\" class=\"yoast-schema-graph\">{\"@context\":\"https:\/\/schema.org\",\"@graph\":[{\"@type\":\"Article\",\"@id\":\"https:\/\/infoecos.com.ar\/index.php\/puesto-caminero-catrilo-con-retencion-de-licencia-y-secuestro-de-dos-camiones\/#article\",\"isPartOf\":{\"@id\":\"https:\/\/infoecos.com.ar\/index.php\/puesto-caminero-catrilo-con-retencion-de-licencia-y-secuestro-de-dos-camiones\/\"},\"author\":{\"name\":\"Jorge Matheus\",\"@id\":\"https:\/\/infoecos.com.ar\/#\/schema\/person\/8f5ace5ce73b4b4aac4b7245aee6f191\"},\"headline\":\"Puesto Caminero Catril\u00f3: retenci\u00f3n de licencia y secuestro de dos camiones\",\"datePublished\":\"2024-04-20T00:28:42+00:00\",\"dateModified\":\"2024-04-21T23:10:36+00:00\",\"mainEntityOfPage\":{\"@id\":\"https:\/\/infoecos.com.ar\/index.php\/puesto-caminero-catrilo-con-retencion-de-licencia-y-secuestro-de-dos-camiones\/\"},\"wordCount\":209,\"publisher\":{\"@id\":\"https:\/\/infoecos.com.ar\/#organization\"},\"image\":{\"@id\":\"https:\/\/infoecos.com.ar\/index.php\/puesto-caminero-catrilo-con-retencion-de-licencia-y-secuestro-de-dos-camiones\/#primaryimage\"},\"thumbnailUrl\":\"https:\/\/infoecos.com.ar\/wp-content\/uploads\/2024\/04\/catrilo.jpeg\",\"keywords\":[\"REGIONAL\"],\"inLanguage\":\"es\"},{\"@type\":\"WebPage\",\"@id\":\"https:\/\/infoecos.com.ar\/index.php\/puesto-caminero-catrilo-con-retencion-de-licencia-y-secuestro-de-dos-camiones\/\",\"url\":\"https:\/\/infoecos.com.ar\/index.php\/puesto-caminero-catrilo-con-retencion-de-licencia-y-secuestro-de-dos-camiones\/\",\"name\":\"Puesto Caminero Catril\u00f3: retenci\u00f3n de licencia y secuestro de dos camiones - Infoecos\",\"isPartOf\":{\"@id\":\"https:\/\/infoecos.com.ar\/#website\"},\"primaryImageOfPage\":{\"@id\":\"https:\/\/infoecos.com.ar\/index.php\/puesto-caminero-catrilo-con-retencion-de-licencia-y-secuestro-de-dos-camiones\/#primaryimage\"},\"image\":{\"@id\":\"https:\/\/infoecos.com.ar\/index.php\/puesto-caminero-catrilo-con-retencion-de-licencia-y-secuestro-de-dos-camiones\/#primaryimage\"},\"thumbnailUrl\":\"https:\/\/infoecos.com.ar\/wp-content\/uploads\/2024\/04\/catrilo.jpeg\",\"datePublished\":\"2024-04-20T00:28:42+00:00\",\"dateModified\":\"2024-04-21T23:10:36+00:00\",\"breadcrumb\":{\"@id\":\"https:\/\/infoecos.com.ar\/index.php\/puesto-caminero-catrilo-con-retencion-de-licencia-y-secuestro-de-dos-camiones\/#breadcrumb\"},\"inLanguage\":\"es\",\"potentialAction\":[{\"@type\":\"ReadAction\",\"target\":[\"https:\/\/infoecos.com.ar\/index.php\/puesto-caminero-catrilo-con-retencion-de-licencia-y-secuestro-de-dos-camiones\/\"]}]},{\"@type\":\"ImageObject\",\"inLanguage\":\"es\",\"@id\":\"https:\/\/infoecos.com.ar\/index.php\/puesto-caminero-catrilo-con-retencion-de-licencia-y-secuestro-de-dos-camiones\/#primaryimage\",\"url\":\"https:\/\/infoecos.com.ar\/wp-content\/uploads\/2024\/04\/catrilo.jpeg\",\"contentUrl\":\"https:\/\/infoecos.com.ar\/wp-content\/uploads\/2024\/04\/catrilo.jpeg\",\"width\":1600,\"height\":758},{\"@type\":\"BreadcrumbList\",\"@id\":\"https:\/\/infoecos.com.ar\/index.php\/puesto-caminero-catrilo-con-retencion-de-licencia-y-secuestro-de-dos-camiones\/#breadcrumb\",\"itemListElement\":[{\"@type\":\"ListItem\",\"position\":1,\"name\":\"Portada\",\"item\":\"https:\/\/infoecos.com.ar\/\"},{\"@type\":\"ListItem\",\"position\":2,\"name\":\"Puesto Caminero Catril\u00f3: retenci\u00f3n de licencia y secuestro de dos camiones\"}]},{\"@type\":\"WebSite\",\"@id\":\"https:\/\/infoecos.com.ar\/#website\",\"url\":\"https:\/\/infoecos.com.ar\/\",\"name\":\"Infoecos\",\"description\":\"Noticias de trenque lauquen y la zona\",\"publisher\":{\"@id\":\"https:\/\/infoecos.com.ar\/#organization\"},\"alternateName\":\"Noticias\",\"potentialAction\":[{\"@type\":\"SearchAction\",\"target\":{\"@type\":\"EntryPoint\",\"urlTemplate\":\"https:\/\/infoecos.com.ar\/?s={search_term_string}\"},\"query-input\":{\"@type\":\"PropertyValueSpecification\",\"valueRequired\":true,\"valueName\":\"search_term_string\"}}],\"inLanguage\":\"es\"},{\"@type\":\"Organization\",\"@id\":\"https:\/\/infoecos.com.ar\/#organization\",\"name\":\"Infoecos\",\"alternateName\":\"Noticias\",\"url\":\"https:\/\/infoecos.com.ar\/\",\"logo\":{\"@type\":\"ImageObject\",\"inLanguage\":\"es\",\"@id\":\"https:\/\/infoecos.com.ar\/#\/schema\/logo\/image\/\",\"url\":\"https:\/\/infoecos.com.ar\/wp-content\/uploads\/2024\/03\/cropped-logo.png\",\"contentUrl\":\"https:\/\/infoecos.com.ar\/wp-content\/uploads\/2024\/03\/cropped-logo.png\",\"width\":374,\"height\":90,\"caption\":\"Infoecos\"},\"image\":{\"@id\":\"https:\/\/infoecos.com.ar\/#\/schema\/logo\/image\/\"},\"sameAs\":[\"https:\/\/www.facebook.com\/profile.php?id=100063200290284\",\"https:\/\/x.com\/infoecos\"]},{\"@type\":\"Person\",\"@id\":\"https:\/\/infoecos.com.ar\/#\/schema\/person\/8f5ace5ce73b4b4aac4b7245aee6f191\",\"name\":\"Jorge Matheus\",\"url\":\"https:\/\/infoecos.com.ar\/index.php\/author\/jomatheus\/\"}]}<\/script>\n<!-- \/ Yoast SEO plugin. -->","yoast_head_json":{"title":"Puesto Caminero Catril\u00f3: retenci\u00f3n de licencia y secuestro de dos camiones - Infoecos","robots":{"index":"index","follow":"follow","max-snippet":"max-snippet:-1","max-image-preview":"max-image-preview:large","max-video-preview":"max-video-preview:-1"},"canonical":"https:\/\/infoecos.com.ar\/index.php\/puesto-caminero-catrilo-con-retencion-de-licencia-y-secuestro-de-dos-camiones\/","og_locale":"es_ES","og_type":"article","og_title":"Puesto Caminero Catril\u00f3: retenci\u00f3n de licencia y secuestro de dos camiones - Infoecos","og_description":"Uno de los conductores implicados es de nacionalidad chilena, quien manejaba un cami\u00f3n proveniente de Los Andes y arroj\u00f3 un nivel de alcoholemia de 0.35 gramos por litro de sangre. El otro conductor es oriundo de Mendoza","og_url":"https:\/\/infoecos.com.ar\/index.php\/puesto-caminero-catrilo-con-retencion-de-licencia-y-secuestro-de-dos-camiones\/","og_site_name":"Infoecos","article_publisher":"https:\/\/www.facebook.com\/profile.php?id=100063200290284","article_published_time":"2024-04-20T00:28:42+00:00","article_modified_time":"2024-04-21T23:10:36+00:00","og_image":[{"width":1600,"height":758,"url":"https:\/\/infoecos.com.ar\/wp-content\/uploads\/2024\/04\/catrilo.jpeg","type":"image\/jpeg"}],"author":"Jorge Matheus","twitter_card":"summary_large_image","twitter_creator":"@infoecos","twitter_site":"@infoecos","twitter_misc":{"Escrito por":"Jorge Matheus","Tiempo de lectura":"2 minutos"},"schema":{"@context":"https:\/\/schema.org","@graph":[{"@type":"Article","@id":"https:\/\/infoecos.com.ar\/index.php\/puesto-caminero-catrilo-con-retencion-de-licencia-y-secuestro-de-dos-camiones\/#article","isPartOf":{"@id":"https:\/\/infoecos.com.ar\/index.php\/puesto-caminero-catrilo-con-retencion-de-licencia-y-secuestro-de-dos-camiones\/"},"author":{"name":"Jorge Matheus","@id":"https:\/\/infoecos.com.ar\/#\/schema\/person\/8f5ace5ce73b4b4aac4b7245aee6f191"},"headline":"Puesto Caminero Catril\u00f3: retenci\u00f3n de licencia y secuestro de dos camiones","datePublished":"2024-04-20T00:28:42+00:00","dateModified":"2024-04-21T23:10:36+00:00","mainEntityOfPage":{"@id":"https:\/\/infoecos.com.ar\/index.php\/puesto-caminero-catrilo-con-retencion-de-licencia-y-secuestro-de-dos-camiones\/"},"wordCount":209,"publisher":{"@id":"https:\/\/infoecos.com.ar\/#organization"},"image":{"@id":"https:\/\/infoecos.com.ar\/index.php\/puesto-caminero-catrilo-con-retencion-de-licencia-y-secuestro-de-dos-camiones\/#primaryimage"},"thumbnailUrl":"https:\/\/infoecos.com.ar\/wp-content\/uploads\/2024\/04\/catrilo.jpeg","keywords":["REGIONAL"],"inLanguage":"es"},{"@type":"WebPage","@id":"https:\/\/infoecos.com.ar\/index.php\/puesto-caminero-catrilo-con-retencion-de-licencia-y-secuestro-de-dos-camiones\/","url":"https:\/\/infoecos.com.ar\/index.php\/puesto-caminero-catrilo-con-retencion-de-licencia-y-secuestro-de-dos-camiones\/","name":"Puesto Caminero Catril\u00f3: retenci\u00f3n de licencia y secuestro de dos camiones - Infoecos","isPartOf":{"@id":"https:\/\/infoecos.com.ar\/#website"},"primaryImageOfPage":{"@id":"https:\/\/infoecos.com.ar\/index.php\/puesto-caminero-catrilo-con-retencion-de-licencia-y-secuestro-de-dos-camiones\/#primaryimage"},"image":{"@id":"https:\/\/infoecos.com.ar\/index.php\/puesto-caminero-catrilo-con-retencion-de-licencia-y-secuestro-de-dos-camiones\/#primaryimage"},"thumbnailUrl":"https:\/\/infoecos.com.ar\/wp-content\/uploads\/2024\/04\/catrilo.jpeg","datePublished":"2024-04-20T00:28:42+00:00","dateModified":"2024-04-21T23:10:36+00:00","breadcrumb":{"@id":"https:\/\/infoecos.com.ar\/index.php\/puesto-caminero-catrilo-con-retencion-de-licencia-y-secuestro-de-dos-camiones\/#breadcrumb"},"inLanguage":"es","potentialAction":[{"@type":"ReadAction","target":["https:\/\/infoecos.com.ar\/index.php\/puesto-caminero-catrilo-con-retencion-de-licencia-y-secuestro-de-dos-camiones\/"]}]},{"@type":"ImageObject","inLanguage":"es","@id":"https:\/\/infoecos.com.ar\/index.php\/puesto-caminero-catrilo-con-retencion-de-licencia-y-secuestro-de-dos-camiones\/#primaryimage","url":"https:\/\/infoecos.com.ar\/wp-content\/uploads\/2024\/04\/catrilo.jpeg","contentUrl":"https:\/\/infoecos.com.ar\/wp-content\/uploads\/2024\/04\/catrilo.jpeg","width":1600,"height":758},{"@type":"BreadcrumbList","@id":"https:\/\/infoecos.com.ar\/index.php\/puesto-caminero-catrilo-con-retencion-de-licencia-y-secuestro-de-dos-camiones\/#breadcrumb","itemListElement":[{"@type":"ListItem","position":1,"name":"Portada","item":"https:\/\/infoecos.com.ar\/"},{"@type":"ListItem","position":2,"name":"Puesto Caminero Catril\u00f3: retenci\u00f3n de licencia y secuestro de dos camiones"}]},{"@type":"WebSite","@id":"https:\/\/infoecos.com.ar\/#website","url":"https:\/\/infoecos.com.ar\/","name":"Infoecos","description":"Noticias de trenque lauquen y la zona","publisher":{"@id":"https:\/\/infoecos.com.ar\/#organization"},"alternateName":"Noticias","potentialAction":[{"@type":"SearchAction","target":{"@type":"EntryPoint","urlTemplate":"https:\/\/infoecos.com.ar\/?s={search_term_string}"},"query-input":{"@type":"PropertyValueSpecification","valueRequired":true,"valueName":"search_term_string"}}],"inLanguage":"es"},{"@type":"Organization","@id":"https:\/\/infoecos.com.ar\/#organization","name":"Infoecos","alternateName":"Noticias","url":"https:\/\/infoecos.com.ar\/","logo":{"@type":"ImageObject","inLanguage":"es","@id":"https:\/\/infoecos.com.ar\/#\/schema\/logo\/image\/","url":"https:\/\/infoecos.com.ar\/wp-content\/uploads\/2024\/03\/cropped-logo.png","contentUrl":"https:\/\/infoecos.com.ar\/wp-content\/uploads\/2024\/03\/cropped-logo.png","width":374,"height":90,"caption":"Infoecos"},"image":{"@id":"https:\/\/infoecos.com.ar\/#\/schema\/logo\/image\/"},"sameAs":["https:\/\/www.facebook.com\/profile.php?id=100063200290284","https:\/\/x.com\/infoecos"]},{"@type":"Person","@id":"https:\/\/infoecos.com.ar\/#\/schema\/person\/8f5ace5ce73b4b4aac4b7245aee6f191","name":"Jorge Matheus","url":"https:\/\/infoecos.com.ar\/index.php\/author\/jomatheus\/"}]}},"featured_image_urls":{"full":["https:\/\/infoecos.com.ar\/wp-content\/uploads\/2024\/04\/catrilo.jpeg",1600,758,false],"thumbnail":["https:\/\/infoecos.com.ar\/wp-content\/uploads\/2024\/04\/catrilo-300x150.jpeg",300,150,true],"medium":["https:\/\/infoecos.com.ar\/wp-content\/uploads\/2024\/04\/catrilo-800x379.jpeg",800,379,true],"medium_large":["https:\/\/infoecos.com.ar\/wp-content\/uploads\/2024\/04\/catrilo-768x364.jpeg",640,303,true],"large":["https:\/\/infoecos.com.ar\/wp-content\/uploads\/2024\/04\/catrilo.jpeg",640,303,false],"1536x1536":["https:\/\/infoecos.com.ar\/wp-content\/uploads\/2024\/04\/catrilo-1536x728.jpeg",1536,728,true],"2048x2048":["https:\/\/infoecos.com.ar\/wp-content\/uploads\/2024\/04\/catrilo.jpeg",1600,758,false],"covernews-slider-full":["https:\/\/infoecos.com.ar\/wp-content\/uploads\/2024\/04\/catrilo-1115x715.jpeg",1115,715,true],"covernews-slider-center":["https:\/\/infoecos.com.ar\/wp-content\/uploads\/2024\/04\/catrilo-800x500.jpeg",800,500,true],"covernews-featured":["https:\/\/infoecos.com.ar\/wp-content\/uploads\/2024\/04\/catrilo-1024x485.jpeg",1024,485,true],"covernews-medium":["https:\/\/infoecos.com.ar\/wp-content\/uploads\/2024\/04\/catrilo-540x340.jpeg",540,340,true],"covernews-medium-square":["https:\/\/infoecos.com.ar\/wp-content\/uploads\/2024\/04\/catrilo-400x250.jpeg",400,250,true]},"author_info":{"info":["Jorge Matheus"]},"category_info":"<a href=\"https:\/\/infoecos.com.ar\/index.php\/category\/sin-categoria\/\" rel=\"category tag\">Sin categor\u00eda<\/a>","tag_info":"Sin categor\u00eda","comment_count":"0","_links":{"self":[{"href":"https:\/\/infoecos.com.ar\/index.php\/wp-json\/wp\/v2\/posts\/123360"}],"collection":[{"href":"https:\/\/infoecos.com.ar\/index.php\/wp-json\/wp\/v2\/posts"}],"about":[{"href":"https:\/\/infoecos.com.ar\/index.php\/wp-json\/wp\/v2\/types\/post"}],"author":[{"embeddable":true,"href":"https:\/\/infoecos.com.ar\/index.php\/wp-json\/wp\/v2\/users\/2"}],"replies":[{"embeddable":true,"href":"https:\/\/infoecos.com.ar\/index.php\/wp-json\/wp\/v2\/comments?post=123360"}],"version-history":[{"count":2,"href":"https:\/\/infoecos.com.ar\/index.php\/wp-json\/wp\/v2\/posts\/123360\/revisions"}],"predecessor-version":[{"id":123363,"href":"https:\/\/infoecos.com.ar\/index.php\/wp-json\/wp\/v2\/posts\/123360\/revisions\/123363"}],"wp:featuredmedia":[{"embeddable":true,"href":"https:\/\/infoecos.com.ar\/index.php\/wp-json\/wp\/v2\/media\/123361"}],"wp:attachment":[{"href":"https:\/\/infoecos.com.ar\/index.php\/wp-json\/wp\/v2\/media?parent=123360"}],"wp:term":[{"taxonomy":"category","embeddable":true,"href":"https:\/\/infoecos.com.ar\/index.php\/wp-json\/wp\/v2\/categories?post=123360"},{"taxonomy":"post_tag","embeddable":true,"href":"https:\/\/infoecos.com.ar\/index.php\/wp-json\/wp\/v2\/tags?post=123360"}],"curies":[{"name":"wp","href":"https:\/\/api.w.org\/{rel}","templated":true}]}}