{"id":123379,"date":"2024-04-19T22:17:20","date_gmt":"2024-04-20T01:17:20","guid":{"rendered":"https:\/\/infoecos.com.ar\/?p=123379"},"modified":"2024-04-21T20:09:29","modified_gmt":"2024-04-21T23:09:29","slug":"un-poco-mas-y-desarmaban-vehiculos-en-la-puerta-del-municipio-de-lincoln","status":"publish","type":"post","link":"https:\/\/infoecos.com.ar\/index.php\/un-poco-mas-y-desarmaban-vehiculos-en-la-puerta-del-municipio-de-lincoln\/","title":{"rendered":"Un poco m\u00e1s y desarmaban veh\u00edculos en la puerta del municipio de Lincoln"},"content":{"rendered":"\n<figure class=\"wp-block-gallery has-nested-images columns-default is-cropped wp-block-gallery-1 is-layout-flex wp-block-gallery-is-layout-flex\">\n<figure class=\"wp-block-image size-large\"><img loading=\"lazy\" decoding=\"async\" width=\"720\" height=\"1600\" data-id=\"123381\" src=\"https:\/\/infoecos.com.ar\/wp-content\/uploads\/2024\/04\/IMG-20240419-WA0083.jpg\" alt=\"\" class=\"wp-image-123381\" srcset=\"https:\/\/infoecos.com.ar\/wp-content\/uploads\/2024\/04\/IMG-20240419-WA0083.jpg 720w, https:\/\/infoecos.com.ar\/wp-content\/uploads\/2024\/04\/IMG-20240419-WA0083-360x800.jpg 360w, https:\/\/infoecos.com.ar\/wp-content\/uploads\/2024\/04\/IMG-20240419-WA0083-691x1536.jpg 691w\" sizes=\"(max-width: 720px) 100vw, 720px\" \/><\/figure>\n\n\n\n<figure class=\"wp-block-image size-large\"><img loading=\"lazy\" decoding=\"async\" width=\"720\" height=\"1600\" data-id=\"123380\" src=\"https:\/\/infoecos.com.ar\/wp-content\/uploads\/2024\/04\/IMG-20240419-WA0093.jpg\" alt=\"\" class=\"wp-image-123380\" srcset=\"https:\/\/infoecos.com.ar\/wp-content\/uploads\/2024\/04\/IMG-20240419-WA0093.jpg 720w, https:\/\/infoecos.com.ar\/wp-content\/uploads\/2024\/04\/IMG-20240419-WA0093-360x800.jpg 360w, https:\/\/infoecos.com.ar\/wp-content\/uploads\/2024\/04\/IMG-20240419-WA0093-691x1536.jpg 691w\" sizes=\"(max-width: 720px) 100vw, 720px\" \/><\/figure>\n<\/figure>\n\n\n\n<p>Personal de polic\u00eda de Lincoln con apoyo de funcionarios de la Subsecretar\u00eda de Prevenci\u00f3n Ciudadana llevaron adelante un importante operativo en un predio ubicado en el Parque Industrial de esa ciudad. <\/p>\n\n\n\n<p>Se encontraron varias autopartes que corresponden a distintos veh\u00edculos con pedido de secuestro que hab\u00edan sido denunciados como robados en diferentes distritos del conurbano bonaerense.<\/p>\n\n\n\n<p>Desde la Subsecretar\u00eda de Prevenci\u00f3n Ciudadana del Ejecutivo municipal, se afirm\u00f3 que \u201ceste es un hallazgo que se da en un predio que, si bien se ubica en el Parque Industrial, pertenece a un particular que actualmente no reside en el pa\u00eds y que no estar\u00eda haciendo uso del predio de acuerdo a la habilitaci\u00f3n que tramit\u00f3 en su momento ante el municipio. Por eso, todo indica que la procedencia de todas estas autopartes provendr\u00eda de alguien que violent\u00f3 la propiedad y estar\u00eda ocupando de forma deliberada las instalaciones con fines delictivos\u201d.<\/p>\n\n\n\n<p>De acuerdo a lo informado por autoridades policiales, el allanamiento realizado permiti\u00f3 dar con la identificaci\u00f3n de 5 veh\u00edculos desguazados y fue incautada una gran cantidad de autopartes, sobre las cuales se trabaja para establecer su procedencia. Participaron del operativo Subdelegaci\u00f3n Departamental, DDI, Polic\u00eda de Comisar\u00eda de Lincoln, Grupo GAD y apoyo del Comando de Prevenci\u00f3n Rural (CPR).<\/p>\n\n\n\n<p>Al momento, se contin\u00faa trabajando de acuerdo a directivas recibidas por la fiscal\u00eda interventora, la Unidad Funcional de Instrucci\u00f3n y Juicio N\u00b06 del Departamento Judicial Jun\u00edn, por tratarse de una posible actividad il\u00edcita relacionada al desguace de veh\u00edculos robados y comercializaci\u00f3n de autopartes.<\/p>\n","protected":false},"excerpt":{"rendered":"<p>Se encontraron varias autopartes que corresponden a distintos veh\u00edculos con pedido de secuestro que hab\u00edan sido denunciados como robados en diferentes distritos del conurbano bonaerense<\/p>\n","protected":false},"author":2,"featured_media":123380,"comment_status":"closed","ping_status":"open","sticky":false,"template":"","format":"standard","meta":{"footnotes":""},"categories":[1],"tags":[1500],"class_list":["post-123379","post","type-post","status-publish","format-standard","has-post-thumbnail","hentry","category-sin-categoria","tag-regional"],"yoast_head":"<!-- This site is optimized with the Yoast SEO plugin v23.4 - https:\/\/yoast.com\/wordpress\/plugins\/seo\/ -->\n<title>Un poco m\u00e1s y desarmaban veh\u00edculos en la puerta del municipio de Lincoln - Infoecos<\/title>\n<meta name=\"robots\" content=\"index, follow, max-snippet:-1, max-image-preview:large, max-video-preview:-1\" \/>\n<link rel=\"canonical\" href=\"https:\/\/infoecos.com.ar\/index.php\/un-poco-mas-y-desarmaban-vehiculos-en-la-puerta-del-municipio-de-lincoln\/\" \/>\n<meta property=\"og:locale\" content=\"es_ES\" \/>\n<meta property=\"og:type\" content=\"article\" \/>\n<meta property=\"og:title\" content=\"Un poco m\u00e1s y desarmaban veh\u00edculos en la puerta del municipio de Lincoln - Infoecos\" \/>\n<meta property=\"og:description\" content=\"Se encontraron varias autopartes que corresponden a distintos veh\u00edculos con pedido de secuestro que hab\u00edan sido denunciados como robados en diferentes distritos del conurbano bonaerense\" \/>\n<meta property=\"og:url\" content=\"https:\/\/infoecos.com.ar\/index.php\/un-poco-mas-y-desarmaban-vehiculos-en-la-puerta-del-municipio-de-lincoln\/\" \/>\n<meta property=\"og:site_name\" content=\"Infoecos\" \/>\n<meta property=\"article:publisher\" content=\"https:\/\/www.facebook.com\/profile.php?id=100063200290284\" \/>\n<meta property=\"article:published_time\" content=\"2024-04-20T01:17:20+00:00\" \/>\n<meta property=\"article:modified_time\" content=\"2024-04-21T23:09:29+00:00\" \/>\n<meta property=\"og:image\" content=\"https:\/\/infoecos.com.ar\/wp-content\/uploads\/2024\/04\/IMG-20240419-WA0093.jpg\" \/>\n\t<meta property=\"og:image:width\" content=\"720\" \/>\n\t<meta property=\"og:image:height\" content=\"1600\" \/>\n\t<meta property=\"og:image:type\" content=\"image\/jpeg\" \/>\n<meta name=\"author\" content=\"Jorge Matheus\" \/>\n<meta name=\"twitter:card\" content=\"summary_large_image\" \/>\n<meta name=\"twitter:creator\" content=\"@infoecos\" \/>\n<meta name=\"twitter:site\" content=\"@infoecos\" \/>\n<meta name=\"twitter:label1\" content=\"Escrito por\" \/>\n\t<meta name=\"twitter:data1\" content=\"Jorge Matheus\" \/>\n\t<meta name=\"twitter:label2\" content=\"Tiempo de lectura\" \/>\n\t<meta name=\"twitter:data2\" content=\"2 minutos\" \/>\n<script type=\"application\/ld+json\" class=\"yoast-schema-graph\">{\"@context\":\"https:\/\/schema.org\",\"@graph\":[{\"@type\":\"Article\",\"@id\":\"https:\/\/infoecos.com.ar\/index.php\/un-poco-mas-y-desarmaban-vehiculos-en-la-puerta-del-municipio-de-lincoln\/#article\",\"isPartOf\":{\"@id\":\"https:\/\/infoecos.com.ar\/index.php\/un-poco-mas-y-desarmaban-vehiculos-en-la-puerta-del-municipio-de-lincoln\/\"},\"author\":{\"name\":\"Jorge Matheus\",\"@id\":\"https:\/\/infoecos.com.ar\/#\/schema\/person\/8f5ace5ce73b4b4aac4b7245aee6f191\"},\"headline\":\"Un poco m\u00e1s y desarmaban veh\u00edculos en la puerta del municipio de Lincoln\",\"datePublished\":\"2024-04-20T01:17:20+00:00\",\"dateModified\":\"2024-04-21T23:09:29+00:00\",\"mainEntityOfPage\":{\"@id\":\"https:\/\/infoecos.com.ar\/index.php\/un-poco-mas-y-desarmaban-vehiculos-en-la-puerta-del-municipio-de-lincoln\/\"},\"wordCount\":288,\"publisher\":{\"@id\":\"https:\/\/infoecos.com.ar\/#organization\"},\"image\":{\"@id\":\"https:\/\/infoecos.com.ar\/index.php\/un-poco-mas-y-desarmaban-vehiculos-en-la-puerta-del-municipio-de-lincoln\/#primaryimage\"},\"thumbnailUrl\":\"https:\/\/infoecos.com.ar\/wp-content\/uploads\/2024\/04\/IMG-20240419-WA0093.jpg\",\"keywords\":[\"REGIONAL\"],\"inLanguage\":\"es\"},{\"@type\":\"WebPage\",\"@id\":\"https:\/\/infoecos.com.ar\/index.php\/un-poco-mas-y-desarmaban-vehiculos-en-la-puerta-del-municipio-de-lincoln\/\",\"url\":\"https:\/\/infoecos.com.ar\/index.php\/un-poco-mas-y-desarmaban-vehiculos-en-la-puerta-del-municipio-de-lincoln\/\",\"name\":\"Un poco m\u00e1s y desarmaban veh\u00edculos en la puerta del municipio de Lincoln - Infoecos\",\"isPartOf\":{\"@id\":\"https:\/\/infoecos.com.ar\/#website\"},\"primaryImageOfPage\":{\"@id\":\"https:\/\/infoecos.com.ar\/index.php\/un-poco-mas-y-desarmaban-vehiculos-en-la-puerta-del-municipio-de-lincoln\/#primaryimage\"},\"image\":{\"@id\":\"https:\/\/infoecos.com.ar\/index.php\/un-poco-mas-y-desarmaban-vehiculos-en-la-puerta-del-municipio-de-lincoln\/#primaryimage\"},\"thumbnailUrl\":\"https:\/\/infoecos.com.ar\/wp-content\/uploads\/2024\/04\/IMG-20240419-WA0093.jpg\",\"datePublished\":\"2024-04-20T01:17:20+00:00\",\"dateModified\":\"2024-04-21T23:09:29+00:00\",\"breadcrumb\":{\"@id\":\"https:\/\/infoecos.com.ar\/index.php\/un-poco-mas-y-desarmaban-vehiculos-en-la-puerta-del-municipio-de-lincoln\/#breadcrumb\"},\"inLanguage\":\"es\",\"potentialAction\":[{\"@type\":\"ReadAction\",\"target\":[\"https:\/\/infoecos.com.ar\/index.php\/un-poco-mas-y-desarmaban-vehiculos-en-la-puerta-del-municipio-de-lincoln\/\"]}]},{\"@type\":\"ImageObject\",\"inLanguage\":\"es\",\"@id\":\"https:\/\/infoecos.com.ar\/index.php\/un-poco-mas-y-desarmaban-vehiculos-en-la-puerta-del-municipio-de-lincoln\/#primaryimage\",\"url\":\"https:\/\/infoecos.com.ar\/wp-content\/uploads\/2024\/04\/IMG-20240419-WA0093.jpg\",\"contentUrl\":\"https:\/\/infoecos.com.ar\/wp-content\/uploads\/2024\/04\/IMG-20240419-WA0093.jpg\",\"width\":720,\"height\":1600},{\"@type\":\"BreadcrumbList\",\"@id\":\"https:\/\/infoecos.com.ar\/index.php\/un-poco-mas-y-desarmaban-vehiculos-en-la-puerta-del-municipio-de-lincoln\/#breadcrumb\",\"itemListElement\":[{\"@type\":\"ListItem\",\"position\":1,\"name\":\"Portada\",\"item\":\"https:\/\/infoecos.com.ar\/\"},{\"@type\":\"ListItem\",\"position\":2,\"name\":\"Un poco m\u00e1s y desarmaban veh\u00edculos en la puerta del municipio de Lincoln\"}]},{\"@type\":\"WebSite\",\"@id\":\"https:\/\/infoecos.com.ar\/#website\",\"url\":\"https:\/\/infoecos.com.ar\/\",\"name\":\"Infoecos\",\"description\":\"Noticias de trenque lauquen y la zona\",\"publisher\":{\"@id\":\"https:\/\/infoecos.com.ar\/#organization\"},\"alternateName\":\"Noticias\",\"potentialAction\":[{\"@type\":\"SearchAction\",\"target\":{\"@type\":\"EntryPoint\",\"urlTemplate\":\"https:\/\/infoecos.com.ar\/?s={search_term_string}\"},\"query-input\":{\"@type\":\"PropertyValueSpecification\",\"valueRequired\":true,\"valueName\":\"search_term_string\"}}],\"inLanguage\":\"es\"},{\"@type\":\"Organization\",\"@id\":\"https:\/\/infoecos.com.ar\/#organization\",\"name\":\"Infoecos\",\"alternateName\":\"Noticias\",\"url\":\"https:\/\/infoecos.com.ar\/\",\"logo\":{\"@type\":\"ImageObject\",\"inLanguage\":\"es\",\"@id\":\"https:\/\/infoecos.com.ar\/#\/schema\/logo\/image\/\",\"url\":\"https:\/\/infoecos.com.ar\/wp-content\/uploads\/2024\/03\/cropped-logo.png\",\"contentUrl\":\"https:\/\/infoecos.com.ar\/wp-content\/uploads\/2024\/03\/cropped-logo.png\",\"width\":374,\"height\":90,\"caption\":\"Infoecos\"},\"image\":{\"@id\":\"https:\/\/infoecos.com.ar\/#\/schema\/logo\/image\/\"},\"sameAs\":[\"https:\/\/www.facebook.com\/profile.php?id=100063200290284\",\"https:\/\/x.com\/infoecos\"]},{\"@type\":\"Person\",\"@id\":\"https:\/\/infoecos.com.ar\/#\/schema\/person\/8f5ace5ce73b4b4aac4b7245aee6f191\",\"name\":\"Jorge Matheus\",\"url\":\"https:\/\/infoecos.com.ar\/index.php\/author\/jomatheus\/\"}]}<\/script>\n<!-- \/ Yoast SEO plugin. -->","yoast_head_json":{"title":"Un poco m\u00e1s y desarmaban veh\u00edculos en la puerta del municipio de Lincoln - Infoecos","robots":{"index":"index","follow":"follow","max-snippet":"max-snippet:-1","max-image-preview":"max-image-preview:large","max-video-preview":"max-video-preview:-1"},"canonical":"https:\/\/infoecos.com.ar\/index.php\/un-poco-mas-y-desarmaban-vehiculos-en-la-puerta-del-municipio-de-lincoln\/","og_locale":"es_ES","og_type":"article","og_title":"Un poco m\u00e1s y desarmaban veh\u00edculos en la puerta del municipio de Lincoln - Infoecos","og_description":"Se encontraron varias autopartes que corresponden a distintos veh\u00edculos con pedido de secuestro que hab\u00edan sido denunciados como robados en diferentes distritos del conurbano bonaerense","og_url":"https:\/\/infoecos.com.ar\/index.php\/un-poco-mas-y-desarmaban-vehiculos-en-la-puerta-del-municipio-de-lincoln\/","og_site_name":"Infoecos","article_publisher":"https:\/\/www.facebook.com\/profile.php?id=100063200290284","article_published_time":"2024-04-20T01:17:20+00:00","article_modified_time":"2024-04-21T23:09:29+00:00","og_image":[{"width":720,"height":1600,"url":"https:\/\/infoecos.com.ar\/wp-content\/uploads\/2024\/04\/IMG-20240419-WA0093.jpg","type":"image\/jpeg"}],"author":"Jorge Matheus","twitter_card":"summary_large_image","twitter_creator":"@infoecos","twitter_site":"@infoecos","twitter_misc":{"Escrito por":"Jorge Matheus","Tiempo de lectura":"2 minutos"},"schema":{"@context":"https:\/\/schema.org","@graph":[{"@type":"Article","@id":"https:\/\/infoecos.com.ar\/index.php\/un-poco-mas-y-desarmaban-vehiculos-en-la-puerta-del-municipio-de-lincoln\/#article","isPartOf":{"@id":"https:\/\/infoecos.com.ar\/index.php\/un-poco-mas-y-desarmaban-vehiculos-en-la-puerta-del-municipio-de-lincoln\/"},"author":{"name":"Jorge Matheus","@id":"https:\/\/infoecos.com.ar\/#\/schema\/person\/8f5ace5ce73b4b4aac4b7245aee6f191"},"headline":"Un poco m\u00e1s y desarmaban veh\u00edculos en la puerta del municipio de Lincoln","datePublished":"2024-04-20T01:17:20+00:00","dateModified":"2024-04-21T23:09:29+00:00","mainEntityOfPage":{"@id":"https:\/\/infoecos.com.ar\/index.php\/un-poco-mas-y-desarmaban-vehiculos-en-la-puerta-del-municipio-de-lincoln\/"},"wordCount":288,"publisher":{"@id":"https:\/\/infoecos.com.ar\/#organization"},"image":{"@id":"https:\/\/infoecos.com.ar\/index.php\/un-poco-mas-y-desarmaban-vehiculos-en-la-puerta-del-municipio-de-lincoln\/#primaryimage"},"thumbnailUrl":"https:\/\/infoecos.com.ar\/wp-content\/uploads\/2024\/04\/IMG-20240419-WA0093.jpg","keywords":["REGIONAL"],"inLanguage":"es"},{"@type":"WebPage","@id":"https:\/\/infoecos.com.ar\/index.php\/un-poco-mas-y-desarmaban-vehiculos-en-la-puerta-del-municipio-de-lincoln\/","url":"https:\/\/infoecos.com.ar\/index.php\/un-poco-mas-y-desarmaban-vehiculos-en-la-puerta-del-municipio-de-lincoln\/","name":"Un poco m\u00e1s y desarmaban veh\u00edculos en la puerta del municipio de Lincoln - Infoecos","isPartOf":{"@id":"https:\/\/infoecos.com.ar\/#website"},"primaryImageOfPage":{"@id":"https:\/\/infoecos.com.ar\/index.php\/un-poco-mas-y-desarmaban-vehiculos-en-la-puerta-del-municipio-de-lincoln\/#primaryimage"},"image":{"@id":"https:\/\/infoecos.com.ar\/index.php\/un-poco-mas-y-desarmaban-vehiculos-en-la-puerta-del-municipio-de-lincoln\/#primaryimage"},"thumbnailUrl":"https:\/\/infoecos.com.ar\/wp-content\/uploads\/2024\/04\/IMG-20240419-WA0093.jpg","datePublished":"2024-04-20T01:17:20+00:00","dateModified":"2024-04-21T23:09:29+00:00","breadcrumb":{"@id":"https:\/\/infoecos.com.ar\/index.php\/un-poco-mas-y-desarmaban-vehiculos-en-la-puerta-del-municipio-de-lincoln\/#breadcrumb"},"inLanguage":"es","potentialAction":[{"@type":"ReadAction","target":["https:\/\/infoecos.com.ar\/index.php\/un-poco-mas-y-desarmaban-vehiculos-en-la-puerta-del-municipio-de-lincoln\/"]}]},{"@type":"ImageObject","inLanguage":"es","@id":"https:\/\/infoecos.com.ar\/index.php\/un-poco-mas-y-desarmaban-vehiculos-en-la-puerta-del-municipio-de-lincoln\/#primaryimage","url":"https:\/\/infoecos.com.ar\/wp-content\/uploads\/2024\/04\/IMG-20240419-WA0093.jpg","contentUrl":"https:\/\/infoecos.com.ar\/wp-content\/uploads\/2024\/04\/IMG-20240419-WA0093.jpg","width":720,"height":1600},{"@type":"BreadcrumbList","@id":"https:\/\/infoecos.com.ar\/index.php\/un-poco-mas-y-desarmaban-vehiculos-en-la-puerta-del-municipio-de-lincoln\/#breadcrumb","itemListElement":[{"@type":"ListItem","position":1,"name":"Portada","item":"https:\/\/infoecos.com.ar\/"},{"@type":"ListItem","position":2,"name":"Un poco m\u00e1s y desarmaban veh\u00edculos en la puerta del municipio de Lincoln"}]},{"@type":"WebSite","@id":"https:\/\/infoecos.com.ar\/#website","url":"https:\/\/infoecos.com.ar\/","name":"Infoecos","description":"Noticias de trenque lauquen y la zona","publisher":{"@id":"https:\/\/infoecos.com.ar\/#organization"},"alternateName":"Noticias","potentialAction":[{"@type":"SearchAction","target":{"@type":"EntryPoint","urlTemplate":"https:\/\/infoecos.com.ar\/?s={search_term_string}"},"query-input":{"@type":"PropertyValueSpecification","valueRequired":true,"valueName":"search_term_string"}}],"inLanguage":"es"},{"@type":"Organization","@id":"https:\/\/infoecos.com.ar\/#organization","name":"Infoecos","alternateName":"Noticias","url":"https:\/\/infoecos.com.ar\/","logo":{"@type":"ImageObject","inLanguage":"es","@id":"https:\/\/infoecos.com.ar\/#\/schema\/logo\/image\/","url":"https:\/\/infoecos.com.ar\/wp-content\/uploads\/2024\/03\/cropped-logo.png","contentUrl":"https:\/\/infoecos.com.ar\/wp-content\/uploads\/2024\/03\/cropped-logo.png","width":374,"height":90,"caption":"Infoecos"},"image":{"@id":"https:\/\/infoecos.com.ar\/#\/schema\/logo\/image\/"},"sameAs":["https:\/\/www.facebook.com\/profile.php?id=100063200290284","https:\/\/x.com\/infoecos"]},{"@type":"Person","@id":"https:\/\/infoecos.com.ar\/#\/schema\/person\/8f5ace5ce73b4b4aac4b7245aee6f191","name":"Jorge Matheus","url":"https:\/\/infoecos.com.ar\/index.php\/author\/jomatheus\/"}]}},"featured_image_urls":{"full":["https:\/\/infoecos.com.ar\/wp-content\/uploads\/2024\/04\/IMG-20240419-WA0093.jpg",720,1600,false],"thumbnail":["https:\/\/infoecos.com.ar\/wp-content\/uploads\/2024\/04\/IMG-20240419-WA0093-300x150.jpg",300,150,true],"medium":["https:\/\/infoecos.com.ar\/wp-content\/uploads\/2024\/04\/IMG-20240419-WA0093-360x800.jpg",360,800,true],"medium_large":["https:\/\/infoecos.com.ar\/wp-content\/uploads\/2024\/04\/IMG-20240419-WA0093.jpg",640,1422,false],"large":["https:\/\/infoecos.com.ar\/wp-content\/uploads\/2024\/04\/IMG-20240419-WA0093.jpg",640,1422,false],"1536x1536":["https:\/\/infoecos.com.ar\/wp-content\/uploads\/2024\/04\/IMG-20240419-WA0093-691x1536.jpg",691,1536,true],"2048x2048":["https:\/\/infoecos.com.ar\/wp-content\/uploads\/2024\/04\/IMG-20240419-WA0093.jpg",720,1600,false],"covernews-slider-full":["https:\/\/infoecos.com.ar\/wp-content\/uploads\/2024\/04\/IMG-20240419-WA0093-720x715.jpg",720,715,true],"covernews-slider-center":["https:\/\/infoecos.com.ar\/wp-content\/uploads\/2024\/04\/IMG-20240419-WA0093-720x500.jpg",720,500,true],"covernews-featured":["https:\/\/infoecos.com.ar\/wp-content\/uploads\/2024\/04\/IMG-20240419-WA0093.jpg",720,1600,false],"covernews-medium":["https:\/\/infoecos.com.ar\/wp-content\/uploads\/2024\/04\/IMG-20240419-WA0093-540x340.jpg",540,340,true],"covernews-medium-square":["https:\/\/infoecos.com.ar\/wp-content\/uploads\/2024\/04\/IMG-20240419-WA0093-400x250.jpg",400,250,true]},"author_info":{"info":["Jorge Matheus"]},"category_info":"<a href=\"https:\/\/infoecos.com.ar\/index.php\/category\/sin-categoria\/\" rel=\"category tag\">Sin categor\u00eda<\/a>","tag_info":"Sin categor\u00eda","comment_count":"0","_links":{"self":[{"href":"https:\/\/infoecos.com.ar\/index.php\/wp-json\/wp\/v2\/posts\/123379"}],"collection":[{"href":"https:\/\/infoecos.com.ar\/index.php\/wp-json\/wp\/v2\/posts"}],"about":[{"href":"https:\/\/infoecos.com.ar\/index.php\/wp-json\/wp\/v2\/types\/post"}],"author":[{"embeddable":true,"href":"https:\/\/infoecos.com.ar\/index.php\/wp-json\/wp\/v2\/users\/2"}],"replies":[{"embeddable":true,"href":"https:\/\/infoecos.com.ar\/index.php\/wp-json\/wp\/v2\/comments?post=123379"}],"version-history":[{"count":1,"href":"https:\/\/infoecos.com.ar\/index.php\/wp-json\/wp\/v2\/posts\/123379\/revisions"}],"predecessor-version":[{"id":123382,"href":"https:\/\/infoecos.com.ar\/index.php\/wp-json\/wp\/v2\/posts\/123379\/revisions\/123382"}],"wp:featuredmedia":[{"embeddable":true,"href":"https:\/\/infoecos.com.ar\/index.php\/wp-json\/wp\/v2\/media\/123380"}],"wp:attachment":[{"href":"https:\/\/infoecos.com.ar\/index.php\/wp-json\/wp\/v2\/media?parent=123379"}],"wp:term":[{"taxonomy":"category","embeddable":true,"href":"https:\/\/infoecos.com.ar\/index.php\/wp-json\/wp\/v2\/categories?post=123379"},{"taxonomy":"post_tag","embeddable":true,"href":"https:\/\/infoecos.com.ar\/index.php\/wp-json\/wp\/v2\/tags?post=123379"}],"curies":[{"name":"wp","href":"https:\/\/api.w.org\/{rel}","templated":true}]}}