{"id":127696,"date":"2024-07-25T14:16:58","date_gmt":"2024-07-25T17:16:58","guid":{"rendered":"https:\/\/infoecos.com.ar\/?p=127696"},"modified":"2024-07-25T14:16:59","modified_gmt":"2024-07-25T17:16:59","slug":"se-inaugurara-la-nueva-sucursal-del-banco-provincia-en-casbas-con-la-presencia-de-kicillof","status":"publish","type":"post","link":"https:\/\/infoecos.com.ar\/index.php\/se-inaugurara-la-nueva-sucursal-del-banco-provincia-en-casbas-con-la-presencia-de-kicillof\/","title":{"rendered":"Se inaugurar\u00e1 la nueva sucursal del Banco Provincia en Casbas con la presencia de Kicillof"},"content":{"rendered":"\n<figure class=\"wp-block-image alignright size-full is-resized\"><img loading=\"lazy\" decoding=\"async\" width=\"600\" height=\"450\" src=\"https:\/\/infoecos.com.ar\/wp-content\/uploads\/2024\/07\/image-279.png\" alt=\"\" class=\"wp-image-127697\" style=\"width:383px;height:auto\"\/><\/figure>\n\n\n\n<p>El Gobernador de la Provincia de Buenos Aires, Axel Kicillof, visitar\u00e1 al distrito de Guamini este viernes 26 de julio. Acompa\u00f1ado por el Intendente local, Jos\u00e9 Augusto Nobre Ferreira, Kicillof recorrer\u00e1 diversos puntos del distrito y encabezar\u00e1 la inauguraci\u00f3n de la nueva sucursal del Banco Provincia en la localidad de Casbas.<\/p>\n\n\n\n<p>El acto inaugural comenzar\u00e1 a las 10:30 horas del viernes 26, ubicado en las calles Hip\u00f3lito Yrigoyen y Condesse de Casbas.<\/p>\n\n\n\n<p>La presencia del mandatario bonaerense servir\u00e1 adem\u00e1s para dar inicio a la L\u00ednea El\u00e9ctrica de 132 kv que va de Coronel Su\u00e1rez hasta Guamin\u00ed y su estaci\u00f3n Transformadora en la rotonda con la ruta 86. <\/p>\n","protected":false},"excerpt":{"rendered":"<p>El acto inaugural comenzar\u00e1 a las 10:30 horas del viernes 26, ubicado en las calles Hip\u00f3lito Yrigoyen y Condesse de Casbas<\/p>\n","protected":false},"author":2,"featured_media":127697,"comment_status":"closed","ping_status":"open","sticky":false,"template":"","format":"standard","meta":{"footnotes":""},"categories":[1612],"tags":[],"class_list":["post-127696","post","type-post","status-publish","format-standard","has-post-thumbnail","hentry","category-noticia-principal"],"yoast_head":"<!-- This site is optimized with the Yoast SEO plugin v23.4 - https:\/\/yoast.com\/wordpress\/plugins\/seo\/ -->\n<title>Se inaugurar\u00e1 la nueva sucursal del Banco Provincia en Casbas con la presencia de Kicillof - Infoecos<\/title>\n<meta name=\"robots\" content=\"index, follow, max-snippet:-1, max-image-preview:large, max-video-preview:-1\" \/>\n<link rel=\"canonical\" href=\"https:\/\/infoecos.com.ar\/index.php\/se-inaugurara-la-nueva-sucursal-del-banco-provincia-en-casbas-con-la-presencia-de-kicillof\/\" \/>\n<meta property=\"og:locale\" content=\"es_ES\" \/>\n<meta property=\"og:type\" content=\"article\" \/>\n<meta property=\"og:title\" content=\"Se inaugurar\u00e1 la nueva sucursal del Banco Provincia en Casbas con la presencia de Kicillof - Infoecos\" \/>\n<meta property=\"og:description\" content=\"El acto inaugural comenzar\u00e1 a las 10:30 horas del viernes 26, ubicado en las calles Hip\u00f3lito Yrigoyen y Condesse de Casbas\" \/>\n<meta property=\"og:url\" content=\"https:\/\/infoecos.com.ar\/index.php\/se-inaugurara-la-nueva-sucursal-del-banco-provincia-en-casbas-con-la-presencia-de-kicillof\/\" \/>\n<meta property=\"og:site_name\" content=\"Infoecos\" \/>\n<meta property=\"article:publisher\" content=\"https:\/\/www.facebook.com\/profile.php?id=100063200290284\" \/>\n<meta property=\"article:published_time\" content=\"2024-07-25T17:16:58+00:00\" \/>\n<meta property=\"article:modified_time\" content=\"2024-07-25T17:16:59+00:00\" \/>\n<meta property=\"og:image\" content=\"https:\/\/infoecos.com.ar\/wp-content\/uploads\/2024\/07\/image-279.png\" \/>\n\t<meta property=\"og:image:width\" content=\"600\" \/>\n\t<meta property=\"og:image:height\" content=\"450\" \/>\n\t<meta property=\"og:image:type\" content=\"image\/png\" \/>\n<meta name=\"author\" content=\"Jorge Matheus\" \/>\n<meta name=\"twitter:card\" content=\"summary_large_image\" \/>\n<meta name=\"twitter:creator\" content=\"@infoecos\" \/>\n<meta name=\"twitter:site\" content=\"@infoecos\" \/>\n<meta name=\"twitter:label1\" content=\"Escrito por\" \/>\n\t<meta name=\"twitter:data1\" content=\"Jorge Matheus\" \/>\n\t<meta name=\"twitter:label2\" content=\"Tiempo de lectura\" \/>\n\t<meta name=\"twitter:data2\" content=\"1 minuto\" \/>\n<script type=\"application\/ld+json\" class=\"yoast-schema-graph\">{\"@context\":\"https:\/\/schema.org\",\"@graph\":[{\"@type\":\"Article\",\"@id\":\"https:\/\/infoecos.com.ar\/index.php\/se-inaugurara-la-nueva-sucursal-del-banco-provincia-en-casbas-con-la-presencia-de-kicillof\/#article\",\"isPartOf\":{\"@id\":\"https:\/\/infoecos.com.ar\/index.php\/se-inaugurara-la-nueva-sucursal-del-banco-provincia-en-casbas-con-la-presencia-de-kicillof\/\"},\"author\":{\"name\":\"Jorge Matheus\",\"@id\":\"https:\/\/infoecos.com.ar\/#\/schema\/person\/8f5ace5ce73b4b4aac4b7245aee6f191\"},\"headline\":\"Se inaugurar\u00e1 la nueva sucursal del Banco Provincia en Casbas con la presencia de Kicillof\",\"datePublished\":\"2024-07-25T17:16:58+00:00\",\"dateModified\":\"2024-07-25T17:16:59+00:00\",\"mainEntityOfPage\":{\"@id\":\"https:\/\/infoecos.com.ar\/index.php\/se-inaugurara-la-nueva-sucursal-del-banco-provincia-en-casbas-con-la-presencia-de-kicillof\/\"},\"wordCount\":125,\"publisher\":{\"@id\":\"https:\/\/infoecos.com.ar\/#organization\"},\"image\":{\"@id\":\"https:\/\/infoecos.com.ar\/index.php\/se-inaugurara-la-nueva-sucursal-del-banco-provincia-en-casbas-con-la-presencia-de-kicillof\/#primaryimage\"},\"thumbnailUrl\":\"https:\/\/infoecos.com.ar\/wp-content\/uploads\/2024\/07\/image-279.png\",\"articleSection\":[\"Noticia Principal\"],\"inLanguage\":\"es\"},{\"@type\":\"WebPage\",\"@id\":\"https:\/\/infoecos.com.ar\/index.php\/se-inaugurara-la-nueva-sucursal-del-banco-provincia-en-casbas-con-la-presencia-de-kicillof\/\",\"url\":\"https:\/\/infoecos.com.ar\/index.php\/se-inaugurara-la-nueva-sucursal-del-banco-provincia-en-casbas-con-la-presencia-de-kicillof\/\",\"name\":\"Se inaugurar\u00e1 la nueva sucursal del Banco Provincia en Casbas con la presencia de Kicillof - Infoecos\",\"isPartOf\":{\"@id\":\"https:\/\/infoecos.com.ar\/#website\"},\"primaryImageOfPage\":{\"@id\":\"https:\/\/infoecos.com.ar\/index.php\/se-inaugurara-la-nueva-sucursal-del-banco-provincia-en-casbas-con-la-presencia-de-kicillof\/#primaryimage\"},\"image\":{\"@id\":\"https:\/\/infoecos.com.ar\/index.php\/se-inaugurara-la-nueva-sucursal-del-banco-provincia-en-casbas-con-la-presencia-de-kicillof\/#primaryimage\"},\"thumbnailUrl\":\"https:\/\/infoecos.com.ar\/wp-content\/uploads\/2024\/07\/image-279.png\",\"datePublished\":\"2024-07-25T17:16:58+00:00\",\"dateModified\":\"2024-07-25T17:16:59+00:00\",\"breadcrumb\":{\"@id\":\"https:\/\/infoecos.com.ar\/index.php\/se-inaugurara-la-nueva-sucursal-del-banco-provincia-en-casbas-con-la-presencia-de-kicillof\/#breadcrumb\"},\"inLanguage\":\"es\",\"potentialAction\":[{\"@type\":\"ReadAction\",\"target\":[\"https:\/\/infoecos.com.ar\/index.php\/se-inaugurara-la-nueva-sucursal-del-banco-provincia-en-casbas-con-la-presencia-de-kicillof\/\"]}]},{\"@type\":\"ImageObject\",\"inLanguage\":\"es\",\"@id\":\"https:\/\/infoecos.com.ar\/index.php\/se-inaugurara-la-nueva-sucursal-del-banco-provincia-en-casbas-con-la-presencia-de-kicillof\/#primaryimage\",\"url\":\"https:\/\/infoecos.com.ar\/wp-content\/uploads\/2024\/07\/image-279.png\",\"contentUrl\":\"https:\/\/infoecos.com.ar\/wp-content\/uploads\/2024\/07\/image-279.png\",\"width\":600,\"height\":450},{\"@type\":\"BreadcrumbList\",\"@id\":\"https:\/\/infoecos.com.ar\/index.php\/se-inaugurara-la-nueva-sucursal-del-banco-provincia-en-casbas-con-la-presencia-de-kicillof\/#breadcrumb\",\"itemListElement\":[{\"@type\":\"ListItem\",\"position\":1,\"name\":\"Portada\",\"item\":\"https:\/\/infoecos.com.ar\/\"},{\"@type\":\"ListItem\",\"position\":2,\"name\":\"Se inaugurar\u00e1 la nueva sucursal del Banco Provincia en Casbas con la presencia de Kicillof\"}]},{\"@type\":\"WebSite\",\"@id\":\"https:\/\/infoecos.com.ar\/#website\",\"url\":\"https:\/\/infoecos.com.ar\/\",\"name\":\"Infoecos\",\"description\":\"Noticias de trenque lauquen y la zona\",\"publisher\":{\"@id\":\"https:\/\/infoecos.com.ar\/#organization\"},\"alternateName\":\"Noticias\",\"potentialAction\":[{\"@type\":\"SearchAction\",\"target\":{\"@type\":\"EntryPoint\",\"urlTemplate\":\"https:\/\/infoecos.com.ar\/?s={search_term_string}\"},\"query-input\":{\"@type\":\"PropertyValueSpecification\",\"valueRequired\":true,\"valueName\":\"search_term_string\"}}],\"inLanguage\":\"es\"},{\"@type\":\"Organization\",\"@id\":\"https:\/\/infoecos.com.ar\/#organization\",\"name\":\"Infoecos\",\"alternateName\":\"Noticias\",\"url\":\"https:\/\/infoecos.com.ar\/\",\"logo\":{\"@type\":\"ImageObject\",\"inLanguage\":\"es\",\"@id\":\"https:\/\/infoecos.com.ar\/#\/schema\/logo\/image\/\",\"url\":\"https:\/\/infoecos.com.ar\/wp-content\/uploads\/2024\/03\/cropped-logo.png\",\"contentUrl\":\"https:\/\/infoecos.com.ar\/wp-content\/uploads\/2024\/03\/cropped-logo.png\",\"width\":374,\"height\":90,\"caption\":\"Infoecos\"},\"image\":{\"@id\":\"https:\/\/infoecos.com.ar\/#\/schema\/logo\/image\/\"},\"sameAs\":[\"https:\/\/www.facebook.com\/profile.php?id=100063200290284\",\"https:\/\/x.com\/infoecos\"]},{\"@type\":\"Person\",\"@id\":\"https:\/\/infoecos.com.ar\/#\/schema\/person\/8f5ace5ce73b4b4aac4b7245aee6f191\",\"name\":\"Jorge Matheus\",\"url\":\"https:\/\/infoecos.com.ar\/index.php\/author\/jomatheus\/\"}]}<\/script>\n<!-- \/ Yoast SEO plugin. -->","yoast_head_json":{"title":"Se inaugurar\u00e1 la nueva sucursal del Banco Provincia en Casbas con la presencia de Kicillof - Infoecos","robots":{"index":"index","follow":"follow","max-snippet":"max-snippet:-1","max-image-preview":"max-image-preview:large","max-video-preview":"max-video-preview:-1"},"canonical":"https:\/\/infoecos.com.ar\/index.php\/se-inaugurara-la-nueva-sucursal-del-banco-provincia-en-casbas-con-la-presencia-de-kicillof\/","og_locale":"es_ES","og_type":"article","og_title":"Se inaugurar\u00e1 la nueva sucursal del Banco Provincia en Casbas con la presencia de Kicillof - Infoecos","og_description":"El acto inaugural comenzar\u00e1 a las 10:30 horas del viernes 26, ubicado en las calles Hip\u00f3lito Yrigoyen y Condesse de Casbas","og_url":"https:\/\/infoecos.com.ar\/index.php\/se-inaugurara-la-nueva-sucursal-del-banco-provincia-en-casbas-con-la-presencia-de-kicillof\/","og_site_name":"Infoecos","article_publisher":"https:\/\/www.facebook.com\/profile.php?id=100063200290284","article_published_time":"2024-07-25T17:16:58+00:00","article_modified_time":"2024-07-25T17:16:59+00:00","og_image":[{"width":600,"height":450,"url":"https:\/\/infoecos.com.ar\/wp-content\/uploads\/2024\/07\/image-279.png","type":"image\/png"}],"author":"Jorge Matheus","twitter_card":"summary_large_image","twitter_creator":"@infoecos","twitter_site":"@infoecos","twitter_misc":{"Escrito por":"Jorge Matheus","Tiempo de lectura":"1 minuto"},"schema":{"@context":"https:\/\/schema.org","@graph":[{"@type":"Article","@id":"https:\/\/infoecos.com.ar\/index.php\/se-inaugurara-la-nueva-sucursal-del-banco-provincia-en-casbas-con-la-presencia-de-kicillof\/#article","isPartOf":{"@id":"https:\/\/infoecos.com.ar\/index.php\/se-inaugurara-la-nueva-sucursal-del-banco-provincia-en-casbas-con-la-presencia-de-kicillof\/"},"author":{"name":"Jorge Matheus","@id":"https:\/\/infoecos.com.ar\/#\/schema\/person\/8f5ace5ce73b4b4aac4b7245aee6f191"},"headline":"Se inaugurar\u00e1 la nueva sucursal del Banco Provincia en Casbas con la presencia de Kicillof","datePublished":"2024-07-25T17:16:58+00:00","dateModified":"2024-07-25T17:16:59+00:00","mainEntityOfPage":{"@id":"https:\/\/infoecos.com.ar\/index.php\/se-inaugurara-la-nueva-sucursal-del-banco-provincia-en-casbas-con-la-presencia-de-kicillof\/"},"wordCount":125,"publisher":{"@id":"https:\/\/infoecos.com.ar\/#organization"},"image":{"@id":"https:\/\/infoecos.com.ar\/index.php\/se-inaugurara-la-nueva-sucursal-del-banco-provincia-en-casbas-con-la-presencia-de-kicillof\/#primaryimage"},"thumbnailUrl":"https:\/\/infoecos.com.ar\/wp-content\/uploads\/2024\/07\/image-279.png","articleSection":["Noticia Principal"],"inLanguage":"es"},{"@type":"WebPage","@id":"https:\/\/infoecos.com.ar\/index.php\/se-inaugurara-la-nueva-sucursal-del-banco-provincia-en-casbas-con-la-presencia-de-kicillof\/","url":"https:\/\/infoecos.com.ar\/index.php\/se-inaugurara-la-nueva-sucursal-del-banco-provincia-en-casbas-con-la-presencia-de-kicillof\/","name":"Se inaugurar\u00e1 la nueva sucursal del Banco Provincia en Casbas con la presencia de Kicillof - Infoecos","isPartOf":{"@id":"https:\/\/infoecos.com.ar\/#website"},"primaryImageOfPage":{"@id":"https:\/\/infoecos.com.ar\/index.php\/se-inaugurara-la-nueva-sucursal-del-banco-provincia-en-casbas-con-la-presencia-de-kicillof\/#primaryimage"},"image":{"@id":"https:\/\/infoecos.com.ar\/index.php\/se-inaugurara-la-nueva-sucursal-del-banco-provincia-en-casbas-con-la-presencia-de-kicillof\/#primaryimage"},"thumbnailUrl":"https:\/\/infoecos.com.ar\/wp-content\/uploads\/2024\/07\/image-279.png","datePublished":"2024-07-25T17:16:58+00:00","dateModified":"2024-07-25T17:16:59+00:00","breadcrumb":{"@id":"https:\/\/infoecos.com.ar\/index.php\/se-inaugurara-la-nueva-sucursal-del-banco-provincia-en-casbas-con-la-presencia-de-kicillof\/#breadcrumb"},"inLanguage":"es","potentialAction":[{"@type":"ReadAction","target":["https:\/\/infoecos.com.ar\/index.php\/se-inaugurara-la-nueva-sucursal-del-banco-provincia-en-casbas-con-la-presencia-de-kicillof\/"]}]},{"@type":"ImageObject","inLanguage":"es","@id":"https:\/\/infoecos.com.ar\/index.php\/se-inaugurara-la-nueva-sucursal-del-banco-provincia-en-casbas-con-la-presencia-de-kicillof\/#primaryimage","url":"https:\/\/infoecos.com.ar\/wp-content\/uploads\/2024\/07\/image-279.png","contentUrl":"https:\/\/infoecos.com.ar\/wp-content\/uploads\/2024\/07\/image-279.png","width":600,"height":450},{"@type":"BreadcrumbList","@id":"https:\/\/infoecos.com.ar\/index.php\/se-inaugurara-la-nueva-sucursal-del-banco-provincia-en-casbas-con-la-presencia-de-kicillof\/#breadcrumb","itemListElement":[{"@type":"ListItem","position":1,"name":"Portada","item":"https:\/\/infoecos.com.ar\/"},{"@type":"ListItem","position":2,"name":"Se inaugurar\u00e1 la nueva sucursal del Banco Provincia en Casbas con la presencia de Kicillof"}]},{"@type":"WebSite","@id":"https:\/\/infoecos.com.ar\/#website","url":"https:\/\/infoecos.com.ar\/","name":"Infoecos","description":"Noticias de trenque lauquen y la zona","publisher":{"@id":"https:\/\/infoecos.com.ar\/#organization"},"alternateName":"Noticias","potentialAction":[{"@type":"SearchAction","target":{"@type":"EntryPoint","urlTemplate":"https:\/\/infoecos.com.ar\/?s={search_term_string}"},"query-input":{"@type":"PropertyValueSpecification","valueRequired":true,"valueName":"search_term_string"}}],"inLanguage":"es"},{"@type":"Organization","@id":"https:\/\/infoecos.com.ar\/#organization","name":"Infoecos","alternateName":"Noticias","url":"https:\/\/infoecos.com.ar\/","logo":{"@type":"ImageObject","inLanguage":"es","@id":"https:\/\/infoecos.com.ar\/#\/schema\/logo\/image\/","url":"https:\/\/infoecos.com.ar\/wp-content\/uploads\/2024\/03\/cropped-logo.png","contentUrl":"https:\/\/infoecos.com.ar\/wp-content\/uploads\/2024\/03\/cropped-logo.png","width":374,"height":90,"caption":"Infoecos"},"image":{"@id":"https:\/\/infoecos.com.ar\/#\/schema\/logo\/image\/"},"sameAs":["https:\/\/www.facebook.com\/profile.php?id=100063200290284","https:\/\/x.com\/infoecos"]},{"@type":"Person","@id":"https:\/\/infoecos.com.ar\/#\/schema\/person\/8f5ace5ce73b4b4aac4b7245aee6f191","name":"Jorge Matheus","url":"https:\/\/infoecos.com.ar\/index.php\/author\/jomatheus\/"}]}},"featured_image_urls":{"full":["https:\/\/infoecos.com.ar\/wp-content\/uploads\/2024\/07\/image-279.png",600,450,false],"thumbnail":["https:\/\/infoecos.com.ar\/wp-content\/uploads\/2024\/07\/image-279-300x150.png",300,150,true],"medium":["https:\/\/infoecos.com.ar\/wp-content\/uploads\/2024\/07\/image-279.png",600,450,false],"medium_large":["https:\/\/infoecos.com.ar\/wp-content\/uploads\/2024\/07\/image-279.png",600,450,false],"large":["https:\/\/infoecos.com.ar\/wp-content\/uploads\/2024\/07\/image-279.png",600,450,false],"1536x1536":["https:\/\/infoecos.com.ar\/wp-content\/uploads\/2024\/07\/image-279.png",600,450,false],"2048x2048":["https:\/\/infoecos.com.ar\/wp-content\/uploads\/2024\/07\/image-279.png",600,450,false],"covernews-slider-full":["https:\/\/infoecos.com.ar\/wp-content\/uploads\/2024\/07\/image-279.png",600,450,false],"covernews-slider-center":["https:\/\/infoecos.com.ar\/wp-content\/uploads\/2024\/07\/image-279.png",600,450,false],"covernews-featured":["https:\/\/infoecos.com.ar\/wp-content\/uploads\/2024\/07\/image-279.png",600,450,false],"covernews-medium":["https:\/\/infoecos.com.ar\/wp-content\/uploads\/2024\/07\/image-279-540x340.png",540,340,true],"covernews-medium-square":["https:\/\/infoecos.com.ar\/wp-content\/uploads\/2024\/07\/image-279-400x250.png",400,250,true]},"author_info":{"info":["Jorge Matheus"]},"category_info":"<a href=\"https:\/\/infoecos.com.ar\/index.php\/category\/noticia-principal\/\" rel=\"category tag\">Noticia Principal<\/a>","tag_info":"Noticia Principal","comment_count":"0","_links":{"self":[{"href":"https:\/\/infoecos.com.ar\/index.php\/wp-json\/wp\/v2\/posts\/127696"}],"collection":[{"href":"https:\/\/infoecos.com.ar\/index.php\/wp-json\/wp\/v2\/posts"}],"about":[{"href":"https:\/\/infoecos.com.ar\/index.php\/wp-json\/wp\/v2\/types\/post"}],"author":[{"embeddable":true,"href":"https:\/\/infoecos.com.ar\/index.php\/wp-json\/wp\/v2\/users\/2"}],"replies":[{"embeddable":true,"href":"https:\/\/infoecos.com.ar\/index.php\/wp-json\/wp\/v2\/comments?post=127696"}],"version-history":[{"count":1,"href":"https:\/\/infoecos.com.ar\/index.php\/wp-json\/wp\/v2\/posts\/127696\/revisions"}],"predecessor-version":[{"id":127698,"href":"https:\/\/infoecos.com.ar\/index.php\/wp-json\/wp\/v2\/posts\/127696\/revisions\/127698"}],"wp:featuredmedia":[{"embeddable":true,"href":"https:\/\/infoecos.com.ar\/index.php\/wp-json\/wp\/v2\/media\/127697"}],"wp:attachment":[{"href":"https:\/\/infoecos.com.ar\/index.php\/wp-json\/wp\/v2\/media?parent=127696"}],"wp:term":[{"taxonomy":"category","embeddable":true,"href":"https:\/\/infoecos.com.ar\/index.php\/wp-json\/wp\/v2\/categories?post=127696"},{"taxonomy":"post_tag","embeddable":true,"href":"https:\/\/infoecos.com.ar\/index.php\/wp-json\/wp\/v2\/tags?post=127696"}],"curies":[{"name":"wp","href":"https:\/\/api.w.org\/{rel}","templated":true}]}}