{"id":128195,"date":"2024-08-04T23:32:45","date_gmt":"2024-08-05T02:32:45","guid":{"rendered":"https:\/\/infoecos.com.ar\/?p=128195"},"modified":"2024-08-04T23:32:46","modified_gmt":"2024-08-05T02:32:46","slug":"carhue-en-el-receso-invernal-mas-de-3-800-turistas","status":"publish","type":"post","link":"https:\/\/infoecos.com.ar\/index.php\/carhue-en-el-receso-invernal-mas-de-3-800-turistas\/","title":{"rendered":"Carhu\u00e9: en el receso invernal m\u00e1s de 3.800 turistas"},"content":{"rendered":"\n<p><strong>Fuente: diarioderivera.com.ar<\/strong><\/p>\n\n\n\n<p>El receso&nbsp;<a href=\"https:\/\/www.diarioderivera.com.ar\/2024\/08\/01\/mas-de-3-800-turistas-visitaron-epecuen-durante-las-vacaciones-de-invierno\/#\">&nbsp;invernal<\/a>&nbsp;2024 concluy\u00f3 con un notable aumento en la afluencia de visitantes a Carhu\u00e9, donde miles de turistas disfrutaron de una variada oferta de atracciones y actividades. Del 12 al 28 de julio, la localidad se convirti\u00f3 en un importante destino tur\u00edstico, registrando una ocupaci\u00f3n del 80% en los alojamientos disponibles.<\/p>\n\n\n\n<p>Este incremento en el movimiento tur\u00edstico fue el resultado de un esfuerzo conjunto de las Secretar\u00edas de Turismo y Cultura de la Municipalidad de Adolfo Alsina, que se unieron para ofrecer a los visitantes una experiencia inolvidable. Durante su estancia, los m\u00e1s de 3.800 turistas pudieron explorar el fen\u00f3meno de cristalizaci\u00f3n de Sulfato de Sodio, disfrutar de las famosas termas de la regi\u00f3n, y participar en visitas hist\u00f3ricas y culturales que resaltan el rico patrimonio local.<\/p>\n\n\n\n<p>Asimismo, la agenda cultural de Carhu\u00e9 fue extensa y variada, presentando eventos y actividades para todos los gustos y edades, lo que consolid\u00f3 a\u00fan m\u00e1s al destino como una opci\u00f3n ideal para las vacaciones invernales.<\/p>\n","protected":false},"excerpt":{"rendered":"<p>Este incremento en el movimiento tur\u00edstico fue el resultado de un esfuerzo conjunto de las Secretar\u00edas de Turismo y Cultura de la Municipalidad de Adolfo Alsina, que se unieron para ofrecer a los visitantes una experiencia inolvidable<\/p>\n","protected":false},"author":2,"featured_media":126205,"comment_status":"closed","ping_status":"open","sticky":false,"template":"","format":"standard","meta":{"footnotes":""},"categories":[1],"tags":[1500],"class_list":["post-128195","post","type-post","status-publish","format-standard","has-post-thumbnail","hentry","category-sin-categoria","tag-regional"],"yoast_head":"<!-- This site is optimized with the Yoast SEO plugin v23.4 - https:\/\/yoast.com\/wordpress\/plugins\/seo\/ -->\n<title>Carhu\u00e9: en el receso invernal m\u00e1s de 3.800 turistas - Infoecos<\/title>\n<meta name=\"robots\" content=\"index, follow, max-snippet:-1, max-image-preview:large, max-video-preview:-1\" \/>\n<link rel=\"canonical\" href=\"https:\/\/infoecos.com.ar\/index.php\/carhue-en-el-receso-invernal-mas-de-3-800-turistas\/\" \/>\n<meta property=\"og:locale\" content=\"es_ES\" \/>\n<meta property=\"og:type\" content=\"article\" \/>\n<meta property=\"og:title\" content=\"Carhu\u00e9: en el receso invernal m\u00e1s de 3.800 turistas - Infoecos\" \/>\n<meta property=\"og:description\" content=\"Este incremento en el movimiento tur\u00edstico fue el resultado de un esfuerzo conjunto de las Secretar\u00edas de Turismo y Cultura de la Municipalidad de Adolfo Alsina, que se unieron para ofrecer a los visitantes una experiencia inolvidable\" \/>\n<meta property=\"og:url\" content=\"https:\/\/infoecos.com.ar\/index.php\/carhue-en-el-receso-invernal-mas-de-3-800-turistas\/\" \/>\n<meta property=\"og:site_name\" content=\"Infoecos\" \/>\n<meta property=\"article:publisher\" content=\"https:\/\/www.facebook.com\/profile.php?id=100063200290284\" \/>\n<meta property=\"article:published_time\" content=\"2024-08-05T02:32:45+00:00\" \/>\n<meta property=\"article:modified_time\" content=\"2024-08-05T02:32:46+00:00\" \/>\n<meta property=\"og:image\" content=\"https:\/\/infoecos.com.ar\/wp-content\/uploads\/2024\/06\/image-335-1600x900.png\" \/>\n\t<meta property=\"og:image:width\" content=\"1600\" \/>\n\t<meta property=\"og:image:height\" content=\"900\" \/>\n\t<meta property=\"og:image:type\" content=\"image\/png\" \/>\n<meta name=\"author\" content=\"Jorge Matheus\" \/>\n<meta name=\"twitter:card\" content=\"summary_large_image\" \/>\n<meta name=\"twitter:creator\" content=\"@infoecos\" \/>\n<meta name=\"twitter:site\" content=\"@infoecos\" \/>\n<meta name=\"twitter:label1\" content=\"Escrito por\" \/>\n\t<meta name=\"twitter:data1\" content=\"Jorge Matheus\" \/>\n\t<meta name=\"twitter:label2\" content=\"Tiempo de lectura\" \/>\n\t<meta name=\"twitter:data2\" content=\"1 minuto\" \/>\n<script type=\"application\/ld+json\" class=\"yoast-schema-graph\">{\"@context\":\"https:\/\/schema.org\",\"@graph\":[{\"@type\":\"Article\",\"@id\":\"https:\/\/infoecos.com.ar\/index.php\/carhue-en-el-receso-invernal-mas-de-3-800-turistas\/#article\",\"isPartOf\":{\"@id\":\"https:\/\/infoecos.com.ar\/index.php\/carhue-en-el-receso-invernal-mas-de-3-800-turistas\/\"},\"author\":{\"name\":\"Jorge Matheus\",\"@id\":\"https:\/\/infoecos.com.ar\/#\/schema\/person\/8f5ace5ce73b4b4aac4b7245aee6f191\"},\"headline\":\"Carhu\u00e9: en el receso invernal m\u00e1s de 3.800 turistas\",\"datePublished\":\"2024-08-05T02:32:45+00:00\",\"dateModified\":\"2024-08-05T02:32:46+00:00\",\"mainEntityOfPage\":{\"@id\":\"https:\/\/infoecos.com.ar\/index.php\/carhue-en-el-receso-invernal-mas-de-3-800-turistas\/\"},\"wordCount\":187,\"publisher\":{\"@id\":\"https:\/\/infoecos.com.ar\/#organization\"},\"image\":{\"@id\":\"https:\/\/infoecos.com.ar\/index.php\/carhue-en-el-receso-invernal-mas-de-3-800-turistas\/#primaryimage\"},\"thumbnailUrl\":\"https:\/\/infoecos.com.ar\/wp-content\/uploads\/2024\/06\/image-335.png\",\"keywords\":[\"REGIONAL\"],\"inLanguage\":\"es\"},{\"@type\":\"WebPage\",\"@id\":\"https:\/\/infoecos.com.ar\/index.php\/carhue-en-el-receso-invernal-mas-de-3-800-turistas\/\",\"url\":\"https:\/\/infoecos.com.ar\/index.php\/carhue-en-el-receso-invernal-mas-de-3-800-turistas\/\",\"name\":\"Carhu\u00e9: en el receso invernal m\u00e1s de 3.800 turistas - Infoecos\",\"isPartOf\":{\"@id\":\"https:\/\/infoecos.com.ar\/#website\"},\"primaryImageOfPage\":{\"@id\":\"https:\/\/infoecos.com.ar\/index.php\/carhue-en-el-receso-invernal-mas-de-3-800-turistas\/#primaryimage\"},\"image\":{\"@id\":\"https:\/\/infoecos.com.ar\/index.php\/carhue-en-el-receso-invernal-mas-de-3-800-turistas\/#primaryimage\"},\"thumbnailUrl\":\"https:\/\/infoecos.com.ar\/wp-content\/uploads\/2024\/06\/image-335.png\",\"datePublished\":\"2024-08-05T02:32:45+00:00\",\"dateModified\":\"2024-08-05T02:32:46+00:00\",\"breadcrumb\":{\"@id\":\"https:\/\/infoecos.com.ar\/index.php\/carhue-en-el-receso-invernal-mas-de-3-800-turistas\/#breadcrumb\"},\"inLanguage\":\"es\",\"potentialAction\":[{\"@type\":\"ReadAction\",\"target\":[\"https:\/\/infoecos.com.ar\/index.php\/carhue-en-el-receso-invernal-mas-de-3-800-turistas\/\"]}]},{\"@type\":\"ImageObject\",\"inLanguage\":\"es\",\"@id\":\"https:\/\/infoecos.com.ar\/index.php\/carhue-en-el-receso-invernal-mas-de-3-800-turistas\/#primaryimage\",\"url\":\"https:\/\/infoecos.com.ar\/wp-content\/uploads\/2024\/06\/image-335.png\",\"contentUrl\":\"https:\/\/infoecos.com.ar\/wp-content\/uploads\/2024\/06\/image-335.png\",\"width\":2048,\"height\":1152},{\"@type\":\"BreadcrumbList\",\"@id\":\"https:\/\/infoecos.com.ar\/index.php\/carhue-en-el-receso-invernal-mas-de-3-800-turistas\/#breadcrumb\",\"itemListElement\":[{\"@type\":\"ListItem\",\"position\":1,\"name\":\"Portada\",\"item\":\"https:\/\/infoecos.com.ar\/\"},{\"@type\":\"ListItem\",\"position\":2,\"name\":\"Carhu\u00e9: en el receso invernal m\u00e1s de 3.800 turistas\"}]},{\"@type\":\"WebSite\",\"@id\":\"https:\/\/infoecos.com.ar\/#website\",\"url\":\"https:\/\/infoecos.com.ar\/\",\"name\":\"Infoecos\",\"description\":\"Noticias de trenque lauquen y la zona\",\"publisher\":{\"@id\":\"https:\/\/infoecos.com.ar\/#organization\"},\"alternateName\":\"Noticias\",\"potentialAction\":[{\"@type\":\"SearchAction\",\"target\":{\"@type\":\"EntryPoint\",\"urlTemplate\":\"https:\/\/infoecos.com.ar\/?s={search_term_string}\"},\"query-input\":{\"@type\":\"PropertyValueSpecification\",\"valueRequired\":true,\"valueName\":\"search_term_string\"}}],\"inLanguage\":\"es\"},{\"@type\":\"Organization\",\"@id\":\"https:\/\/infoecos.com.ar\/#organization\",\"name\":\"Infoecos\",\"alternateName\":\"Noticias\",\"url\":\"https:\/\/infoecos.com.ar\/\",\"logo\":{\"@type\":\"ImageObject\",\"inLanguage\":\"es\",\"@id\":\"https:\/\/infoecos.com.ar\/#\/schema\/logo\/image\/\",\"url\":\"https:\/\/infoecos.com.ar\/wp-content\/uploads\/2024\/03\/cropped-logo.png\",\"contentUrl\":\"https:\/\/infoecos.com.ar\/wp-content\/uploads\/2024\/03\/cropped-logo.png\",\"width\":374,\"height\":90,\"caption\":\"Infoecos\"},\"image\":{\"@id\":\"https:\/\/infoecos.com.ar\/#\/schema\/logo\/image\/\"},\"sameAs\":[\"https:\/\/www.facebook.com\/profile.php?id=100063200290284\",\"https:\/\/x.com\/infoecos\"]},{\"@type\":\"Person\",\"@id\":\"https:\/\/infoecos.com.ar\/#\/schema\/person\/8f5ace5ce73b4b4aac4b7245aee6f191\",\"name\":\"Jorge Matheus\",\"url\":\"https:\/\/infoecos.com.ar\/index.php\/author\/jomatheus\/\"}]}<\/script>\n<!-- \/ Yoast SEO plugin. -->","yoast_head_json":{"title":"Carhu\u00e9: en el receso invernal m\u00e1s de 3.800 turistas - Infoecos","robots":{"index":"index","follow":"follow","max-snippet":"max-snippet:-1","max-image-preview":"max-image-preview:large","max-video-preview":"max-video-preview:-1"},"canonical":"https:\/\/infoecos.com.ar\/index.php\/carhue-en-el-receso-invernal-mas-de-3-800-turistas\/","og_locale":"es_ES","og_type":"article","og_title":"Carhu\u00e9: en el receso invernal m\u00e1s de 3.800 turistas - Infoecos","og_description":"Este incremento en el movimiento tur\u00edstico fue el resultado de un esfuerzo conjunto de las Secretar\u00edas de Turismo y Cultura de la Municipalidad de Adolfo Alsina, que se unieron para ofrecer a los visitantes una experiencia inolvidable","og_url":"https:\/\/infoecos.com.ar\/index.php\/carhue-en-el-receso-invernal-mas-de-3-800-turistas\/","og_site_name":"Infoecos","article_publisher":"https:\/\/www.facebook.com\/profile.php?id=100063200290284","article_published_time":"2024-08-05T02:32:45+00:00","article_modified_time":"2024-08-05T02:32:46+00:00","og_image":[{"width":1600,"height":900,"url":"https:\/\/infoecos.com.ar\/wp-content\/uploads\/2024\/06\/image-335-1600x900.png","type":"image\/png"}],"author":"Jorge Matheus","twitter_card":"summary_large_image","twitter_creator":"@infoecos","twitter_site":"@infoecos","twitter_misc":{"Escrito por":"Jorge Matheus","Tiempo de lectura":"1 minuto"},"schema":{"@context":"https:\/\/schema.org","@graph":[{"@type":"Article","@id":"https:\/\/infoecos.com.ar\/index.php\/carhue-en-el-receso-invernal-mas-de-3-800-turistas\/#article","isPartOf":{"@id":"https:\/\/infoecos.com.ar\/index.php\/carhue-en-el-receso-invernal-mas-de-3-800-turistas\/"},"author":{"name":"Jorge Matheus","@id":"https:\/\/infoecos.com.ar\/#\/schema\/person\/8f5ace5ce73b4b4aac4b7245aee6f191"},"headline":"Carhu\u00e9: en el receso invernal m\u00e1s de 3.800 turistas","datePublished":"2024-08-05T02:32:45+00:00","dateModified":"2024-08-05T02:32:46+00:00","mainEntityOfPage":{"@id":"https:\/\/infoecos.com.ar\/index.php\/carhue-en-el-receso-invernal-mas-de-3-800-turistas\/"},"wordCount":187,"publisher":{"@id":"https:\/\/infoecos.com.ar\/#organization"},"image":{"@id":"https:\/\/infoecos.com.ar\/index.php\/carhue-en-el-receso-invernal-mas-de-3-800-turistas\/#primaryimage"},"thumbnailUrl":"https:\/\/infoecos.com.ar\/wp-content\/uploads\/2024\/06\/image-335.png","keywords":["REGIONAL"],"inLanguage":"es"},{"@type":"WebPage","@id":"https:\/\/infoecos.com.ar\/index.php\/carhue-en-el-receso-invernal-mas-de-3-800-turistas\/","url":"https:\/\/infoecos.com.ar\/index.php\/carhue-en-el-receso-invernal-mas-de-3-800-turistas\/","name":"Carhu\u00e9: en el receso invernal m\u00e1s de 3.800 turistas - Infoecos","isPartOf":{"@id":"https:\/\/infoecos.com.ar\/#website"},"primaryImageOfPage":{"@id":"https:\/\/infoecos.com.ar\/index.php\/carhue-en-el-receso-invernal-mas-de-3-800-turistas\/#primaryimage"},"image":{"@id":"https:\/\/infoecos.com.ar\/index.php\/carhue-en-el-receso-invernal-mas-de-3-800-turistas\/#primaryimage"},"thumbnailUrl":"https:\/\/infoecos.com.ar\/wp-content\/uploads\/2024\/06\/image-335.png","datePublished":"2024-08-05T02:32:45+00:00","dateModified":"2024-08-05T02:32:46+00:00","breadcrumb":{"@id":"https:\/\/infoecos.com.ar\/index.php\/carhue-en-el-receso-invernal-mas-de-3-800-turistas\/#breadcrumb"},"inLanguage":"es","potentialAction":[{"@type":"ReadAction","target":["https:\/\/infoecos.com.ar\/index.php\/carhue-en-el-receso-invernal-mas-de-3-800-turistas\/"]}]},{"@type":"ImageObject","inLanguage":"es","@id":"https:\/\/infoecos.com.ar\/index.php\/carhue-en-el-receso-invernal-mas-de-3-800-turistas\/#primaryimage","url":"https:\/\/infoecos.com.ar\/wp-content\/uploads\/2024\/06\/image-335.png","contentUrl":"https:\/\/infoecos.com.ar\/wp-content\/uploads\/2024\/06\/image-335.png","width":2048,"height":1152},{"@type":"BreadcrumbList","@id":"https:\/\/infoecos.com.ar\/index.php\/carhue-en-el-receso-invernal-mas-de-3-800-turistas\/#breadcrumb","itemListElement":[{"@type":"ListItem","position":1,"name":"Portada","item":"https:\/\/infoecos.com.ar\/"},{"@type":"ListItem","position":2,"name":"Carhu\u00e9: en el receso invernal m\u00e1s de 3.800 turistas"}]},{"@type":"WebSite","@id":"https:\/\/infoecos.com.ar\/#website","url":"https:\/\/infoecos.com.ar\/","name":"Infoecos","description":"Noticias de trenque lauquen y la zona","publisher":{"@id":"https:\/\/infoecos.com.ar\/#organization"},"alternateName":"Noticias","potentialAction":[{"@type":"SearchAction","target":{"@type":"EntryPoint","urlTemplate":"https:\/\/infoecos.com.ar\/?s={search_term_string}"},"query-input":{"@type":"PropertyValueSpecification","valueRequired":true,"valueName":"search_term_string"}}],"inLanguage":"es"},{"@type":"Organization","@id":"https:\/\/infoecos.com.ar\/#organization","name":"Infoecos","alternateName":"Noticias","url":"https:\/\/infoecos.com.ar\/","logo":{"@type":"ImageObject","inLanguage":"es","@id":"https:\/\/infoecos.com.ar\/#\/schema\/logo\/image\/","url":"https:\/\/infoecos.com.ar\/wp-content\/uploads\/2024\/03\/cropped-logo.png","contentUrl":"https:\/\/infoecos.com.ar\/wp-content\/uploads\/2024\/03\/cropped-logo.png","width":374,"height":90,"caption":"Infoecos"},"image":{"@id":"https:\/\/infoecos.com.ar\/#\/schema\/logo\/image\/"},"sameAs":["https:\/\/www.facebook.com\/profile.php?id=100063200290284","https:\/\/x.com\/infoecos"]},{"@type":"Person","@id":"https:\/\/infoecos.com.ar\/#\/schema\/person\/8f5ace5ce73b4b4aac4b7245aee6f191","name":"Jorge Matheus","url":"https:\/\/infoecos.com.ar\/index.php\/author\/jomatheus\/"}]}},"featured_image_urls":{"full":["https:\/\/infoecos.com.ar\/wp-content\/uploads\/2024\/06\/image-335.png",2048,1152,false],"thumbnail":["https:\/\/infoecos.com.ar\/wp-content\/uploads\/2024\/06\/image-335-300x150.png",300,150,true],"medium":["https:\/\/infoecos.com.ar\/wp-content\/uploads\/2024\/06\/image-335-800x450.png",800,450,true],"medium_large":["https:\/\/infoecos.com.ar\/wp-content\/uploads\/2024\/06\/image-335-768x432.png",640,360,true],"large":["https:\/\/infoecos.com.ar\/wp-content\/uploads\/2024\/06\/image-335-1600x900.png",640,360,true],"1536x1536":["https:\/\/infoecos.com.ar\/wp-content\/uploads\/2024\/06\/image-335-1536x864.png",1536,864,true],"2048x2048":["https:\/\/infoecos.com.ar\/wp-content\/uploads\/2024\/06\/image-335.png",2048,1152,false],"covernews-slider-full":["https:\/\/infoecos.com.ar\/wp-content\/uploads\/2024\/06\/image-335-1115x715.png",1115,715,true],"covernews-slider-center":["https:\/\/infoecos.com.ar\/wp-content\/uploads\/2024\/06\/image-335-800x500.png",800,500,true],"covernews-featured":["https:\/\/infoecos.com.ar\/wp-content\/uploads\/2024\/06\/image-335-1024x576.png",1024,576,true],"covernews-medium":["https:\/\/infoecos.com.ar\/wp-content\/uploads\/2024\/06\/image-335-540x340.png",540,340,true],"covernews-medium-square":["https:\/\/infoecos.com.ar\/wp-content\/uploads\/2024\/06\/image-335-400x250.png",400,250,true]},"author_info":{"info":["Jorge Matheus"]},"category_info":"<a href=\"https:\/\/infoecos.com.ar\/index.php\/category\/sin-categoria\/\" rel=\"category tag\">Sin categor\u00eda<\/a>","tag_info":"Sin categor\u00eda","comment_count":"0","_links":{"self":[{"href":"https:\/\/infoecos.com.ar\/index.php\/wp-json\/wp\/v2\/posts\/128195"}],"collection":[{"href":"https:\/\/infoecos.com.ar\/index.php\/wp-json\/wp\/v2\/posts"}],"about":[{"href":"https:\/\/infoecos.com.ar\/index.php\/wp-json\/wp\/v2\/types\/post"}],"author":[{"embeddable":true,"href":"https:\/\/infoecos.com.ar\/index.php\/wp-json\/wp\/v2\/users\/2"}],"replies":[{"embeddable":true,"href":"https:\/\/infoecos.com.ar\/index.php\/wp-json\/wp\/v2\/comments?post=128195"}],"version-history":[{"count":1,"href":"https:\/\/infoecos.com.ar\/index.php\/wp-json\/wp\/v2\/posts\/128195\/revisions"}],"predecessor-version":[{"id":128196,"href":"https:\/\/infoecos.com.ar\/index.php\/wp-json\/wp\/v2\/posts\/128195\/revisions\/128196"}],"wp:featuredmedia":[{"embeddable":true,"href":"https:\/\/infoecos.com.ar\/index.php\/wp-json\/wp\/v2\/media\/126205"}],"wp:attachment":[{"href":"https:\/\/infoecos.com.ar\/index.php\/wp-json\/wp\/v2\/media?parent=128195"}],"wp:term":[{"taxonomy":"category","embeddable":true,"href":"https:\/\/infoecos.com.ar\/index.php\/wp-json\/wp\/v2\/categories?post=128195"},{"taxonomy":"post_tag","embeddable":true,"href":"https:\/\/infoecos.com.ar\/index.php\/wp-json\/wp\/v2\/tags?post=128195"}],"curies":[{"name":"wp","href":"https:\/\/api.w.org\/{rel}","templated":true}]}}