{"id":128197,"date":"2024-08-04T23:44:23","date_gmt":"2024-08-05T02:44:23","guid":{"rendered":"https:\/\/infoecos.com.ar\/?p=128197"},"modified":"2024-08-04T23:44:24","modified_gmt":"2024-08-05T02:44:24","slug":"clima-trenque-lauquen-estimacion-de-lluvias-y-vientos-intensos-hasta-el-jueves","status":"publish","type":"post","link":"https:\/\/infoecos.com.ar\/index.php\/clima-trenque-lauquen-estimacion-de-lluvias-y-vientos-intensos-hasta-el-jueves\/","title":{"rendered":"Clima Trenque Lauquen: estimaci\u00f3n de lluvias y vientos intensos hasta el jueves"},"content":{"rendered":"\n<p><strong>Servicio Meteorol\u00f3gico Nacional.<\/strong><\/p>\n\n\n\n<p>Pron\u00f3stico hasta el jueves.<\/p>\n\n\n\n<p>Estimaci\u00f3n de un 40% de lluvia. <\/p>\n\n\n\n<figure class=\"wp-block-image aligncenter size-full is-resized\"><img loading=\"lazy\" decoding=\"async\" width=\"522\" height=\"234\" src=\"https:\/\/infoecos.com.ar\/wp-content\/uploads\/2024\/08\/image-50.png\" alt=\"\" class=\"wp-image-128198\" style=\"width:522px;height:auto\"\/><\/figure>\n\n\n\n<p><strong>Sensores Clim\u00e1ticos Municipalidad de Trenque Lauquen.<\/strong><\/p>\n\n\n\n<p>La temperatura m\u00e1xima del domingo se registr\u00f3 a las 15.00 horas y fue de 22.5\u00b0<\/p>\n\n\n\n<figure class=\"wp-block-image aligncenter size-full\"><img loading=\"lazy\" decoding=\"async\" width=\"254\" height=\"237\" src=\"https:\/\/infoecos.com.ar\/wp-content\/uploads\/2024\/08\/image-51.png\" alt=\"\" class=\"wp-image-128199\"\/><\/figure>\n","protected":false},"excerpt":{"rendered":"<p>La temperatura m\u00e1xima del domingo se registr\u00f3 a las 15.00 horas y fue de 22.5\u00b0<\/p>\n","protected":false},"author":2,"featured_media":116339,"comment_status":"closed","ping_status":"open","sticky":false,"template":"","format":"standard","meta":{"footnotes":""},"categories":[1612],"tags":[],"class_list":["post-128197","post","type-post","status-publish","format-standard","has-post-thumbnail","hentry","category-noticia-principal"],"yoast_head":"<!-- This site is optimized with the Yoast SEO plugin v23.4 - https:\/\/yoast.com\/wordpress\/plugins\/seo\/ -->\n<title>Clima Trenque Lauquen: estimaci\u00f3n de lluvias y vientos intensos hasta el jueves - Infoecos<\/title>\n<meta name=\"robots\" content=\"index, follow, max-snippet:-1, max-image-preview:large, max-video-preview:-1\" \/>\n<link rel=\"canonical\" href=\"https:\/\/infoecos.com.ar\/index.php\/clima-trenque-lauquen-estimacion-de-lluvias-y-vientos-intensos-hasta-el-jueves\/\" \/>\n<meta property=\"og:locale\" content=\"es_ES\" \/>\n<meta property=\"og:type\" content=\"article\" \/>\n<meta property=\"og:title\" content=\"Clima Trenque Lauquen: estimaci\u00f3n de lluvias y vientos intensos hasta el jueves - Infoecos\" \/>\n<meta property=\"og:description\" content=\"La temperatura m\u00e1xima del domingo se registr\u00f3 a las 15.00 horas y fue de 22.5\u00b0\" \/>\n<meta property=\"og:url\" content=\"https:\/\/infoecos.com.ar\/index.php\/clima-trenque-lauquen-estimacion-de-lluvias-y-vientos-intensos-hasta-el-jueves\/\" \/>\n<meta property=\"og:site_name\" content=\"Infoecos\" \/>\n<meta property=\"article:publisher\" content=\"https:\/\/www.facebook.com\/profile.php?id=100063200290284\" \/>\n<meta property=\"article:published_time\" content=\"2024-08-05T02:44:23+00:00\" \/>\n<meta property=\"article:modified_time\" content=\"2024-08-05T02:44:24+00:00\" \/>\n<meta property=\"og:image\" content=\"https:\/\/infoecos.com.ar\/wp-content\/uploads\/2023\/12\/image-87.png\" \/>\n\t<meta property=\"og:image:width\" content=\"480\" \/>\n\t<meta property=\"og:image:height\" content=\"360\" \/>\n\t<meta property=\"og:image:type\" content=\"image\/png\" \/>\n<meta name=\"author\" content=\"Jorge Matheus\" \/>\n<meta name=\"twitter:card\" content=\"summary_large_image\" \/>\n<meta name=\"twitter:creator\" content=\"@infoecos\" \/>\n<meta name=\"twitter:site\" content=\"@infoecos\" \/>\n<meta name=\"twitter:label1\" content=\"Escrito por\" \/>\n\t<meta name=\"twitter:data1\" content=\"Jorge Matheus\" \/>\n\t<meta name=\"twitter:label2\" content=\"Tiempo de lectura\" \/>\n\t<meta name=\"twitter:data2\" content=\"1 minuto\" \/>\n<script type=\"application\/ld+json\" class=\"yoast-schema-graph\">{\"@context\":\"https:\/\/schema.org\",\"@graph\":[{\"@type\":\"Article\",\"@id\":\"https:\/\/infoecos.com.ar\/index.php\/clima-trenque-lauquen-estimacion-de-lluvias-y-vientos-intensos-hasta-el-jueves\/#article\",\"isPartOf\":{\"@id\":\"https:\/\/infoecos.com.ar\/index.php\/clima-trenque-lauquen-estimacion-de-lluvias-y-vientos-intensos-hasta-el-jueves\/\"},\"author\":{\"name\":\"Jorge Matheus\",\"@id\":\"https:\/\/infoecos.com.ar\/#\/schema\/person\/8f5ace5ce73b4b4aac4b7245aee6f191\"},\"headline\":\"Clima Trenque Lauquen: estimaci\u00f3n de lluvias y vientos intensos hasta el jueves\",\"datePublished\":\"2024-08-05T02:44:23+00:00\",\"dateModified\":\"2024-08-05T02:44:24+00:00\",\"mainEntityOfPage\":{\"@id\":\"https:\/\/infoecos.com.ar\/index.php\/clima-trenque-lauquen-estimacion-de-lluvias-y-vientos-intensos-hasta-el-jueves\/\"},\"wordCount\":49,\"publisher\":{\"@id\":\"https:\/\/infoecos.com.ar\/#organization\"},\"image\":{\"@id\":\"https:\/\/infoecos.com.ar\/index.php\/clima-trenque-lauquen-estimacion-de-lluvias-y-vientos-intensos-hasta-el-jueves\/#primaryimage\"},\"thumbnailUrl\":\"https:\/\/infoecos.com.ar\/wp-content\/uploads\/2023\/12\/image-87.png\",\"articleSection\":[\"Noticia Principal\"],\"inLanguage\":\"es\"},{\"@type\":\"WebPage\",\"@id\":\"https:\/\/infoecos.com.ar\/index.php\/clima-trenque-lauquen-estimacion-de-lluvias-y-vientos-intensos-hasta-el-jueves\/\",\"url\":\"https:\/\/infoecos.com.ar\/index.php\/clima-trenque-lauquen-estimacion-de-lluvias-y-vientos-intensos-hasta-el-jueves\/\",\"name\":\"Clima Trenque Lauquen: estimaci\u00f3n de lluvias y vientos intensos hasta el jueves - Infoecos\",\"isPartOf\":{\"@id\":\"https:\/\/infoecos.com.ar\/#website\"},\"primaryImageOfPage\":{\"@id\":\"https:\/\/infoecos.com.ar\/index.php\/clima-trenque-lauquen-estimacion-de-lluvias-y-vientos-intensos-hasta-el-jueves\/#primaryimage\"},\"image\":{\"@id\":\"https:\/\/infoecos.com.ar\/index.php\/clima-trenque-lauquen-estimacion-de-lluvias-y-vientos-intensos-hasta-el-jueves\/#primaryimage\"},\"thumbnailUrl\":\"https:\/\/infoecos.com.ar\/wp-content\/uploads\/2023\/12\/image-87.png\",\"datePublished\":\"2024-08-05T02:44:23+00:00\",\"dateModified\":\"2024-08-05T02:44:24+00:00\",\"breadcrumb\":{\"@id\":\"https:\/\/infoecos.com.ar\/index.php\/clima-trenque-lauquen-estimacion-de-lluvias-y-vientos-intensos-hasta-el-jueves\/#breadcrumb\"},\"inLanguage\":\"es\",\"potentialAction\":[{\"@type\":\"ReadAction\",\"target\":[\"https:\/\/infoecos.com.ar\/index.php\/clima-trenque-lauquen-estimacion-de-lluvias-y-vientos-intensos-hasta-el-jueves\/\"]}]},{\"@type\":\"ImageObject\",\"inLanguage\":\"es\",\"@id\":\"https:\/\/infoecos.com.ar\/index.php\/clima-trenque-lauquen-estimacion-de-lluvias-y-vientos-intensos-hasta-el-jueves\/#primaryimage\",\"url\":\"https:\/\/infoecos.com.ar\/wp-content\/uploads\/2023\/12\/image-87.png\",\"contentUrl\":\"https:\/\/infoecos.com.ar\/wp-content\/uploads\/2023\/12\/image-87.png\",\"width\":480,\"height\":360},{\"@type\":\"BreadcrumbList\",\"@id\":\"https:\/\/infoecos.com.ar\/index.php\/clima-trenque-lauquen-estimacion-de-lluvias-y-vientos-intensos-hasta-el-jueves\/#breadcrumb\",\"itemListElement\":[{\"@type\":\"ListItem\",\"position\":1,\"name\":\"Portada\",\"item\":\"https:\/\/infoecos.com.ar\/\"},{\"@type\":\"ListItem\",\"position\":2,\"name\":\"Clima Trenque Lauquen: estimaci\u00f3n de lluvias y vientos intensos hasta el jueves\"}]},{\"@type\":\"WebSite\",\"@id\":\"https:\/\/infoecos.com.ar\/#website\",\"url\":\"https:\/\/infoecos.com.ar\/\",\"name\":\"Infoecos\",\"description\":\"Noticias de trenque lauquen y la zona\",\"publisher\":{\"@id\":\"https:\/\/infoecos.com.ar\/#organization\"},\"alternateName\":\"Noticias\",\"potentialAction\":[{\"@type\":\"SearchAction\",\"target\":{\"@type\":\"EntryPoint\",\"urlTemplate\":\"https:\/\/infoecos.com.ar\/?s={search_term_string}\"},\"query-input\":{\"@type\":\"PropertyValueSpecification\",\"valueRequired\":true,\"valueName\":\"search_term_string\"}}],\"inLanguage\":\"es\"},{\"@type\":\"Organization\",\"@id\":\"https:\/\/infoecos.com.ar\/#organization\",\"name\":\"Infoecos\",\"alternateName\":\"Noticias\",\"url\":\"https:\/\/infoecos.com.ar\/\",\"logo\":{\"@type\":\"ImageObject\",\"inLanguage\":\"es\",\"@id\":\"https:\/\/infoecos.com.ar\/#\/schema\/logo\/image\/\",\"url\":\"https:\/\/infoecos.com.ar\/wp-content\/uploads\/2024\/03\/cropped-logo.png\",\"contentUrl\":\"https:\/\/infoecos.com.ar\/wp-content\/uploads\/2024\/03\/cropped-logo.png\",\"width\":374,\"height\":90,\"caption\":\"Infoecos\"},\"image\":{\"@id\":\"https:\/\/infoecos.com.ar\/#\/schema\/logo\/image\/\"},\"sameAs\":[\"https:\/\/www.facebook.com\/profile.php?id=100063200290284\",\"https:\/\/x.com\/infoecos\"]},{\"@type\":\"Person\",\"@id\":\"https:\/\/infoecos.com.ar\/#\/schema\/person\/8f5ace5ce73b4b4aac4b7245aee6f191\",\"name\":\"Jorge Matheus\",\"url\":\"https:\/\/infoecos.com.ar\/index.php\/author\/jomatheus\/\"}]}<\/script>\n<!-- \/ Yoast SEO plugin. -->","yoast_head_json":{"title":"Clima Trenque Lauquen: estimaci\u00f3n de lluvias y vientos intensos hasta el jueves - Infoecos","robots":{"index":"index","follow":"follow","max-snippet":"max-snippet:-1","max-image-preview":"max-image-preview:large","max-video-preview":"max-video-preview:-1"},"canonical":"https:\/\/infoecos.com.ar\/index.php\/clima-trenque-lauquen-estimacion-de-lluvias-y-vientos-intensos-hasta-el-jueves\/","og_locale":"es_ES","og_type":"article","og_title":"Clima Trenque Lauquen: estimaci\u00f3n de lluvias y vientos intensos hasta el jueves - Infoecos","og_description":"La temperatura m\u00e1xima del domingo se registr\u00f3 a las 15.00 horas y fue de 22.5\u00b0","og_url":"https:\/\/infoecos.com.ar\/index.php\/clima-trenque-lauquen-estimacion-de-lluvias-y-vientos-intensos-hasta-el-jueves\/","og_site_name":"Infoecos","article_publisher":"https:\/\/www.facebook.com\/profile.php?id=100063200290284","article_published_time":"2024-08-05T02:44:23+00:00","article_modified_time":"2024-08-05T02:44:24+00:00","og_image":[{"width":480,"height":360,"url":"https:\/\/infoecos.com.ar\/wp-content\/uploads\/2023\/12\/image-87.png","type":"image\/png"}],"author":"Jorge Matheus","twitter_card":"summary_large_image","twitter_creator":"@infoecos","twitter_site":"@infoecos","twitter_misc":{"Escrito por":"Jorge Matheus","Tiempo de lectura":"1 minuto"},"schema":{"@context":"https:\/\/schema.org","@graph":[{"@type":"Article","@id":"https:\/\/infoecos.com.ar\/index.php\/clima-trenque-lauquen-estimacion-de-lluvias-y-vientos-intensos-hasta-el-jueves\/#article","isPartOf":{"@id":"https:\/\/infoecos.com.ar\/index.php\/clima-trenque-lauquen-estimacion-de-lluvias-y-vientos-intensos-hasta-el-jueves\/"},"author":{"name":"Jorge Matheus","@id":"https:\/\/infoecos.com.ar\/#\/schema\/person\/8f5ace5ce73b4b4aac4b7245aee6f191"},"headline":"Clima Trenque Lauquen: estimaci\u00f3n de lluvias y vientos intensos hasta el jueves","datePublished":"2024-08-05T02:44:23+00:00","dateModified":"2024-08-05T02:44:24+00:00","mainEntityOfPage":{"@id":"https:\/\/infoecos.com.ar\/index.php\/clima-trenque-lauquen-estimacion-de-lluvias-y-vientos-intensos-hasta-el-jueves\/"},"wordCount":49,"publisher":{"@id":"https:\/\/infoecos.com.ar\/#organization"},"image":{"@id":"https:\/\/infoecos.com.ar\/index.php\/clima-trenque-lauquen-estimacion-de-lluvias-y-vientos-intensos-hasta-el-jueves\/#primaryimage"},"thumbnailUrl":"https:\/\/infoecos.com.ar\/wp-content\/uploads\/2023\/12\/image-87.png","articleSection":["Noticia Principal"],"inLanguage":"es"},{"@type":"WebPage","@id":"https:\/\/infoecos.com.ar\/index.php\/clima-trenque-lauquen-estimacion-de-lluvias-y-vientos-intensos-hasta-el-jueves\/","url":"https:\/\/infoecos.com.ar\/index.php\/clima-trenque-lauquen-estimacion-de-lluvias-y-vientos-intensos-hasta-el-jueves\/","name":"Clima Trenque Lauquen: estimaci\u00f3n de lluvias y vientos intensos hasta el jueves - Infoecos","isPartOf":{"@id":"https:\/\/infoecos.com.ar\/#website"},"primaryImageOfPage":{"@id":"https:\/\/infoecos.com.ar\/index.php\/clima-trenque-lauquen-estimacion-de-lluvias-y-vientos-intensos-hasta-el-jueves\/#primaryimage"},"image":{"@id":"https:\/\/infoecos.com.ar\/index.php\/clima-trenque-lauquen-estimacion-de-lluvias-y-vientos-intensos-hasta-el-jueves\/#primaryimage"},"thumbnailUrl":"https:\/\/infoecos.com.ar\/wp-content\/uploads\/2023\/12\/image-87.png","datePublished":"2024-08-05T02:44:23+00:00","dateModified":"2024-08-05T02:44:24+00:00","breadcrumb":{"@id":"https:\/\/infoecos.com.ar\/index.php\/clima-trenque-lauquen-estimacion-de-lluvias-y-vientos-intensos-hasta-el-jueves\/#breadcrumb"},"inLanguage":"es","potentialAction":[{"@type":"ReadAction","target":["https:\/\/infoecos.com.ar\/index.php\/clima-trenque-lauquen-estimacion-de-lluvias-y-vientos-intensos-hasta-el-jueves\/"]}]},{"@type":"ImageObject","inLanguage":"es","@id":"https:\/\/infoecos.com.ar\/index.php\/clima-trenque-lauquen-estimacion-de-lluvias-y-vientos-intensos-hasta-el-jueves\/#primaryimage","url":"https:\/\/infoecos.com.ar\/wp-content\/uploads\/2023\/12\/image-87.png","contentUrl":"https:\/\/infoecos.com.ar\/wp-content\/uploads\/2023\/12\/image-87.png","width":480,"height":360},{"@type":"BreadcrumbList","@id":"https:\/\/infoecos.com.ar\/index.php\/clima-trenque-lauquen-estimacion-de-lluvias-y-vientos-intensos-hasta-el-jueves\/#breadcrumb","itemListElement":[{"@type":"ListItem","position":1,"name":"Portada","item":"https:\/\/infoecos.com.ar\/"},{"@type":"ListItem","position":2,"name":"Clima Trenque Lauquen: estimaci\u00f3n de lluvias y vientos intensos hasta el jueves"}]},{"@type":"WebSite","@id":"https:\/\/infoecos.com.ar\/#website","url":"https:\/\/infoecos.com.ar\/","name":"Infoecos","description":"Noticias de trenque lauquen y la zona","publisher":{"@id":"https:\/\/infoecos.com.ar\/#organization"},"alternateName":"Noticias","potentialAction":[{"@type":"SearchAction","target":{"@type":"EntryPoint","urlTemplate":"https:\/\/infoecos.com.ar\/?s={search_term_string}"},"query-input":{"@type":"PropertyValueSpecification","valueRequired":true,"valueName":"search_term_string"}}],"inLanguage":"es"},{"@type":"Organization","@id":"https:\/\/infoecos.com.ar\/#organization","name":"Infoecos","alternateName":"Noticias","url":"https:\/\/infoecos.com.ar\/","logo":{"@type":"ImageObject","inLanguage":"es","@id":"https:\/\/infoecos.com.ar\/#\/schema\/logo\/image\/","url":"https:\/\/infoecos.com.ar\/wp-content\/uploads\/2024\/03\/cropped-logo.png","contentUrl":"https:\/\/infoecos.com.ar\/wp-content\/uploads\/2024\/03\/cropped-logo.png","width":374,"height":90,"caption":"Infoecos"},"image":{"@id":"https:\/\/infoecos.com.ar\/#\/schema\/logo\/image\/"},"sameAs":["https:\/\/www.facebook.com\/profile.php?id=100063200290284","https:\/\/x.com\/infoecos"]},{"@type":"Person","@id":"https:\/\/infoecos.com.ar\/#\/schema\/person\/8f5ace5ce73b4b4aac4b7245aee6f191","name":"Jorge Matheus","url":"https:\/\/infoecos.com.ar\/index.php\/author\/jomatheus\/"}]}},"featured_image_urls":{"full":["https:\/\/infoecos.com.ar\/wp-content\/uploads\/2023\/12\/image-87.png",480,360,false],"thumbnail":["https:\/\/infoecos.com.ar\/wp-content\/uploads\/2023\/12\/image-87-300x150.png",300,150,true],"medium":["https:\/\/infoecos.com.ar\/wp-content\/uploads\/2023\/12\/image-87.png",480,360,false],"medium_large":["https:\/\/infoecos.com.ar\/wp-content\/uploads\/2023\/12\/image-87.png",480,360,false],"large":["https:\/\/infoecos.com.ar\/wp-content\/uploads\/2023\/12\/image-87.png",480,360,false],"1536x1536":["https:\/\/infoecos.com.ar\/wp-content\/uploads\/2023\/12\/image-87.png",480,360,false],"2048x2048":["https:\/\/infoecos.com.ar\/wp-content\/uploads\/2023\/12\/image-87.png",480,360,false],"covernews-slider-full":["https:\/\/infoecos.com.ar\/wp-content\/uploads\/2023\/12\/image-87.png",480,360,false],"covernews-slider-center":["https:\/\/infoecos.com.ar\/wp-content\/uploads\/2023\/12\/image-87.png",480,360,false],"covernews-featured":["https:\/\/infoecos.com.ar\/wp-content\/uploads\/2023\/12\/image-87.png",480,360,false],"covernews-medium":["https:\/\/infoecos.com.ar\/wp-content\/uploads\/2023\/12\/image-87.png",453,340,false],"covernews-medium-square":["https:\/\/infoecos.com.ar\/wp-content\/uploads\/2023\/12\/image-87.png",333,250,false]},"author_info":{"info":["Jorge Matheus"]},"category_info":"<a href=\"https:\/\/infoecos.com.ar\/index.php\/category\/noticia-principal\/\" rel=\"category tag\">Noticia Principal<\/a>","tag_info":"Noticia Principal","comment_count":"0","_links":{"self":[{"href":"https:\/\/infoecos.com.ar\/index.php\/wp-json\/wp\/v2\/posts\/128197"}],"collection":[{"href":"https:\/\/infoecos.com.ar\/index.php\/wp-json\/wp\/v2\/posts"}],"about":[{"href":"https:\/\/infoecos.com.ar\/index.php\/wp-json\/wp\/v2\/types\/post"}],"author":[{"embeddable":true,"href":"https:\/\/infoecos.com.ar\/index.php\/wp-json\/wp\/v2\/users\/2"}],"replies":[{"embeddable":true,"href":"https:\/\/infoecos.com.ar\/index.php\/wp-json\/wp\/v2\/comments?post=128197"}],"version-history":[{"count":1,"href":"https:\/\/infoecos.com.ar\/index.php\/wp-json\/wp\/v2\/posts\/128197\/revisions"}],"predecessor-version":[{"id":128200,"href":"https:\/\/infoecos.com.ar\/index.php\/wp-json\/wp\/v2\/posts\/128197\/revisions\/128200"}],"wp:featuredmedia":[{"embeddable":true,"href":"https:\/\/infoecos.com.ar\/index.php\/wp-json\/wp\/v2\/media\/116339"}],"wp:attachment":[{"href":"https:\/\/infoecos.com.ar\/index.php\/wp-json\/wp\/v2\/media?parent=128197"}],"wp:term":[{"taxonomy":"category","embeddable":true,"href":"https:\/\/infoecos.com.ar\/index.php\/wp-json\/wp\/v2\/categories?post=128197"},{"taxonomy":"post_tag","embeddable":true,"href":"https:\/\/infoecos.com.ar\/index.php\/wp-json\/wp\/v2\/tags?post=128197"}],"curies":[{"name":"wp","href":"https:\/\/api.w.org\/{rel}","templated":true}]}}