{"id":128725,"date":"2024-08-16T00:06:45","date_gmt":"2024-08-16T03:06:45","guid":{"rendered":"https:\/\/infoecos.com.ar\/?p=128725"},"modified":"2024-08-16T00:06:46","modified_gmt":"2024-08-16T03:06:46","slug":"clima-trenque-lauquen-la-temperatura-del-jueves-llego-a-20-7-y-a-partir-de-hoy-descenso-con-la-maxima-estimada-entre-15-y-16","status":"publish","type":"post","link":"https:\/\/infoecos.com.ar\/index.php\/clima-trenque-lauquen-la-temperatura-del-jueves-llego-a-20-7-y-a-partir-de-hoy-descenso-con-la-maxima-estimada-entre-15-y-16\/","title":{"rendered":"Clima Trenque Lauquen: la temperatura del jueves lleg\u00f3 a 20.7\u00b0, y a partir de hoy descenso con la m\u00e1xima estimada entre 15\u00b0 y 16\u00b0"},"content":{"rendered":"\n<p class=\"has-text-align-center\"><strong>Sensores Clim\u00e1ticos Municipalidad de Trenque Lauquen <\/strong><\/p>\n\n\n\n<p class=\"has-text-align-center\"><strong>Valores meteorol\u00f3gicos del jueves 15 de Agosto 2024 <\/strong><\/p>\n\n\n\n<figure class=\"wp-block-image aligncenter size-full is-resized\"><img loading=\"lazy\" decoding=\"async\" width=\"716\" height=\"264\" src=\"https:\/\/infoecos.com.ar\/wp-content\/uploads\/2024\/08\/image-192.png\" alt=\"\" class=\"wp-image-128726\" style=\"width:716px;height:auto\"\/><\/figure>\n\n\n\n<p class=\"has-text-align-center\"><strong>Servicio Meteorol\u00f3gico Nacional <\/strong><\/p>\n\n\n\n<p class=\"has-text-align-center\"><strong>Pron\u00f3stico v\u00e1lido hasta el domingo inclusive<\/strong><\/p>\n\n\n\n<figure class=\"wp-block-image aligncenter size-full\"><img loading=\"lazy\" decoding=\"async\" width=\"432\" height=\"224\" src=\"https:\/\/infoecos.com.ar\/wp-content\/uploads\/2024\/08\/image-193.png\" alt=\"\" class=\"wp-image-128727\"\/><\/figure>\n","protected":false},"excerpt":{"rendered":"<p>Para el martes y mi\u00e9rcoles de la semana pr\u00f3xima el registro m\u00e1ximo no pasar\u00eda los 8\u00b0. <\/p>\n","protected":false},"author":2,"featured_media":125933,"comment_status":"closed","ping_status":"open","sticky":false,"template":"","format":"standard","meta":{"footnotes":""},"categories":[1612],"tags":[],"class_list":["post-128725","post","type-post","status-publish","format-standard","has-post-thumbnail","hentry","category-noticia-principal"],"yoast_head":"<!-- This site is optimized with the Yoast SEO plugin v23.4 - https:\/\/yoast.com\/wordpress\/plugins\/seo\/ -->\n<title>Clima Trenque Lauquen: la temperatura del jueves lleg\u00f3 a 20.7\u00b0, y a partir de hoy descenso con la m\u00e1xima estimada entre 15\u00b0 y 16\u00b0 - Infoecos<\/title>\n<meta name=\"robots\" content=\"index, follow, max-snippet:-1, max-image-preview:large, max-video-preview:-1\" \/>\n<link rel=\"canonical\" href=\"https:\/\/infoecos.com.ar\/index.php\/clima-trenque-lauquen-la-temperatura-del-jueves-llego-a-20-7-y-a-partir-de-hoy-descenso-con-la-maxima-estimada-entre-15-y-16\/\" \/>\n<meta property=\"og:locale\" content=\"es_ES\" \/>\n<meta property=\"og:type\" content=\"article\" \/>\n<meta property=\"og:title\" content=\"Clima Trenque Lauquen: la temperatura del jueves lleg\u00f3 a 20.7\u00b0, y a partir de hoy descenso con la m\u00e1xima estimada entre 15\u00b0 y 16\u00b0 - Infoecos\" \/>\n<meta property=\"og:description\" content=\"Para el martes y mi\u00e9rcoles de la semana pr\u00f3xima el registro m\u00e1ximo no pasar\u00eda los 8\u00b0.\" \/>\n<meta property=\"og:url\" content=\"https:\/\/infoecos.com.ar\/index.php\/clima-trenque-lauquen-la-temperatura-del-jueves-llego-a-20-7-y-a-partir-de-hoy-descenso-con-la-maxima-estimada-entre-15-y-16\/\" \/>\n<meta property=\"og:site_name\" content=\"Infoecos\" \/>\n<meta property=\"article:publisher\" content=\"https:\/\/www.facebook.com\/profile.php?id=100063200290284\" \/>\n<meta property=\"article:published_time\" content=\"2024-08-16T03:06:45+00:00\" \/>\n<meta property=\"article:modified_time\" content=\"2024-08-16T03:06:46+00:00\" \/>\n<meta property=\"og:image\" content=\"https:\/\/infoecos.com.ar\/wp-content\/uploads\/2024\/06\/image-249.png\" \/>\n\t<meta property=\"og:image:width\" content=\"626\" \/>\n\t<meta property=\"og:image:height\" content=\"599\" \/>\n\t<meta property=\"og:image:type\" content=\"image\/png\" \/>\n<meta name=\"author\" content=\"Jorge Matheus\" \/>\n<meta name=\"twitter:card\" content=\"summary_large_image\" \/>\n<meta name=\"twitter:creator\" content=\"@infoecos\" \/>\n<meta name=\"twitter:site\" content=\"@infoecos\" \/>\n<meta name=\"twitter:label1\" content=\"Escrito por\" \/>\n\t<meta name=\"twitter:data1\" content=\"Jorge Matheus\" \/>\n\t<meta name=\"twitter:label2\" content=\"Tiempo de lectura\" \/>\n\t<meta name=\"twitter:data2\" content=\"1 minuto\" \/>\n<script type=\"application\/ld+json\" class=\"yoast-schema-graph\">{\"@context\":\"https:\/\/schema.org\",\"@graph\":[{\"@type\":\"Article\",\"@id\":\"https:\/\/infoecos.com.ar\/index.php\/clima-trenque-lauquen-la-temperatura-del-jueves-llego-a-20-7-y-a-partir-de-hoy-descenso-con-la-maxima-estimada-entre-15-y-16\/#article\",\"isPartOf\":{\"@id\":\"https:\/\/infoecos.com.ar\/index.php\/clima-trenque-lauquen-la-temperatura-del-jueves-llego-a-20-7-y-a-partir-de-hoy-descenso-con-la-maxima-estimada-entre-15-y-16\/\"},\"author\":{\"name\":\"Jorge Matheus\",\"@id\":\"https:\/\/infoecos.com.ar\/#\/schema\/person\/8f5ace5ce73b4b4aac4b7245aee6f191\"},\"headline\":\"Clima Trenque Lauquen: la temperatura del jueves lleg\u00f3 a 20.7\u00b0, y a partir de hoy descenso con la m\u00e1xima estimada entre 15\u00b0 y 16\u00b0\",\"datePublished\":\"2024-08-16T03:06:45+00:00\",\"dateModified\":\"2024-08-16T03:06:46+00:00\",\"mainEntityOfPage\":{\"@id\":\"https:\/\/infoecos.com.ar\/index.php\/clima-trenque-lauquen-la-temperatura-del-jueves-llego-a-20-7-y-a-partir-de-hoy-descenso-con-la-maxima-estimada-entre-15-y-16\/\"},\"wordCount\":48,\"publisher\":{\"@id\":\"https:\/\/infoecos.com.ar\/#organization\"},\"image\":{\"@id\":\"https:\/\/infoecos.com.ar\/index.php\/clima-trenque-lauquen-la-temperatura-del-jueves-llego-a-20-7-y-a-partir-de-hoy-descenso-con-la-maxima-estimada-entre-15-y-16\/#primaryimage\"},\"thumbnailUrl\":\"https:\/\/infoecos.com.ar\/wp-content\/uploads\/2024\/06\/image-249.png\",\"articleSection\":[\"Noticia Principal\"],\"inLanguage\":\"es\"},{\"@type\":\"WebPage\",\"@id\":\"https:\/\/infoecos.com.ar\/index.php\/clima-trenque-lauquen-la-temperatura-del-jueves-llego-a-20-7-y-a-partir-de-hoy-descenso-con-la-maxima-estimada-entre-15-y-16\/\",\"url\":\"https:\/\/infoecos.com.ar\/index.php\/clima-trenque-lauquen-la-temperatura-del-jueves-llego-a-20-7-y-a-partir-de-hoy-descenso-con-la-maxima-estimada-entre-15-y-16\/\",\"name\":\"Clima Trenque Lauquen: la temperatura del jueves lleg\u00f3 a 20.7\u00b0, y a partir de hoy descenso con la m\u00e1xima estimada entre 15\u00b0 y 16\u00b0 - Infoecos\",\"isPartOf\":{\"@id\":\"https:\/\/infoecos.com.ar\/#website\"},\"primaryImageOfPage\":{\"@id\":\"https:\/\/infoecos.com.ar\/index.php\/clima-trenque-lauquen-la-temperatura-del-jueves-llego-a-20-7-y-a-partir-de-hoy-descenso-con-la-maxima-estimada-entre-15-y-16\/#primaryimage\"},\"image\":{\"@id\":\"https:\/\/infoecos.com.ar\/index.php\/clima-trenque-lauquen-la-temperatura-del-jueves-llego-a-20-7-y-a-partir-de-hoy-descenso-con-la-maxima-estimada-entre-15-y-16\/#primaryimage\"},\"thumbnailUrl\":\"https:\/\/infoecos.com.ar\/wp-content\/uploads\/2024\/06\/image-249.png\",\"datePublished\":\"2024-08-16T03:06:45+00:00\",\"dateModified\":\"2024-08-16T03:06:46+00:00\",\"breadcrumb\":{\"@id\":\"https:\/\/infoecos.com.ar\/index.php\/clima-trenque-lauquen-la-temperatura-del-jueves-llego-a-20-7-y-a-partir-de-hoy-descenso-con-la-maxima-estimada-entre-15-y-16\/#breadcrumb\"},\"inLanguage\":\"es\",\"potentialAction\":[{\"@type\":\"ReadAction\",\"target\":[\"https:\/\/infoecos.com.ar\/index.php\/clima-trenque-lauquen-la-temperatura-del-jueves-llego-a-20-7-y-a-partir-de-hoy-descenso-con-la-maxima-estimada-entre-15-y-16\/\"]}]},{\"@type\":\"ImageObject\",\"inLanguage\":\"es\",\"@id\":\"https:\/\/infoecos.com.ar\/index.php\/clima-trenque-lauquen-la-temperatura-del-jueves-llego-a-20-7-y-a-partir-de-hoy-descenso-con-la-maxima-estimada-entre-15-y-16\/#primaryimage\",\"url\":\"https:\/\/infoecos.com.ar\/wp-content\/uploads\/2024\/06\/image-249.png\",\"contentUrl\":\"https:\/\/infoecos.com.ar\/wp-content\/uploads\/2024\/06\/image-249.png\",\"width\":626,\"height\":599},{\"@type\":\"BreadcrumbList\",\"@id\":\"https:\/\/infoecos.com.ar\/index.php\/clima-trenque-lauquen-la-temperatura-del-jueves-llego-a-20-7-y-a-partir-de-hoy-descenso-con-la-maxima-estimada-entre-15-y-16\/#breadcrumb\",\"itemListElement\":[{\"@type\":\"ListItem\",\"position\":1,\"name\":\"Portada\",\"item\":\"https:\/\/infoecos.com.ar\/\"},{\"@type\":\"ListItem\",\"position\":2,\"name\":\"Clima Trenque Lauquen: la temperatura del jueves lleg\u00f3 a 20.7\u00b0, y a partir de hoy descenso con la m\u00e1xima estimada entre 15\u00b0 y 16\u00b0\"}]},{\"@type\":\"WebSite\",\"@id\":\"https:\/\/infoecos.com.ar\/#website\",\"url\":\"https:\/\/infoecos.com.ar\/\",\"name\":\"Infoecos\",\"description\":\"Noticias de trenque lauquen y la zona\",\"publisher\":{\"@id\":\"https:\/\/infoecos.com.ar\/#organization\"},\"alternateName\":\"Noticias\",\"potentialAction\":[{\"@type\":\"SearchAction\",\"target\":{\"@type\":\"EntryPoint\",\"urlTemplate\":\"https:\/\/infoecos.com.ar\/?s={search_term_string}\"},\"query-input\":{\"@type\":\"PropertyValueSpecification\",\"valueRequired\":true,\"valueName\":\"search_term_string\"}}],\"inLanguage\":\"es\"},{\"@type\":\"Organization\",\"@id\":\"https:\/\/infoecos.com.ar\/#organization\",\"name\":\"Infoecos\",\"alternateName\":\"Noticias\",\"url\":\"https:\/\/infoecos.com.ar\/\",\"logo\":{\"@type\":\"ImageObject\",\"inLanguage\":\"es\",\"@id\":\"https:\/\/infoecos.com.ar\/#\/schema\/logo\/image\/\",\"url\":\"https:\/\/infoecos.com.ar\/wp-content\/uploads\/2024\/03\/cropped-logo.png\",\"contentUrl\":\"https:\/\/infoecos.com.ar\/wp-content\/uploads\/2024\/03\/cropped-logo.png\",\"width\":374,\"height\":90,\"caption\":\"Infoecos\"},\"image\":{\"@id\":\"https:\/\/infoecos.com.ar\/#\/schema\/logo\/image\/\"},\"sameAs\":[\"https:\/\/www.facebook.com\/profile.php?id=100063200290284\",\"https:\/\/x.com\/infoecos\"]},{\"@type\":\"Person\",\"@id\":\"https:\/\/infoecos.com.ar\/#\/schema\/person\/8f5ace5ce73b4b4aac4b7245aee6f191\",\"name\":\"Jorge Matheus\",\"url\":\"https:\/\/infoecos.com.ar\/index.php\/author\/jomatheus\/\"}]}<\/script>\n<!-- \/ Yoast SEO plugin. -->","yoast_head_json":{"title":"Clima Trenque Lauquen: la temperatura del jueves lleg\u00f3 a 20.7\u00b0, y a partir de hoy descenso con la m\u00e1xima estimada entre 15\u00b0 y 16\u00b0 - Infoecos","robots":{"index":"index","follow":"follow","max-snippet":"max-snippet:-1","max-image-preview":"max-image-preview:large","max-video-preview":"max-video-preview:-1"},"canonical":"https:\/\/infoecos.com.ar\/index.php\/clima-trenque-lauquen-la-temperatura-del-jueves-llego-a-20-7-y-a-partir-de-hoy-descenso-con-la-maxima-estimada-entre-15-y-16\/","og_locale":"es_ES","og_type":"article","og_title":"Clima Trenque Lauquen: la temperatura del jueves lleg\u00f3 a 20.7\u00b0, y a partir de hoy descenso con la m\u00e1xima estimada entre 15\u00b0 y 16\u00b0 - Infoecos","og_description":"Para el martes y mi\u00e9rcoles de la semana pr\u00f3xima el registro m\u00e1ximo no pasar\u00eda los 8\u00b0.","og_url":"https:\/\/infoecos.com.ar\/index.php\/clima-trenque-lauquen-la-temperatura-del-jueves-llego-a-20-7-y-a-partir-de-hoy-descenso-con-la-maxima-estimada-entre-15-y-16\/","og_site_name":"Infoecos","article_publisher":"https:\/\/www.facebook.com\/profile.php?id=100063200290284","article_published_time":"2024-08-16T03:06:45+00:00","article_modified_time":"2024-08-16T03:06:46+00:00","og_image":[{"width":626,"height":599,"url":"https:\/\/infoecos.com.ar\/wp-content\/uploads\/2024\/06\/image-249.png","type":"image\/png"}],"author":"Jorge Matheus","twitter_card":"summary_large_image","twitter_creator":"@infoecos","twitter_site":"@infoecos","twitter_misc":{"Escrito por":"Jorge Matheus","Tiempo de lectura":"1 minuto"},"schema":{"@context":"https:\/\/schema.org","@graph":[{"@type":"Article","@id":"https:\/\/infoecos.com.ar\/index.php\/clima-trenque-lauquen-la-temperatura-del-jueves-llego-a-20-7-y-a-partir-de-hoy-descenso-con-la-maxima-estimada-entre-15-y-16\/#article","isPartOf":{"@id":"https:\/\/infoecos.com.ar\/index.php\/clima-trenque-lauquen-la-temperatura-del-jueves-llego-a-20-7-y-a-partir-de-hoy-descenso-con-la-maxima-estimada-entre-15-y-16\/"},"author":{"name":"Jorge Matheus","@id":"https:\/\/infoecos.com.ar\/#\/schema\/person\/8f5ace5ce73b4b4aac4b7245aee6f191"},"headline":"Clima Trenque Lauquen: la temperatura del jueves lleg\u00f3 a 20.7\u00b0, y a partir de hoy descenso con la m\u00e1xima estimada entre 15\u00b0 y 16\u00b0","datePublished":"2024-08-16T03:06:45+00:00","dateModified":"2024-08-16T03:06:46+00:00","mainEntityOfPage":{"@id":"https:\/\/infoecos.com.ar\/index.php\/clima-trenque-lauquen-la-temperatura-del-jueves-llego-a-20-7-y-a-partir-de-hoy-descenso-con-la-maxima-estimada-entre-15-y-16\/"},"wordCount":48,"publisher":{"@id":"https:\/\/infoecos.com.ar\/#organization"},"image":{"@id":"https:\/\/infoecos.com.ar\/index.php\/clima-trenque-lauquen-la-temperatura-del-jueves-llego-a-20-7-y-a-partir-de-hoy-descenso-con-la-maxima-estimada-entre-15-y-16\/#primaryimage"},"thumbnailUrl":"https:\/\/infoecos.com.ar\/wp-content\/uploads\/2024\/06\/image-249.png","articleSection":["Noticia Principal"],"inLanguage":"es"},{"@type":"WebPage","@id":"https:\/\/infoecos.com.ar\/index.php\/clima-trenque-lauquen-la-temperatura-del-jueves-llego-a-20-7-y-a-partir-de-hoy-descenso-con-la-maxima-estimada-entre-15-y-16\/","url":"https:\/\/infoecos.com.ar\/index.php\/clima-trenque-lauquen-la-temperatura-del-jueves-llego-a-20-7-y-a-partir-de-hoy-descenso-con-la-maxima-estimada-entre-15-y-16\/","name":"Clima Trenque Lauquen: la temperatura del jueves lleg\u00f3 a 20.7\u00b0, y a partir de hoy descenso con la m\u00e1xima estimada entre 15\u00b0 y 16\u00b0 - Infoecos","isPartOf":{"@id":"https:\/\/infoecos.com.ar\/#website"},"primaryImageOfPage":{"@id":"https:\/\/infoecos.com.ar\/index.php\/clima-trenque-lauquen-la-temperatura-del-jueves-llego-a-20-7-y-a-partir-de-hoy-descenso-con-la-maxima-estimada-entre-15-y-16\/#primaryimage"},"image":{"@id":"https:\/\/infoecos.com.ar\/index.php\/clima-trenque-lauquen-la-temperatura-del-jueves-llego-a-20-7-y-a-partir-de-hoy-descenso-con-la-maxima-estimada-entre-15-y-16\/#primaryimage"},"thumbnailUrl":"https:\/\/infoecos.com.ar\/wp-content\/uploads\/2024\/06\/image-249.png","datePublished":"2024-08-16T03:06:45+00:00","dateModified":"2024-08-16T03:06:46+00:00","breadcrumb":{"@id":"https:\/\/infoecos.com.ar\/index.php\/clima-trenque-lauquen-la-temperatura-del-jueves-llego-a-20-7-y-a-partir-de-hoy-descenso-con-la-maxima-estimada-entre-15-y-16\/#breadcrumb"},"inLanguage":"es","potentialAction":[{"@type":"ReadAction","target":["https:\/\/infoecos.com.ar\/index.php\/clima-trenque-lauquen-la-temperatura-del-jueves-llego-a-20-7-y-a-partir-de-hoy-descenso-con-la-maxima-estimada-entre-15-y-16\/"]}]},{"@type":"ImageObject","inLanguage":"es","@id":"https:\/\/infoecos.com.ar\/index.php\/clima-trenque-lauquen-la-temperatura-del-jueves-llego-a-20-7-y-a-partir-de-hoy-descenso-con-la-maxima-estimada-entre-15-y-16\/#primaryimage","url":"https:\/\/infoecos.com.ar\/wp-content\/uploads\/2024\/06\/image-249.png","contentUrl":"https:\/\/infoecos.com.ar\/wp-content\/uploads\/2024\/06\/image-249.png","width":626,"height":599},{"@type":"BreadcrumbList","@id":"https:\/\/infoecos.com.ar\/index.php\/clima-trenque-lauquen-la-temperatura-del-jueves-llego-a-20-7-y-a-partir-de-hoy-descenso-con-la-maxima-estimada-entre-15-y-16\/#breadcrumb","itemListElement":[{"@type":"ListItem","position":1,"name":"Portada","item":"https:\/\/infoecos.com.ar\/"},{"@type":"ListItem","position":2,"name":"Clima Trenque Lauquen: la temperatura del jueves lleg\u00f3 a 20.7\u00b0, y a partir de hoy descenso con la m\u00e1xima estimada entre 15\u00b0 y 16\u00b0"}]},{"@type":"WebSite","@id":"https:\/\/infoecos.com.ar\/#website","url":"https:\/\/infoecos.com.ar\/","name":"Infoecos","description":"Noticias de trenque lauquen y la zona","publisher":{"@id":"https:\/\/infoecos.com.ar\/#organization"},"alternateName":"Noticias","potentialAction":[{"@type":"SearchAction","target":{"@type":"EntryPoint","urlTemplate":"https:\/\/infoecos.com.ar\/?s={search_term_string}"},"query-input":{"@type":"PropertyValueSpecification","valueRequired":true,"valueName":"search_term_string"}}],"inLanguage":"es"},{"@type":"Organization","@id":"https:\/\/infoecos.com.ar\/#organization","name":"Infoecos","alternateName":"Noticias","url":"https:\/\/infoecos.com.ar\/","logo":{"@type":"ImageObject","inLanguage":"es","@id":"https:\/\/infoecos.com.ar\/#\/schema\/logo\/image\/","url":"https:\/\/infoecos.com.ar\/wp-content\/uploads\/2024\/03\/cropped-logo.png","contentUrl":"https:\/\/infoecos.com.ar\/wp-content\/uploads\/2024\/03\/cropped-logo.png","width":374,"height":90,"caption":"Infoecos"},"image":{"@id":"https:\/\/infoecos.com.ar\/#\/schema\/logo\/image\/"},"sameAs":["https:\/\/www.facebook.com\/profile.php?id=100063200290284","https:\/\/x.com\/infoecos"]},{"@type":"Person","@id":"https:\/\/infoecos.com.ar\/#\/schema\/person\/8f5ace5ce73b4b4aac4b7245aee6f191","name":"Jorge Matheus","url":"https:\/\/infoecos.com.ar\/index.php\/author\/jomatheus\/"}]}},"featured_image_urls":{"full":["https:\/\/infoecos.com.ar\/wp-content\/uploads\/2024\/06\/image-249.png",626,599,false],"thumbnail":["https:\/\/infoecos.com.ar\/wp-content\/uploads\/2024\/06\/image-249-300x150.png",300,150,true],"medium":["https:\/\/infoecos.com.ar\/wp-content\/uploads\/2024\/06\/image-249.png",626,599,false],"medium_large":["https:\/\/infoecos.com.ar\/wp-content\/uploads\/2024\/06\/image-249.png",626,599,false],"large":["https:\/\/infoecos.com.ar\/wp-content\/uploads\/2024\/06\/image-249.png",626,599,false],"1536x1536":["https:\/\/infoecos.com.ar\/wp-content\/uploads\/2024\/06\/image-249.png",626,599,false],"2048x2048":["https:\/\/infoecos.com.ar\/wp-content\/uploads\/2024\/06\/image-249.png",626,599,false],"covernews-slider-full":["https:\/\/infoecos.com.ar\/wp-content\/uploads\/2024\/06\/image-249.png",626,599,false],"covernews-slider-center":["https:\/\/infoecos.com.ar\/wp-content\/uploads\/2024\/06\/image-249-626x500.png",626,500,true],"covernews-featured":["https:\/\/infoecos.com.ar\/wp-content\/uploads\/2024\/06\/image-249.png",626,599,false],"covernews-medium":["https:\/\/infoecos.com.ar\/wp-content\/uploads\/2024\/06\/image-249-540x340.png",540,340,true],"covernews-medium-square":["https:\/\/infoecos.com.ar\/wp-content\/uploads\/2024\/06\/image-249-400x250.png",400,250,true]},"author_info":{"info":["Jorge Matheus"]},"category_info":"<a href=\"https:\/\/infoecos.com.ar\/index.php\/category\/noticia-principal\/\" rel=\"category tag\">Noticia Principal<\/a>","tag_info":"Noticia Principal","comment_count":"0","_links":{"self":[{"href":"https:\/\/infoecos.com.ar\/index.php\/wp-json\/wp\/v2\/posts\/128725"}],"collection":[{"href":"https:\/\/infoecos.com.ar\/index.php\/wp-json\/wp\/v2\/posts"}],"about":[{"href":"https:\/\/infoecos.com.ar\/index.php\/wp-json\/wp\/v2\/types\/post"}],"author":[{"embeddable":true,"href":"https:\/\/infoecos.com.ar\/index.php\/wp-json\/wp\/v2\/users\/2"}],"replies":[{"embeddable":true,"href":"https:\/\/infoecos.com.ar\/index.php\/wp-json\/wp\/v2\/comments?post=128725"}],"version-history":[{"count":1,"href":"https:\/\/infoecos.com.ar\/index.php\/wp-json\/wp\/v2\/posts\/128725\/revisions"}],"predecessor-version":[{"id":128728,"href":"https:\/\/infoecos.com.ar\/index.php\/wp-json\/wp\/v2\/posts\/128725\/revisions\/128728"}],"wp:featuredmedia":[{"embeddable":true,"href":"https:\/\/infoecos.com.ar\/index.php\/wp-json\/wp\/v2\/media\/125933"}],"wp:attachment":[{"href":"https:\/\/infoecos.com.ar\/index.php\/wp-json\/wp\/v2\/media?parent=128725"}],"wp:term":[{"taxonomy":"category","embeddable":true,"href":"https:\/\/infoecos.com.ar\/index.php\/wp-json\/wp\/v2\/categories?post=128725"},{"taxonomy":"post_tag","embeddable":true,"href":"https:\/\/infoecos.com.ar\/index.php\/wp-json\/wp\/v2\/tags?post=128725"}],"curies":[{"name":"wp","href":"https:\/\/api.w.org\/{rel}","templated":true}]}}