{"id":128735,"date":"2024-08-16T00:45:50","date_gmt":"2024-08-16T03:45:50","guid":{"rendered":"https:\/\/infoecos.com.ar\/?p=128735"},"modified":"2024-08-16T00:45:51","modified_gmt":"2024-08-16T03:45:51","slug":"el-aumento-propuesto-a-los-docentes-de-la-provincia-de-buenos-aires-45-para-agosto-y-otro-4-para-septiembre","status":"publish","type":"post","link":"https:\/\/infoecos.com.ar\/index.php\/el-aumento-propuesto-a-los-docentes-de-la-provincia-de-buenos-aires-45-para-agosto-y-otro-4-para-septiembre\/","title":{"rendered":"El aumento propuesto a los docentes de la provincia de Buenos Aires: 4,5% para agosto y otro 4% para septiembre"},"content":{"rendered":"\n<figure class=\"wp-block-image alignright size-full is-resized\"><img loading=\"lazy\" decoding=\"async\" width=\"862\" height=\"560\" src=\"https:\/\/infoecos.com.ar\/wp-content\/uploads\/2024\/08\/image-196.png\" alt=\"\" class=\"wp-image-128736\" style=\"width:432px;height:auto\" srcset=\"https:\/\/infoecos.com.ar\/wp-content\/uploads\/2024\/08\/image-196.png 862w, https:\/\/infoecos.com.ar\/wp-content\/uploads\/2024\/08\/image-196-800x520.png 800w, https:\/\/infoecos.com.ar\/wp-content\/uploads\/2024\/08\/image-196-768x499.png 768w\" sizes=\"(max-width: 862px) 100vw, 862px\" \/><\/figure>\n\n\n\n<p>El Gobierno bonaerense ofreci\u00f3 este jueves una suba salarial a los docentes de 4,5% para agosto y otro 4% para septiembre, algo que los gremios ahora pondr\u00e1n a consideraci\u00f3n, aunque todo indica que ser\u00e1 aprobado.<\/p>\n\n\n\n<p>La propuesta elevada por la administraci\u00f3n de Axel Kicillof lleva el sueldo del maestro de grado que reci\u00e9n se inicia a $ 500.000 en agosto y $514.312 en septiembre.<\/p>\n\n\n\n<p>En el caso de los preceptores iniciales el incremento ubica la cifra en $ 417.000 el mes que viene, y un profesor con 20 m\u00f3dulos sin antig\u00fcedad alcanzar\u00eda los $ 664.000.<\/p>\n\n\n\n<p>Adem\u00e1s, en caso de aprobarse la oferta, las partes har\u00e1n un monitoreo en septiembre para ver c\u00f3mo evoluciona la inflaci\u00f3n y la reapertura de la paritaria ser\u00e1 en octubre.<\/p>\n","protected":false},"excerpt":{"rendered":"<p>En caso de aprobarse la oferta, las partes har\u00e1n un monitoreo en septiembre para ver c\u00f3mo evoluciona la inflaci\u00f3n y la reapertura de la paritaria ser\u00e1 en octubre<\/p>\n","protected":false},"author":2,"featured_media":128736,"comment_status":"closed","ping_status":"open","sticky":false,"template":"","format":"standard","meta":{"footnotes":""},"categories":[1612],"tags":[],"class_list":["post-128735","post","type-post","status-publish","format-standard","has-post-thumbnail","hentry","category-noticia-principal"],"yoast_head":"<!-- This site is optimized with the Yoast SEO plugin v23.4 - https:\/\/yoast.com\/wordpress\/plugins\/seo\/ -->\n<title>El aumento propuesto a los docentes de la provincia de Buenos Aires: 4,5% para agosto y otro 4% para septiembre - Infoecos<\/title>\n<meta name=\"robots\" content=\"index, follow, max-snippet:-1, max-image-preview:large, max-video-preview:-1\" \/>\n<link rel=\"canonical\" href=\"https:\/\/infoecos.com.ar\/index.php\/el-aumento-propuesto-a-los-docentes-de-la-provincia-de-buenos-aires-45-para-agosto-y-otro-4-para-septiembre\/\" \/>\n<meta property=\"og:locale\" content=\"es_ES\" \/>\n<meta property=\"og:type\" content=\"article\" \/>\n<meta property=\"og:title\" content=\"El aumento propuesto a los docentes de la provincia de Buenos Aires: 4,5% para agosto y otro 4% para septiembre - Infoecos\" \/>\n<meta property=\"og:description\" content=\"En caso de aprobarse la oferta, las partes har\u00e1n un monitoreo en septiembre para ver c\u00f3mo evoluciona la inflaci\u00f3n y la reapertura de la paritaria ser\u00e1 en octubre\" \/>\n<meta property=\"og:url\" content=\"https:\/\/infoecos.com.ar\/index.php\/el-aumento-propuesto-a-los-docentes-de-la-provincia-de-buenos-aires-45-para-agosto-y-otro-4-para-septiembre\/\" \/>\n<meta property=\"og:site_name\" content=\"Infoecos\" \/>\n<meta property=\"article:publisher\" content=\"https:\/\/www.facebook.com\/profile.php?id=100063200290284\" \/>\n<meta property=\"article:published_time\" content=\"2024-08-16T03:45:50+00:00\" \/>\n<meta property=\"article:modified_time\" content=\"2024-08-16T03:45:51+00:00\" \/>\n<meta property=\"og:image\" content=\"https:\/\/infoecos.com.ar\/wp-content\/uploads\/2024\/08\/image-196.png\" \/>\n\t<meta property=\"og:image:width\" content=\"862\" \/>\n\t<meta property=\"og:image:height\" content=\"560\" \/>\n\t<meta property=\"og:image:type\" content=\"image\/png\" \/>\n<meta name=\"author\" content=\"Jorge Matheus\" \/>\n<meta name=\"twitter:card\" content=\"summary_large_image\" \/>\n<meta name=\"twitter:creator\" content=\"@infoecos\" \/>\n<meta name=\"twitter:site\" content=\"@infoecos\" \/>\n<meta name=\"twitter:label1\" content=\"Escrito por\" \/>\n\t<meta name=\"twitter:data1\" content=\"Jorge Matheus\" \/>\n\t<meta name=\"twitter:label2\" content=\"Tiempo de lectura\" \/>\n\t<meta name=\"twitter:data2\" content=\"1 minuto\" \/>\n<script type=\"application\/ld+json\" class=\"yoast-schema-graph\">{\"@context\":\"https:\/\/schema.org\",\"@graph\":[{\"@type\":\"Article\",\"@id\":\"https:\/\/infoecos.com.ar\/index.php\/el-aumento-propuesto-a-los-docentes-de-la-provincia-de-buenos-aires-45-para-agosto-y-otro-4-para-septiembre\/#article\",\"isPartOf\":{\"@id\":\"https:\/\/infoecos.com.ar\/index.php\/el-aumento-propuesto-a-los-docentes-de-la-provincia-de-buenos-aires-45-para-agosto-y-otro-4-para-septiembre\/\"},\"author\":{\"name\":\"Jorge Matheus\",\"@id\":\"https:\/\/infoecos.com.ar\/#\/schema\/person\/8f5ace5ce73b4b4aac4b7245aee6f191\"},\"headline\":\"El aumento propuesto a los docentes de la provincia de Buenos Aires: 4,5% para agosto y otro 4% para septiembre\",\"datePublished\":\"2024-08-16T03:45:50+00:00\",\"dateModified\":\"2024-08-16T03:45:51+00:00\",\"mainEntityOfPage\":{\"@id\":\"https:\/\/infoecos.com.ar\/index.php\/el-aumento-propuesto-a-los-docentes-de-la-provincia-de-buenos-aires-45-para-agosto-y-otro-4-para-septiembre\/\"},\"wordCount\":143,\"publisher\":{\"@id\":\"https:\/\/infoecos.com.ar\/#organization\"},\"image\":{\"@id\":\"https:\/\/infoecos.com.ar\/index.php\/el-aumento-propuesto-a-los-docentes-de-la-provincia-de-buenos-aires-45-para-agosto-y-otro-4-para-septiembre\/#primaryimage\"},\"thumbnailUrl\":\"https:\/\/infoecos.com.ar\/wp-content\/uploads\/2024\/08\/image-196.png\",\"articleSection\":[\"Noticia Principal\"],\"inLanguage\":\"es\"},{\"@type\":\"WebPage\",\"@id\":\"https:\/\/infoecos.com.ar\/index.php\/el-aumento-propuesto-a-los-docentes-de-la-provincia-de-buenos-aires-45-para-agosto-y-otro-4-para-septiembre\/\",\"url\":\"https:\/\/infoecos.com.ar\/index.php\/el-aumento-propuesto-a-los-docentes-de-la-provincia-de-buenos-aires-45-para-agosto-y-otro-4-para-septiembre\/\",\"name\":\"El aumento propuesto a los docentes de la provincia de Buenos Aires: 4,5% para agosto y otro 4% para septiembre - Infoecos\",\"isPartOf\":{\"@id\":\"https:\/\/infoecos.com.ar\/#website\"},\"primaryImageOfPage\":{\"@id\":\"https:\/\/infoecos.com.ar\/index.php\/el-aumento-propuesto-a-los-docentes-de-la-provincia-de-buenos-aires-45-para-agosto-y-otro-4-para-septiembre\/#primaryimage\"},\"image\":{\"@id\":\"https:\/\/infoecos.com.ar\/index.php\/el-aumento-propuesto-a-los-docentes-de-la-provincia-de-buenos-aires-45-para-agosto-y-otro-4-para-septiembre\/#primaryimage\"},\"thumbnailUrl\":\"https:\/\/infoecos.com.ar\/wp-content\/uploads\/2024\/08\/image-196.png\",\"datePublished\":\"2024-08-16T03:45:50+00:00\",\"dateModified\":\"2024-08-16T03:45:51+00:00\",\"breadcrumb\":{\"@id\":\"https:\/\/infoecos.com.ar\/index.php\/el-aumento-propuesto-a-los-docentes-de-la-provincia-de-buenos-aires-45-para-agosto-y-otro-4-para-septiembre\/#breadcrumb\"},\"inLanguage\":\"es\",\"potentialAction\":[{\"@type\":\"ReadAction\",\"target\":[\"https:\/\/infoecos.com.ar\/index.php\/el-aumento-propuesto-a-los-docentes-de-la-provincia-de-buenos-aires-45-para-agosto-y-otro-4-para-septiembre\/\"]}]},{\"@type\":\"ImageObject\",\"inLanguage\":\"es\",\"@id\":\"https:\/\/infoecos.com.ar\/index.php\/el-aumento-propuesto-a-los-docentes-de-la-provincia-de-buenos-aires-45-para-agosto-y-otro-4-para-septiembre\/#primaryimage\",\"url\":\"https:\/\/infoecos.com.ar\/wp-content\/uploads\/2024\/08\/image-196.png\",\"contentUrl\":\"https:\/\/infoecos.com.ar\/wp-content\/uploads\/2024\/08\/image-196.png\",\"width\":862,\"height\":560},{\"@type\":\"BreadcrumbList\",\"@id\":\"https:\/\/infoecos.com.ar\/index.php\/el-aumento-propuesto-a-los-docentes-de-la-provincia-de-buenos-aires-45-para-agosto-y-otro-4-para-septiembre\/#breadcrumb\",\"itemListElement\":[{\"@type\":\"ListItem\",\"position\":1,\"name\":\"Portada\",\"item\":\"https:\/\/infoecos.com.ar\/\"},{\"@type\":\"ListItem\",\"position\":2,\"name\":\"El aumento propuesto a los docentes de la provincia de Buenos Aires: 4,5% para agosto y otro 4% para septiembre\"}]},{\"@type\":\"WebSite\",\"@id\":\"https:\/\/infoecos.com.ar\/#website\",\"url\":\"https:\/\/infoecos.com.ar\/\",\"name\":\"Infoecos\",\"description\":\"Noticias de trenque lauquen y la zona\",\"publisher\":{\"@id\":\"https:\/\/infoecos.com.ar\/#organization\"},\"alternateName\":\"Noticias\",\"potentialAction\":[{\"@type\":\"SearchAction\",\"target\":{\"@type\":\"EntryPoint\",\"urlTemplate\":\"https:\/\/infoecos.com.ar\/?s={search_term_string}\"},\"query-input\":{\"@type\":\"PropertyValueSpecification\",\"valueRequired\":true,\"valueName\":\"search_term_string\"}}],\"inLanguage\":\"es\"},{\"@type\":\"Organization\",\"@id\":\"https:\/\/infoecos.com.ar\/#organization\",\"name\":\"Infoecos\",\"alternateName\":\"Noticias\",\"url\":\"https:\/\/infoecos.com.ar\/\",\"logo\":{\"@type\":\"ImageObject\",\"inLanguage\":\"es\",\"@id\":\"https:\/\/infoecos.com.ar\/#\/schema\/logo\/image\/\",\"url\":\"https:\/\/infoecos.com.ar\/wp-content\/uploads\/2024\/03\/cropped-logo.png\",\"contentUrl\":\"https:\/\/infoecos.com.ar\/wp-content\/uploads\/2024\/03\/cropped-logo.png\",\"width\":374,\"height\":90,\"caption\":\"Infoecos\"},\"image\":{\"@id\":\"https:\/\/infoecos.com.ar\/#\/schema\/logo\/image\/\"},\"sameAs\":[\"https:\/\/www.facebook.com\/profile.php?id=100063200290284\",\"https:\/\/x.com\/infoecos\"]},{\"@type\":\"Person\",\"@id\":\"https:\/\/infoecos.com.ar\/#\/schema\/person\/8f5ace5ce73b4b4aac4b7245aee6f191\",\"name\":\"Jorge Matheus\",\"url\":\"https:\/\/infoecos.com.ar\/index.php\/author\/jomatheus\/\"}]}<\/script>\n<!-- \/ Yoast SEO plugin. -->","yoast_head_json":{"title":"El aumento propuesto a los docentes de la provincia de Buenos Aires: 4,5% para agosto y otro 4% para septiembre - Infoecos","robots":{"index":"index","follow":"follow","max-snippet":"max-snippet:-1","max-image-preview":"max-image-preview:large","max-video-preview":"max-video-preview:-1"},"canonical":"https:\/\/infoecos.com.ar\/index.php\/el-aumento-propuesto-a-los-docentes-de-la-provincia-de-buenos-aires-45-para-agosto-y-otro-4-para-septiembre\/","og_locale":"es_ES","og_type":"article","og_title":"El aumento propuesto a los docentes de la provincia de Buenos Aires: 4,5% para agosto y otro 4% para septiembre - Infoecos","og_description":"En caso de aprobarse la oferta, las partes har\u00e1n un monitoreo en septiembre para ver c\u00f3mo evoluciona la inflaci\u00f3n y la reapertura de la paritaria ser\u00e1 en octubre","og_url":"https:\/\/infoecos.com.ar\/index.php\/el-aumento-propuesto-a-los-docentes-de-la-provincia-de-buenos-aires-45-para-agosto-y-otro-4-para-septiembre\/","og_site_name":"Infoecos","article_publisher":"https:\/\/www.facebook.com\/profile.php?id=100063200290284","article_published_time":"2024-08-16T03:45:50+00:00","article_modified_time":"2024-08-16T03:45:51+00:00","og_image":[{"width":862,"height":560,"url":"https:\/\/infoecos.com.ar\/wp-content\/uploads\/2024\/08\/image-196.png","type":"image\/png"}],"author":"Jorge Matheus","twitter_card":"summary_large_image","twitter_creator":"@infoecos","twitter_site":"@infoecos","twitter_misc":{"Escrito por":"Jorge Matheus","Tiempo de lectura":"1 minuto"},"schema":{"@context":"https:\/\/schema.org","@graph":[{"@type":"Article","@id":"https:\/\/infoecos.com.ar\/index.php\/el-aumento-propuesto-a-los-docentes-de-la-provincia-de-buenos-aires-45-para-agosto-y-otro-4-para-septiembre\/#article","isPartOf":{"@id":"https:\/\/infoecos.com.ar\/index.php\/el-aumento-propuesto-a-los-docentes-de-la-provincia-de-buenos-aires-45-para-agosto-y-otro-4-para-septiembre\/"},"author":{"name":"Jorge Matheus","@id":"https:\/\/infoecos.com.ar\/#\/schema\/person\/8f5ace5ce73b4b4aac4b7245aee6f191"},"headline":"El aumento propuesto a los docentes de la provincia de Buenos Aires: 4,5% para agosto y otro 4% para septiembre","datePublished":"2024-08-16T03:45:50+00:00","dateModified":"2024-08-16T03:45:51+00:00","mainEntityOfPage":{"@id":"https:\/\/infoecos.com.ar\/index.php\/el-aumento-propuesto-a-los-docentes-de-la-provincia-de-buenos-aires-45-para-agosto-y-otro-4-para-septiembre\/"},"wordCount":143,"publisher":{"@id":"https:\/\/infoecos.com.ar\/#organization"},"image":{"@id":"https:\/\/infoecos.com.ar\/index.php\/el-aumento-propuesto-a-los-docentes-de-la-provincia-de-buenos-aires-45-para-agosto-y-otro-4-para-septiembre\/#primaryimage"},"thumbnailUrl":"https:\/\/infoecos.com.ar\/wp-content\/uploads\/2024\/08\/image-196.png","articleSection":["Noticia Principal"],"inLanguage":"es"},{"@type":"WebPage","@id":"https:\/\/infoecos.com.ar\/index.php\/el-aumento-propuesto-a-los-docentes-de-la-provincia-de-buenos-aires-45-para-agosto-y-otro-4-para-septiembre\/","url":"https:\/\/infoecos.com.ar\/index.php\/el-aumento-propuesto-a-los-docentes-de-la-provincia-de-buenos-aires-45-para-agosto-y-otro-4-para-septiembre\/","name":"El aumento propuesto a los docentes de la provincia de Buenos Aires: 4,5% para agosto y otro 4% para septiembre - Infoecos","isPartOf":{"@id":"https:\/\/infoecos.com.ar\/#website"},"primaryImageOfPage":{"@id":"https:\/\/infoecos.com.ar\/index.php\/el-aumento-propuesto-a-los-docentes-de-la-provincia-de-buenos-aires-45-para-agosto-y-otro-4-para-septiembre\/#primaryimage"},"image":{"@id":"https:\/\/infoecos.com.ar\/index.php\/el-aumento-propuesto-a-los-docentes-de-la-provincia-de-buenos-aires-45-para-agosto-y-otro-4-para-septiembre\/#primaryimage"},"thumbnailUrl":"https:\/\/infoecos.com.ar\/wp-content\/uploads\/2024\/08\/image-196.png","datePublished":"2024-08-16T03:45:50+00:00","dateModified":"2024-08-16T03:45:51+00:00","breadcrumb":{"@id":"https:\/\/infoecos.com.ar\/index.php\/el-aumento-propuesto-a-los-docentes-de-la-provincia-de-buenos-aires-45-para-agosto-y-otro-4-para-septiembre\/#breadcrumb"},"inLanguage":"es","potentialAction":[{"@type":"ReadAction","target":["https:\/\/infoecos.com.ar\/index.php\/el-aumento-propuesto-a-los-docentes-de-la-provincia-de-buenos-aires-45-para-agosto-y-otro-4-para-septiembre\/"]}]},{"@type":"ImageObject","inLanguage":"es","@id":"https:\/\/infoecos.com.ar\/index.php\/el-aumento-propuesto-a-los-docentes-de-la-provincia-de-buenos-aires-45-para-agosto-y-otro-4-para-septiembre\/#primaryimage","url":"https:\/\/infoecos.com.ar\/wp-content\/uploads\/2024\/08\/image-196.png","contentUrl":"https:\/\/infoecos.com.ar\/wp-content\/uploads\/2024\/08\/image-196.png","width":862,"height":560},{"@type":"BreadcrumbList","@id":"https:\/\/infoecos.com.ar\/index.php\/el-aumento-propuesto-a-los-docentes-de-la-provincia-de-buenos-aires-45-para-agosto-y-otro-4-para-septiembre\/#breadcrumb","itemListElement":[{"@type":"ListItem","position":1,"name":"Portada","item":"https:\/\/infoecos.com.ar\/"},{"@type":"ListItem","position":2,"name":"El aumento propuesto a los docentes de la provincia de Buenos Aires: 4,5% para agosto y otro 4% para septiembre"}]},{"@type":"WebSite","@id":"https:\/\/infoecos.com.ar\/#website","url":"https:\/\/infoecos.com.ar\/","name":"Infoecos","description":"Noticias de trenque lauquen y la zona","publisher":{"@id":"https:\/\/infoecos.com.ar\/#organization"},"alternateName":"Noticias","potentialAction":[{"@type":"SearchAction","target":{"@type":"EntryPoint","urlTemplate":"https:\/\/infoecos.com.ar\/?s={search_term_string}"},"query-input":{"@type":"PropertyValueSpecification","valueRequired":true,"valueName":"search_term_string"}}],"inLanguage":"es"},{"@type":"Organization","@id":"https:\/\/infoecos.com.ar\/#organization","name":"Infoecos","alternateName":"Noticias","url":"https:\/\/infoecos.com.ar\/","logo":{"@type":"ImageObject","inLanguage":"es","@id":"https:\/\/infoecos.com.ar\/#\/schema\/logo\/image\/","url":"https:\/\/infoecos.com.ar\/wp-content\/uploads\/2024\/03\/cropped-logo.png","contentUrl":"https:\/\/infoecos.com.ar\/wp-content\/uploads\/2024\/03\/cropped-logo.png","width":374,"height":90,"caption":"Infoecos"},"image":{"@id":"https:\/\/infoecos.com.ar\/#\/schema\/logo\/image\/"},"sameAs":["https:\/\/www.facebook.com\/profile.php?id=100063200290284","https:\/\/x.com\/infoecos"]},{"@type":"Person","@id":"https:\/\/infoecos.com.ar\/#\/schema\/person\/8f5ace5ce73b4b4aac4b7245aee6f191","name":"Jorge Matheus","url":"https:\/\/infoecos.com.ar\/index.php\/author\/jomatheus\/"}]}},"featured_image_urls":{"full":["https:\/\/infoecos.com.ar\/wp-content\/uploads\/2024\/08\/image-196.png",862,560,false],"thumbnail":["https:\/\/infoecos.com.ar\/wp-content\/uploads\/2024\/08\/image-196-300x150.png",300,150,true],"medium":["https:\/\/infoecos.com.ar\/wp-content\/uploads\/2024\/08\/image-196-800x520.png",800,520,true],"medium_large":["https:\/\/infoecos.com.ar\/wp-content\/uploads\/2024\/08\/image-196-768x499.png",640,416,true],"large":["https:\/\/infoecos.com.ar\/wp-content\/uploads\/2024\/08\/image-196.png",640,416,false],"1536x1536":["https:\/\/infoecos.com.ar\/wp-content\/uploads\/2024\/08\/image-196.png",862,560,false],"2048x2048":["https:\/\/infoecos.com.ar\/wp-content\/uploads\/2024\/08\/image-196.png",862,560,false],"covernews-slider-full":["https:\/\/infoecos.com.ar\/wp-content\/uploads\/2024\/08\/image-196.png",862,560,false],"covernews-slider-center":["https:\/\/infoecos.com.ar\/wp-content\/uploads\/2024\/08\/image-196-800x500.png",800,500,true],"covernews-featured":["https:\/\/infoecos.com.ar\/wp-content\/uploads\/2024\/08\/image-196.png",862,560,false],"covernews-medium":["https:\/\/infoecos.com.ar\/wp-content\/uploads\/2024\/08\/image-196-540x340.png",540,340,true],"covernews-medium-square":["https:\/\/infoecos.com.ar\/wp-content\/uploads\/2024\/08\/image-196-400x250.png",400,250,true]},"author_info":{"info":["Jorge Matheus"]},"category_info":"<a href=\"https:\/\/infoecos.com.ar\/index.php\/category\/noticia-principal\/\" rel=\"category tag\">Noticia Principal<\/a>","tag_info":"Noticia Principal","comment_count":"0","_links":{"self":[{"href":"https:\/\/infoecos.com.ar\/index.php\/wp-json\/wp\/v2\/posts\/128735"}],"collection":[{"href":"https:\/\/infoecos.com.ar\/index.php\/wp-json\/wp\/v2\/posts"}],"about":[{"href":"https:\/\/infoecos.com.ar\/index.php\/wp-json\/wp\/v2\/types\/post"}],"author":[{"embeddable":true,"href":"https:\/\/infoecos.com.ar\/index.php\/wp-json\/wp\/v2\/users\/2"}],"replies":[{"embeddable":true,"href":"https:\/\/infoecos.com.ar\/index.php\/wp-json\/wp\/v2\/comments?post=128735"}],"version-history":[{"count":1,"href":"https:\/\/infoecos.com.ar\/index.php\/wp-json\/wp\/v2\/posts\/128735\/revisions"}],"predecessor-version":[{"id":128737,"href":"https:\/\/infoecos.com.ar\/index.php\/wp-json\/wp\/v2\/posts\/128735\/revisions\/128737"}],"wp:featuredmedia":[{"embeddable":true,"href":"https:\/\/infoecos.com.ar\/index.php\/wp-json\/wp\/v2\/media\/128736"}],"wp:attachment":[{"href":"https:\/\/infoecos.com.ar\/index.php\/wp-json\/wp\/v2\/media?parent=128735"}],"wp:term":[{"taxonomy":"category","embeddable":true,"href":"https:\/\/infoecos.com.ar\/index.php\/wp-json\/wp\/v2\/categories?post=128735"},{"taxonomy":"post_tag","embeddable":true,"href":"https:\/\/infoecos.com.ar\/index.php\/wp-json\/wp\/v2\/tags?post=128735"}],"curies":[{"name":"wp","href":"https:\/\/api.w.org\/{rel}","templated":true}]}}