{"id":128745,"date":"2024-08-16T16:15:24","date_gmt":"2024-08-16T19:15:24","guid":{"rendered":"https:\/\/infoecos.com.ar\/?p=128745"},"modified":"2024-08-16T16:15:25","modified_gmt":"2024-08-16T19:15:25","slug":"automovilismo-en-el-autodromo-de-buenos-aires-lugar-glorioso-para-el-sergio-alaux-se-subira-al-camaro-este-fin-de-semana","status":"publish","type":"post","link":"https:\/\/infoecos.com.ar\/index.php\/automovilismo-en-el-autodromo-de-buenos-aires-lugar-glorioso-para-el-sergio-alaux-se-subira-al-camaro-este-fin-de-semana\/","title":{"rendered":"Automovilismo: en el aut\u00f3dromo de Buenos Aires, lugar glorioso para \u00e9l, Sergio Alaux se subir\u00e1 al Camaro este fin de semana"},"content":{"rendered":"\n<p>Sergio Alaux no deja el Turismo Carretera y por el contrario fortalecer\u00e1 a partir de este fin de semana su presencia en esta categor\u00eda que lo vio ganador cuando se celebraron los 75 a\u00f1os. En el mismo aut\u00f3dromo, el piloto con radicaci\u00f3n en Trenque Lauquen, pero nacido deportivamente en Pig\u00fc\u00e9, presentar\u00e1 el Camaro que le acaban de preparar.<\/p>\n\n\n\n<figure class=\"wp-block-gallery has-nested-images columns-default is-cropped wp-block-gallery-1 is-layout-flex wp-block-gallery-is-layout-flex\">\n<figure class=\"wp-block-image size-large\"><img loading=\"lazy\" decoding=\"async\" width=\"1280\" height=\"1280\" data-id=\"128751\" src=\"https:\/\/infoecos.com.ar\/wp-content\/uploads\/2024\/08\/455450345_18347580583186048_2485236836757090449_n-1.jpg\" alt=\"\" class=\"wp-image-128751\" srcset=\"https:\/\/infoecos.com.ar\/wp-content\/uploads\/2024\/08\/455450345_18347580583186048_2485236836757090449_n-1.jpg 1280w, https:\/\/infoecos.com.ar\/wp-content\/uploads\/2024\/08\/455450345_18347580583186048_2485236836757090449_n-1-800x800.jpg 800w, https:\/\/infoecos.com.ar\/wp-content\/uploads\/2024\/08\/455450345_18347580583186048_2485236836757090449_n-1-768x768.jpg 768w, https:\/\/infoecos.com.ar\/wp-content\/uploads\/2024\/08\/455450345_18347580583186048_2485236836757090449_n-1-1024x1024.jpg 1024w\" sizes=\"(max-width: 1280px) 100vw, 1280px\" \/><\/figure>\n\n\n\n<figure class=\"wp-block-image size-large\"><img loading=\"lazy\" decoding=\"async\" width=\"1280\" height=\"1280\" data-id=\"128752\" src=\"https:\/\/infoecos.com.ar\/wp-content\/uploads\/2024\/08\/455610714_18347580601186048_5889368310841141871_n-1.jpg\" alt=\"\" class=\"wp-image-128752\" srcset=\"https:\/\/infoecos.com.ar\/wp-content\/uploads\/2024\/08\/455610714_18347580601186048_5889368310841141871_n-1.jpg 1280w, https:\/\/infoecos.com.ar\/wp-content\/uploads\/2024\/08\/455610714_18347580601186048_5889368310841141871_n-1-800x800.jpg 800w, https:\/\/infoecos.com.ar\/wp-content\/uploads\/2024\/08\/455610714_18347580601186048_5889368310841141871_n-1-768x768.jpg 768w, https:\/\/infoecos.com.ar\/wp-content\/uploads\/2024\/08\/455610714_18347580601186048_5889368310841141871_n-1-1024x1024.jpg 1024w\" sizes=\"(max-width: 1280px) 100vw, 1280px\" \/><\/figure>\n\n\n\n<figure class=\"wp-block-image size-large\"><img loading=\"lazy\" decoding=\"async\" width=\"1280\" height=\"1280\" data-id=\"128757\" src=\"https:\/\/infoecos.com.ar\/wp-content\/uploads\/2024\/08\/455628190_18347580586186048_137707040152351589_n-1.jpg\" alt=\"\" class=\"wp-image-128757\" srcset=\"https:\/\/infoecos.com.ar\/wp-content\/uploads\/2024\/08\/455628190_18347580586186048_137707040152351589_n-1.jpg 1280w, https:\/\/infoecos.com.ar\/wp-content\/uploads\/2024\/08\/455628190_18347580586186048_137707040152351589_n-1-800x800.jpg 800w, https:\/\/infoecos.com.ar\/wp-content\/uploads\/2024\/08\/455628190_18347580586186048_137707040152351589_n-1-768x768.jpg 768w, https:\/\/infoecos.com.ar\/wp-content\/uploads\/2024\/08\/455628190_18347580586186048_137707040152351589_n-1-1024x1024.jpg 1024w\" sizes=\"(max-width: 1280px) 100vw, 1280px\" \/><\/figure>\n<\/figure>\n\n\n\n<p>Alaux est\u00e1 lleno de expectativas para la competencia y en di\u00e1logo con Infoecos las transmiti\u00f3. Se expres\u00f3 con los tiempos complicados, pero que tiene fe en que todo andar\u00e1 bien.<\/p>\n\n\n\n<figure class=\"wp-block-image aligncenter size-full is-resized\"><img loading=\"lazy\" decoding=\"async\" width=\"1280\" height=\"568\" src=\"https:\/\/infoecos.com.ar\/wp-content\/uploads\/2024\/08\/image-197.png\" alt=\"\" class=\"wp-image-128746\" style=\"width:462px;height:auto\" srcset=\"https:\/\/infoecos.com.ar\/wp-content\/uploads\/2024\/08\/image-197.png 1280w, https:\/\/infoecos.com.ar\/wp-content\/uploads\/2024\/08\/image-197-800x355.png 800w, https:\/\/infoecos.com.ar\/wp-content\/uploads\/2024\/08\/image-197-768x341.png 768w, https:\/\/infoecos.com.ar\/wp-content\/uploads\/2024\/08\/image-197-1024x454.png 1024w\" sizes=\"(max-width: 1280px) 100vw, 1280px\" \/><\/figure>\n\n\n\n<p>As\u00ed se armaba el Camaro con el que Sergio Alaux competir\u00e1 a partir de ahora en la categor\u00eda m\u00e1s popular del pa\u00eds.<\/p>\n\n\n\n<figure class=\"wp-block-gallery has-nested-images columns-default is-cropped wp-block-gallery-2 is-layout-flex wp-block-gallery-is-layout-flex\">\n<figure class=\"wp-block-image size-large\"><img loading=\"lazy\" decoding=\"async\" width=\"1281\" height=\"1600\" data-id=\"128766\" src=\"https:\/\/infoecos.com.ar\/wp-content\/uploads\/2024\/08\/455089428_18347305585186048_4371433628012804014_n-1281x1600.jpg\" alt=\"\" class=\"wp-image-128766\" srcset=\"https:\/\/infoecos.com.ar\/wp-content\/uploads\/2024\/08\/455089428_18347305585186048_4371433628012804014_n-1281x1600.jpg 1281w, https:\/\/infoecos.com.ar\/wp-content\/uploads\/2024\/08\/455089428_18347305585186048_4371433628012804014_n-640x800.jpg 640w, https:\/\/infoecos.com.ar\/wp-content\/uploads\/2024\/08\/455089428_18347305585186048_4371433628012804014_n-768x959.jpg 768w, https:\/\/infoecos.com.ar\/wp-content\/uploads\/2024\/08\/455089428_18347305585186048_4371433628012804014_n-1229x1536.jpg 1229w, https:\/\/infoecos.com.ar\/wp-content\/uploads\/2024\/08\/455089428_18347305585186048_4371433628012804014_n-1024x1279.jpg 1024w, https:\/\/infoecos.com.ar\/wp-content\/uploads\/2024\/08\/455089428_18347305585186048_4371433628012804014_n.jpg 1440w\" sizes=\"(max-width: 1281px) 100vw, 1281px\" \/><\/figure>\n\n\n\n<figure class=\"wp-block-image size-large\"><img loading=\"lazy\" decoding=\"async\" width=\"1283\" height=\"1600\" data-id=\"128765\" src=\"https:\/\/infoecos.com.ar\/wp-content\/uploads\/2024\/08\/455176065_18347305576186048_3822863691596109463_n-1-1283x1600.jpg\" alt=\"\" class=\"wp-image-128765\" srcset=\"https:\/\/infoecos.com.ar\/wp-content\/uploads\/2024\/08\/455176065_18347305576186048_3822863691596109463_n-1-1283x1600.jpg 1283w, https:\/\/infoecos.com.ar\/wp-content\/uploads\/2024\/08\/455176065_18347305576186048_3822863691596109463_n-1-641x800.jpg 641w, https:\/\/infoecos.com.ar\/wp-content\/uploads\/2024\/08\/455176065_18347305576186048_3822863691596109463_n-1-768x958.jpg 768w, https:\/\/infoecos.com.ar\/wp-content\/uploads\/2024\/08\/455176065_18347305576186048_3822863691596109463_n-1-1232x1536.jpg 1232w, https:\/\/infoecos.com.ar\/wp-content\/uploads\/2024\/08\/455176065_18347305576186048_3822863691596109463_n-1-1024x1277.jpg 1024w, https:\/\/infoecos.com.ar\/wp-content\/uploads\/2024\/08\/455176065_18347305576186048_3822863691596109463_n-1.jpg 1440w\" sizes=\"(max-width: 1283px) 100vw, 1283px\" \/><\/figure>\n\n\n\n<figure class=\"wp-block-image size-large\"><img loading=\"lazy\" decoding=\"async\" width=\"1281\" height=\"1600\" data-id=\"128768\" src=\"https:\/\/infoecos.com.ar\/wp-content\/uploads\/2024\/08\/455202530_18347305567186048_1301837541850822917_n-1-1281x1600.jpg\" alt=\"\" class=\"wp-image-128768\" srcset=\"https:\/\/infoecos.com.ar\/wp-content\/uploads\/2024\/08\/455202530_18347305567186048_1301837541850822917_n-1-1281x1600.jpg 1281w, https:\/\/infoecos.com.ar\/wp-content\/uploads\/2024\/08\/455202530_18347305567186048_1301837541850822917_n-1-640x800.jpg 640w, https:\/\/infoecos.com.ar\/wp-content\/uploads\/2024\/08\/455202530_18347305567186048_1301837541850822917_n-1-768x959.jpg 768w, https:\/\/infoecos.com.ar\/wp-content\/uploads\/2024\/08\/455202530_18347305567186048_1301837541850822917_n-1-1229x1536.jpg 1229w, https:\/\/infoecos.com.ar\/wp-content\/uploads\/2024\/08\/455202530_18347305567186048_1301837541850822917_n-1-1024x1279.jpg 1024w, https:\/\/infoecos.com.ar\/wp-content\/uploads\/2024\/08\/455202530_18347305567186048_1301837541850822917_n-1.jpg 1440w\" sizes=\"(max-width: 1281px) 100vw, 1281px\" \/><\/figure>\n<\/figure>\n","protected":false},"excerpt":{"rendered":"<p>Alaux est\u00e1 lleno de expectativas para la competencia y en di\u00e1logo con Infoecos las transmiti\u00f3. Se expres\u00f3 con los tiempos complicados, pero que tiene fe en que todo andar\u00e1 bien<\/p>\n","protected":false},"author":2,"featured_media":128746,"comment_status":"closed","ping_status":"open","sticky":false,"template":"","format":"standard","meta":{"footnotes":""},"categories":[1612],"tags":[],"class_list":["post-128745","post","type-post","status-publish","format-standard","has-post-thumbnail","hentry","category-noticia-principal"],"yoast_head":"<!-- This site is optimized with the Yoast SEO plugin v23.4 - https:\/\/yoast.com\/wordpress\/plugins\/seo\/ -->\n<title>Automovilismo: en el aut\u00f3dromo de Buenos Aires, lugar glorioso para \u00e9l, Sergio Alaux se subir\u00e1 al Camaro este fin de semana - Infoecos<\/title>\n<meta name=\"robots\" content=\"index, follow, max-snippet:-1, max-image-preview:large, max-video-preview:-1\" \/>\n<link rel=\"canonical\" href=\"https:\/\/infoecos.com.ar\/index.php\/automovilismo-en-el-autodromo-de-buenos-aires-lugar-glorioso-para-el-sergio-alaux-se-subira-al-camaro-este-fin-de-semana\/\" \/>\n<meta property=\"og:locale\" content=\"es_ES\" \/>\n<meta property=\"og:type\" content=\"article\" \/>\n<meta property=\"og:title\" content=\"Automovilismo: en el aut\u00f3dromo de Buenos Aires, lugar glorioso para \u00e9l, Sergio Alaux se subir\u00e1 al Camaro este fin de semana - Infoecos\" \/>\n<meta property=\"og:description\" content=\"Alaux est\u00e1 lleno de expectativas para la competencia y en di\u00e1logo con Infoecos las transmiti\u00f3. Se expres\u00f3 con los tiempos complicados, pero que tiene fe en que todo andar\u00e1 bien\" \/>\n<meta property=\"og:url\" content=\"https:\/\/infoecos.com.ar\/index.php\/automovilismo-en-el-autodromo-de-buenos-aires-lugar-glorioso-para-el-sergio-alaux-se-subira-al-camaro-este-fin-de-semana\/\" \/>\n<meta property=\"og:site_name\" content=\"Infoecos\" \/>\n<meta property=\"article:publisher\" content=\"https:\/\/www.facebook.com\/profile.php?id=100063200290284\" \/>\n<meta property=\"article:published_time\" content=\"2024-08-16T19:15:24+00:00\" \/>\n<meta property=\"article:modified_time\" content=\"2024-08-16T19:15:25+00:00\" \/>\n<meta property=\"og:image\" content=\"https:\/\/infoecos.com.ar\/wp-content\/uploads\/2024\/08\/image-197.png\" \/>\n\t<meta property=\"og:image:width\" content=\"1280\" \/>\n\t<meta property=\"og:image:height\" content=\"568\" \/>\n\t<meta property=\"og:image:type\" content=\"image\/png\" \/>\n<meta name=\"author\" content=\"Jorge Matheus\" \/>\n<meta name=\"twitter:card\" content=\"summary_large_image\" \/>\n<meta name=\"twitter:creator\" content=\"@infoecos\" \/>\n<meta name=\"twitter:site\" content=\"@infoecos\" \/>\n<meta name=\"twitter:label1\" content=\"Escrito por\" \/>\n\t<meta name=\"twitter:data1\" content=\"Jorge Matheus\" \/>\n\t<meta name=\"twitter:label2\" content=\"Tiempo de lectura\" \/>\n\t<meta name=\"twitter:data2\" content=\"3 minutos\" \/>\n<script type=\"application\/ld+json\" class=\"yoast-schema-graph\">{\"@context\":\"https:\/\/schema.org\",\"@graph\":[{\"@type\":\"Article\",\"@id\":\"https:\/\/infoecos.com.ar\/index.php\/automovilismo-en-el-autodromo-de-buenos-aires-lugar-glorioso-para-el-sergio-alaux-se-subira-al-camaro-este-fin-de-semana\/#article\",\"isPartOf\":{\"@id\":\"https:\/\/infoecos.com.ar\/index.php\/automovilismo-en-el-autodromo-de-buenos-aires-lugar-glorioso-para-el-sergio-alaux-se-subira-al-camaro-este-fin-de-semana\/\"},\"author\":{\"name\":\"Jorge Matheus\",\"@id\":\"https:\/\/infoecos.com.ar\/#\/schema\/person\/8f5ace5ce73b4b4aac4b7245aee6f191\"},\"headline\":\"Automovilismo: en el aut\u00f3dromo de Buenos Aires, lugar glorioso para \u00e9l, Sergio Alaux se subir\u00e1 al Camaro este fin de semana\",\"datePublished\":\"2024-08-16T19:15:24+00:00\",\"dateModified\":\"2024-08-16T19:15:25+00:00\",\"mainEntityOfPage\":{\"@id\":\"https:\/\/infoecos.com.ar\/index.php\/automovilismo-en-el-autodromo-de-buenos-aires-lugar-glorioso-para-el-sergio-alaux-se-subira-al-camaro-este-fin-de-semana\/\"},\"wordCount\":139,\"publisher\":{\"@id\":\"https:\/\/infoecos.com.ar\/#organization\"},\"image\":{\"@id\":\"https:\/\/infoecos.com.ar\/index.php\/automovilismo-en-el-autodromo-de-buenos-aires-lugar-glorioso-para-el-sergio-alaux-se-subira-al-camaro-este-fin-de-semana\/#primaryimage\"},\"thumbnailUrl\":\"https:\/\/infoecos.com.ar\/wp-content\/uploads\/2024\/08\/image-197.png\",\"articleSection\":[\"Noticia Principal\"],\"inLanguage\":\"es\"},{\"@type\":\"WebPage\",\"@id\":\"https:\/\/infoecos.com.ar\/index.php\/automovilismo-en-el-autodromo-de-buenos-aires-lugar-glorioso-para-el-sergio-alaux-se-subira-al-camaro-este-fin-de-semana\/\",\"url\":\"https:\/\/infoecos.com.ar\/index.php\/automovilismo-en-el-autodromo-de-buenos-aires-lugar-glorioso-para-el-sergio-alaux-se-subira-al-camaro-este-fin-de-semana\/\",\"name\":\"Automovilismo: en el aut\u00f3dromo de Buenos Aires, lugar glorioso para \u00e9l, Sergio Alaux se subir\u00e1 al Camaro este fin de semana - Infoecos\",\"isPartOf\":{\"@id\":\"https:\/\/infoecos.com.ar\/#website\"},\"primaryImageOfPage\":{\"@id\":\"https:\/\/infoecos.com.ar\/index.php\/automovilismo-en-el-autodromo-de-buenos-aires-lugar-glorioso-para-el-sergio-alaux-se-subira-al-camaro-este-fin-de-semana\/#primaryimage\"},\"image\":{\"@id\":\"https:\/\/infoecos.com.ar\/index.php\/automovilismo-en-el-autodromo-de-buenos-aires-lugar-glorioso-para-el-sergio-alaux-se-subira-al-camaro-este-fin-de-semana\/#primaryimage\"},\"thumbnailUrl\":\"https:\/\/infoecos.com.ar\/wp-content\/uploads\/2024\/08\/image-197.png\",\"datePublished\":\"2024-08-16T19:15:24+00:00\",\"dateModified\":\"2024-08-16T19:15:25+00:00\",\"breadcrumb\":{\"@id\":\"https:\/\/infoecos.com.ar\/index.php\/automovilismo-en-el-autodromo-de-buenos-aires-lugar-glorioso-para-el-sergio-alaux-se-subira-al-camaro-este-fin-de-semana\/#breadcrumb\"},\"inLanguage\":\"es\",\"potentialAction\":[{\"@type\":\"ReadAction\",\"target\":[\"https:\/\/infoecos.com.ar\/index.php\/automovilismo-en-el-autodromo-de-buenos-aires-lugar-glorioso-para-el-sergio-alaux-se-subira-al-camaro-este-fin-de-semana\/\"]}]},{\"@type\":\"ImageObject\",\"inLanguage\":\"es\",\"@id\":\"https:\/\/infoecos.com.ar\/index.php\/automovilismo-en-el-autodromo-de-buenos-aires-lugar-glorioso-para-el-sergio-alaux-se-subira-al-camaro-este-fin-de-semana\/#primaryimage\",\"url\":\"https:\/\/infoecos.com.ar\/wp-content\/uploads\/2024\/08\/image-197.png\",\"contentUrl\":\"https:\/\/infoecos.com.ar\/wp-content\/uploads\/2024\/08\/image-197.png\",\"width\":1280,\"height\":568},{\"@type\":\"BreadcrumbList\",\"@id\":\"https:\/\/infoecos.com.ar\/index.php\/automovilismo-en-el-autodromo-de-buenos-aires-lugar-glorioso-para-el-sergio-alaux-se-subira-al-camaro-este-fin-de-semana\/#breadcrumb\",\"itemListElement\":[{\"@type\":\"ListItem\",\"position\":1,\"name\":\"Portada\",\"item\":\"https:\/\/infoecos.com.ar\/\"},{\"@type\":\"ListItem\",\"position\":2,\"name\":\"Automovilismo: en el aut\u00f3dromo de Buenos Aires, lugar glorioso para \u00e9l, Sergio Alaux se subir\u00e1 al Camaro este fin de semana\"}]},{\"@type\":\"WebSite\",\"@id\":\"https:\/\/infoecos.com.ar\/#website\",\"url\":\"https:\/\/infoecos.com.ar\/\",\"name\":\"Infoecos\",\"description\":\"Noticias de trenque lauquen y la zona\",\"publisher\":{\"@id\":\"https:\/\/infoecos.com.ar\/#organization\"},\"alternateName\":\"Noticias\",\"potentialAction\":[{\"@type\":\"SearchAction\",\"target\":{\"@type\":\"EntryPoint\",\"urlTemplate\":\"https:\/\/infoecos.com.ar\/?s={search_term_string}\"},\"query-input\":{\"@type\":\"PropertyValueSpecification\",\"valueRequired\":true,\"valueName\":\"search_term_string\"}}],\"inLanguage\":\"es\"},{\"@type\":\"Organization\",\"@id\":\"https:\/\/infoecos.com.ar\/#organization\",\"name\":\"Infoecos\",\"alternateName\":\"Noticias\",\"url\":\"https:\/\/infoecos.com.ar\/\",\"logo\":{\"@type\":\"ImageObject\",\"inLanguage\":\"es\",\"@id\":\"https:\/\/infoecos.com.ar\/#\/schema\/logo\/image\/\",\"url\":\"https:\/\/infoecos.com.ar\/wp-content\/uploads\/2024\/03\/cropped-logo.png\",\"contentUrl\":\"https:\/\/infoecos.com.ar\/wp-content\/uploads\/2024\/03\/cropped-logo.png\",\"width\":374,\"height\":90,\"caption\":\"Infoecos\"},\"image\":{\"@id\":\"https:\/\/infoecos.com.ar\/#\/schema\/logo\/image\/\"},\"sameAs\":[\"https:\/\/www.facebook.com\/profile.php?id=100063200290284\",\"https:\/\/x.com\/infoecos\"]},{\"@type\":\"Person\",\"@id\":\"https:\/\/infoecos.com.ar\/#\/schema\/person\/8f5ace5ce73b4b4aac4b7245aee6f191\",\"name\":\"Jorge Matheus\",\"url\":\"https:\/\/infoecos.com.ar\/index.php\/author\/jomatheus\/\"}]}<\/script>\n<!-- \/ Yoast SEO plugin. -->","yoast_head_json":{"title":"Automovilismo: en el aut\u00f3dromo de Buenos Aires, lugar glorioso para \u00e9l, Sergio Alaux se subir\u00e1 al Camaro este fin de semana - Infoecos","robots":{"index":"index","follow":"follow","max-snippet":"max-snippet:-1","max-image-preview":"max-image-preview:large","max-video-preview":"max-video-preview:-1"},"canonical":"https:\/\/infoecos.com.ar\/index.php\/automovilismo-en-el-autodromo-de-buenos-aires-lugar-glorioso-para-el-sergio-alaux-se-subira-al-camaro-este-fin-de-semana\/","og_locale":"es_ES","og_type":"article","og_title":"Automovilismo: en el aut\u00f3dromo de Buenos Aires, lugar glorioso para \u00e9l, Sergio Alaux se subir\u00e1 al Camaro este fin de semana - Infoecos","og_description":"Alaux est\u00e1 lleno de expectativas para la competencia y en di\u00e1logo con Infoecos las transmiti\u00f3. Se expres\u00f3 con los tiempos complicados, pero que tiene fe en que todo andar\u00e1 bien","og_url":"https:\/\/infoecos.com.ar\/index.php\/automovilismo-en-el-autodromo-de-buenos-aires-lugar-glorioso-para-el-sergio-alaux-se-subira-al-camaro-este-fin-de-semana\/","og_site_name":"Infoecos","article_publisher":"https:\/\/www.facebook.com\/profile.php?id=100063200290284","article_published_time":"2024-08-16T19:15:24+00:00","article_modified_time":"2024-08-16T19:15:25+00:00","og_image":[{"width":1280,"height":568,"url":"https:\/\/infoecos.com.ar\/wp-content\/uploads\/2024\/08\/image-197.png","type":"image\/png"}],"author":"Jorge Matheus","twitter_card":"summary_large_image","twitter_creator":"@infoecos","twitter_site":"@infoecos","twitter_misc":{"Escrito por":"Jorge Matheus","Tiempo de lectura":"3 minutos"},"schema":{"@context":"https:\/\/schema.org","@graph":[{"@type":"Article","@id":"https:\/\/infoecos.com.ar\/index.php\/automovilismo-en-el-autodromo-de-buenos-aires-lugar-glorioso-para-el-sergio-alaux-se-subira-al-camaro-este-fin-de-semana\/#article","isPartOf":{"@id":"https:\/\/infoecos.com.ar\/index.php\/automovilismo-en-el-autodromo-de-buenos-aires-lugar-glorioso-para-el-sergio-alaux-se-subira-al-camaro-este-fin-de-semana\/"},"author":{"name":"Jorge Matheus","@id":"https:\/\/infoecos.com.ar\/#\/schema\/person\/8f5ace5ce73b4b4aac4b7245aee6f191"},"headline":"Automovilismo: en el aut\u00f3dromo de Buenos Aires, lugar glorioso para \u00e9l, Sergio Alaux se subir\u00e1 al Camaro este fin de semana","datePublished":"2024-08-16T19:15:24+00:00","dateModified":"2024-08-16T19:15:25+00:00","mainEntityOfPage":{"@id":"https:\/\/infoecos.com.ar\/index.php\/automovilismo-en-el-autodromo-de-buenos-aires-lugar-glorioso-para-el-sergio-alaux-se-subira-al-camaro-este-fin-de-semana\/"},"wordCount":139,"publisher":{"@id":"https:\/\/infoecos.com.ar\/#organization"},"image":{"@id":"https:\/\/infoecos.com.ar\/index.php\/automovilismo-en-el-autodromo-de-buenos-aires-lugar-glorioso-para-el-sergio-alaux-se-subira-al-camaro-este-fin-de-semana\/#primaryimage"},"thumbnailUrl":"https:\/\/infoecos.com.ar\/wp-content\/uploads\/2024\/08\/image-197.png","articleSection":["Noticia Principal"],"inLanguage":"es"},{"@type":"WebPage","@id":"https:\/\/infoecos.com.ar\/index.php\/automovilismo-en-el-autodromo-de-buenos-aires-lugar-glorioso-para-el-sergio-alaux-se-subira-al-camaro-este-fin-de-semana\/","url":"https:\/\/infoecos.com.ar\/index.php\/automovilismo-en-el-autodromo-de-buenos-aires-lugar-glorioso-para-el-sergio-alaux-se-subira-al-camaro-este-fin-de-semana\/","name":"Automovilismo: en el aut\u00f3dromo de Buenos Aires, lugar glorioso para \u00e9l, Sergio Alaux se subir\u00e1 al Camaro este fin de semana - Infoecos","isPartOf":{"@id":"https:\/\/infoecos.com.ar\/#website"},"primaryImageOfPage":{"@id":"https:\/\/infoecos.com.ar\/index.php\/automovilismo-en-el-autodromo-de-buenos-aires-lugar-glorioso-para-el-sergio-alaux-se-subira-al-camaro-este-fin-de-semana\/#primaryimage"},"image":{"@id":"https:\/\/infoecos.com.ar\/index.php\/automovilismo-en-el-autodromo-de-buenos-aires-lugar-glorioso-para-el-sergio-alaux-se-subira-al-camaro-este-fin-de-semana\/#primaryimage"},"thumbnailUrl":"https:\/\/infoecos.com.ar\/wp-content\/uploads\/2024\/08\/image-197.png","datePublished":"2024-08-16T19:15:24+00:00","dateModified":"2024-08-16T19:15:25+00:00","breadcrumb":{"@id":"https:\/\/infoecos.com.ar\/index.php\/automovilismo-en-el-autodromo-de-buenos-aires-lugar-glorioso-para-el-sergio-alaux-se-subira-al-camaro-este-fin-de-semana\/#breadcrumb"},"inLanguage":"es","potentialAction":[{"@type":"ReadAction","target":["https:\/\/infoecos.com.ar\/index.php\/automovilismo-en-el-autodromo-de-buenos-aires-lugar-glorioso-para-el-sergio-alaux-se-subira-al-camaro-este-fin-de-semana\/"]}]},{"@type":"ImageObject","inLanguage":"es","@id":"https:\/\/infoecos.com.ar\/index.php\/automovilismo-en-el-autodromo-de-buenos-aires-lugar-glorioso-para-el-sergio-alaux-se-subira-al-camaro-este-fin-de-semana\/#primaryimage","url":"https:\/\/infoecos.com.ar\/wp-content\/uploads\/2024\/08\/image-197.png","contentUrl":"https:\/\/infoecos.com.ar\/wp-content\/uploads\/2024\/08\/image-197.png","width":1280,"height":568},{"@type":"BreadcrumbList","@id":"https:\/\/infoecos.com.ar\/index.php\/automovilismo-en-el-autodromo-de-buenos-aires-lugar-glorioso-para-el-sergio-alaux-se-subira-al-camaro-este-fin-de-semana\/#breadcrumb","itemListElement":[{"@type":"ListItem","position":1,"name":"Portada","item":"https:\/\/infoecos.com.ar\/"},{"@type":"ListItem","position":2,"name":"Automovilismo: en el aut\u00f3dromo de Buenos Aires, lugar glorioso para \u00e9l, Sergio Alaux se subir\u00e1 al Camaro este fin de semana"}]},{"@type":"WebSite","@id":"https:\/\/infoecos.com.ar\/#website","url":"https:\/\/infoecos.com.ar\/","name":"Infoecos","description":"Noticias de trenque lauquen y la zona","publisher":{"@id":"https:\/\/infoecos.com.ar\/#organization"},"alternateName":"Noticias","potentialAction":[{"@type":"SearchAction","target":{"@type":"EntryPoint","urlTemplate":"https:\/\/infoecos.com.ar\/?s={search_term_string}"},"query-input":{"@type":"PropertyValueSpecification","valueRequired":true,"valueName":"search_term_string"}}],"inLanguage":"es"},{"@type":"Organization","@id":"https:\/\/infoecos.com.ar\/#organization","name":"Infoecos","alternateName":"Noticias","url":"https:\/\/infoecos.com.ar\/","logo":{"@type":"ImageObject","inLanguage":"es","@id":"https:\/\/infoecos.com.ar\/#\/schema\/logo\/image\/","url":"https:\/\/infoecos.com.ar\/wp-content\/uploads\/2024\/03\/cropped-logo.png","contentUrl":"https:\/\/infoecos.com.ar\/wp-content\/uploads\/2024\/03\/cropped-logo.png","width":374,"height":90,"caption":"Infoecos"},"image":{"@id":"https:\/\/infoecos.com.ar\/#\/schema\/logo\/image\/"},"sameAs":["https:\/\/www.facebook.com\/profile.php?id=100063200290284","https:\/\/x.com\/infoecos"]},{"@type":"Person","@id":"https:\/\/infoecos.com.ar\/#\/schema\/person\/8f5ace5ce73b4b4aac4b7245aee6f191","name":"Jorge Matheus","url":"https:\/\/infoecos.com.ar\/index.php\/author\/jomatheus\/"}]}},"featured_image_urls":{"full":["https:\/\/infoecos.com.ar\/wp-content\/uploads\/2024\/08\/image-197.png",1280,568,false],"thumbnail":["https:\/\/infoecos.com.ar\/wp-content\/uploads\/2024\/08\/image-197-300x150.png",300,150,true],"medium":["https:\/\/infoecos.com.ar\/wp-content\/uploads\/2024\/08\/image-197-800x355.png",800,355,true],"medium_large":["https:\/\/infoecos.com.ar\/wp-content\/uploads\/2024\/08\/image-197-768x341.png",640,284,true],"large":["https:\/\/infoecos.com.ar\/wp-content\/uploads\/2024\/08\/image-197.png",640,284,false],"1536x1536":["https:\/\/infoecos.com.ar\/wp-content\/uploads\/2024\/08\/image-197.png",1280,568,false],"2048x2048":["https:\/\/infoecos.com.ar\/wp-content\/uploads\/2024\/08\/image-197.png",1280,568,false],"covernews-slider-full":["https:\/\/infoecos.com.ar\/wp-content\/uploads\/2024\/08\/image-197-1115x568.png",1115,568,true],"covernews-slider-center":["https:\/\/infoecos.com.ar\/wp-content\/uploads\/2024\/08\/image-197-800x500.png",800,500,true],"covernews-featured":["https:\/\/infoecos.com.ar\/wp-content\/uploads\/2024\/08\/image-197-1024x454.png",1024,454,true],"covernews-medium":["https:\/\/infoecos.com.ar\/wp-content\/uploads\/2024\/08\/image-197-540x340.png",540,340,true],"covernews-medium-square":["https:\/\/infoecos.com.ar\/wp-content\/uploads\/2024\/08\/image-197-400x250.png",400,250,true]},"author_info":{"info":["Jorge Matheus"]},"category_info":"<a href=\"https:\/\/infoecos.com.ar\/index.php\/category\/noticia-principal\/\" rel=\"category tag\">Noticia Principal<\/a>","tag_info":"Noticia Principal","comment_count":"0","_links":{"self":[{"href":"https:\/\/infoecos.com.ar\/index.php\/wp-json\/wp\/v2\/posts\/128745"}],"collection":[{"href":"https:\/\/infoecos.com.ar\/index.php\/wp-json\/wp\/v2\/posts"}],"about":[{"href":"https:\/\/infoecos.com.ar\/index.php\/wp-json\/wp\/v2\/types\/post"}],"author":[{"embeddable":true,"href":"https:\/\/infoecos.com.ar\/index.php\/wp-json\/wp\/v2\/users\/2"}],"replies":[{"embeddable":true,"href":"https:\/\/infoecos.com.ar\/index.php\/wp-json\/wp\/v2\/comments?post=128745"}],"version-history":[{"count":1,"href":"https:\/\/infoecos.com.ar\/index.php\/wp-json\/wp\/v2\/posts\/128745\/revisions"}],"predecessor-version":[{"id":128770,"href":"https:\/\/infoecos.com.ar\/index.php\/wp-json\/wp\/v2\/posts\/128745\/revisions\/128770"}],"wp:featuredmedia":[{"embeddable":true,"href":"https:\/\/infoecos.com.ar\/index.php\/wp-json\/wp\/v2\/media\/128746"}],"wp:attachment":[{"href":"https:\/\/infoecos.com.ar\/index.php\/wp-json\/wp\/v2\/media?parent=128745"}],"wp:term":[{"taxonomy":"category","embeddable":true,"href":"https:\/\/infoecos.com.ar\/index.php\/wp-json\/wp\/v2\/categories?post=128745"},{"taxonomy":"post_tag","embeddable":true,"href":"https:\/\/infoecos.com.ar\/index.php\/wp-json\/wp\/v2\/tags?post=128745"}],"curies":[{"name":"wp","href":"https:\/\/api.w.org\/{rel}","templated":true}]}}