{"id":128822,"date":"2024-08-17T22:00:21","date_gmt":"2024-08-18T01:00:21","guid":{"rendered":"https:\/\/infoecos.com.ar\/?p=128822"},"modified":"2024-08-17T22:00:22","modified_gmt":"2024-08-18T01:00:22","slug":"alaux-veniamos-girando-muy-bien-y-se-nos-presento-un-problema-en-el-carburador-pasando-al-puesto-35-para-el-domingo","status":"publish","type":"post","link":"https:\/\/infoecos.com.ar\/index.php\/alaux-veniamos-girando-muy-bien-y-se-nos-presento-un-problema-en-el-carburador-pasando-al-puesto-35-para-el-domingo\/","title":{"rendered":"Alaux: \u00abven\u00edamos girando muy bien y se nos present\u00f3 un problema en el carburador, pasando al puesto 35 para el domingo\u00bb"},"content":{"rendered":"\n<p>\u00abUna manguera de nafta aparentemente se degrad\u00f3 y nos tap\u00f3 todo el carburador. Circulamos bien en el primer entrenamiento, pero nos complic\u00f3 en el segundo. Hab\u00edamos quedado en el puesto 30, y est\u00e1bamos satisfechos con el rendimiento. En la clasificaci\u00f3n final nos pas\u00f3 lo mismo. Por momentos hac\u00eda alguna falla y nos releg\u00f3 bastante\u00bb, dijo Sergio Alaux a Infoecos refiri\u00e9ndose a la primera prueba en el Turismo Carretera con un Camaro en el Aut\u00f3dromo de la Ciudad de Buenos Aires.<\/p>\n\n\n\n<figure class=\"wp-block-video\"><video controls src=\"https:\/\/infoecos.com.ar\/wp-content\/uploads\/2024\/08\/WhatsApp-Video-2024-08-17-at-21.43.53.mp4\"><\/video><\/figure>\n\n\n\n<p>Alaux, de todas maneras, se expres\u00f3 confiado para el domingo se\u00f1alando que \u00abclasificamos, a pesar de todo, en el puesto 35. Esperamos no tener problemas\u00bb.<\/p>\n\n\n\n<p>El piloto de <strong>Pig\u00fc\u00e9<\/strong>-Trenque Lauquen solo gir\u00f3 a 18 segundos del mejor tiempo. <\/p>\n\n\n\n<figure class=\"wp-block-image size-large\"><img loading=\"lazy\" decoding=\"async\" width=\"1600\" height=\"788\" src=\"https:\/\/infoecos.com.ar\/wp-content\/uploads\/2024\/08\/image-208-1600x788.png\" alt=\"\" class=\"wp-image-128824\" srcset=\"https:\/\/infoecos.com.ar\/wp-content\/uploads\/2024\/08\/image-208-1600x788.png 1600w, https:\/\/infoecos.com.ar\/wp-content\/uploads\/2024\/08\/image-208-800x394.png 800w, https:\/\/infoecos.com.ar\/wp-content\/uploads\/2024\/08\/image-208-768x378.png 768w, https:\/\/infoecos.com.ar\/wp-content\/uploads\/2024\/08\/image-208-1536x756.png 1536w, https:\/\/infoecos.com.ar\/wp-content\/uploads\/2024\/08\/image-208-1024x504.png 1024w, https:\/\/infoecos.com.ar\/wp-content\/uploads\/2024\/08\/image-208.png 2000w\" sizes=\"(max-width: 1600px) 100vw, 1600px\" \/><\/figure>\n\n\n\n<p>Facundo Chapur\u00a0y la Dodge del A&amp;P Competici\u00f3n se quedaron con la clasificaci\u00f3n del\u00a0Turismo Carretera. Agust\u00edn Canapino y Agust\u00edn Mart\u00ednez culminaron como los escoltas.<\/p>\n\n\n\n<p>Chapur clav\u00f3 los relojes en 1:29.375 en su \u00faltimo intento y consigui\u00f3 su primera pole position en la categor\u00eda. El cordob\u00e9s desbanc\u00f3 por 70 mil\u00e9simas a Canapino y por 82 a Mart\u00ednez, mientras que Juan Cruz Benvenuti finaliz\u00f3 cuarto, a 105 y Juan Mart\u00edn Trucco complet\u00f3 el top cinco, a 140. Este \u00faltimo, piloto de Tres Algarrobos, largar\u00e1 en la primera fila en la segunda bater\u00eda. En tanto, Germ\u00e1n Todino de Rivera estar\u00e1 en la tercera fila de la \u00faltima serie. <\/p>\n\n\n\n<figure class=\"wp-block-image size-full\"><img loading=\"lazy\" decoding=\"async\" width=\"1600\" height=\"900\" src=\"https:\/\/infoecos.com.ar\/wp-content\/uploads\/2024\/08\/image-209.png\" alt=\"\" class=\"wp-image-128825\" srcset=\"https:\/\/infoecos.com.ar\/wp-content\/uploads\/2024\/08\/image-209.png 1600w, https:\/\/infoecos.com.ar\/wp-content\/uploads\/2024\/08\/image-209-800x450.png 800w, https:\/\/infoecos.com.ar\/wp-content\/uploads\/2024\/08\/image-209-768x432.png 768w, https:\/\/infoecos.com.ar\/wp-content\/uploads\/2024\/08\/image-209-1536x864.png 1536w, https:\/\/infoecos.com.ar\/wp-content\/uploads\/2024\/08\/image-209-1024x576.png 1024w\" sizes=\"(max-width: 1600px) 100vw, 1600px\" \/><\/figure>\n","protected":false},"excerpt":{"rendered":"<p>Juan Mart\u00edn Trucco, de Tres Algarrobos, largar\u00e1 en la primera fila de la segunda serie, y Germ\u00e1n Todino, de Rivera, en la tercera de la \u00faltima serie<\/p>\n","protected":false},"author":2,"featured_media":128825,"comment_status":"closed","ping_status":"open","sticky":false,"template":"","format":"standard","meta":{"footnotes":""},"categories":[1612],"tags":[],"class_list":["post-128822","post","type-post","status-publish","format-standard","has-post-thumbnail","hentry","category-noticia-principal"],"yoast_head":"<!-- This site is optimized with the Yoast SEO plugin v23.4 - https:\/\/yoast.com\/wordpress\/plugins\/seo\/ -->\n<title>Alaux: &quot;ven\u00edamos girando muy bien y se nos present\u00f3 un problema en el carburador, pasando al puesto 35 para el domingo&quot; - Infoecos<\/title>\n<meta name=\"robots\" content=\"index, follow, max-snippet:-1, max-image-preview:large, max-video-preview:-1\" \/>\n<link rel=\"canonical\" href=\"https:\/\/infoecos.com.ar\/index.php\/alaux-veniamos-girando-muy-bien-y-se-nos-presento-un-problema-en-el-carburador-pasando-al-puesto-35-para-el-domingo\/\" \/>\n<meta property=\"og:locale\" content=\"es_ES\" \/>\n<meta property=\"og:type\" content=\"article\" \/>\n<meta property=\"og:title\" content=\"Alaux: &quot;ven\u00edamos girando muy bien y se nos present\u00f3 un problema en el carburador, pasando al puesto 35 para el domingo&quot; - Infoecos\" \/>\n<meta property=\"og:description\" content=\"Juan Mart\u00edn Trucco, de Tres Algarrobos, largar\u00e1 en la primera fila de la segunda serie, y Germ\u00e1n Todino, de Rivera, en la tercera de la \u00faltima serie\" \/>\n<meta property=\"og:url\" content=\"https:\/\/infoecos.com.ar\/index.php\/alaux-veniamos-girando-muy-bien-y-se-nos-presento-un-problema-en-el-carburador-pasando-al-puesto-35-para-el-domingo\/\" \/>\n<meta property=\"og:site_name\" content=\"Infoecos\" \/>\n<meta property=\"article:publisher\" content=\"https:\/\/www.facebook.com\/profile.php?id=100063200290284\" \/>\n<meta property=\"article:published_time\" content=\"2024-08-18T01:00:21+00:00\" \/>\n<meta property=\"article:modified_time\" content=\"2024-08-18T01:00:22+00:00\" \/>\n<meta property=\"og:image\" content=\"https:\/\/infoecos.com.ar\/wp-content\/uploads\/2024\/08\/image-209.png\" \/>\n\t<meta property=\"og:image:width\" content=\"640\" \/>\n\t<meta property=\"og:image:height\" content=\"360\" \/>\n\t<meta property=\"og:image:type\" content=\"image\/png\" \/>\n<meta name=\"author\" content=\"Jorge Matheus\" \/>\n<meta name=\"twitter:card\" content=\"summary_large_image\" \/>\n<meta name=\"twitter:creator\" content=\"@infoecos\" \/>\n<meta name=\"twitter:site\" content=\"@infoecos\" \/>\n<meta name=\"twitter:label1\" content=\"Escrito por\" \/>\n\t<meta name=\"twitter:data1\" content=\"Jorge Matheus\" \/>\n\t<meta name=\"twitter:label2\" content=\"Tiempo de lectura\" \/>\n\t<meta name=\"twitter:data2\" content=\"2 minutos\" \/>\n<script type=\"application\/ld+json\" class=\"yoast-schema-graph\">{\"@context\":\"https:\/\/schema.org\",\"@graph\":[{\"@type\":\"Article\",\"@id\":\"https:\/\/infoecos.com.ar\/index.php\/alaux-veniamos-girando-muy-bien-y-se-nos-presento-un-problema-en-el-carburador-pasando-al-puesto-35-para-el-domingo\/#article\",\"isPartOf\":{\"@id\":\"https:\/\/infoecos.com.ar\/index.php\/alaux-veniamos-girando-muy-bien-y-se-nos-presento-un-problema-en-el-carburador-pasando-al-puesto-35-para-el-domingo\/\"},\"author\":{\"name\":\"Jorge Matheus\",\"@id\":\"https:\/\/infoecos.com.ar\/#\/schema\/person\/8f5ace5ce73b4b4aac4b7245aee6f191\"},\"headline\":\"Alaux: \u00abven\u00edamos girando muy bien y se nos present\u00f3 un problema en el carburador, pasando al puesto 35 para el domingo\u00bb\",\"datePublished\":\"2024-08-18T01:00:21+00:00\",\"dateModified\":\"2024-08-18T01:00:22+00:00\",\"mainEntityOfPage\":{\"@id\":\"https:\/\/infoecos.com.ar\/index.php\/alaux-veniamos-girando-muy-bien-y-se-nos-presento-un-problema-en-el-carburador-pasando-al-puesto-35-para-el-domingo\/\"},\"wordCount\":259,\"publisher\":{\"@id\":\"https:\/\/infoecos.com.ar\/#organization\"},\"image\":{\"@id\":\"https:\/\/infoecos.com.ar\/index.php\/alaux-veniamos-girando-muy-bien-y-se-nos-presento-un-problema-en-el-carburador-pasando-al-puesto-35-para-el-domingo\/#primaryimage\"},\"thumbnailUrl\":\"https:\/\/infoecos.com.ar\/wp-content\/uploads\/2024\/08\/image-209.png\",\"articleSection\":[\"Noticia Principal\"],\"inLanguage\":\"es\"},{\"@type\":\"WebPage\",\"@id\":\"https:\/\/infoecos.com.ar\/index.php\/alaux-veniamos-girando-muy-bien-y-se-nos-presento-un-problema-en-el-carburador-pasando-al-puesto-35-para-el-domingo\/\",\"url\":\"https:\/\/infoecos.com.ar\/index.php\/alaux-veniamos-girando-muy-bien-y-se-nos-presento-un-problema-en-el-carburador-pasando-al-puesto-35-para-el-domingo\/\",\"name\":\"Alaux: \\\"ven\u00edamos girando muy bien y se nos present\u00f3 un problema en el carburador, pasando al puesto 35 para el domingo\\\" - Infoecos\",\"isPartOf\":{\"@id\":\"https:\/\/infoecos.com.ar\/#website\"},\"primaryImageOfPage\":{\"@id\":\"https:\/\/infoecos.com.ar\/index.php\/alaux-veniamos-girando-muy-bien-y-se-nos-presento-un-problema-en-el-carburador-pasando-al-puesto-35-para-el-domingo\/#primaryimage\"},\"image\":{\"@id\":\"https:\/\/infoecos.com.ar\/index.php\/alaux-veniamos-girando-muy-bien-y-se-nos-presento-un-problema-en-el-carburador-pasando-al-puesto-35-para-el-domingo\/#primaryimage\"},\"thumbnailUrl\":\"https:\/\/infoecos.com.ar\/wp-content\/uploads\/2024\/08\/image-209.png\",\"datePublished\":\"2024-08-18T01:00:21+00:00\",\"dateModified\":\"2024-08-18T01:00:22+00:00\",\"breadcrumb\":{\"@id\":\"https:\/\/infoecos.com.ar\/index.php\/alaux-veniamos-girando-muy-bien-y-se-nos-presento-un-problema-en-el-carburador-pasando-al-puesto-35-para-el-domingo\/#breadcrumb\"},\"inLanguage\":\"es\",\"potentialAction\":[{\"@type\":\"ReadAction\",\"target\":[\"https:\/\/infoecos.com.ar\/index.php\/alaux-veniamos-girando-muy-bien-y-se-nos-presento-un-problema-en-el-carburador-pasando-al-puesto-35-para-el-domingo\/\"]}]},{\"@type\":\"ImageObject\",\"inLanguage\":\"es\",\"@id\":\"https:\/\/infoecos.com.ar\/index.php\/alaux-veniamos-girando-muy-bien-y-se-nos-presento-un-problema-en-el-carburador-pasando-al-puesto-35-para-el-domingo\/#primaryimage\",\"url\":\"https:\/\/infoecos.com.ar\/wp-content\/uploads\/2024\/08\/image-209.png\",\"contentUrl\":\"https:\/\/infoecos.com.ar\/wp-content\/uploads\/2024\/08\/image-209.png\",\"width\":1600,\"height\":900},{\"@type\":\"BreadcrumbList\",\"@id\":\"https:\/\/infoecos.com.ar\/index.php\/alaux-veniamos-girando-muy-bien-y-se-nos-presento-un-problema-en-el-carburador-pasando-al-puesto-35-para-el-domingo\/#breadcrumb\",\"itemListElement\":[{\"@type\":\"ListItem\",\"position\":1,\"name\":\"Portada\",\"item\":\"https:\/\/infoecos.com.ar\/\"},{\"@type\":\"ListItem\",\"position\":2,\"name\":\"Alaux: \u00abven\u00edamos girando muy bien y se nos present\u00f3 un problema en el carburador, pasando al puesto 35 para el domingo\u00bb\"}]},{\"@type\":\"WebSite\",\"@id\":\"https:\/\/infoecos.com.ar\/#website\",\"url\":\"https:\/\/infoecos.com.ar\/\",\"name\":\"Infoecos\",\"description\":\"Noticias de trenque lauquen y la zona\",\"publisher\":{\"@id\":\"https:\/\/infoecos.com.ar\/#organization\"},\"alternateName\":\"Noticias\",\"potentialAction\":[{\"@type\":\"SearchAction\",\"target\":{\"@type\":\"EntryPoint\",\"urlTemplate\":\"https:\/\/infoecos.com.ar\/?s={search_term_string}\"},\"query-input\":{\"@type\":\"PropertyValueSpecification\",\"valueRequired\":true,\"valueName\":\"search_term_string\"}}],\"inLanguage\":\"es\"},{\"@type\":\"Organization\",\"@id\":\"https:\/\/infoecos.com.ar\/#organization\",\"name\":\"Infoecos\",\"alternateName\":\"Noticias\",\"url\":\"https:\/\/infoecos.com.ar\/\",\"logo\":{\"@type\":\"ImageObject\",\"inLanguage\":\"es\",\"@id\":\"https:\/\/infoecos.com.ar\/#\/schema\/logo\/image\/\",\"url\":\"https:\/\/infoecos.com.ar\/wp-content\/uploads\/2024\/03\/cropped-logo.png\",\"contentUrl\":\"https:\/\/infoecos.com.ar\/wp-content\/uploads\/2024\/03\/cropped-logo.png\",\"width\":374,\"height\":90,\"caption\":\"Infoecos\"},\"image\":{\"@id\":\"https:\/\/infoecos.com.ar\/#\/schema\/logo\/image\/\"},\"sameAs\":[\"https:\/\/www.facebook.com\/profile.php?id=100063200290284\",\"https:\/\/x.com\/infoecos\"]},{\"@type\":\"Person\",\"@id\":\"https:\/\/infoecos.com.ar\/#\/schema\/person\/8f5ace5ce73b4b4aac4b7245aee6f191\",\"name\":\"Jorge Matheus\",\"url\":\"https:\/\/infoecos.com.ar\/index.php\/author\/jomatheus\/\"}]}<\/script>\n<!-- \/ Yoast SEO plugin. -->","yoast_head_json":{"title":"Alaux: \"ven\u00edamos girando muy bien y se nos present\u00f3 un problema en el carburador, pasando al puesto 35 para el domingo\" - Infoecos","robots":{"index":"index","follow":"follow","max-snippet":"max-snippet:-1","max-image-preview":"max-image-preview:large","max-video-preview":"max-video-preview:-1"},"canonical":"https:\/\/infoecos.com.ar\/index.php\/alaux-veniamos-girando-muy-bien-y-se-nos-presento-un-problema-en-el-carburador-pasando-al-puesto-35-para-el-domingo\/","og_locale":"es_ES","og_type":"article","og_title":"Alaux: \"ven\u00edamos girando muy bien y se nos present\u00f3 un problema en el carburador, pasando al puesto 35 para el domingo\" - Infoecos","og_description":"Juan Mart\u00edn Trucco, de Tres Algarrobos, largar\u00e1 en la primera fila de la segunda serie, y Germ\u00e1n Todino, de Rivera, en la tercera de la \u00faltima serie","og_url":"https:\/\/infoecos.com.ar\/index.php\/alaux-veniamos-girando-muy-bien-y-se-nos-presento-un-problema-en-el-carburador-pasando-al-puesto-35-para-el-domingo\/","og_site_name":"Infoecos","article_publisher":"https:\/\/www.facebook.com\/profile.php?id=100063200290284","article_published_time":"2024-08-18T01:00:21+00:00","article_modified_time":"2024-08-18T01:00:22+00:00","og_image":[{"url":"https:\/\/infoecos.com.ar\/wp-content\/uploads\/2024\/08\/image-209.png","width":640,"height":360,"type":"image\/png"}],"author":"Jorge Matheus","twitter_card":"summary_large_image","twitter_creator":"@infoecos","twitter_site":"@infoecos","twitter_misc":{"Escrito por":"Jorge Matheus","Tiempo de lectura":"2 minutos"},"schema":{"@context":"https:\/\/schema.org","@graph":[{"@type":"Article","@id":"https:\/\/infoecos.com.ar\/index.php\/alaux-veniamos-girando-muy-bien-y-se-nos-presento-un-problema-en-el-carburador-pasando-al-puesto-35-para-el-domingo\/#article","isPartOf":{"@id":"https:\/\/infoecos.com.ar\/index.php\/alaux-veniamos-girando-muy-bien-y-se-nos-presento-un-problema-en-el-carburador-pasando-al-puesto-35-para-el-domingo\/"},"author":{"name":"Jorge Matheus","@id":"https:\/\/infoecos.com.ar\/#\/schema\/person\/8f5ace5ce73b4b4aac4b7245aee6f191"},"headline":"Alaux: \u00abven\u00edamos girando muy bien y se nos present\u00f3 un problema en el carburador, pasando al puesto 35 para el domingo\u00bb","datePublished":"2024-08-18T01:00:21+00:00","dateModified":"2024-08-18T01:00:22+00:00","mainEntityOfPage":{"@id":"https:\/\/infoecos.com.ar\/index.php\/alaux-veniamos-girando-muy-bien-y-se-nos-presento-un-problema-en-el-carburador-pasando-al-puesto-35-para-el-domingo\/"},"wordCount":259,"publisher":{"@id":"https:\/\/infoecos.com.ar\/#organization"},"image":{"@id":"https:\/\/infoecos.com.ar\/index.php\/alaux-veniamos-girando-muy-bien-y-se-nos-presento-un-problema-en-el-carburador-pasando-al-puesto-35-para-el-domingo\/#primaryimage"},"thumbnailUrl":"https:\/\/infoecos.com.ar\/wp-content\/uploads\/2024\/08\/image-209.png","articleSection":["Noticia Principal"],"inLanguage":"es"},{"@type":"WebPage","@id":"https:\/\/infoecos.com.ar\/index.php\/alaux-veniamos-girando-muy-bien-y-se-nos-presento-un-problema-en-el-carburador-pasando-al-puesto-35-para-el-domingo\/","url":"https:\/\/infoecos.com.ar\/index.php\/alaux-veniamos-girando-muy-bien-y-se-nos-presento-un-problema-en-el-carburador-pasando-al-puesto-35-para-el-domingo\/","name":"Alaux: \"ven\u00edamos girando muy bien y se nos present\u00f3 un problema en el carburador, pasando al puesto 35 para el domingo\" - Infoecos","isPartOf":{"@id":"https:\/\/infoecos.com.ar\/#website"},"primaryImageOfPage":{"@id":"https:\/\/infoecos.com.ar\/index.php\/alaux-veniamos-girando-muy-bien-y-se-nos-presento-un-problema-en-el-carburador-pasando-al-puesto-35-para-el-domingo\/#primaryimage"},"image":{"@id":"https:\/\/infoecos.com.ar\/index.php\/alaux-veniamos-girando-muy-bien-y-se-nos-presento-un-problema-en-el-carburador-pasando-al-puesto-35-para-el-domingo\/#primaryimage"},"thumbnailUrl":"https:\/\/infoecos.com.ar\/wp-content\/uploads\/2024\/08\/image-209.png","datePublished":"2024-08-18T01:00:21+00:00","dateModified":"2024-08-18T01:00:22+00:00","breadcrumb":{"@id":"https:\/\/infoecos.com.ar\/index.php\/alaux-veniamos-girando-muy-bien-y-se-nos-presento-un-problema-en-el-carburador-pasando-al-puesto-35-para-el-domingo\/#breadcrumb"},"inLanguage":"es","potentialAction":[{"@type":"ReadAction","target":["https:\/\/infoecos.com.ar\/index.php\/alaux-veniamos-girando-muy-bien-y-se-nos-presento-un-problema-en-el-carburador-pasando-al-puesto-35-para-el-domingo\/"]}]},{"@type":"ImageObject","inLanguage":"es","@id":"https:\/\/infoecos.com.ar\/index.php\/alaux-veniamos-girando-muy-bien-y-se-nos-presento-un-problema-en-el-carburador-pasando-al-puesto-35-para-el-domingo\/#primaryimage","url":"https:\/\/infoecos.com.ar\/wp-content\/uploads\/2024\/08\/image-209.png","contentUrl":"https:\/\/infoecos.com.ar\/wp-content\/uploads\/2024\/08\/image-209.png","width":1600,"height":900},{"@type":"BreadcrumbList","@id":"https:\/\/infoecos.com.ar\/index.php\/alaux-veniamos-girando-muy-bien-y-se-nos-presento-un-problema-en-el-carburador-pasando-al-puesto-35-para-el-domingo\/#breadcrumb","itemListElement":[{"@type":"ListItem","position":1,"name":"Portada","item":"https:\/\/infoecos.com.ar\/"},{"@type":"ListItem","position":2,"name":"Alaux: \u00abven\u00edamos girando muy bien y se nos present\u00f3 un problema en el carburador, pasando al puesto 35 para el domingo\u00bb"}]},{"@type":"WebSite","@id":"https:\/\/infoecos.com.ar\/#website","url":"https:\/\/infoecos.com.ar\/","name":"Infoecos","description":"Noticias de trenque lauquen y la zona","publisher":{"@id":"https:\/\/infoecos.com.ar\/#organization"},"alternateName":"Noticias","potentialAction":[{"@type":"SearchAction","target":{"@type":"EntryPoint","urlTemplate":"https:\/\/infoecos.com.ar\/?s={search_term_string}"},"query-input":{"@type":"PropertyValueSpecification","valueRequired":true,"valueName":"search_term_string"}}],"inLanguage":"es"},{"@type":"Organization","@id":"https:\/\/infoecos.com.ar\/#organization","name":"Infoecos","alternateName":"Noticias","url":"https:\/\/infoecos.com.ar\/","logo":{"@type":"ImageObject","inLanguage":"es","@id":"https:\/\/infoecos.com.ar\/#\/schema\/logo\/image\/","url":"https:\/\/infoecos.com.ar\/wp-content\/uploads\/2024\/03\/cropped-logo.png","contentUrl":"https:\/\/infoecos.com.ar\/wp-content\/uploads\/2024\/03\/cropped-logo.png","width":374,"height":90,"caption":"Infoecos"},"image":{"@id":"https:\/\/infoecos.com.ar\/#\/schema\/logo\/image\/"},"sameAs":["https:\/\/www.facebook.com\/profile.php?id=100063200290284","https:\/\/x.com\/infoecos"]},{"@type":"Person","@id":"https:\/\/infoecos.com.ar\/#\/schema\/person\/8f5ace5ce73b4b4aac4b7245aee6f191","name":"Jorge Matheus","url":"https:\/\/infoecos.com.ar\/index.php\/author\/jomatheus\/"}]}},"featured_image_urls":{"full":["https:\/\/infoecos.com.ar\/wp-content\/uploads\/2024\/08\/image-209.png",1600,900,false],"thumbnail":["https:\/\/infoecos.com.ar\/wp-content\/uploads\/2024\/08\/image-209-300x150.png",300,150,true],"medium":["https:\/\/infoecos.com.ar\/wp-content\/uploads\/2024\/08\/image-209-800x450.png",800,450,true],"medium_large":["https:\/\/infoecos.com.ar\/wp-content\/uploads\/2024\/08\/image-209-768x432.png",640,360,true],"large":["https:\/\/infoecos.com.ar\/wp-content\/uploads\/2024\/08\/image-209.png",640,360,false],"1536x1536":["https:\/\/infoecos.com.ar\/wp-content\/uploads\/2024\/08\/image-209-1536x864.png",1536,864,true],"2048x2048":["https:\/\/infoecos.com.ar\/wp-content\/uploads\/2024\/08\/image-209.png",1600,900,false],"covernews-slider-full":["https:\/\/infoecos.com.ar\/wp-content\/uploads\/2024\/08\/image-209-1115x715.png",1115,715,true],"covernews-slider-center":["https:\/\/infoecos.com.ar\/wp-content\/uploads\/2024\/08\/image-209-800x500.png",800,500,true],"covernews-featured":["https:\/\/infoecos.com.ar\/wp-content\/uploads\/2024\/08\/image-209-1024x576.png",1024,576,true],"covernews-medium":["https:\/\/infoecos.com.ar\/wp-content\/uploads\/2024\/08\/image-209-540x340.png",540,340,true],"covernews-medium-square":["https:\/\/infoecos.com.ar\/wp-content\/uploads\/2024\/08\/image-209-400x250.png",400,250,true]},"author_info":{"info":["Jorge Matheus"]},"category_info":"<a href=\"https:\/\/infoecos.com.ar\/index.php\/category\/noticia-principal\/\" rel=\"category tag\">Noticia Principal<\/a>","tag_info":"Noticia Principal","comment_count":"0","_links":{"self":[{"href":"https:\/\/infoecos.com.ar\/index.php\/wp-json\/wp\/v2\/posts\/128822"}],"collection":[{"href":"https:\/\/infoecos.com.ar\/index.php\/wp-json\/wp\/v2\/posts"}],"about":[{"href":"https:\/\/infoecos.com.ar\/index.php\/wp-json\/wp\/v2\/types\/post"}],"author":[{"embeddable":true,"href":"https:\/\/infoecos.com.ar\/index.php\/wp-json\/wp\/v2\/users\/2"}],"replies":[{"embeddable":true,"href":"https:\/\/infoecos.com.ar\/index.php\/wp-json\/wp\/v2\/comments?post=128822"}],"version-history":[{"count":1,"href":"https:\/\/infoecos.com.ar\/index.php\/wp-json\/wp\/v2\/posts\/128822\/revisions"}],"predecessor-version":[{"id":128826,"href":"https:\/\/infoecos.com.ar\/index.php\/wp-json\/wp\/v2\/posts\/128822\/revisions\/128826"}],"wp:featuredmedia":[{"embeddable":true,"href":"https:\/\/infoecos.com.ar\/index.php\/wp-json\/wp\/v2\/media\/128825"}],"wp:attachment":[{"href":"https:\/\/infoecos.com.ar\/index.php\/wp-json\/wp\/v2\/media?parent=128822"}],"wp:term":[{"taxonomy":"category","embeddable":true,"href":"https:\/\/infoecos.com.ar\/index.php\/wp-json\/wp\/v2\/categories?post=128822"},{"taxonomy":"post_tag","embeddable":true,"href":"https:\/\/infoecos.com.ar\/index.php\/wp-json\/wp\/v2\/tags?post=128822"}],"curies":[{"name":"wp","href":"https:\/\/api.w.org\/{rel}","templated":true}]}}