{"id":128996,"date":"2024-08-20T14:59:02","date_gmt":"2024-08-20T17:59:02","guid":{"rendered":"https:\/\/infoecos.com.ar\/?p=128996"},"modified":"2024-08-20T14:59:03","modified_gmt":"2024-08-20T17:59:03","slug":"puerto-de-quequen-kovarsky-confirmo-reunion-de-carbap-en-necochea-este-miercoles","status":"publish","type":"post","link":"https:\/\/infoecos.com.ar\/index.php\/puerto-de-quequen-kovarsky-confirmo-reunion-de-carbap-en-necochea-este-miercoles\/","title":{"rendered":"Puerto de Quequ\u00e9n: Kovarsky confirm\u00f3 reuni\u00f3n de CARBAP en Necochea, este mi\u00e9rcoles"},"content":{"rendered":"\n<figure class=\"wp-block-image alignright size-full is-resized\"><img loading=\"lazy\" decoding=\"async\" width=\"713\" height=\"390\" src=\"https:\/\/infoecos.com.ar\/wp-content\/uploads\/2024\/08\/image-258.png\" alt=\"\" class=\"wp-image-128997\" style=\"width:514px;height:auto\"\/><\/figure>\n\n\n\n<p>Este mi\u00e9rcoles se reunir\u00e1n dirigentes de CARBAP, encabezados por su presidente Ignacio Kovarsky en Necochea para fijar posici\u00f3n definitiva en el territorio en torno a la supuesta intenci\u00f3n del gobierno de Kicillof de crear una empresa estatal de granos, aprovechando las instalaciones del Puerto Quequ\u00e9n.<\/p>\n\n\n\n<p>El propio Kovarsky confirm\u00f3 la realizaci\u00f3n del encuentro en declaraciones que formul\u00f3 a AM 1280 en horas del mediod\u00eda de este martes, donde coment\u00f3 que se hab\u00eda comunicado con el \u00e1rea de Desarrollo Rural de la provincia, si bien es un tema que compete al \u00e1rea de puertos. \u00abQuedaron en comunicarse conmigo, pero hasta ahora no lo han hecho\u00bb, se\u00f1al\u00f3. Ratific\u00f3 en el medio lo ya sostenido por la organizaci\u00f3n gremial que preside de oposici\u00f3n a la intervenci\u00f3n del gobierno bonaerense en la comercializaci\u00f3n de granos, en sinton\u00eda con el resto de las otras entidades.<\/p>\n\n\n\n<p>La cuesti\u00f3n se desat\u00f3 a ra\u00edz de la licitaci\u00f3n para la gesti\u00f3n del elevador para la carga de granos de Quequ\u00e9n, cuyo contrato se encuentra pr\u00f3ximo a espirar.<\/p>\n\n\n\n<p>El gobernador\u00a0Axel Kicillof\u00a0en declaraciones radiales neg\u00f3 que el Estado provincial busque crear una empresa estatal para vender granos. Se\u00f1al\u00f3 que \u00abse est\u00e1 venciendo el elevador de granos; se va a llamar a una nueva licitaci\u00f3n, pero lo que se est\u00e1 planteando es que haya una posibilidad, que no tiene que ver con una empresa estatal\u00bb.<\/p>\n\n\n\n<p>Kicillof analiz\u00f3 la situaci\u00f3n actual y argument\u00f3 que el peque\u00f1o productor es \u201cel eslab\u00f3n m\u00e1s d\u00e9bil de la cadena\u201d, mientras \u201clos intermediarios y la cadena comercial se quedan con los beneficios\u201d. En ese sentido, el funcionario asegur\u00f3 que se dar\u00e1n \u00abm\u00e1s detalles\u00bb sobre el tema.<\/p>\n\n\n\n<p>Santo Rosati, protesorero de CARBAP &#8211; en tanto &#8211; asegur\u00f3 que \u00abqueremos que sea una licitaci\u00f3n con todas las reglas, como corresponde\u00bb.<\/p>\n","protected":false},"excerpt":{"rendered":"<p>El gobernador\u00a0Axel Kicillof\u00a0en declaraciones radiales neg\u00f3 que el Estado provincial busque crear una empresa estatal para vender granos<\/p>\n","protected":false},"author":2,"featured_media":128997,"comment_status":"closed","ping_status":"open","sticky":false,"template":"","format":"standard","meta":{"footnotes":""},"categories":[1612],"tags":[],"class_list":["post-128996","post","type-post","status-publish","format-standard","has-post-thumbnail","hentry","category-noticia-principal"],"yoast_head":"<!-- This site is optimized with the Yoast SEO plugin v23.4 - https:\/\/yoast.com\/wordpress\/plugins\/seo\/ -->\n<title>Puerto de Quequ\u00e9n: Kovarsky confirm\u00f3 reuni\u00f3n de CARBAP en Necochea, este mi\u00e9rcoles - Infoecos<\/title>\n<meta name=\"robots\" content=\"index, follow, max-snippet:-1, max-image-preview:large, max-video-preview:-1\" \/>\n<link rel=\"canonical\" href=\"https:\/\/infoecos.com.ar\/index.php\/puerto-de-quequen-kovarsky-confirmo-reunion-de-carbap-en-necochea-este-miercoles\/\" \/>\n<meta property=\"og:locale\" content=\"es_ES\" \/>\n<meta property=\"og:type\" content=\"article\" \/>\n<meta property=\"og:title\" content=\"Puerto de Quequ\u00e9n: Kovarsky confirm\u00f3 reuni\u00f3n de CARBAP en Necochea, este mi\u00e9rcoles - Infoecos\" \/>\n<meta property=\"og:description\" content=\"El gobernador\u00a0Axel Kicillof\u00a0en declaraciones radiales neg\u00f3 que el Estado provincial busque crear una empresa estatal para vender granos\" \/>\n<meta property=\"og:url\" content=\"https:\/\/infoecos.com.ar\/index.php\/puerto-de-quequen-kovarsky-confirmo-reunion-de-carbap-en-necochea-este-miercoles\/\" \/>\n<meta property=\"og:site_name\" content=\"Infoecos\" \/>\n<meta property=\"article:publisher\" content=\"https:\/\/www.facebook.com\/profile.php?id=100063200290284\" \/>\n<meta property=\"article:published_time\" content=\"2024-08-20T17:59:02+00:00\" \/>\n<meta property=\"article:modified_time\" content=\"2024-08-20T17:59:03+00:00\" \/>\n<meta property=\"og:image\" content=\"https:\/\/infoecos.com.ar\/wp-content\/uploads\/2024\/08\/image-258.png\" \/>\n<meta name=\"author\" content=\"Jorge Matheus\" \/>\n<meta name=\"twitter:card\" content=\"summary_large_image\" \/>\n<meta name=\"twitter:creator\" content=\"@infoecos\" \/>\n<meta name=\"twitter:site\" content=\"@infoecos\" \/>\n<meta name=\"twitter:label1\" content=\"Escrito por\" \/>\n\t<meta name=\"twitter:data1\" content=\"Jorge Matheus\" \/>\n\t<meta name=\"twitter:label2\" content=\"Tiempo de lectura\" \/>\n\t<meta name=\"twitter:data2\" content=\"2 minutos\" \/>\n<script type=\"application\/ld+json\" class=\"yoast-schema-graph\">{\"@context\":\"https:\/\/schema.org\",\"@graph\":[{\"@type\":\"Article\",\"@id\":\"https:\/\/infoecos.com.ar\/index.php\/puerto-de-quequen-kovarsky-confirmo-reunion-de-carbap-en-necochea-este-miercoles\/#article\",\"isPartOf\":{\"@id\":\"https:\/\/infoecos.com.ar\/index.php\/puerto-de-quequen-kovarsky-confirmo-reunion-de-carbap-en-necochea-este-miercoles\/\"},\"author\":{\"name\":\"Jorge Matheus\",\"@id\":\"https:\/\/infoecos.com.ar\/#\/schema\/person\/8f5ace5ce73b4b4aac4b7245aee6f191\"},\"headline\":\"Puerto de Quequ\u00e9n: Kovarsky confirm\u00f3 reuni\u00f3n de CARBAP en Necochea, este mi\u00e9rcoles\",\"datePublished\":\"2024-08-20T17:59:02+00:00\",\"dateModified\":\"2024-08-20T17:59:03+00:00\",\"mainEntityOfPage\":{\"@id\":\"https:\/\/infoecos.com.ar\/index.php\/puerto-de-quequen-kovarsky-confirmo-reunion-de-carbap-en-necochea-este-miercoles\/\"},\"wordCount\":336,\"publisher\":{\"@id\":\"https:\/\/infoecos.com.ar\/#organization\"},\"image\":{\"@id\":\"https:\/\/infoecos.com.ar\/index.php\/puerto-de-quequen-kovarsky-confirmo-reunion-de-carbap-en-necochea-este-miercoles\/#primaryimage\"},\"thumbnailUrl\":\"https:\/\/infoecos.com.ar\/wp-content\/uploads\/2024\/08\/image-258.png\",\"articleSection\":[\"Noticia Principal\"],\"inLanguage\":\"es\"},{\"@type\":\"WebPage\",\"@id\":\"https:\/\/infoecos.com.ar\/index.php\/puerto-de-quequen-kovarsky-confirmo-reunion-de-carbap-en-necochea-este-miercoles\/\",\"url\":\"https:\/\/infoecos.com.ar\/index.php\/puerto-de-quequen-kovarsky-confirmo-reunion-de-carbap-en-necochea-este-miercoles\/\",\"name\":\"Puerto de Quequ\u00e9n: Kovarsky confirm\u00f3 reuni\u00f3n de CARBAP en Necochea, este mi\u00e9rcoles - Infoecos\",\"isPartOf\":{\"@id\":\"https:\/\/infoecos.com.ar\/#website\"},\"primaryImageOfPage\":{\"@id\":\"https:\/\/infoecos.com.ar\/index.php\/puerto-de-quequen-kovarsky-confirmo-reunion-de-carbap-en-necochea-este-miercoles\/#primaryimage\"},\"image\":{\"@id\":\"https:\/\/infoecos.com.ar\/index.php\/puerto-de-quequen-kovarsky-confirmo-reunion-de-carbap-en-necochea-este-miercoles\/#primaryimage\"},\"thumbnailUrl\":\"https:\/\/infoecos.com.ar\/wp-content\/uploads\/2024\/08\/image-258.png\",\"datePublished\":\"2024-08-20T17:59:02+00:00\",\"dateModified\":\"2024-08-20T17:59:03+00:00\",\"breadcrumb\":{\"@id\":\"https:\/\/infoecos.com.ar\/index.php\/puerto-de-quequen-kovarsky-confirmo-reunion-de-carbap-en-necochea-este-miercoles\/#breadcrumb\"},\"inLanguage\":\"es\",\"potentialAction\":[{\"@type\":\"ReadAction\",\"target\":[\"https:\/\/infoecos.com.ar\/index.php\/puerto-de-quequen-kovarsky-confirmo-reunion-de-carbap-en-necochea-este-miercoles\/\"]}]},{\"@type\":\"ImageObject\",\"inLanguage\":\"es\",\"@id\":\"https:\/\/infoecos.com.ar\/index.php\/puerto-de-quequen-kovarsky-confirmo-reunion-de-carbap-en-necochea-este-miercoles\/#primaryimage\",\"url\":\"https:\/\/infoecos.com.ar\/wp-content\/uploads\/2024\/08\/image-258.png\",\"contentUrl\":\"https:\/\/infoecos.com.ar\/wp-content\/uploads\/2024\/08\/image-258.png\",\"width\":713,\"height\":390},{\"@type\":\"BreadcrumbList\",\"@id\":\"https:\/\/infoecos.com.ar\/index.php\/puerto-de-quequen-kovarsky-confirmo-reunion-de-carbap-en-necochea-este-miercoles\/#breadcrumb\",\"itemListElement\":[{\"@type\":\"ListItem\",\"position\":1,\"name\":\"Portada\",\"item\":\"https:\/\/infoecos.com.ar\/\"},{\"@type\":\"ListItem\",\"position\":2,\"name\":\"Puerto de Quequ\u00e9n: Kovarsky confirm\u00f3 reuni\u00f3n de CARBAP en Necochea, este mi\u00e9rcoles\"}]},{\"@type\":\"WebSite\",\"@id\":\"https:\/\/infoecos.com.ar\/#website\",\"url\":\"https:\/\/infoecos.com.ar\/\",\"name\":\"Infoecos\",\"description\":\"Noticias de trenque lauquen y la zona\",\"publisher\":{\"@id\":\"https:\/\/infoecos.com.ar\/#organization\"},\"alternateName\":\"Noticias\",\"potentialAction\":[{\"@type\":\"SearchAction\",\"target\":{\"@type\":\"EntryPoint\",\"urlTemplate\":\"https:\/\/infoecos.com.ar\/?s={search_term_string}\"},\"query-input\":{\"@type\":\"PropertyValueSpecification\",\"valueRequired\":true,\"valueName\":\"search_term_string\"}}],\"inLanguage\":\"es\"},{\"@type\":\"Organization\",\"@id\":\"https:\/\/infoecos.com.ar\/#organization\",\"name\":\"Infoecos\",\"alternateName\":\"Noticias\",\"url\":\"https:\/\/infoecos.com.ar\/\",\"logo\":{\"@type\":\"ImageObject\",\"inLanguage\":\"es\",\"@id\":\"https:\/\/infoecos.com.ar\/#\/schema\/logo\/image\/\",\"url\":\"https:\/\/infoecos.com.ar\/wp-content\/uploads\/2024\/03\/cropped-logo.png\",\"contentUrl\":\"https:\/\/infoecos.com.ar\/wp-content\/uploads\/2024\/03\/cropped-logo.png\",\"width\":374,\"height\":90,\"caption\":\"Infoecos\"},\"image\":{\"@id\":\"https:\/\/infoecos.com.ar\/#\/schema\/logo\/image\/\"},\"sameAs\":[\"https:\/\/www.facebook.com\/profile.php?id=100063200290284\",\"https:\/\/x.com\/infoecos\"]},{\"@type\":\"Person\",\"@id\":\"https:\/\/infoecos.com.ar\/#\/schema\/person\/8f5ace5ce73b4b4aac4b7245aee6f191\",\"name\":\"Jorge Matheus\",\"url\":\"https:\/\/infoecos.com.ar\/index.php\/author\/jomatheus\/\"}]}<\/script>\n<!-- \/ Yoast SEO plugin. -->","yoast_head_json":{"title":"Puerto de Quequ\u00e9n: Kovarsky confirm\u00f3 reuni\u00f3n de CARBAP en Necochea, este mi\u00e9rcoles - Infoecos","robots":{"index":"index","follow":"follow","max-snippet":"max-snippet:-1","max-image-preview":"max-image-preview:large","max-video-preview":"max-video-preview:-1"},"canonical":"https:\/\/infoecos.com.ar\/index.php\/puerto-de-quequen-kovarsky-confirmo-reunion-de-carbap-en-necochea-este-miercoles\/","og_locale":"es_ES","og_type":"article","og_title":"Puerto de Quequ\u00e9n: Kovarsky confirm\u00f3 reuni\u00f3n de CARBAP en Necochea, este mi\u00e9rcoles - Infoecos","og_description":"El gobernador\u00a0Axel Kicillof\u00a0en declaraciones radiales neg\u00f3 que el Estado provincial busque crear una empresa estatal para vender granos","og_url":"https:\/\/infoecos.com.ar\/index.php\/puerto-de-quequen-kovarsky-confirmo-reunion-de-carbap-en-necochea-este-miercoles\/","og_site_name":"Infoecos","article_publisher":"https:\/\/www.facebook.com\/profile.php?id=100063200290284","article_published_time":"2024-08-20T17:59:02+00:00","article_modified_time":"2024-08-20T17:59:03+00:00","og_image":[{"url":"https:\/\/infoecos.com.ar\/wp-content\/uploads\/2024\/08\/image-258.png"}],"author":"Jorge Matheus","twitter_card":"summary_large_image","twitter_creator":"@infoecos","twitter_site":"@infoecos","twitter_misc":{"Escrito por":"Jorge Matheus","Tiempo de lectura":"2 minutos"},"schema":{"@context":"https:\/\/schema.org","@graph":[{"@type":"Article","@id":"https:\/\/infoecos.com.ar\/index.php\/puerto-de-quequen-kovarsky-confirmo-reunion-de-carbap-en-necochea-este-miercoles\/#article","isPartOf":{"@id":"https:\/\/infoecos.com.ar\/index.php\/puerto-de-quequen-kovarsky-confirmo-reunion-de-carbap-en-necochea-este-miercoles\/"},"author":{"name":"Jorge Matheus","@id":"https:\/\/infoecos.com.ar\/#\/schema\/person\/8f5ace5ce73b4b4aac4b7245aee6f191"},"headline":"Puerto de Quequ\u00e9n: Kovarsky confirm\u00f3 reuni\u00f3n de CARBAP en Necochea, este mi\u00e9rcoles","datePublished":"2024-08-20T17:59:02+00:00","dateModified":"2024-08-20T17:59:03+00:00","mainEntityOfPage":{"@id":"https:\/\/infoecos.com.ar\/index.php\/puerto-de-quequen-kovarsky-confirmo-reunion-de-carbap-en-necochea-este-miercoles\/"},"wordCount":336,"publisher":{"@id":"https:\/\/infoecos.com.ar\/#organization"},"image":{"@id":"https:\/\/infoecos.com.ar\/index.php\/puerto-de-quequen-kovarsky-confirmo-reunion-de-carbap-en-necochea-este-miercoles\/#primaryimage"},"thumbnailUrl":"https:\/\/infoecos.com.ar\/wp-content\/uploads\/2024\/08\/image-258.png","articleSection":["Noticia Principal"],"inLanguage":"es"},{"@type":"WebPage","@id":"https:\/\/infoecos.com.ar\/index.php\/puerto-de-quequen-kovarsky-confirmo-reunion-de-carbap-en-necochea-este-miercoles\/","url":"https:\/\/infoecos.com.ar\/index.php\/puerto-de-quequen-kovarsky-confirmo-reunion-de-carbap-en-necochea-este-miercoles\/","name":"Puerto de Quequ\u00e9n: Kovarsky confirm\u00f3 reuni\u00f3n de CARBAP en Necochea, este mi\u00e9rcoles - Infoecos","isPartOf":{"@id":"https:\/\/infoecos.com.ar\/#website"},"primaryImageOfPage":{"@id":"https:\/\/infoecos.com.ar\/index.php\/puerto-de-quequen-kovarsky-confirmo-reunion-de-carbap-en-necochea-este-miercoles\/#primaryimage"},"image":{"@id":"https:\/\/infoecos.com.ar\/index.php\/puerto-de-quequen-kovarsky-confirmo-reunion-de-carbap-en-necochea-este-miercoles\/#primaryimage"},"thumbnailUrl":"https:\/\/infoecos.com.ar\/wp-content\/uploads\/2024\/08\/image-258.png","datePublished":"2024-08-20T17:59:02+00:00","dateModified":"2024-08-20T17:59:03+00:00","breadcrumb":{"@id":"https:\/\/infoecos.com.ar\/index.php\/puerto-de-quequen-kovarsky-confirmo-reunion-de-carbap-en-necochea-este-miercoles\/#breadcrumb"},"inLanguage":"es","potentialAction":[{"@type":"ReadAction","target":["https:\/\/infoecos.com.ar\/index.php\/puerto-de-quequen-kovarsky-confirmo-reunion-de-carbap-en-necochea-este-miercoles\/"]}]},{"@type":"ImageObject","inLanguage":"es","@id":"https:\/\/infoecos.com.ar\/index.php\/puerto-de-quequen-kovarsky-confirmo-reunion-de-carbap-en-necochea-este-miercoles\/#primaryimage","url":"https:\/\/infoecos.com.ar\/wp-content\/uploads\/2024\/08\/image-258.png","contentUrl":"https:\/\/infoecos.com.ar\/wp-content\/uploads\/2024\/08\/image-258.png","width":713,"height":390},{"@type":"BreadcrumbList","@id":"https:\/\/infoecos.com.ar\/index.php\/puerto-de-quequen-kovarsky-confirmo-reunion-de-carbap-en-necochea-este-miercoles\/#breadcrumb","itemListElement":[{"@type":"ListItem","position":1,"name":"Portada","item":"https:\/\/infoecos.com.ar\/"},{"@type":"ListItem","position":2,"name":"Puerto de Quequ\u00e9n: Kovarsky confirm\u00f3 reuni\u00f3n de CARBAP en Necochea, este mi\u00e9rcoles"}]},{"@type":"WebSite","@id":"https:\/\/infoecos.com.ar\/#website","url":"https:\/\/infoecos.com.ar\/","name":"Infoecos","description":"Noticias de trenque lauquen y la zona","publisher":{"@id":"https:\/\/infoecos.com.ar\/#organization"},"alternateName":"Noticias","potentialAction":[{"@type":"SearchAction","target":{"@type":"EntryPoint","urlTemplate":"https:\/\/infoecos.com.ar\/?s={search_term_string}"},"query-input":{"@type":"PropertyValueSpecification","valueRequired":true,"valueName":"search_term_string"}}],"inLanguage":"es"},{"@type":"Organization","@id":"https:\/\/infoecos.com.ar\/#organization","name":"Infoecos","alternateName":"Noticias","url":"https:\/\/infoecos.com.ar\/","logo":{"@type":"ImageObject","inLanguage":"es","@id":"https:\/\/infoecos.com.ar\/#\/schema\/logo\/image\/","url":"https:\/\/infoecos.com.ar\/wp-content\/uploads\/2024\/03\/cropped-logo.png","contentUrl":"https:\/\/infoecos.com.ar\/wp-content\/uploads\/2024\/03\/cropped-logo.png","width":374,"height":90,"caption":"Infoecos"},"image":{"@id":"https:\/\/infoecos.com.ar\/#\/schema\/logo\/image\/"},"sameAs":["https:\/\/www.facebook.com\/profile.php?id=100063200290284","https:\/\/x.com\/infoecos"]},{"@type":"Person","@id":"https:\/\/infoecos.com.ar\/#\/schema\/person\/8f5ace5ce73b4b4aac4b7245aee6f191","name":"Jorge Matheus","url":"https:\/\/infoecos.com.ar\/index.php\/author\/jomatheus\/"}]}},"featured_image_urls":{"full":["https:\/\/infoecos.com.ar\/wp-content\/uploads\/2024\/08\/image-258.png",713,390,false],"thumbnail":["https:\/\/infoecos.com.ar\/wp-content\/uploads\/2024\/08\/image-258-300x150.png",300,150,true],"medium":["https:\/\/infoecos.com.ar\/wp-content\/uploads\/2024\/08\/image-258.png",713,390,false],"medium_large":["https:\/\/infoecos.com.ar\/wp-content\/uploads\/2024\/08\/image-258.png",640,350,false],"large":["https:\/\/infoecos.com.ar\/wp-content\/uploads\/2024\/08\/image-258.png",640,350,false],"1536x1536":["https:\/\/infoecos.com.ar\/wp-content\/uploads\/2024\/08\/image-258.png",713,390,false],"2048x2048":["https:\/\/infoecos.com.ar\/wp-content\/uploads\/2024\/08\/image-258.png",713,390,false],"covernews-slider-full":["https:\/\/infoecos.com.ar\/wp-content\/uploads\/2024\/08\/image-258.png",713,390,false],"covernews-slider-center":["https:\/\/infoecos.com.ar\/wp-content\/uploads\/2024\/08\/image-258.png",713,390,false],"covernews-featured":["https:\/\/infoecos.com.ar\/wp-content\/uploads\/2024\/08\/image-258.png",713,390,false],"covernews-medium":["https:\/\/infoecos.com.ar\/wp-content\/uploads\/2024\/08\/image-258-540x340.png",540,340,true],"covernews-medium-square":["https:\/\/infoecos.com.ar\/wp-content\/uploads\/2024\/08\/image-258-400x250.png",400,250,true]},"author_info":{"info":["Jorge Matheus"]},"category_info":"<a href=\"https:\/\/infoecos.com.ar\/index.php\/category\/noticia-principal\/\" rel=\"category tag\">Noticia Principal<\/a>","tag_info":"Noticia Principal","comment_count":"0","_links":{"self":[{"href":"https:\/\/infoecos.com.ar\/index.php\/wp-json\/wp\/v2\/posts\/128996"}],"collection":[{"href":"https:\/\/infoecos.com.ar\/index.php\/wp-json\/wp\/v2\/posts"}],"about":[{"href":"https:\/\/infoecos.com.ar\/index.php\/wp-json\/wp\/v2\/types\/post"}],"author":[{"embeddable":true,"href":"https:\/\/infoecos.com.ar\/index.php\/wp-json\/wp\/v2\/users\/2"}],"replies":[{"embeddable":true,"href":"https:\/\/infoecos.com.ar\/index.php\/wp-json\/wp\/v2\/comments?post=128996"}],"version-history":[{"count":1,"href":"https:\/\/infoecos.com.ar\/index.php\/wp-json\/wp\/v2\/posts\/128996\/revisions"}],"predecessor-version":[{"id":128998,"href":"https:\/\/infoecos.com.ar\/index.php\/wp-json\/wp\/v2\/posts\/128996\/revisions\/128998"}],"wp:featuredmedia":[{"embeddable":true,"href":"https:\/\/infoecos.com.ar\/index.php\/wp-json\/wp\/v2\/media\/128997"}],"wp:attachment":[{"href":"https:\/\/infoecos.com.ar\/index.php\/wp-json\/wp\/v2\/media?parent=128996"}],"wp:term":[{"taxonomy":"category","embeddable":true,"href":"https:\/\/infoecos.com.ar\/index.php\/wp-json\/wp\/v2\/categories?post=128996"},{"taxonomy":"post_tag","embeddable":true,"href":"https:\/\/infoecos.com.ar\/index.php\/wp-json\/wp\/v2\/tags?post=128996"}],"curies":[{"name":"wp","href":"https:\/\/api.w.org\/{rel}","templated":true}]}}