{"id":129022,"date":"2024-08-20T21:05:13","date_gmt":"2024-08-21T00:05:13","guid":{"rendered":"https:\/\/infoecos.com.ar\/?p=129022"},"modified":"2024-08-20T21:05:14","modified_gmt":"2024-08-21T00:05:14","slug":"la-pampa-nieva-en-el-oeste-y-suroeste-de-la-provincia-intensamente","status":"publish","type":"post","link":"https:\/\/infoecos.com.ar\/index.php\/la-pampa-nieva-en-el-oeste-y-suroeste-de-la-provincia-intensamente\/","title":{"rendered":"La Pampa: Nieva en el oeste y suroeste de la provincia intensamente"},"content":{"rendered":"\n<p><strong>Fuente: todos los medios on line de La Pampa, especialmente laarena.com.ar y eldiariodelapampa.com.ar <\/strong><\/p>\n\n\n\n<p>Nieve en 25 de Mayo, en el oeste de La Pampa. Lo mismo sucedi\u00f3 en Casa de Piedra, Puel\u00e9n y Gobernador Duval.<\/p>\n\n\n\n<figure class=\"wp-block-gallery has-nested-images columns-default is-cropped wp-block-gallery-1 is-layout-flex wp-block-gallery-is-layout-flex\">\n<figure class=\"wp-block-image size-large\"><img loading=\"lazy\" decoding=\"async\" width=\"1040\" height=\"758\" data-id=\"129023\" src=\"https:\/\/infoecos.com.ar\/wp-content\/uploads\/2024\/08\/590559-t.jpg\" alt=\"\" class=\"wp-image-129023\" srcset=\"https:\/\/infoecos.com.ar\/wp-content\/uploads\/2024\/08\/590559-t.jpg 1040w, https:\/\/infoecos.com.ar\/wp-content\/uploads\/2024\/08\/590559-t-800x583.jpg 800w, https:\/\/infoecos.com.ar\/wp-content\/uploads\/2024\/08\/590559-t-768x560.jpg 768w, https:\/\/infoecos.com.ar\/wp-content\/uploads\/2024\/08\/590559-t-1024x746.jpg 1024w\" sizes=\"(max-width: 1040px) 100vw, 1040px\" \/><\/figure>\n\n\n\n<figure class=\"wp-block-image size-large\"><img loading=\"lazy\" decoding=\"async\" width=\"1040\" height=\"778\" data-id=\"129024\" src=\"https:\/\/infoecos.com.ar\/wp-content\/uploads\/2024\/08\/590562-t.jpg\" alt=\"\" class=\"wp-image-129024\" srcset=\"https:\/\/infoecos.com.ar\/wp-content\/uploads\/2024\/08\/590562-t.jpg 1040w, https:\/\/infoecos.com.ar\/wp-content\/uploads\/2024\/08\/590562-t-800x598.jpg 800w, https:\/\/infoecos.com.ar\/wp-content\/uploads\/2024\/08\/590562-t-768x575.jpg 768w, https:\/\/infoecos.com.ar\/wp-content\/uploads\/2024\/08\/590562-t-1024x766.jpg 1024w\" sizes=\"(max-width: 1040px) 100vw, 1040px\" \/><\/figure>\n\n\n\n<figure class=\"wp-block-image size-large\"><img loading=\"lazy\" decoding=\"async\" width=\"1040\" height=\"777\" data-id=\"129025\" src=\"https:\/\/infoecos.com.ar\/wp-content\/uploads\/2024\/08\/590563-t.jpg\" alt=\"\" class=\"wp-image-129025\" srcset=\"https:\/\/infoecos.com.ar\/wp-content\/uploads\/2024\/08\/590563-t.jpg 1040w, https:\/\/infoecos.com.ar\/wp-content\/uploads\/2024\/08\/590563-t-800x598.jpg 800w, https:\/\/infoecos.com.ar\/wp-content\/uploads\/2024\/08\/590563-t-768x574.jpg 768w, https:\/\/infoecos.com.ar\/wp-content\/uploads\/2024\/08\/590563-t-1024x765.jpg 1024w\" sizes=\"(max-width: 1040px) 100vw, 1040px\" \/><\/figure>\n<\/figure>\n\n\n\n<p>El mayor impacto del fen\u00f3meno meteorol\u00f3gico se hab\u00eda hecho sentir este lunes en los alrededores de Vaca Muerta, una regi\u00f3n de empresas petroleras. Este martes se intensific\u00f3 en casi toda la zona oeste y suroeste.<\/p>\n\n\n\n<figure class=\"wp-block-gallery has-nested-images columns-default is-cropped wp-block-gallery-2 is-layout-flex wp-block-gallery-is-layout-flex\">\n<figure class=\"wp-block-image size-large\"><img loading=\"lazy\" decoding=\"async\" width=\"1280\" height=\"904\" data-id=\"129026\" src=\"https:\/\/infoecos.com.ar\/wp-content\/uploads\/2024\/08\/590564-t.jpg\" alt=\"\" class=\"wp-image-129026\" srcset=\"https:\/\/infoecos.com.ar\/wp-content\/uploads\/2024\/08\/590564-t.jpg 1280w, https:\/\/infoecos.com.ar\/wp-content\/uploads\/2024\/08\/590564-t-800x565.jpg 800w, https:\/\/infoecos.com.ar\/wp-content\/uploads\/2024\/08\/590564-t-768x542.jpg 768w, https:\/\/infoecos.com.ar\/wp-content\/uploads\/2024\/08\/590564-t-1024x723.jpg 1024w\" sizes=\"(max-width: 1280px) 100vw, 1280px\" \/><\/figure>\n\n\n\n<figure class=\"wp-block-image size-large\"><img loading=\"lazy\" decoding=\"async\" width=\"1280\" height=\"720\" data-id=\"129027\" src=\"https:\/\/infoecos.com.ar\/wp-content\/uploads\/2024\/08\/590565-t.jpg\" alt=\"\" class=\"wp-image-129027\" srcset=\"https:\/\/infoecos.com.ar\/wp-content\/uploads\/2024\/08\/590565-t.jpg 1280w, https:\/\/infoecos.com.ar\/wp-content\/uploads\/2024\/08\/590565-t-800x450.jpg 800w, https:\/\/infoecos.com.ar\/wp-content\/uploads\/2024\/08\/590565-t-768x432.jpg 768w, https:\/\/infoecos.com.ar\/wp-content\/uploads\/2024\/08\/590565-t-1024x576.jpg 1024w\" sizes=\"(max-width: 1280px) 100vw, 1280px\" \/><\/figure>\n\n\n\n<figure class=\"wp-block-image size-large\"><img loading=\"lazy\" decoding=\"async\" width=\"1040\" height=\"768\" data-id=\"129028\" src=\"https:\/\/infoecos.com.ar\/wp-content\/uploads\/2024\/08\/590566-t.jpg\" alt=\"\" class=\"wp-image-129028\" srcset=\"https:\/\/infoecos.com.ar\/wp-content\/uploads\/2024\/08\/590566-t.jpg 1040w, https:\/\/infoecos.com.ar\/wp-content\/uploads\/2024\/08\/590566-t-800x591.jpg 800w, https:\/\/infoecos.com.ar\/wp-content\/uploads\/2024\/08\/590566-t-768x567.jpg 768w, https:\/\/infoecos.com.ar\/wp-content\/uploads\/2024\/08\/590566-t-1024x756.jpg 1024w\" sizes=\"(max-width: 1040px) 100vw, 1040px\" \/><\/figure>\n<\/figure>\n\n\n\n<p>La advertencia del SMN abarca el oeste de la provincia, sur de Mendoza y todo el territorio de Neuqu\u00e9n.<\/p>\n\n\n\n<figure class=\"wp-block-image size-full\"><img loading=\"lazy\" decoding=\"async\" width=\"1040\" height=\"777\" src=\"https:\/\/infoecos.com.ar\/wp-content\/uploads\/2024\/08\/590568-t.jpg\" alt=\"\" class=\"wp-image-129029\" srcset=\"https:\/\/infoecos.com.ar\/wp-content\/uploads\/2024\/08\/590568-t.jpg 1040w, https:\/\/infoecos.com.ar\/wp-content\/uploads\/2024\/08\/590568-t-800x598.jpg 800w, https:\/\/infoecos.com.ar\/wp-content\/uploads\/2024\/08\/590568-t-768x574.jpg 768w, https:\/\/infoecos.com.ar\/wp-content\/uploads\/2024\/08\/590568-t-1024x765.jpg 1024w\" sizes=\"(max-width: 1040px) 100vw, 1040px\" \/><\/figure>\n\n\n\n<p>A las 18 horas, la temperatura en 25 de Mayo era de -0.2\u00ba\u00a0 y en Casa de Piedra, 0.3\u00ba<\/p>\n","protected":false},"excerpt":{"rendered":"<p>El mayor impacto del fen\u00f3meno meteorol\u00f3gico se hab\u00eda hecho sentir este lunes en los alrededores de Vaca Muerta, una regi\u00f3n de empresas petroleras<\/p>\n","protected":false},"author":2,"featured_media":129027,"comment_status":"closed","ping_status":"open","sticky":false,"template":"","format":"standard","meta":{"footnotes":""},"categories":[1612],"tags":[],"class_list":["post-129022","post","type-post","status-publish","format-standard","has-post-thumbnail","hentry","category-noticia-principal"],"yoast_head":"<!-- This site is optimized with the Yoast SEO plugin v23.4 - https:\/\/yoast.com\/wordpress\/plugins\/seo\/ -->\n<title>La Pampa: Nieva en el oeste y suroeste de la provincia intensamente - Infoecos<\/title>\n<meta name=\"robots\" content=\"index, follow, max-snippet:-1, max-image-preview:large, max-video-preview:-1\" \/>\n<link rel=\"canonical\" href=\"https:\/\/infoecos.com.ar\/index.php\/la-pampa-nieva-en-el-oeste-y-suroeste-de-la-provincia-intensamente\/\" \/>\n<meta property=\"og:locale\" content=\"es_ES\" \/>\n<meta property=\"og:type\" content=\"article\" \/>\n<meta property=\"og:title\" content=\"La Pampa: Nieva en el oeste y suroeste de la provincia intensamente - Infoecos\" \/>\n<meta property=\"og:description\" content=\"El mayor impacto del fen\u00f3meno meteorol\u00f3gico se hab\u00eda hecho sentir este lunes en los alrededores de Vaca Muerta, una regi\u00f3n de empresas petroleras\" \/>\n<meta property=\"og:url\" content=\"https:\/\/infoecos.com.ar\/index.php\/la-pampa-nieva-en-el-oeste-y-suroeste-de-la-provincia-intensamente\/\" \/>\n<meta property=\"og:site_name\" content=\"Infoecos\" \/>\n<meta property=\"article:publisher\" content=\"https:\/\/www.facebook.com\/profile.php?id=100063200290284\" \/>\n<meta property=\"article:published_time\" content=\"2024-08-21T00:05:13+00:00\" \/>\n<meta property=\"article:modified_time\" content=\"2024-08-21T00:05:14+00:00\" \/>\n<meta property=\"og:image\" content=\"https:\/\/infoecos.com.ar\/wp-content\/uploads\/2024\/08\/590565-t.jpg\" \/>\n\t<meta property=\"og:image:width\" content=\"1280\" \/>\n\t<meta property=\"og:image:height\" content=\"720\" \/>\n\t<meta property=\"og:image:type\" content=\"image\/jpeg\" \/>\n<meta name=\"author\" content=\"Jorge Matheus\" \/>\n<meta name=\"twitter:card\" content=\"summary_large_image\" \/>\n<meta name=\"twitter:creator\" content=\"@infoecos\" \/>\n<meta name=\"twitter:site\" content=\"@infoecos\" \/>\n<meta name=\"twitter:label1\" content=\"Escrito por\" \/>\n\t<meta name=\"twitter:data1\" content=\"Jorge Matheus\" \/>\n\t<meta name=\"twitter:label2\" content=\"Tiempo de lectura\" \/>\n\t<meta name=\"twitter:data2\" content=\"3 minutos\" \/>\n<script type=\"application\/ld+json\" class=\"yoast-schema-graph\">{\"@context\":\"https:\/\/schema.org\",\"@graph\":[{\"@type\":\"Article\",\"@id\":\"https:\/\/infoecos.com.ar\/index.php\/la-pampa-nieva-en-el-oeste-y-suroeste-de-la-provincia-intensamente\/#article\",\"isPartOf\":{\"@id\":\"https:\/\/infoecos.com.ar\/index.php\/la-pampa-nieva-en-el-oeste-y-suroeste-de-la-provincia-intensamente\/\"},\"author\":{\"name\":\"Jorge Matheus\",\"@id\":\"https:\/\/infoecos.com.ar\/#\/schema\/person\/8f5ace5ce73b4b4aac4b7245aee6f191\"},\"headline\":\"La Pampa: Nieva en el oeste y suroeste de la provincia intensamente\",\"datePublished\":\"2024-08-21T00:05:13+00:00\",\"dateModified\":\"2024-08-21T00:05:14+00:00\",\"mainEntityOfPage\":{\"@id\":\"https:\/\/infoecos.com.ar\/index.php\/la-pampa-nieva-en-el-oeste-y-suroeste-de-la-provincia-intensamente\/\"},\"wordCount\":126,\"publisher\":{\"@id\":\"https:\/\/infoecos.com.ar\/#organization\"},\"image\":{\"@id\":\"https:\/\/infoecos.com.ar\/index.php\/la-pampa-nieva-en-el-oeste-y-suroeste-de-la-provincia-intensamente\/#primaryimage\"},\"thumbnailUrl\":\"https:\/\/infoecos.com.ar\/wp-content\/uploads\/2024\/08\/590565-t.jpg\",\"articleSection\":[\"Noticia Principal\"],\"inLanguage\":\"es\"},{\"@type\":\"WebPage\",\"@id\":\"https:\/\/infoecos.com.ar\/index.php\/la-pampa-nieva-en-el-oeste-y-suroeste-de-la-provincia-intensamente\/\",\"url\":\"https:\/\/infoecos.com.ar\/index.php\/la-pampa-nieva-en-el-oeste-y-suroeste-de-la-provincia-intensamente\/\",\"name\":\"La Pampa: Nieva en el oeste y suroeste de la provincia intensamente - Infoecos\",\"isPartOf\":{\"@id\":\"https:\/\/infoecos.com.ar\/#website\"},\"primaryImageOfPage\":{\"@id\":\"https:\/\/infoecos.com.ar\/index.php\/la-pampa-nieva-en-el-oeste-y-suroeste-de-la-provincia-intensamente\/#primaryimage\"},\"image\":{\"@id\":\"https:\/\/infoecos.com.ar\/index.php\/la-pampa-nieva-en-el-oeste-y-suroeste-de-la-provincia-intensamente\/#primaryimage\"},\"thumbnailUrl\":\"https:\/\/infoecos.com.ar\/wp-content\/uploads\/2024\/08\/590565-t.jpg\",\"datePublished\":\"2024-08-21T00:05:13+00:00\",\"dateModified\":\"2024-08-21T00:05:14+00:00\",\"breadcrumb\":{\"@id\":\"https:\/\/infoecos.com.ar\/index.php\/la-pampa-nieva-en-el-oeste-y-suroeste-de-la-provincia-intensamente\/#breadcrumb\"},\"inLanguage\":\"es\",\"potentialAction\":[{\"@type\":\"ReadAction\",\"target\":[\"https:\/\/infoecos.com.ar\/index.php\/la-pampa-nieva-en-el-oeste-y-suroeste-de-la-provincia-intensamente\/\"]}]},{\"@type\":\"ImageObject\",\"inLanguage\":\"es\",\"@id\":\"https:\/\/infoecos.com.ar\/index.php\/la-pampa-nieva-en-el-oeste-y-suroeste-de-la-provincia-intensamente\/#primaryimage\",\"url\":\"https:\/\/infoecos.com.ar\/wp-content\/uploads\/2024\/08\/590565-t.jpg\",\"contentUrl\":\"https:\/\/infoecos.com.ar\/wp-content\/uploads\/2024\/08\/590565-t.jpg\",\"width\":1280,\"height\":720},{\"@type\":\"BreadcrumbList\",\"@id\":\"https:\/\/infoecos.com.ar\/index.php\/la-pampa-nieva-en-el-oeste-y-suroeste-de-la-provincia-intensamente\/#breadcrumb\",\"itemListElement\":[{\"@type\":\"ListItem\",\"position\":1,\"name\":\"Portada\",\"item\":\"https:\/\/infoecos.com.ar\/\"},{\"@type\":\"ListItem\",\"position\":2,\"name\":\"La Pampa: Nieva en el oeste y suroeste de la provincia intensamente\"}]},{\"@type\":\"WebSite\",\"@id\":\"https:\/\/infoecos.com.ar\/#website\",\"url\":\"https:\/\/infoecos.com.ar\/\",\"name\":\"Infoecos\",\"description\":\"Noticias de trenque lauquen y la zona\",\"publisher\":{\"@id\":\"https:\/\/infoecos.com.ar\/#organization\"},\"alternateName\":\"Noticias\",\"potentialAction\":[{\"@type\":\"SearchAction\",\"target\":{\"@type\":\"EntryPoint\",\"urlTemplate\":\"https:\/\/infoecos.com.ar\/?s={search_term_string}\"},\"query-input\":{\"@type\":\"PropertyValueSpecification\",\"valueRequired\":true,\"valueName\":\"search_term_string\"}}],\"inLanguage\":\"es\"},{\"@type\":\"Organization\",\"@id\":\"https:\/\/infoecos.com.ar\/#organization\",\"name\":\"Infoecos\",\"alternateName\":\"Noticias\",\"url\":\"https:\/\/infoecos.com.ar\/\",\"logo\":{\"@type\":\"ImageObject\",\"inLanguage\":\"es\",\"@id\":\"https:\/\/infoecos.com.ar\/#\/schema\/logo\/image\/\",\"url\":\"https:\/\/infoecos.com.ar\/wp-content\/uploads\/2024\/03\/cropped-logo.png\",\"contentUrl\":\"https:\/\/infoecos.com.ar\/wp-content\/uploads\/2024\/03\/cropped-logo.png\",\"width\":374,\"height\":90,\"caption\":\"Infoecos\"},\"image\":{\"@id\":\"https:\/\/infoecos.com.ar\/#\/schema\/logo\/image\/\"},\"sameAs\":[\"https:\/\/www.facebook.com\/profile.php?id=100063200290284\",\"https:\/\/x.com\/infoecos\"]},{\"@type\":\"Person\",\"@id\":\"https:\/\/infoecos.com.ar\/#\/schema\/person\/8f5ace5ce73b4b4aac4b7245aee6f191\",\"name\":\"Jorge Matheus\",\"url\":\"https:\/\/infoecos.com.ar\/index.php\/author\/jomatheus\/\"}]}<\/script>\n<!-- \/ Yoast SEO plugin. -->","yoast_head_json":{"title":"La Pampa: Nieva en el oeste y suroeste de la provincia intensamente - Infoecos","robots":{"index":"index","follow":"follow","max-snippet":"max-snippet:-1","max-image-preview":"max-image-preview:large","max-video-preview":"max-video-preview:-1"},"canonical":"https:\/\/infoecos.com.ar\/index.php\/la-pampa-nieva-en-el-oeste-y-suroeste-de-la-provincia-intensamente\/","og_locale":"es_ES","og_type":"article","og_title":"La Pampa: Nieva en el oeste y suroeste de la provincia intensamente - Infoecos","og_description":"El mayor impacto del fen\u00f3meno meteorol\u00f3gico se hab\u00eda hecho sentir este lunes en los alrededores de Vaca Muerta, una regi\u00f3n de empresas petroleras","og_url":"https:\/\/infoecos.com.ar\/index.php\/la-pampa-nieva-en-el-oeste-y-suroeste-de-la-provincia-intensamente\/","og_site_name":"Infoecos","article_publisher":"https:\/\/www.facebook.com\/profile.php?id=100063200290284","article_published_time":"2024-08-21T00:05:13+00:00","article_modified_time":"2024-08-21T00:05:14+00:00","og_image":[{"width":1280,"height":720,"url":"https:\/\/infoecos.com.ar\/wp-content\/uploads\/2024\/08\/590565-t.jpg","type":"image\/jpeg"}],"author":"Jorge Matheus","twitter_card":"summary_large_image","twitter_creator":"@infoecos","twitter_site":"@infoecos","twitter_misc":{"Escrito por":"Jorge Matheus","Tiempo de lectura":"3 minutos"},"schema":{"@context":"https:\/\/schema.org","@graph":[{"@type":"Article","@id":"https:\/\/infoecos.com.ar\/index.php\/la-pampa-nieva-en-el-oeste-y-suroeste-de-la-provincia-intensamente\/#article","isPartOf":{"@id":"https:\/\/infoecos.com.ar\/index.php\/la-pampa-nieva-en-el-oeste-y-suroeste-de-la-provincia-intensamente\/"},"author":{"name":"Jorge Matheus","@id":"https:\/\/infoecos.com.ar\/#\/schema\/person\/8f5ace5ce73b4b4aac4b7245aee6f191"},"headline":"La Pampa: Nieva en el oeste y suroeste de la provincia intensamente","datePublished":"2024-08-21T00:05:13+00:00","dateModified":"2024-08-21T00:05:14+00:00","mainEntityOfPage":{"@id":"https:\/\/infoecos.com.ar\/index.php\/la-pampa-nieva-en-el-oeste-y-suroeste-de-la-provincia-intensamente\/"},"wordCount":126,"publisher":{"@id":"https:\/\/infoecos.com.ar\/#organization"},"image":{"@id":"https:\/\/infoecos.com.ar\/index.php\/la-pampa-nieva-en-el-oeste-y-suroeste-de-la-provincia-intensamente\/#primaryimage"},"thumbnailUrl":"https:\/\/infoecos.com.ar\/wp-content\/uploads\/2024\/08\/590565-t.jpg","articleSection":["Noticia Principal"],"inLanguage":"es"},{"@type":"WebPage","@id":"https:\/\/infoecos.com.ar\/index.php\/la-pampa-nieva-en-el-oeste-y-suroeste-de-la-provincia-intensamente\/","url":"https:\/\/infoecos.com.ar\/index.php\/la-pampa-nieva-en-el-oeste-y-suroeste-de-la-provincia-intensamente\/","name":"La Pampa: Nieva en el oeste y suroeste de la provincia intensamente - Infoecos","isPartOf":{"@id":"https:\/\/infoecos.com.ar\/#website"},"primaryImageOfPage":{"@id":"https:\/\/infoecos.com.ar\/index.php\/la-pampa-nieva-en-el-oeste-y-suroeste-de-la-provincia-intensamente\/#primaryimage"},"image":{"@id":"https:\/\/infoecos.com.ar\/index.php\/la-pampa-nieva-en-el-oeste-y-suroeste-de-la-provincia-intensamente\/#primaryimage"},"thumbnailUrl":"https:\/\/infoecos.com.ar\/wp-content\/uploads\/2024\/08\/590565-t.jpg","datePublished":"2024-08-21T00:05:13+00:00","dateModified":"2024-08-21T00:05:14+00:00","breadcrumb":{"@id":"https:\/\/infoecos.com.ar\/index.php\/la-pampa-nieva-en-el-oeste-y-suroeste-de-la-provincia-intensamente\/#breadcrumb"},"inLanguage":"es","potentialAction":[{"@type":"ReadAction","target":["https:\/\/infoecos.com.ar\/index.php\/la-pampa-nieva-en-el-oeste-y-suroeste-de-la-provincia-intensamente\/"]}]},{"@type":"ImageObject","inLanguage":"es","@id":"https:\/\/infoecos.com.ar\/index.php\/la-pampa-nieva-en-el-oeste-y-suroeste-de-la-provincia-intensamente\/#primaryimage","url":"https:\/\/infoecos.com.ar\/wp-content\/uploads\/2024\/08\/590565-t.jpg","contentUrl":"https:\/\/infoecos.com.ar\/wp-content\/uploads\/2024\/08\/590565-t.jpg","width":1280,"height":720},{"@type":"BreadcrumbList","@id":"https:\/\/infoecos.com.ar\/index.php\/la-pampa-nieva-en-el-oeste-y-suroeste-de-la-provincia-intensamente\/#breadcrumb","itemListElement":[{"@type":"ListItem","position":1,"name":"Portada","item":"https:\/\/infoecos.com.ar\/"},{"@type":"ListItem","position":2,"name":"La Pampa: Nieva en el oeste y suroeste de la provincia intensamente"}]},{"@type":"WebSite","@id":"https:\/\/infoecos.com.ar\/#website","url":"https:\/\/infoecos.com.ar\/","name":"Infoecos","description":"Noticias de trenque lauquen y la zona","publisher":{"@id":"https:\/\/infoecos.com.ar\/#organization"},"alternateName":"Noticias","potentialAction":[{"@type":"SearchAction","target":{"@type":"EntryPoint","urlTemplate":"https:\/\/infoecos.com.ar\/?s={search_term_string}"},"query-input":{"@type":"PropertyValueSpecification","valueRequired":true,"valueName":"search_term_string"}}],"inLanguage":"es"},{"@type":"Organization","@id":"https:\/\/infoecos.com.ar\/#organization","name":"Infoecos","alternateName":"Noticias","url":"https:\/\/infoecos.com.ar\/","logo":{"@type":"ImageObject","inLanguage":"es","@id":"https:\/\/infoecos.com.ar\/#\/schema\/logo\/image\/","url":"https:\/\/infoecos.com.ar\/wp-content\/uploads\/2024\/03\/cropped-logo.png","contentUrl":"https:\/\/infoecos.com.ar\/wp-content\/uploads\/2024\/03\/cropped-logo.png","width":374,"height":90,"caption":"Infoecos"},"image":{"@id":"https:\/\/infoecos.com.ar\/#\/schema\/logo\/image\/"},"sameAs":["https:\/\/www.facebook.com\/profile.php?id=100063200290284","https:\/\/x.com\/infoecos"]},{"@type":"Person","@id":"https:\/\/infoecos.com.ar\/#\/schema\/person\/8f5ace5ce73b4b4aac4b7245aee6f191","name":"Jorge Matheus","url":"https:\/\/infoecos.com.ar\/index.php\/author\/jomatheus\/"}]}},"featured_image_urls":{"full":["https:\/\/infoecos.com.ar\/wp-content\/uploads\/2024\/08\/590565-t.jpg",1280,720,false],"thumbnail":["https:\/\/infoecos.com.ar\/wp-content\/uploads\/2024\/08\/590565-t-300x150.jpg",300,150,true],"medium":["https:\/\/infoecos.com.ar\/wp-content\/uploads\/2024\/08\/590565-t-800x450.jpg",800,450,true],"medium_large":["https:\/\/infoecos.com.ar\/wp-content\/uploads\/2024\/08\/590565-t-768x432.jpg",640,360,true],"large":["https:\/\/infoecos.com.ar\/wp-content\/uploads\/2024\/08\/590565-t.jpg",640,360,false],"1536x1536":["https:\/\/infoecos.com.ar\/wp-content\/uploads\/2024\/08\/590565-t.jpg",1280,720,false],"2048x2048":["https:\/\/infoecos.com.ar\/wp-content\/uploads\/2024\/08\/590565-t.jpg",1280,720,false],"covernews-slider-full":["https:\/\/infoecos.com.ar\/wp-content\/uploads\/2024\/08\/590565-t-1115x715.jpg",1115,715,true],"covernews-slider-center":["https:\/\/infoecos.com.ar\/wp-content\/uploads\/2024\/08\/590565-t-800x500.jpg",800,500,true],"covernews-featured":["https:\/\/infoecos.com.ar\/wp-content\/uploads\/2024\/08\/590565-t-1024x576.jpg",1024,576,true],"covernews-medium":["https:\/\/infoecos.com.ar\/wp-content\/uploads\/2024\/08\/590565-t-540x340.jpg",540,340,true],"covernews-medium-square":["https:\/\/infoecos.com.ar\/wp-content\/uploads\/2024\/08\/590565-t-400x250.jpg",400,250,true]},"author_info":{"info":["Jorge Matheus"]},"category_info":"<a href=\"https:\/\/infoecos.com.ar\/index.php\/category\/noticia-principal\/\" rel=\"category tag\">Noticia Principal<\/a>","tag_info":"Noticia Principal","comment_count":"0","_links":{"self":[{"href":"https:\/\/infoecos.com.ar\/index.php\/wp-json\/wp\/v2\/posts\/129022"}],"collection":[{"href":"https:\/\/infoecos.com.ar\/index.php\/wp-json\/wp\/v2\/posts"}],"about":[{"href":"https:\/\/infoecos.com.ar\/index.php\/wp-json\/wp\/v2\/types\/post"}],"author":[{"embeddable":true,"href":"https:\/\/infoecos.com.ar\/index.php\/wp-json\/wp\/v2\/users\/2"}],"replies":[{"embeddable":true,"href":"https:\/\/infoecos.com.ar\/index.php\/wp-json\/wp\/v2\/comments?post=129022"}],"version-history":[{"count":1,"href":"https:\/\/infoecos.com.ar\/index.php\/wp-json\/wp\/v2\/posts\/129022\/revisions"}],"predecessor-version":[{"id":129030,"href":"https:\/\/infoecos.com.ar\/index.php\/wp-json\/wp\/v2\/posts\/129022\/revisions\/129030"}],"wp:featuredmedia":[{"embeddable":true,"href":"https:\/\/infoecos.com.ar\/index.php\/wp-json\/wp\/v2\/media\/129027"}],"wp:attachment":[{"href":"https:\/\/infoecos.com.ar\/index.php\/wp-json\/wp\/v2\/media?parent=129022"}],"wp:term":[{"taxonomy":"category","embeddable":true,"href":"https:\/\/infoecos.com.ar\/index.php\/wp-json\/wp\/v2\/categories?post=129022"},{"taxonomy":"post_tag","embeddable":true,"href":"https:\/\/infoecos.com.ar\/index.php\/wp-json\/wp\/v2\/tags?post=129022"}],"curies":[{"name":"wp","href":"https:\/\/api.w.org\/{rel}","templated":true}]}}