{"id":129058,"date":"2024-08-21T14:48:40","date_gmt":"2024-08-21T17:48:40","guid":{"rendered":"https:\/\/infoecos.com.ar\/?p=129058"},"modified":"2024-08-21T14:48:41","modified_gmt":"2024-08-21T17:48:41","slug":"ultimo-momento-informacion-de-el-diario-de-la-pampa-choque-con-heridos-en-ruta-5","status":"publish","type":"post","link":"https:\/\/infoecos.com.ar\/index.php\/ultimo-momento-informacion-de-el-diario-de-la-pampa-choque-con-heridos-en-ruta-5\/","title":{"rendered":"\u00daltimo momento: informaci\u00f3n de El Diario de La Pampa, choque con heridos en Ruta 5"},"content":{"rendered":"\n<figure class=\"wp-block-image alignright size-full is-resized\"><img loading=\"lazy\" decoding=\"async\" width=\"910\" height=\"524\" src=\"https:\/\/infoecos.com.ar\/wp-content\/uploads\/2024\/08\/image-268.png\" alt=\"\" class=\"wp-image-129059\" style=\"width:389px;height:auto\" srcset=\"https:\/\/infoecos.com.ar\/wp-content\/uploads\/2024\/08\/image-268.png 910w, https:\/\/infoecos.com.ar\/wp-content\/uploads\/2024\/08\/image-268-800x461.png 800w, https:\/\/infoecos.com.ar\/wp-content\/uploads\/2024\/08\/image-268-768x442.png 768w\" sizes=\"(max-width: 910px) 100vw, 910px\" \/><\/figure>\n\n\n\n<p>El siniestro vial involucr\u00f3 a&nbsp;<strong>un cami\u00f3n Scania, un Fiat Cronos, un Peugeot 206 y Chevrolet Cruze<\/strong>.<\/p>\n\n\n\n<p><strong>Todo ocurri\u00f3 alrededor de las 14:00 horas<\/strong>. Seg\u00fan pudo saber El Diario en el lugar del hecho, el transporte de carga iba con destino hacia Buenos Aires.<\/p>\n\n\n\n<p>A pesar de la violencia del impacto, no habr\u00eda personas lesionadas de gravedad, seg\u00fan confirmaron a\u00a0<strong>El Diario<\/strong>\u00a0fuentes policiales.<\/p>\n\n\n\n<figure class=\"wp-block-image alignright size-full is-resized\"><img loading=\"lazy\" decoding=\"async\" width=\"1269\" height=\"518\" src=\"https:\/\/infoecos.com.ar\/wp-content\/uploads\/2024\/08\/image-269.png\" alt=\"\" class=\"wp-image-129060\" style=\"width:388px;height:auto\" srcset=\"https:\/\/infoecos.com.ar\/wp-content\/uploads\/2024\/08\/image-269.png 1269w, https:\/\/infoecos.com.ar\/wp-content\/uploads\/2024\/08\/image-269-800x327.png 800w, https:\/\/infoecos.com.ar\/wp-content\/uploads\/2024\/08\/image-269-768x313.png 768w, https:\/\/infoecos.com.ar\/wp-content\/uploads\/2024\/08\/image-269-1024x418.png 1024w\" sizes=\"(max-width: 1269px) 100vw, 1269px\" \/><\/figure>\n\n\n\n<p><strong>\u00abDos personas fueron trasladas al Hospital Favaloro, pero estar\u00edan fuera de peligro\u00bb<\/strong>, precis\u00f3 la misma fuente.<\/p>\n\n\n\n<p>El tr\u00e1nsito en la zona est\u00e1 moment\u00e1neamente interrumpido -sobre todo para los camiones, dado que los autos pueden pasar por la banquina, mientras la Agencia de Investigaci\u00f3n Cient\u00edfica realiza los peritajes de rigor.\u00a0<\/p>\n\n\n\n<figure class=\"wp-block-image aligncenter size-full\"><img loading=\"lazy\" decoding=\"async\" width=\"1231\" height=\"495\" src=\"https:\/\/infoecos.com.ar\/wp-content\/uploads\/2024\/08\/image-270.png\" alt=\"\" class=\"wp-image-129061\" srcset=\"https:\/\/infoecos.com.ar\/wp-content\/uploads\/2024\/08\/image-270.png 1231w, https:\/\/infoecos.com.ar\/wp-content\/uploads\/2024\/08\/image-270-800x322.png 800w, https:\/\/infoecos.com.ar\/wp-content\/uploads\/2024\/08\/image-270-768x309.png 768w, https:\/\/infoecos.com.ar\/wp-content\/uploads\/2024\/08\/image-270-1024x412.png 1024w\" sizes=\"(max-width: 1231px) 100vw, 1231px\" \/><\/figure>\n","protected":false},"excerpt":{"rendered":"<p>A pesar de la violencia del impacto, no habr\u00eda personas lesionadas de gravedad, seg\u00fan confirmaron a\u00a0El Diario\u00a0fuentes policiales<\/p>\n","protected":false},"author":2,"featured_media":129061,"comment_status":"closed","ping_status":"open","sticky":false,"template":"","format":"standard","meta":{"footnotes":""},"categories":[1612],"tags":[],"class_list":["post-129058","post","type-post","status-publish","format-standard","has-post-thumbnail","hentry","category-noticia-principal"],"yoast_head":"<!-- This site is optimized with the Yoast SEO plugin v23.4 - https:\/\/yoast.com\/wordpress\/plugins\/seo\/ -->\n<title>\u00daltimo momento: informaci\u00f3n de El Diario de La Pampa, choque con heridos en Ruta 5 - Infoecos<\/title>\n<meta name=\"robots\" content=\"index, follow, max-snippet:-1, max-image-preview:large, max-video-preview:-1\" \/>\n<link rel=\"canonical\" href=\"https:\/\/infoecos.com.ar\/index.php\/ultimo-momento-informacion-de-el-diario-de-la-pampa-choque-con-heridos-en-ruta-5\/\" \/>\n<meta property=\"og:locale\" content=\"es_ES\" \/>\n<meta property=\"og:type\" content=\"article\" \/>\n<meta property=\"og:title\" content=\"\u00daltimo momento: informaci\u00f3n de El Diario de La Pampa, choque con heridos en Ruta 5 - Infoecos\" \/>\n<meta property=\"og:description\" content=\"A pesar de la violencia del impacto, no habr\u00eda personas lesionadas de gravedad, seg\u00fan confirmaron a\u00a0El Diario\u00a0fuentes policiales\" \/>\n<meta property=\"og:url\" content=\"https:\/\/infoecos.com.ar\/index.php\/ultimo-momento-informacion-de-el-diario-de-la-pampa-choque-con-heridos-en-ruta-5\/\" \/>\n<meta property=\"og:site_name\" content=\"Infoecos\" \/>\n<meta property=\"article:publisher\" content=\"https:\/\/www.facebook.com\/profile.php?id=100063200290284\" \/>\n<meta property=\"article:published_time\" content=\"2024-08-21T17:48:40+00:00\" \/>\n<meta property=\"article:modified_time\" content=\"2024-08-21T17:48:41+00:00\" \/>\n<meta property=\"og:image\" content=\"https:\/\/infoecos.com.ar\/wp-content\/uploads\/2024\/08\/image-270.png\" \/>\n\t<meta property=\"og:image:width\" content=\"1231\" \/>\n\t<meta property=\"og:image:height\" content=\"495\" \/>\n\t<meta property=\"og:image:type\" content=\"image\/png\" \/>\n<meta name=\"author\" content=\"Jorge Matheus\" \/>\n<meta name=\"twitter:card\" content=\"summary_large_image\" \/>\n<meta name=\"twitter:creator\" content=\"@infoecos\" \/>\n<meta name=\"twitter:site\" content=\"@infoecos\" \/>\n<meta name=\"twitter:label1\" content=\"Escrito por\" \/>\n\t<meta name=\"twitter:data1\" content=\"Jorge Matheus\" \/>\n\t<meta name=\"twitter:label2\" content=\"Tiempo de lectura\" \/>\n\t<meta name=\"twitter:data2\" content=\"2 minutos\" \/>\n<script type=\"application\/ld+json\" class=\"yoast-schema-graph\">{\"@context\":\"https:\/\/schema.org\",\"@graph\":[{\"@type\":\"Article\",\"@id\":\"https:\/\/infoecos.com.ar\/index.php\/ultimo-momento-informacion-de-el-diario-de-la-pampa-choque-con-heridos-en-ruta-5\/#article\",\"isPartOf\":{\"@id\":\"https:\/\/infoecos.com.ar\/index.php\/ultimo-momento-informacion-de-el-diario-de-la-pampa-choque-con-heridos-en-ruta-5\/\"},\"author\":{\"name\":\"Jorge Matheus\",\"@id\":\"https:\/\/infoecos.com.ar\/#\/schema\/person\/8f5ace5ce73b4b4aac4b7245aee6f191\"},\"headline\":\"\u00daltimo momento: informaci\u00f3n de El Diario de La Pampa, choque con heridos en Ruta 5\",\"datePublished\":\"2024-08-21T17:48:40+00:00\",\"dateModified\":\"2024-08-21T17:48:41+00:00\",\"mainEntityOfPage\":{\"@id\":\"https:\/\/infoecos.com.ar\/index.php\/ultimo-momento-informacion-de-el-diario-de-la-pampa-choque-con-heridos-en-ruta-5\/\"},\"wordCount\":136,\"publisher\":{\"@id\":\"https:\/\/infoecos.com.ar\/#organization\"},\"image\":{\"@id\":\"https:\/\/infoecos.com.ar\/index.php\/ultimo-momento-informacion-de-el-diario-de-la-pampa-choque-con-heridos-en-ruta-5\/#primaryimage\"},\"thumbnailUrl\":\"https:\/\/infoecos.com.ar\/wp-content\/uploads\/2024\/08\/image-270.png\",\"articleSection\":[\"Noticia Principal\"],\"inLanguage\":\"es\"},{\"@type\":\"WebPage\",\"@id\":\"https:\/\/infoecos.com.ar\/index.php\/ultimo-momento-informacion-de-el-diario-de-la-pampa-choque-con-heridos-en-ruta-5\/\",\"url\":\"https:\/\/infoecos.com.ar\/index.php\/ultimo-momento-informacion-de-el-diario-de-la-pampa-choque-con-heridos-en-ruta-5\/\",\"name\":\"\u00daltimo momento: informaci\u00f3n de El Diario de La Pampa, choque con heridos en Ruta 5 - Infoecos\",\"isPartOf\":{\"@id\":\"https:\/\/infoecos.com.ar\/#website\"},\"primaryImageOfPage\":{\"@id\":\"https:\/\/infoecos.com.ar\/index.php\/ultimo-momento-informacion-de-el-diario-de-la-pampa-choque-con-heridos-en-ruta-5\/#primaryimage\"},\"image\":{\"@id\":\"https:\/\/infoecos.com.ar\/index.php\/ultimo-momento-informacion-de-el-diario-de-la-pampa-choque-con-heridos-en-ruta-5\/#primaryimage\"},\"thumbnailUrl\":\"https:\/\/infoecos.com.ar\/wp-content\/uploads\/2024\/08\/image-270.png\",\"datePublished\":\"2024-08-21T17:48:40+00:00\",\"dateModified\":\"2024-08-21T17:48:41+00:00\",\"breadcrumb\":{\"@id\":\"https:\/\/infoecos.com.ar\/index.php\/ultimo-momento-informacion-de-el-diario-de-la-pampa-choque-con-heridos-en-ruta-5\/#breadcrumb\"},\"inLanguage\":\"es\",\"potentialAction\":[{\"@type\":\"ReadAction\",\"target\":[\"https:\/\/infoecos.com.ar\/index.php\/ultimo-momento-informacion-de-el-diario-de-la-pampa-choque-con-heridos-en-ruta-5\/\"]}]},{\"@type\":\"ImageObject\",\"inLanguage\":\"es\",\"@id\":\"https:\/\/infoecos.com.ar\/index.php\/ultimo-momento-informacion-de-el-diario-de-la-pampa-choque-con-heridos-en-ruta-5\/#primaryimage\",\"url\":\"https:\/\/infoecos.com.ar\/wp-content\/uploads\/2024\/08\/image-270.png\",\"contentUrl\":\"https:\/\/infoecos.com.ar\/wp-content\/uploads\/2024\/08\/image-270.png\",\"width\":1231,\"height\":495},{\"@type\":\"BreadcrumbList\",\"@id\":\"https:\/\/infoecos.com.ar\/index.php\/ultimo-momento-informacion-de-el-diario-de-la-pampa-choque-con-heridos-en-ruta-5\/#breadcrumb\",\"itemListElement\":[{\"@type\":\"ListItem\",\"position\":1,\"name\":\"Portada\",\"item\":\"https:\/\/infoecos.com.ar\/\"},{\"@type\":\"ListItem\",\"position\":2,\"name\":\"\u00daltimo momento: informaci\u00f3n de El Diario de La Pampa, choque con heridos en Ruta 5\"}]},{\"@type\":\"WebSite\",\"@id\":\"https:\/\/infoecos.com.ar\/#website\",\"url\":\"https:\/\/infoecos.com.ar\/\",\"name\":\"Infoecos\",\"description\":\"Noticias de trenque lauquen y la zona\",\"publisher\":{\"@id\":\"https:\/\/infoecos.com.ar\/#organization\"},\"alternateName\":\"Noticias\",\"potentialAction\":[{\"@type\":\"SearchAction\",\"target\":{\"@type\":\"EntryPoint\",\"urlTemplate\":\"https:\/\/infoecos.com.ar\/?s={search_term_string}\"},\"query-input\":{\"@type\":\"PropertyValueSpecification\",\"valueRequired\":true,\"valueName\":\"search_term_string\"}}],\"inLanguage\":\"es\"},{\"@type\":\"Organization\",\"@id\":\"https:\/\/infoecos.com.ar\/#organization\",\"name\":\"Infoecos\",\"alternateName\":\"Noticias\",\"url\":\"https:\/\/infoecos.com.ar\/\",\"logo\":{\"@type\":\"ImageObject\",\"inLanguage\":\"es\",\"@id\":\"https:\/\/infoecos.com.ar\/#\/schema\/logo\/image\/\",\"url\":\"https:\/\/infoecos.com.ar\/wp-content\/uploads\/2024\/03\/cropped-logo.png\",\"contentUrl\":\"https:\/\/infoecos.com.ar\/wp-content\/uploads\/2024\/03\/cropped-logo.png\",\"width\":374,\"height\":90,\"caption\":\"Infoecos\"},\"image\":{\"@id\":\"https:\/\/infoecos.com.ar\/#\/schema\/logo\/image\/\"},\"sameAs\":[\"https:\/\/www.facebook.com\/profile.php?id=100063200290284\",\"https:\/\/x.com\/infoecos\"]},{\"@type\":\"Person\",\"@id\":\"https:\/\/infoecos.com.ar\/#\/schema\/person\/8f5ace5ce73b4b4aac4b7245aee6f191\",\"name\":\"Jorge Matheus\",\"url\":\"https:\/\/infoecos.com.ar\/index.php\/author\/jomatheus\/\"}]}<\/script>\n<!-- \/ Yoast SEO plugin. -->","yoast_head_json":{"title":"\u00daltimo momento: informaci\u00f3n de El Diario de La Pampa, choque con heridos en Ruta 5 - Infoecos","robots":{"index":"index","follow":"follow","max-snippet":"max-snippet:-1","max-image-preview":"max-image-preview:large","max-video-preview":"max-video-preview:-1"},"canonical":"https:\/\/infoecos.com.ar\/index.php\/ultimo-momento-informacion-de-el-diario-de-la-pampa-choque-con-heridos-en-ruta-5\/","og_locale":"es_ES","og_type":"article","og_title":"\u00daltimo momento: informaci\u00f3n de El Diario de La Pampa, choque con heridos en Ruta 5 - Infoecos","og_description":"A pesar de la violencia del impacto, no habr\u00eda personas lesionadas de gravedad, seg\u00fan confirmaron a\u00a0El Diario\u00a0fuentes policiales","og_url":"https:\/\/infoecos.com.ar\/index.php\/ultimo-momento-informacion-de-el-diario-de-la-pampa-choque-con-heridos-en-ruta-5\/","og_site_name":"Infoecos","article_publisher":"https:\/\/www.facebook.com\/profile.php?id=100063200290284","article_published_time":"2024-08-21T17:48:40+00:00","article_modified_time":"2024-08-21T17:48:41+00:00","og_image":[{"width":1231,"height":495,"url":"https:\/\/infoecos.com.ar\/wp-content\/uploads\/2024\/08\/image-270.png","type":"image\/png"}],"author":"Jorge Matheus","twitter_card":"summary_large_image","twitter_creator":"@infoecos","twitter_site":"@infoecos","twitter_misc":{"Escrito por":"Jorge Matheus","Tiempo de lectura":"2 minutos"},"schema":{"@context":"https:\/\/schema.org","@graph":[{"@type":"Article","@id":"https:\/\/infoecos.com.ar\/index.php\/ultimo-momento-informacion-de-el-diario-de-la-pampa-choque-con-heridos-en-ruta-5\/#article","isPartOf":{"@id":"https:\/\/infoecos.com.ar\/index.php\/ultimo-momento-informacion-de-el-diario-de-la-pampa-choque-con-heridos-en-ruta-5\/"},"author":{"name":"Jorge Matheus","@id":"https:\/\/infoecos.com.ar\/#\/schema\/person\/8f5ace5ce73b4b4aac4b7245aee6f191"},"headline":"\u00daltimo momento: informaci\u00f3n de El Diario de La Pampa, choque con heridos en Ruta 5","datePublished":"2024-08-21T17:48:40+00:00","dateModified":"2024-08-21T17:48:41+00:00","mainEntityOfPage":{"@id":"https:\/\/infoecos.com.ar\/index.php\/ultimo-momento-informacion-de-el-diario-de-la-pampa-choque-con-heridos-en-ruta-5\/"},"wordCount":136,"publisher":{"@id":"https:\/\/infoecos.com.ar\/#organization"},"image":{"@id":"https:\/\/infoecos.com.ar\/index.php\/ultimo-momento-informacion-de-el-diario-de-la-pampa-choque-con-heridos-en-ruta-5\/#primaryimage"},"thumbnailUrl":"https:\/\/infoecos.com.ar\/wp-content\/uploads\/2024\/08\/image-270.png","articleSection":["Noticia Principal"],"inLanguage":"es"},{"@type":"WebPage","@id":"https:\/\/infoecos.com.ar\/index.php\/ultimo-momento-informacion-de-el-diario-de-la-pampa-choque-con-heridos-en-ruta-5\/","url":"https:\/\/infoecos.com.ar\/index.php\/ultimo-momento-informacion-de-el-diario-de-la-pampa-choque-con-heridos-en-ruta-5\/","name":"\u00daltimo momento: informaci\u00f3n de El Diario de La Pampa, choque con heridos en Ruta 5 - Infoecos","isPartOf":{"@id":"https:\/\/infoecos.com.ar\/#website"},"primaryImageOfPage":{"@id":"https:\/\/infoecos.com.ar\/index.php\/ultimo-momento-informacion-de-el-diario-de-la-pampa-choque-con-heridos-en-ruta-5\/#primaryimage"},"image":{"@id":"https:\/\/infoecos.com.ar\/index.php\/ultimo-momento-informacion-de-el-diario-de-la-pampa-choque-con-heridos-en-ruta-5\/#primaryimage"},"thumbnailUrl":"https:\/\/infoecos.com.ar\/wp-content\/uploads\/2024\/08\/image-270.png","datePublished":"2024-08-21T17:48:40+00:00","dateModified":"2024-08-21T17:48:41+00:00","breadcrumb":{"@id":"https:\/\/infoecos.com.ar\/index.php\/ultimo-momento-informacion-de-el-diario-de-la-pampa-choque-con-heridos-en-ruta-5\/#breadcrumb"},"inLanguage":"es","potentialAction":[{"@type":"ReadAction","target":["https:\/\/infoecos.com.ar\/index.php\/ultimo-momento-informacion-de-el-diario-de-la-pampa-choque-con-heridos-en-ruta-5\/"]}]},{"@type":"ImageObject","inLanguage":"es","@id":"https:\/\/infoecos.com.ar\/index.php\/ultimo-momento-informacion-de-el-diario-de-la-pampa-choque-con-heridos-en-ruta-5\/#primaryimage","url":"https:\/\/infoecos.com.ar\/wp-content\/uploads\/2024\/08\/image-270.png","contentUrl":"https:\/\/infoecos.com.ar\/wp-content\/uploads\/2024\/08\/image-270.png","width":1231,"height":495},{"@type":"BreadcrumbList","@id":"https:\/\/infoecos.com.ar\/index.php\/ultimo-momento-informacion-de-el-diario-de-la-pampa-choque-con-heridos-en-ruta-5\/#breadcrumb","itemListElement":[{"@type":"ListItem","position":1,"name":"Portada","item":"https:\/\/infoecos.com.ar\/"},{"@type":"ListItem","position":2,"name":"\u00daltimo momento: informaci\u00f3n de El Diario de La Pampa, choque con heridos en Ruta 5"}]},{"@type":"WebSite","@id":"https:\/\/infoecos.com.ar\/#website","url":"https:\/\/infoecos.com.ar\/","name":"Infoecos","description":"Noticias de trenque lauquen y la zona","publisher":{"@id":"https:\/\/infoecos.com.ar\/#organization"},"alternateName":"Noticias","potentialAction":[{"@type":"SearchAction","target":{"@type":"EntryPoint","urlTemplate":"https:\/\/infoecos.com.ar\/?s={search_term_string}"},"query-input":{"@type":"PropertyValueSpecification","valueRequired":true,"valueName":"search_term_string"}}],"inLanguage":"es"},{"@type":"Organization","@id":"https:\/\/infoecos.com.ar\/#organization","name":"Infoecos","alternateName":"Noticias","url":"https:\/\/infoecos.com.ar\/","logo":{"@type":"ImageObject","inLanguage":"es","@id":"https:\/\/infoecos.com.ar\/#\/schema\/logo\/image\/","url":"https:\/\/infoecos.com.ar\/wp-content\/uploads\/2024\/03\/cropped-logo.png","contentUrl":"https:\/\/infoecos.com.ar\/wp-content\/uploads\/2024\/03\/cropped-logo.png","width":374,"height":90,"caption":"Infoecos"},"image":{"@id":"https:\/\/infoecos.com.ar\/#\/schema\/logo\/image\/"},"sameAs":["https:\/\/www.facebook.com\/profile.php?id=100063200290284","https:\/\/x.com\/infoecos"]},{"@type":"Person","@id":"https:\/\/infoecos.com.ar\/#\/schema\/person\/8f5ace5ce73b4b4aac4b7245aee6f191","name":"Jorge Matheus","url":"https:\/\/infoecos.com.ar\/index.php\/author\/jomatheus\/"}]}},"featured_image_urls":{"full":["https:\/\/infoecos.com.ar\/wp-content\/uploads\/2024\/08\/image-270.png",1231,495,false],"thumbnail":["https:\/\/infoecos.com.ar\/wp-content\/uploads\/2024\/08\/image-270-300x150.png",300,150,true],"medium":["https:\/\/infoecos.com.ar\/wp-content\/uploads\/2024\/08\/image-270-800x322.png",800,322,true],"medium_large":["https:\/\/infoecos.com.ar\/wp-content\/uploads\/2024\/08\/image-270-768x309.png",640,258,true],"large":["https:\/\/infoecos.com.ar\/wp-content\/uploads\/2024\/08\/image-270.png",640,257,false],"1536x1536":["https:\/\/infoecos.com.ar\/wp-content\/uploads\/2024\/08\/image-270.png",1231,495,false],"2048x2048":["https:\/\/infoecos.com.ar\/wp-content\/uploads\/2024\/08\/image-270.png",1231,495,false],"covernews-slider-full":["https:\/\/infoecos.com.ar\/wp-content\/uploads\/2024\/08\/image-270-1115x495.png",1115,495,true],"covernews-slider-center":["https:\/\/infoecos.com.ar\/wp-content\/uploads\/2024\/08\/image-270-800x495.png",800,495,true],"covernews-featured":["https:\/\/infoecos.com.ar\/wp-content\/uploads\/2024\/08\/image-270-1024x412.png",1024,412,true],"covernews-medium":["https:\/\/infoecos.com.ar\/wp-content\/uploads\/2024\/08\/image-270-540x340.png",540,340,true],"covernews-medium-square":["https:\/\/infoecos.com.ar\/wp-content\/uploads\/2024\/08\/image-270-400x250.png",400,250,true]},"author_info":{"info":["Jorge Matheus"]},"category_info":"<a href=\"https:\/\/infoecos.com.ar\/index.php\/category\/noticia-principal\/\" rel=\"category tag\">Noticia Principal<\/a>","tag_info":"Noticia Principal","comment_count":"0","_links":{"self":[{"href":"https:\/\/infoecos.com.ar\/index.php\/wp-json\/wp\/v2\/posts\/129058"}],"collection":[{"href":"https:\/\/infoecos.com.ar\/index.php\/wp-json\/wp\/v2\/posts"}],"about":[{"href":"https:\/\/infoecos.com.ar\/index.php\/wp-json\/wp\/v2\/types\/post"}],"author":[{"embeddable":true,"href":"https:\/\/infoecos.com.ar\/index.php\/wp-json\/wp\/v2\/users\/2"}],"replies":[{"embeddable":true,"href":"https:\/\/infoecos.com.ar\/index.php\/wp-json\/wp\/v2\/comments?post=129058"}],"version-history":[{"count":1,"href":"https:\/\/infoecos.com.ar\/index.php\/wp-json\/wp\/v2\/posts\/129058\/revisions"}],"predecessor-version":[{"id":129062,"href":"https:\/\/infoecos.com.ar\/index.php\/wp-json\/wp\/v2\/posts\/129058\/revisions\/129062"}],"wp:featuredmedia":[{"embeddable":true,"href":"https:\/\/infoecos.com.ar\/index.php\/wp-json\/wp\/v2\/media\/129061"}],"wp:attachment":[{"href":"https:\/\/infoecos.com.ar\/index.php\/wp-json\/wp\/v2\/media?parent=129058"}],"wp:term":[{"taxonomy":"category","embeddable":true,"href":"https:\/\/infoecos.com.ar\/index.php\/wp-json\/wp\/v2\/categories?post=129058"},{"taxonomy":"post_tag","embeddable":true,"href":"https:\/\/infoecos.com.ar\/index.php\/wp-json\/wp\/v2\/tags?post=129058"}],"curies":[{"name":"wp","href":"https:\/\/api.w.org\/{rel}","templated":true}]}}