{"id":129114,"date":"2024-08-22T00:43:21","date_gmt":"2024-08-22T03:43:21","guid":{"rendered":"https:\/\/infoecos.com.ar\/?p=129114"},"modified":"2024-08-22T00:54:25","modified_gmt":"2024-08-22T03:54:25","slug":"clima-trenque-lauquen-continuarian-los-dias-muy-frios-y-habria-temperaturas-bajo-cero","status":"publish","type":"post","link":"https:\/\/infoecos.com.ar\/index.php\/clima-trenque-lauquen-continuarian-los-dias-muy-frios-y-habria-temperaturas-bajo-cero\/","title":{"rendered":"Clima Trenque Lauquen: continuar\u00edan los d\u00edas muy fr\u00edos y habr\u00eda temperaturas bajo cero"},"content":{"rendered":"\n<p class=\"has-text-align-center\"><strong>Sensores Clim\u00e1ticos Municipalidad de Trenque Lauquen <\/strong><\/p>\n\n\n\n<p class=\"has-text-align-center\"><strong>Instalados a 6 km 600 metros de Villegas 555, donde est\u00e1 emplazado el Palacio Municipal<\/strong><\/p>\n\n\n\n<p class=\"has-text-align-center\"><strong>La temperatura m\u00e1xima del mi\u00e9rcoles: 7.6\u00b0 <\/strong><\/p>\n\n\n\n<p class=\"has-text-align-center\"><strong>La temperatura m\u00ednima: 4.8\u00b0<\/strong><\/p>\n\n\n\n<figure class=\"wp-block-image aligncenter size-full is-resized\"><img loading=\"lazy\" decoding=\"async\" width=\"489\" height=\"265\" src=\"https:\/\/infoecos.com.ar\/wp-content\/uploads\/2024\/08\/image-286.png\" alt=\"\" class=\"wp-image-129115\" style=\"width:489px;height:auto\"\/><\/figure>\n\n\n\n<p class=\"has-text-align-center\"><strong>Servicio Meteorol\u00f3gico Nacional <\/strong><\/p>\n\n\n\n<p class=\"has-text-align-center\"><strong>Pron\u00f3stico v\u00e1lido hasta el domingo en esta zona<\/strong><\/p>\n\n\n\n<p class=\"has-text-align-center\"><strong>Este jueves otra jornada muy fr\u00eda y as\u00ed sigue la estimaci\u00f3n hasta el d\u00eda mencionado<\/strong><\/p>\n\n\n\n<figure class=\"wp-block-image aligncenter size-full\"><img loading=\"lazy\" decoding=\"async\" width=\"549\" height=\"226\" src=\"https:\/\/infoecos.com.ar\/wp-content\/uploads\/2024\/08\/image-288.png\" alt=\"\" class=\"wp-image-129117\"\/><\/figure>\n","protected":false},"excerpt":{"rendered":"<p>La temperatura m\u00e1xima del mi\u00e9rcoles: 7.6\u00b0<\/p>\n","protected":false},"author":2,"featured_media":128868,"comment_status":"closed","ping_status":"open","sticky":false,"template":"","format":"standard","meta":{"footnotes":""},"categories":[1612],"tags":[],"class_list":["post-129114","post","type-post","status-publish","format-standard","has-post-thumbnail","hentry","category-noticia-principal"],"yoast_head":"<!-- This site is optimized with the Yoast SEO plugin v23.4 - https:\/\/yoast.com\/wordpress\/plugins\/seo\/ -->\n<title>Clima Trenque Lauquen: continuar\u00edan los d\u00edas muy fr\u00edos y habr\u00eda temperaturas bajo cero - Infoecos<\/title>\n<meta name=\"robots\" content=\"index, follow, max-snippet:-1, max-image-preview:large, max-video-preview:-1\" \/>\n<link rel=\"canonical\" href=\"https:\/\/infoecos.com.ar\/index.php\/clima-trenque-lauquen-continuarian-los-dias-muy-frios-y-habria-temperaturas-bajo-cero\/\" \/>\n<meta property=\"og:locale\" content=\"es_ES\" \/>\n<meta property=\"og:type\" content=\"article\" \/>\n<meta property=\"og:title\" content=\"Clima Trenque Lauquen: continuar\u00edan los d\u00edas muy fr\u00edos y habr\u00eda temperaturas bajo cero - Infoecos\" \/>\n<meta property=\"og:description\" content=\"La temperatura m\u00e1xima del mi\u00e9rcoles: 7.6\u00b0\" \/>\n<meta property=\"og:url\" content=\"https:\/\/infoecos.com.ar\/index.php\/clima-trenque-lauquen-continuarian-los-dias-muy-frios-y-habria-temperaturas-bajo-cero\/\" \/>\n<meta property=\"og:site_name\" content=\"Infoecos\" \/>\n<meta property=\"article:publisher\" content=\"https:\/\/www.facebook.com\/profile.php?id=100063200290284\" \/>\n<meta property=\"article:published_time\" content=\"2024-08-22T03:43:21+00:00\" \/>\n<meta property=\"article:modified_time\" content=\"2024-08-22T03:54:25+00:00\" \/>\n<meta property=\"og:image\" content=\"https:\/\/infoecos.com.ar\/wp-content\/uploads\/2024\/08\/image-216.png\" \/>\n\t<meta property=\"og:image:width\" content=\"640\" \/>\n\t<meta property=\"og:image:height\" content=\"360\" \/>\n\t<meta property=\"og:image:type\" content=\"image\/png\" \/>\n<meta name=\"author\" content=\"Jorge Matheus\" \/>\n<meta name=\"twitter:card\" content=\"summary_large_image\" \/>\n<meta name=\"twitter:creator\" content=\"@infoecos\" \/>\n<meta name=\"twitter:site\" content=\"@infoecos\" \/>\n<meta name=\"twitter:label1\" content=\"Escrito por\" \/>\n\t<meta name=\"twitter:data1\" content=\"Jorge Matheus\" \/>\n\t<meta name=\"twitter:label2\" content=\"Tiempo de lectura\" \/>\n\t<meta name=\"twitter:data2\" content=\"1 minuto\" \/>\n<script type=\"application\/ld+json\" class=\"yoast-schema-graph\">{\"@context\":\"https:\/\/schema.org\",\"@graph\":[{\"@type\":\"Article\",\"@id\":\"https:\/\/infoecos.com.ar\/index.php\/clima-trenque-lauquen-continuarian-los-dias-muy-frios-y-habria-temperaturas-bajo-cero\/#article\",\"isPartOf\":{\"@id\":\"https:\/\/infoecos.com.ar\/index.php\/clima-trenque-lauquen-continuarian-los-dias-muy-frios-y-habria-temperaturas-bajo-cero\/\"},\"author\":{\"name\":\"Jorge Matheus\",\"@id\":\"https:\/\/infoecos.com.ar\/#\/schema\/person\/8f5ace5ce73b4b4aac4b7245aee6f191\"},\"headline\":\"Clima Trenque Lauquen: continuar\u00edan los d\u00edas muy fr\u00edos y habr\u00eda temperaturas bajo cero\",\"datePublished\":\"2024-08-22T03:43:21+00:00\",\"dateModified\":\"2024-08-22T03:54:25+00:00\",\"mainEntityOfPage\":{\"@id\":\"https:\/\/infoecos.com.ar\/index.php\/clima-trenque-lauquen-continuarian-los-dias-muy-frios-y-habria-temperaturas-bajo-cero\/\"},\"wordCount\":79,\"publisher\":{\"@id\":\"https:\/\/infoecos.com.ar\/#organization\"},\"image\":{\"@id\":\"https:\/\/infoecos.com.ar\/index.php\/clima-trenque-lauquen-continuarian-los-dias-muy-frios-y-habria-temperaturas-bajo-cero\/#primaryimage\"},\"thumbnailUrl\":\"https:\/\/infoecos.com.ar\/wp-content\/uploads\/2024\/08\/image-216.png\",\"articleSection\":[\"Noticia Principal\"],\"inLanguage\":\"es\"},{\"@type\":\"WebPage\",\"@id\":\"https:\/\/infoecos.com.ar\/index.php\/clima-trenque-lauquen-continuarian-los-dias-muy-frios-y-habria-temperaturas-bajo-cero\/\",\"url\":\"https:\/\/infoecos.com.ar\/index.php\/clima-trenque-lauquen-continuarian-los-dias-muy-frios-y-habria-temperaturas-bajo-cero\/\",\"name\":\"Clima Trenque Lauquen: continuar\u00edan los d\u00edas muy fr\u00edos y habr\u00eda temperaturas bajo cero - Infoecos\",\"isPartOf\":{\"@id\":\"https:\/\/infoecos.com.ar\/#website\"},\"primaryImageOfPage\":{\"@id\":\"https:\/\/infoecos.com.ar\/index.php\/clima-trenque-lauquen-continuarian-los-dias-muy-frios-y-habria-temperaturas-bajo-cero\/#primaryimage\"},\"image\":{\"@id\":\"https:\/\/infoecos.com.ar\/index.php\/clima-trenque-lauquen-continuarian-los-dias-muy-frios-y-habria-temperaturas-bajo-cero\/#primaryimage\"},\"thumbnailUrl\":\"https:\/\/infoecos.com.ar\/wp-content\/uploads\/2024\/08\/image-216.png\",\"datePublished\":\"2024-08-22T03:43:21+00:00\",\"dateModified\":\"2024-08-22T03:54:25+00:00\",\"breadcrumb\":{\"@id\":\"https:\/\/infoecos.com.ar\/index.php\/clima-trenque-lauquen-continuarian-los-dias-muy-frios-y-habria-temperaturas-bajo-cero\/#breadcrumb\"},\"inLanguage\":\"es\",\"potentialAction\":[{\"@type\":\"ReadAction\",\"target\":[\"https:\/\/infoecos.com.ar\/index.php\/clima-trenque-lauquen-continuarian-los-dias-muy-frios-y-habria-temperaturas-bajo-cero\/\"]}]},{\"@type\":\"ImageObject\",\"inLanguage\":\"es\",\"@id\":\"https:\/\/infoecos.com.ar\/index.php\/clima-trenque-lauquen-continuarian-los-dias-muy-frios-y-habria-temperaturas-bajo-cero\/#primaryimage\",\"url\":\"https:\/\/infoecos.com.ar\/wp-content\/uploads\/2024\/08\/image-216.png\",\"contentUrl\":\"https:\/\/infoecos.com.ar\/wp-content\/uploads\/2024\/08\/image-216.png\",\"width\":640,\"height\":360},{\"@type\":\"BreadcrumbList\",\"@id\":\"https:\/\/infoecos.com.ar\/index.php\/clima-trenque-lauquen-continuarian-los-dias-muy-frios-y-habria-temperaturas-bajo-cero\/#breadcrumb\",\"itemListElement\":[{\"@type\":\"ListItem\",\"position\":1,\"name\":\"Portada\",\"item\":\"https:\/\/infoecos.com.ar\/\"},{\"@type\":\"ListItem\",\"position\":2,\"name\":\"Clima Trenque Lauquen: continuar\u00edan los d\u00edas muy fr\u00edos y habr\u00eda temperaturas bajo cero\"}]},{\"@type\":\"WebSite\",\"@id\":\"https:\/\/infoecos.com.ar\/#website\",\"url\":\"https:\/\/infoecos.com.ar\/\",\"name\":\"Infoecos\",\"description\":\"Noticias de trenque lauquen y la zona\",\"publisher\":{\"@id\":\"https:\/\/infoecos.com.ar\/#organization\"},\"alternateName\":\"Noticias\",\"potentialAction\":[{\"@type\":\"SearchAction\",\"target\":{\"@type\":\"EntryPoint\",\"urlTemplate\":\"https:\/\/infoecos.com.ar\/?s={search_term_string}\"},\"query-input\":{\"@type\":\"PropertyValueSpecification\",\"valueRequired\":true,\"valueName\":\"search_term_string\"}}],\"inLanguage\":\"es\"},{\"@type\":\"Organization\",\"@id\":\"https:\/\/infoecos.com.ar\/#organization\",\"name\":\"Infoecos\",\"alternateName\":\"Noticias\",\"url\":\"https:\/\/infoecos.com.ar\/\",\"logo\":{\"@type\":\"ImageObject\",\"inLanguage\":\"es\",\"@id\":\"https:\/\/infoecos.com.ar\/#\/schema\/logo\/image\/\",\"url\":\"https:\/\/infoecos.com.ar\/wp-content\/uploads\/2024\/03\/cropped-logo.png\",\"contentUrl\":\"https:\/\/infoecos.com.ar\/wp-content\/uploads\/2024\/03\/cropped-logo.png\",\"width\":374,\"height\":90,\"caption\":\"Infoecos\"},\"image\":{\"@id\":\"https:\/\/infoecos.com.ar\/#\/schema\/logo\/image\/\"},\"sameAs\":[\"https:\/\/www.facebook.com\/profile.php?id=100063200290284\",\"https:\/\/x.com\/infoecos\"]},{\"@type\":\"Person\",\"@id\":\"https:\/\/infoecos.com.ar\/#\/schema\/person\/8f5ace5ce73b4b4aac4b7245aee6f191\",\"name\":\"Jorge Matheus\",\"url\":\"https:\/\/infoecos.com.ar\/index.php\/author\/jomatheus\/\"}]}<\/script>\n<!-- \/ Yoast SEO plugin. -->","yoast_head_json":{"title":"Clima Trenque Lauquen: continuar\u00edan los d\u00edas muy fr\u00edos y habr\u00eda temperaturas bajo cero - Infoecos","robots":{"index":"index","follow":"follow","max-snippet":"max-snippet:-1","max-image-preview":"max-image-preview:large","max-video-preview":"max-video-preview:-1"},"canonical":"https:\/\/infoecos.com.ar\/index.php\/clima-trenque-lauquen-continuarian-los-dias-muy-frios-y-habria-temperaturas-bajo-cero\/","og_locale":"es_ES","og_type":"article","og_title":"Clima Trenque Lauquen: continuar\u00edan los d\u00edas muy fr\u00edos y habr\u00eda temperaturas bajo cero - Infoecos","og_description":"La temperatura m\u00e1xima del mi\u00e9rcoles: 7.6\u00b0","og_url":"https:\/\/infoecos.com.ar\/index.php\/clima-trenque-lauquen-continuarian-los-dias-muy-frios-y-habria-temperaturas-bajo-cero\/","og_site_name":"Infoecos","article_publisher":"https:\/\/www.facebook.com\/profile.php?id=100063200290284","article_published_time":"2024-08-22T03:43:21+00:00","article_modified_time":"2024-08-22T03:54:25+00:00","og_image":[{"width":640,"height":360,"url":"https:\/\/infoecos.com.ar\/wp-content\/uploads\/2024\/08\/image-216.png","type":"image\/png"}],"author":"Jorge Matheus","twitter_card":"summary_large_image","twitter_creator":"@infoecos","twitter_site":"@infoecos","twitter_misc":{"Escrito por":"Jorge Matheus","Tiempo de lectura":"1 minuto"},"schema":{"@context":"https:\/\/schema.org","@graph":[{"@type":"Article","@id":"https:\/\/infoecos.com.ar\/index.php\/clima-trenque-lauquen-continuarian-los-dias-muy-frios-y-habria-temperaturas-bajo-cero\/#article","isPartOf":{"@id":"https:\/\/infoecos.com.ar\/index.php\/clima-trenque-lauquen-continuarian-los-dias-muy-frios-y-habria-temperaturas-bajo-cero\/"},"author":{"name":"Jorge Matheus","@id":"https:\/\/infoecos.com.ar\/#\/schema\/person\/8f5ace5ce73b4b4aac4b7245aee6f191"},"headline":"Clima Trenque Lauquen: continuar\u00edan los d\u00edas muy fr\u00edos y habr\u00eda temperaturas bajo cero","datePublished":"2024-08-22T03:43:21+00:00","dateModified":"2024-08-22T03:54:25+00:00","mainEntityOfPage":{"@id":"https:\/\/infoecos.com.ar\/index.php\/clima-trenque-lauquen-continuarian-los-dias-muy-frios-y-habria-temperaturas-bajo-cero\/"},"wordCount":79,"publisher":{"@id":"https:\/\/infoecos.com.ar\/#organization"},"image":{"@id":"https:\/\/infoecos.com.ar\/index.php\/clima-trenque-lauquen-continuarian-los-dias-muy-frios-y-habria-temperaturas-bajo-cero\/#primaryimage"},"thumbnailUrl":"https:\/\/infoecos.com.ar\/wp-content\/uploads\/2024\/08\/image-216.png","articleSection":["Noticia Principal"],"inLanguage":"es"},{"@type":"WebPage","@id":"https:\/\/infoecos.com.ar\/index.php\/clima-trenque-lauquen-continuarian-los-dias-muy-frios-y-habria-temperaturas-bajo-cero\/","url":"https:\/\/infoecos.com.ar\/index.php\/clima-trenque-lauquen-continuarian-los-dias-muy-frios-y-habria-temperaturas-bajo-cero\/","name":"Clima Trenque Lauquen: continuar\u00edan los d\u00edas muy fr\u00edos y habr\u00eda temperaturas bajo cero - Infoecos","isPartOf":{"@id":"https:\/\/infoecos.com.ar\/#website"},"primaryImageOfPage":{"@id":"https:\/\/infoecos.com.ar\/index.php\/clima-trenque-lauquen-continuarian-los-dias-muy-frios-y-habria-temperaturas-bajo-cero\/#primaryimage"},"image":{"@id":"https:\/\/infoecos.com.ar\/index.php\/clima-trenque-lauquen-continuarian-los-dias-muy-frios-y-habria-temperaturas-bajo-cero\/#primaryimage"},"thumbnailUrl":"https:\/\/infoecos.com.ar\/wp-content\/uploads\/2024\/08\/image-216.png","datePublished":"2024-08-22T03:43:21+00:00","dateModified":"2024-08-22T03:54:25+00:00","breadcrumb":{"@id":"https:\/\/infoecos.com.ar\/index.php\/clima-trenque-lauquen-continuarian-los-dias-muy-frios-y-habria-temperaturas-bajo-cero\/#breadcrumb"},"inLanguage":"es","potentialAction":[{"@type":"ReadAction","target":["https:\/\/infoecos.com.ar\/index.php\/clima-trenque-lauquen-continuarian-los-dias-muy-frios-y-habria-temperaturas-bajo-cero\/"]}]},{"@type":"ImageObject","inLanguage":"es","@id":"https:\/\/infoecos.com.ar\/index.php\/clima-trenque-lauquen-continuarian-los-dias-muy-frios-y-habria-temperaturas-bajo-cero\/#primaryimage","url":"https:\/\/infoecos.com.ar\/wp-content\/uploads\/2024\/08\/image-216.png","contentUrl":"https:\/\/infoecos.com.ar\/wp-content\/uploads\/2024\/08\/image-216.png","width":640,"height":360},{"@type":"BreadcrumbList","@id":"https:\/\/infoecos.com.ar\/index.php\/clima-trenque-lauquen-continuarian-los-dias-muy-frios-y-habria-temperaturas-bajo-cero\/#breadcrumb","itemListElement":[{"@type":"ListItem","position":1,"name":"Portada","item":"https:\/\/infoecos.com.ar\/"},{"@type":"ListItem","position":2,"name":"Clima Trenque Lauquen: continuar\u00edan los d\u00edas muy fr\u00edos y habr\u00eda temperaturas bajo cero"}]},{"@type":"WebSite","@id":"https:\/\/infoecos.com.ar\/#website","url":"https:\/\/infoecos.com.ar\/","name":"Infoecos","description":"Noticias de trenque lauquen y la zona","publisher":{"@id":"https:\/\/infoecos.com.ar\/#organization"},"alternateName":"Noticias","potentialAction":[{"@type":"SearchAction","target":{"@type":"EntryPoint","urlTemplate":"https:\/\/infoecos.com.ar\/?s={search_term_string}"},"query-input":{"@type":"PropertyValueSpecification","valueRequired":true,"valueName":"search_term_string"}}],"inLanguage":"es"},{"@type":"Organization","@id":"https:\/\/infoecos.com.ar\/#organization","name":"Infoecos","alternateName":"Noticias","url":"https:\/\/infoecos.com.ar\/","logo":{"@type":"ImageObject","inLanguage":"es","@id":"https:\/\/infoecos.com.ar\/#\/schema\/logo\/image\/","url":"https:\/\/infoecos.com.ar\/wp-content\/uploads\/2024\/03\/cropped-logo.png","contentUrl":"https:\/\/infoecos.com.ar\/wp-content\/uploads\/2024\/03\/cropped-logo.png","width":374,"height":90,"caption":"Infoecos"},"image":{"@id":"https:\/\/infoecos.com.ar\/#\/schema\/logo\/image\/"},"sameAs":["https:\/\/www.facebook.com\/profile.php?id=100063200290284","https:\/\/x.com\/infoecos"]},{"@type":"Person","@id":"https:\/\/infoecos.com.ar\/#\/schema\/person\/8f5ace5ce73b4b4aac4b7245aee6f191","name":"Jorge Matheus","url":"https:\/\/infoecos.com.ar\/index.php\/author\/jomatheus\/"}]}},"featured_image_urls":{"full":["https:\/\/infoecos.com.ar\/wp-content\/uploads\/2024\/08\/image-216.png",640,360,false],"thumbnail":["https:\/\/infoecos.com.ar\/wp-content\/uploads\/2024\/08\/image-216-300x150.png",300,150,true],"medium":["https:\/\/infoecos.com.ar\/wp-content\/uploads\/2024\/08\/image-216.png",640,360,false],"medium_large":["https:\/\/infoecos.com.ar\/wp-content\/uploads\/2024\/08\/image-216.png",640,360,false],"large":["https:\/\/infoecos.com.ar\/wp-content\/uploads\/2024\/08\/image-216.png",640,360,false],"1536x1536":["https:\/\/infoecos.com.ar\/wp-content\/uploads\/2024\/08\/image-216.png",640,360,false],"2048x2048":["https:\/\/infoecos.com.ar\/wp-content\/uploads\/2024\/08\/image-216.png",640,360,false],"covernews-slider-full":["https:\/\/infoecos.com.ar\/wp-content\/uploads\/2024\/08\/image-216.png",640,360,false],"covernews-slider-center":["https:\/\/infoecos.com.ar\/wp-content\/uploads\/2024\/08\/image-216.png",640,360,false],"covernews-featured":["https:\/\/infoecos.com.ar\/wp-content\/uploads\/2024\/08\/image-216.png",640,360,false],"covernews-medium":["https:\/\/infoecos.com.ar\/wp-content\/uploads\/2024\/08\/image-216-540x340.png",540,340,true],"covernews-medium-square":["https:\/\/infoecos.com.ar\/wp-content\/uploads\/2024\/08\/image-216-400x250.png",400,250,true]},"author_info":{"info":["Jorge Matheus"]},"category_info":"<a href=\"https:\/\/infoecos.com.ar\/index.php\/category\/noticia-principal\/\" rel=\"category tag\">Noticia Principal<\/a>","tag_info":"Noticia Principal","comment_count":"0","_links":{"self":[{"href":"https:\/\/infoecos.com.ar\/index.php\/wp-json\/wp\/v2\/posts\/129114"}],"collection":[{"href":"https:\/\/infoecos.com.ar\/index.php\/wp-json\/wp\/v2\/posts"}],"about":[{"href":"https:\/\/infoecos.com.ar\/index.php\/wp-json\/wp\/v2\/types\/post"}],"author":[{"embeddable":true,"href":"https:\/\/infoecos.com.ar\/index.php\/wp-json\/wp\/v2\/users\/2"}],"replies":[{"embeddable":true,"href":"https:\/\/infoecos.com.ar\/index.php\/wp-json\/wp\/v2\/comments?post=129114"}],"version-history":[{"count":1,"href":"https:\/\/infoecos.com.ar\/index.php\/wp-json\/wp\/v2\/posts\/129114\/revisions"}],"predecessor-version":[{"id":129118,"href":"https:\/\/infoecos.com.ar\/index.php\/wp-json\/wp\/v2\/posts\/129114\/revisions\/129118"}],"wp:featuredmedia":[{"embeddable":true,"href":"https:\/\/infoecos.com.ar\/index.php\/wp-json\/wp\/v2\/media\/128868"}],"wp:attachment":[{"href":"https:\/\/infoecos.com.ar\/index.php\/wp-json\/wp\/v2\/media?parent=129114"}],"wp:term":[{"taxonomy":"category","embeddable":true,"href":"https:\/\/infoecos.com.ar\/index.php\/wp-json\/wp\/v2\/categories?post=129114"},{"taxonomy":"post_tag","embeddable":true,"href":"https:\/\/infoecos.com.ar\/index.php\/wp-json\/wp\/v2\/tags?post=129114"}],"curies":[{"name":"wp","href":"https:\/\/api.w.org\/{rel}","templated":true}]}}