{"id":129451,"date":"2024-08-29T21:45:35","date_gmt":"2024-08-30T00:45:35","guid":{"rendered":"https:\/\/infoecos.com.ar\/?p=129451"},"modified":"2024-08-29T21:45:36","modified_gmt":"2024-08-30T00:45:36","slug":"30-de-agosto-la-ciudad-cumple-114-anos-de-su-fundacion-y-el-acto-oficial-es-este-viernes","status":"publish","type":"post","link":"https:\/\/infoecos.com.ar\/index.php\/30-de-agosto-la-ciudad-cumple-114-anos-de-su-fundacion-y-el-acto-oficial-es-este-viernes\/","title":{"rendered":"30 de Agosto: la ciudad cumple 114 a\u00f1os de su fundaci\u00f3n y el acto oficial es este viernes"},"content":{"rendered":"\n<figure class=\"wp-block-image alignright size-full is-resized\"><img loading=\"lazy\" decoding=\"async\" width=\"1050\" height=\"623\" src=\"https:\/\/infoecos.com.ar\/wp-content\/uploads\/2024\/08\/image-351.png\" alt=\"\" class=\"wp-image-129452\" style=\"width:452px;height:auto\" srcset=\"https:\/\/infoecos.com.ar\/wp-content\/uploads\/2024\/08\/image-351.png 1050w, https:\/\/infoecos.com.ar\/wp-content\/uploads\/2024\/08\/image-351-800x475.png 800w, https:\/\/infoecos.com.ar\/wp-content\/uploads\/2024\/08\/image-351-768x456.png 768w, https:\/\/infoecos.com.ar\/wp-content\/uploads\/2024\/08\/image-351-1024x608.png 1024w\" sizes=\"(max-width: 1050px) 100vw, 1050px\" \/><\/figure>\n\n\n\n<p>30 de Agosto festeja el  114\u00ba aniversario de su fundaci\u00f3n. <\/p>\n\n\n\n<p>Este viernes se realizar\u00e1 el acto oficial, desde las 16 horas y se realizar\u00e1 en la puerta de ingreso al Hogar de Adultos Mayores \u00abLuis Alberto C\u00f3rdoba\u00bb en el q, cuando se haga el acto oficial y se inaugure la obra de ampliaci\u00f3n del Hogar de Adultos Mayores \u201cLuis Alberto C\u00f3rdoba\u201d.<\/p>\n\n\n\n<p>El acto protocolar ser\u00e1 encabezado por el Intendente municipal, Francisco Recoulat y la directora del Ente Descentralizado, Alicia Ramudo, y se realizar\u00e1 en la puerta de ingreso al Hogar de Adultos Mayores, el que ha sido ampliado. <\/p>\n\n\n\n<p>La obra se bas\u00f3 en la ampliaci\u00f3n y refuncionalizaci\u00f3n del hogar: remodelaciones en el hall de ingreso, oficina administrativa, sala de entrevistas\/visitas, office\/sala de reuniones personal con ba\u00f1o y vestuario privado, enfermer\u00eda\/consultorio, dormitorios con ba\u00f1os adaptados, dep\u00f3sitos, patio\/\u00e1rea descubierta com\u00fan y galer\u00eda.<\/p>\n\n\n\n<p>El estar\/comedor con su galer\u00eda y expansi\u00f3n dan a la mejor orientaci\u00f3n y est\u00e1 conectado a las dos alas de dormitorios, la existente que est\u00e1 vinculada directamente al hospital y la nueva mediante una circulaci\u00f3n que conecta el \u00e1rea de personal.<\/p>\n\n\n\n<p>Adem\u00e1s, se adecu\u00f3 cada espacio con nuevo mobiliario para el confort de todos los residentes.<\/p>\n\n\n\n<p>Despu\u00e9s del acto central, las actividades continuar\u00e1n a las 20.30 con el Festival Folkl\u00f3rico en el Club Deportivo Argentino y el s\u00e1bado seguir\u00e1n\u00a0 los festejos en Plaza San Mart\u00edn con Feria de Artesanos y Emprendedores y el gran Baile popular con la Banda Sabor y Los Magos de la Cumbia en el Club Deportivo Argentino.<\/p>\n\n\n\n<p>El domingo primero de septiembre habr\u00e1 actividades en la plaza San Mart\u00edn desde las 14, y a las 16, acto por el 20\u00ba aniversario del Museo Hist\u00f3rico 30 de Agosto.<\/p>\n","protected":false},"excerpt":{"rendered":"<p>El acto protocolar ser\u00e1 encabezado por el Intendente municipal, Francisco Recoulat y la directora del Ente Descentralizado, Alicia Ramudo, y se realizar\u00e1 en la puerta de ingreso al Hogar de Adultos Mayores, el que ha sido ampliado<\/p>\n","protected":false},"author":2,"featured_media":129452,"comment_status":"closed","ping_status":"open","sticky":false,"template":"","format":"standard","meta":{"footnotes":""},"categories":[1612],"tags":[],"class_list":["post-129451","post","type-post","status-publish","format-standard","has-post-thumbnail","hentry","category-noticia-principal"],"yoast_head":"<!-- This site is optimized with the Yoast SEO plugin v23.4 - https:\/\/yoast.com\/wordpress\/plugins\/seo\/ -->\n<title>30 de Agosto: la ciudad cumple 114 a\u00f1os de su fundaci\u00f3n y el acto oficial es este viernes - Infoecos<\/title>\n<meta name=\"robots\" content=\"index, follow, max-snippet:-1, max-image-preview:large, max-video-preview:-1\" \/>\n<link rel=\"canonical\" href=\"https:\/\/infoecos.com.ar\/index.php\/30-de-agosto-la-ciudad-cumple-114-anos-de-su-fundacion-y-el-acto-oficial-es-este-viernes\/\" \/>\n<meta property=\"og:locale\" content=\"es_ES\" \/>\n<meta property=\"og:type\" content=\"article\" \/>\n<meta property=\"og:title\" content=\"30 de Agosto: la ciudad cumple 114 a\u00f1os de su fundaci\u00f3n y el acto oficial es este viernes - Infoecos\" \/>\n<meta property=\"og:description\" content=\"El acto protocolar ser\u00e1 encabezado por el Intendente municipal, Francisco Recoulat y la directora del Ente Descentralizado, Alicia Ramudo, y se realizar\u00e1 en la puerta de ingreso al Hogar de Adultos Mayores, el que ha sido ampliado\" \/>\n<meta property=\"og:url\" content=\"https:\/\/infoecos.com.ar\/index.php\/30-de-agosto-la-ciudad-cumple-114-anos-de-su-fundacion-y-el-acto-oficial-es-este-viernes\/\" \/>\n<meta property=\"og:site_name\" content=\"Infoecos\" \/>\n<meta property=\"article:publisher\" content=\"https:\/\/www.facebook.com\/profile.php?id=100063200290284\" \/>\n<meta property=\"article:published_time\" content=\"2024-08-30T00:45:35+00:00\" \/>\n<meta property=\"article:modified_time\" content=\"2024-08-30T00:45:36+00:00\" \/>\n<meta property=\"og:image\" content=\"https:\/\/infoecos.com.ar\/wp-content\/uploads\/2024\/08\/image-351.png\" \/>\n\t<meta property=\"og:image:width\" content=\"1050\" \/>\n\t<meta property=\"og:image:height\" content=\"623\" \/>\n\t<meta property=\"og:image:type\" content=\"image\/png\" \/>\n<meta name=\"author\" content=\"Jorge Matheus\" \/>\n<meta name=\"twitter:card\" content=\"summary_large_image\" \/>\n<meta name=\"twitter:creator\" content=\"@infoecos\" \/>\n<meta name=\"twitter:site\" content=\"@infoecos\" \/>\n<meta name=\"twitter:label1\" content=\"Escrito por\" \/>\n\t<meta name=\"twitter:data1\" content=\"Jorge Matheus\" \/>\n\t<meta name=\"twitter:label2\" content=\"Tiempo de lectura\" \/>\n\t<meta name=\"twitter:data2\" content=\"2 minutos\" \/>\n<script type=\"application\/ld+json\" class=\"yoast-schema-graph\">{\"@context\":\"https:\/\/schema.org\",\"@graph\":[{\"@type\":\"Article\",\"@id\":\"https:\/\/infoecos.com.ar\/index.php\/30-de-agosto-la-ciudad-cumple-114-anos-de-su-fundacion-y-el-acto-oficial-es-este-viernes\/#article\",\"isPartOf\":{\"@id\":\"https:\/\/infoecos.com.ar\/index.php\/30-de-agosto-la-ciudad-cumple-114-anos-de-su-fundacion-y-el-acto-oficial-es-este-viernes\/\"},\"author\":{\"name\":\"Jorge Matheus\",\"@id\":\"https:\/\/infoecos.com.ar\/#\/schema\/person\/8f5ace5ce73b4b4aac4b7245aee6f191\"},\"headline\":\"30 de Agosto: la ciudad cumple 114 a\u00f1os de su fundaci\u00f3n y el acto oficial es este viernes\",\"datePublished\":\"2024-08-30T00:45:35+00:00\",\"dateModified\":\"2024-08-30T00:45:36+00:00\",\"mainEntityOfPage\":{\"@id\":\"https:\/\/infoecos.com.ar\/index.php\/30-de-agosto-la-ciudad-cumple-114-anos-de-su-fundacion-y-el-acto-oficial-es-este-viernes\/\"},\"wordCount\":321,\"publisher\":{\"@id\":\"https:\/\/infoecos.com.ar\/#organization\"},\"image\":{\"@id\":\"https:\/\/infoecos.com.ar\/index.php\/30-de-agosto-la-ciudad-cumple-114-anos-de-su-fundacion-y-el-acto-oficial-es-este-viernes\/#primaryimage\"},\"thumbnailUrl\":\"https:\/\/infoecos.com.ar\/wp-content\/uploads\/2024\/08\/image-351.png\",\"articleSection\":[\"Noticia Principal\"],\"inLanguage\":\"es\"},{\"@type\":\"WebPage\",\"@id\":\"https:\/\/infoecos.com.ar\/index.php\/30-de-agosto-la-ciudad-cumple-114-anos-de-su-fundacion-y-el-acto-oficial-es-este-viernes\/\",\"url\":\"https:\/\/infoecos.com.ar\/index.php\/30-de-agosto-la-ciudad-cumple-114-anos-de-su-fundacion-y-el-acto-oficial-es-este-viernes\/\",\"name\":\"30 de Agosto: la ciudad cumple 114 a\u00f1os de su fundaci\u00f3n y el acto oficial es este viernes - Infoecos\",\"isPartOf\":{\"@id\":\"https:\/\/infoecos.com.ar\/#website\"},\"primaryImageOfPage\":{\"@id\":\"https:\/\/infoecos.com.ar\/index.php\/30-de-agosto-la-ciudad-cumple-114-anos-de-su-fundacion-y-el-acto-oficial-es-este-viernes\/#primaryimage\"},\"image\":{\"@id\":\"https:\/\/infoecos.com.ar\/index.php\/30-de-agosto-la-ciudad-cumple-114-anos-de-su-fundacion-y-el-acto-oficial-es-este-viernes\/#primaryimage\"},\"thumbnailUrl\":\"https:\/\/infoecos.com.ar\/wp-content\/uploads\/2024\/08\/image-351.png\",\"datePublished\":\"2024-08-30T00:45:35+00:00\",\"dateModified\":\"2024-08-30T00:45:36+00:00\",\"breadcrumb\":{\"@id\":\"https:\/\/infoecos.com.ar\/index.php\/30-de-agosto-la-ciudad-cumple-114-anos-de-su-fundacion-y-el-acto-oficial-es-este-viernes\/#breadcrumb\"},\"inLanguage\":\"es\",\"potentialAction\":[{\"@type\":\"ReadAction\",\"target\":[\"https:\/\/infoecos.com.ar\/index.php\/30-de-agosto-la-ciudad-cumple-114-anos-de-su-fundacion-y-el-acto-oficial-es-este-viernes\/\"]}]},{\"@type\":\"ImageObject\",\"inLanguage\":\"es\",\"@id\":\"https:\/\/infoecos.com.ar\/index.php\/30-de-agosto-la-ciudad-cumple-114-anos-de-su-fundacion-y-el-acto-oficial-es-este-viernes\/#primaryimage\",\"url\":\"https:\/\/infoecos.com.ar\/wp-content\/uploads\/2024\/08\/image-351.png\",\"contentUrl\":\"https:\/\/infoecos.com.ar\/wp-content\/uploads\/2024\/08\/image-351.png\",\"width\":1050,\"height\":623},{\"@type\":\"BreadcrumbList\",\"@id\":\"https:\/\/infoecos.com.ar\/index.php\/30-de-agosto-la-ciudad-cumple-114-anos-de-su-fundacion-y-el-acto-oficial-es-este-viernes\/#breadcrumb\",\"itemListElement\":[{\"@type\":\"ListItem\",\"position\":1,\"name\":\"Portada\",\"item\":\"https:\/\/infoecos.com.ar\/\"},{\"@type\":\"ListItem\",\"position\":2,\"name\":\"30 de Agosto: la ciudad cumple 114 a\u00f1os de su fundaci\u00f3n y el acto oficial es este viernes\"}]},{\"@type\":\"WebSite\",\"@id\":\"https:\/\/infoecos.com.ar\/#website\",\"url\":\"https:\/\/infoecos.com.ar\/\",\"name\":\"Infoecos\",\"description\":\"Noticias de trenque lauquen y la zona\",\"publisher\":{\"@id\":\"https:\/\/infoecos.com.ar\/#organization\"},\"alternateName\":\"Noticias\",\"potentialAction\":[{\"@type\":\"SearchAction\",\"target\":{\"@type\":\"EntryPoint\",\"urlTemplate\":\"https:\/\/infoecos.com.ar\/?s={search_term_string}\"},\"query-input\":{\"@type\":\"PropertyValueSpecification\",\"valueRequired\":true,\"valueName\":\"search_term_string\"}}],\"inLanguage\":\"es\"},{\"@type\":\"Organization\",\"@id\":\"https:\/\/infoecos.com.ar\/#organization\",\"name\":\"Infoecos\",\"alternateName\":\"Noticias\",\"url\":\"https:\/\/infoecos.com.ar\/\",\"logo\":{\"@type\":\"ImageObject\",\"inLanguage\":\"es\",\"@id\":\"https:\/\/infoecos.com.ar\/#\/schema\/logo\/image\/\",\"url\":\"https:\/\/infoecos.com.ar\/wp-content\/uploads\/2024\/03\/cropped-logo.png\",\"contentUrl\":\"https:\/\/infoecos.com.ar\/wp-content\/uploads\/2024\/03\/cropped-logo.png\",\"width\":374,\"height\":90,\"caption\":\"Infoecos\"},\"image\":{\"@id\":\"https:\/\/infoecos.com.ar\/#\/schema\/logo\/image\/\"},\"sameAs\":[\"https:\/\/www.facebook.com\/profile.php?id=100063200290284\",\"https:\/\/x.com\/infoecos\"]},{\"@type\":\"Person\",\"@id\":\"https:\/\/infoecos.com.ar\/#\/schema\/person\/8f5ace5ce73b4b4aac4b7245aee6f191\",\"name\":\"Jorge Matheus\",\"url\":\"https:\/\/infoecos.com.ar\/index.php\/author\/jomatheus\/\"}]}<\/script>\n<!-- \/ Yoast SEO plugin. -->","yoast_head_json":{"title":"30 de Agosto: la ciudad cumple 114 a\u00f1os de su fundaci\u00f3n y el acto oficial es este viernes - Infoecos","robots":{"index":"index","follow":"follow","max-snippet":"max-snippet:-1","max-image-preview":"max-image-preview:large","max-video-preview":"max-video-preview:-1"},"canonical":"https:\/\/infoecos.com.ar\/index.php\/30-de-agosto-la-ciudad-cumple-114-anos-de-su-fundacion-y-el-acto-oficial-es-este-viernes\/","og_locale":"es_ES","og_type":"article","og_title":"30 de Agosto: la ciudad cumple 114 a\u00f1os de su fundaci\u00f3n y el acto oficial es este viernes - Infoecos","og_description":"El acto protocolar ser\u00e1 encabezado por el Intendente municipal, Francisco Recoulat y la directora del Ente Descentralizado, Alicia Ramudo, y se realizar\u00e1 en la puerta de ingreso al Hogar de Adultos Mayores, el que ha sido ampliado","og_url":"https:\/\/infoecos.com.ar\/index.php\/30-de-agosto-la-ciudad-cumple-114-anos-de-su-fundacion-y-el-acto-oficial-es-este-viernes\/","og_site_name":"Infoecos","article_publisher":"https:\/\/www.facebook.com\/profile.php?id=100063200290284","article_published_time":"2024-08-30T00:45:35+00:00","article_modified_time":"2024-08-30T00:45:36+00:00","og_image":[{"width":1050,"height":623,"url":"https:\/\/infoecos.com.ar\/wp-content\/uploads\/2024\/08\/image-351.png","type":"image\/png"}],"author":"Jorge Matheus","twitter_card":"summary_large_image","twitter_creator":"@infoecos","twitter_site":"@infoecos","twitter_misc":{"Escrito por":"Jorge Matheus","Tiempo de lectura":"2 minutos"},"schema":{"@context":"https:\/\/schema.org","@graph":[{"@type":"Article","@id":"https:\/\/infoecos.com.ar\/index.php\/30-de-agosto-la-ciudad-cumple-114-anos-de-su-fundacion-y-el-acto-oficial-es-este-viernes\/#article","isPartOf":{"@id":"https:\/\/infoecos.com.ar\/index.php\/30-de-agosto-la-ciudad-cumple-114-anos-de-su-fundacion-y-el-acto-oficial-es-este-viernes\/"},"author":{"name":"Jorge Matheus","@id":"https:\/\/infoecos.com.ar\/#\/schema\/person\/8f5ace5ce73b4b4aac4b7245aee6f191"},"headline":"30 de Agosto: la ciudad cumple 114 a\u00f1os de su fundaci\u00f3n y el acto oficial es este viernes","datePublished":"2024-08-30T00:45:35+00:00","dateModified":"2024-08-30T00:45:36+00:00","mainEntityOfPage":{"@id":"https:\/\/infoecos.com.ar\/index.php\/30-de-agosto-la-ciudad-cumple-114-anos-de-su-fundacion-y-el-acto-oficial-es-este-viernes\/"},"wordCount":321,"publisher":{"@id":"https:\/\/infoecos.com.ar\/#organization"},"image":{"@id":"https:\/\/infoecos.com.ar\/index.php\/30-de-agosto-la-ciudad-cumple-114-anos-de-su-fundacion-y-el-acto-oficial-es-este-viernes\/#primaryimage"},"thumbnailUrl":"https:\/\/infoecos.com.ar\/wp-content\/uploads\/2024\/08\/image-351.png","articleSection":["Noticia Principal"],"inLanguage":"es"},{"@type":"WebPage","@id":"https:\/\/infoecos.com.ar\/index.php\/30-de-agosto-la-ciudad-cumple-114-anos-de-su-fundacion-y-el-acto-oficial-es-este-viernes\/","url":"https:\/\/infoecos.com.ar\/index.php\/30-de-agosto-la-ciudad-cumple-114-anos-de-su-fundacion-y-el-acto-oficial-es-este-viernes\/","name":"30 de Agosto: la ciudad cumple 114 a\u00f1os de su fundaci\u00f3n y el acto oficial es este viernes - Infoecos","isPartOf":{"@id":"https:\/\/infoecos.com.ar\/#website"},"primaryImageOfPage":{"@id":"https:\/\/infoecos.com.ar\/index.php\/30-de-agosto-la-ciudad-cumple-114-anos-de-su-fundacion-y-el-acto-oficial-es-este-viernes\/#primaryimage"},"image":{"@id":"https:\/\/infoecos.com.ar\/index.php\/30-de-agosto-la-ciudad-cumple-114-anos-de-su-fundacion-y-el-acto-oficial-es-este-viernes\/#primaryimage"},"thumbnailUrl":"https:\/\/infoecos.com.ar\/wp-content\/uploads\/2024\/08\/image-351.png","datePublished":"2024-08-30T00:45:35+00:00","dateModified":"2024-08-30T00:45:36+00:00","breadcrumb":{"@id":"https:\/\/infoecos.com.ar\/index.php\/30-de-agosto-la-ciudad-cumple-114-anos-de-su-fundacion-y-el-acto-oficial-es-este-viernes\/#breadcrumb"},"inLanguage":"es","potentialAction":[{"@type":"ReadAction","target":["https:\/\/infoecos.com.ar\/index.php\/30-de-agosto-la-ciudad-cumple-114-anos-de-su-fundacion-y-el-acto-oficial-es-este-viernes\/"]}]},{"@type":"ImageObject","inLanguage":"es","@id":"https:\/\/infoecos.com.ar\/index.php\/30-de-agosto-la-ciudad-cumple-114-anos-de-su-fundacion-y-el-acto-oficial-es-este-viernes\/#primaryimage","url":"https:\/\/infoecos.com.ar\/wp-content\/uploads\/2024\/08\/image-351.png","contentUrl":"https:\/\/infoecos.com.ar\/wp-content\/uploads\/2024\/08\/image-351.png","width":1050,"height":623},{"@type":"BreadcrumbList","@id":"https:\/\/infoecos.com.ar\/index.php\/30-de-agosto-la-ciudad-cumple-114-anos-de-su-fundacion-y-el-acto-oficial-es-este-viernes\/#breadcrumb","itemListElement":[{"@type":"ListItem","position":1,"name":"Portada","item":"https:\/\/infoecos.com.ar\/"},{"@type":"ListItem","position":2,"name":"30 de Agosto: la ciudad cumple 114 a\u00f1os de su fundaci\u00f3n y el acto oficial es este viernes"}]},{"@type":"WebSite","@id":"https:\/\/infoecos.com.ar\/#website","url":"https:\/\/infoecos.com.ar\/","name":"Infoecos","description":"Noticias de trenque lauquen y la zona","publisher":{"@id":"https:\/\/infoecos.com.ar\/#organization"},"alternateName":"Noticias","potentialAction":[{"@type":"SearchAction","target":{"@type":"EntryPoint","urlTemplate":"https:\/\/infoecos.com.ar\/?s={search_term_string}"},"query-input":{"@type":"PropertyValueSpecification","valueRequired":true,"valueName":"search_term_string"}}],"inLanguage":"es"},{"@type":"Organization","@id":"https:\/\/infoecos.com.ar\/#organization","name":"Infoecos","alternateName":"Noticias","url":"https:\/\/infoecos.com.ar\/","logo":{"@type":"ImageObject","inLanguage":"es","@id":"https:\/\/infoecos.com.ar\/#\/schema\/logo\/image\/","url":"https:\/\/infoecos.com.ar\/wp-content\/uploads\/2024\/03\/cropped-logo.png","contentUrl":"https:\/\/infoecos.com.ar\/wp-content\/uploads\/2024\/03\/cropped-logo.png","width":374,"height":90,"caption":"Infoecos"},"image":{"@id":"https:\/\/infoecos.com.ar\/#\/schema\/logo\/image\/"},"sameAs":["https:\/\/www.facebook.com\/profile.php?id=100063200290284","https:\/\/x.com\/infoecos"]},{"@type":"Person","@id":"https:\/\/infoecos.com.ar\/#\/schema\/person\/8f5ace5ce73b4b4aac4b7245aee6f191","name":"Jorge Matheus","url":"https:\/\/infoecos.com.ar\/index.php\/author\/jomatheus\/"}]}},"featured_image_urls":{"full":["https:\/\/infoecos.com.ar\/wp-content\/uploads\/2024\/08\/image-351.png",1050,623,false],"thumbnail":["https:\/\/infoecos.com.ar\/wp-content\/uploads\/2024\/08\/image-351-300x150.png",300,150,true],"medium":["https:\/\/infoecos.com.ar\/wp-content\/uploads\/2024\/08\/image-351-800x475.png",800,475,true],"medium_large":["https:\/\/infoecos.com.ar\/wp-content\/uploads\/2024\/08\/image-351-768x456.png",640,380,true],"large":["https:\/\/infoecos.com.ar\/wp-content\/uploads\/2024\/08\/image-351.png",640,380,false],"1536x1536":["https:\/\/infoecos.com.ar\/wp-content\/uploads\/2024\/08\/image-351.png",1050,623,false],"2048x2048":["https:\/\/infoecos.com.ar\/wp-content\/uploads\/2024\/08\/image-351.png",1050,623,false],"covernews-slider-full":["https:\/\/infoecos.com.ar\/wp-content\/uploads\/2024\/08\/image-351.png",1050,623,false],"covernews-slider-center":["https:\/\/infoecos.com.ar\/wp-content\/uploads\/2024\/08\/image-351-800x500.png",800,500,true],"covernews-featured":["https:\/\/infoecos.com.ar\/wp-content\/uploads\/2024\/08\/image-351-1024x608.png",1024,608,true],"covernews-medium":["https:\/\/infoecos.com.ar\/wp-content\/uploads\/2024\/08\/image-351-540x340.png",540,340,true],"covernews-medium-square":["https:\/\/infoecos.com.ar\/wp-content\/uploads\/2024\/08\/image-351-400x250.png",400,250,true]},"author_info":{"info":["Jorge Matheus"]},"category_info":"<a href=\"https:\/\/infoecos.com.ar\/index.php\/category\/noticia-principal\/\" rel=\"category tag\">Noticia Principal<\/a>","tag_info":"Noticia Principal","comment_count":"0","_links":{"self":[{"href":"https:\/\/infoecos.com.ar\/index.php\/wp-json\/wp\/v2\/posts\/129451"}],"collection":[{"href":"https:\/\/infoecos.com.ar\/index.php\/wp-json\/wp\/v2\/posts"}],"about":[{"href":"https:\/\/infoecos.com.ar\/index.php\/wp-json\/wp\/v2\/types\/post"}],"author":[{"embeddable":true,"href":"https:\/\/infoecos.com.ar\/index.php\/wp-json\/wp\/v2\/users\/2"}],"replies":[{"embeddable":true,"href":"https:\/\/infoecos.com.ar\/index.php\/wp-json\/wp\/v2\/comments?post=129451"}],"version-history":[{"count":1,"href":"https:\/\/infoecos.com.ar\/index.php\/wp-json\/wp\/v2\/posts\/129451\/revisions"}],"predecessor-version":[{"id":129453,"href":"https:\/\/infoecos.com.ar\/index.php\/wp-json\/wp\/v2\/posts\/129451\/revisions\/129453"}],"wp:featuredmedia":[{"embeddable":true,"href":"https:\/\/infoecos.com.ar\/index.php\/wp-json\/wp\/v2\/media\/129452"}],"wp:attachment":[{"href":"https:\/\/infoecos.com.ar\/index.php\/wp-json\/wp\/v2\/media?parent=129451"}],"wp:term":[{"taxonomy":"category","embeddable":true,"href":"https:\/\/infoecos.com.ar\/index.php\/wp-json\/wp\/v2\/categories?post=129451"},{"taxonomy":"post_tag","embeddable":true,"href":"https:\/\/infoecos.com.ar\/index.php\/wp-json\/wp\/v2\/tags?post=129451"}],"curies":[{"name":"wp","href":"https:\/\/api.w.org\/{rel}","templated":true}]}}