{"id":129574,"date":"2024-09-02T15:54:13","date_gmt":"2024-09-02T18:54:13","guid":{"rendered":"https:\/\/infoecos.com.ar\/?p=129574"},"modified":"2024-09-02T15:54:14","modified_gmt":"2024-09-02T18:54:14","slug":"pehuajo-cambios-en-la-jefatura-comunal-de-esa-ciudad-paso-y-madero","status":"publish","type":"post","link":"https:\/\/infoecos.com.ar\/index.php\/pehuajo-cambios-en-la-jefatura-comunal-de-esa-ciudad-paso-y-madero\/","title":{"rendered":"Pehuaj\u00f3: cambios en la Jefatura Comunal de esa ciudad, Paso y Madero"},"content":{"rendered":"\n<figure class=\"wp-block-image alignright size-full is-resized\"><img loading=\"lazy\" decoding=\"async\" width=\"508\" height=\"258\" src=\"https:\/\/infoecos.com.ar\/wp-content\/uploads\/2024\/09\/image-10.png\" alt=\"\" class=\"wp-image-129575\" style=\"width:422px;height:auto\"\/><\/figure>\n\n\n\n<p>Cambios en la Jefatura Comunal de la Polic\u00eda de Pehuaj\u00f3, y como consecuencia de ellos designaciones en las subestaciones de Juan Jos\u00e9 Paso y Francisco Madero. <\/p>\n\n\n\n<p>El Subcomisario Franco Joaqu\u00edn Cid asumi\u00f3 el cargo de jefe de la Estaci\u00f3n relevando al Comisario Jorge Cervigno, quien fue asignado a nuevas funciones dentro de la misma jefatura.<\/p>\n\n\n\n<p>El Oficial Principal Roberto Germ\u00e1n Uriona ha sido designado como encargado de la Subestaci\u00f3n Juan Jos\u00e9 Paso, y el Oficial Subinspector Jorge Abel Nieves est\u00e1 a cargo del Destacamento Francisco Madero.<\/p>\n\n\n\n<p><\/p>\n","protected":false},"excerpt":{"rendered":"<p>El Subcomisario Franco Joaqu\u00edn Cid asumi\u00f3 el cargo de jefe de la Estaci\u00f3n relevando al Comisario Jorge Cervigno<\/p>\n","protected":false},"author":2,"featured_media":129575,"comment_status":"closed","ping_status":"open","sticky":false,"template":"","format":"standard","meta":{"footnotes":""},"categories":[1612],"tags":[],"class_list":["post-129574","post","type-post","status-publish","format-standard","has-post-thumbnail","hentry","category-noticia-principal"],"yoast_head":"<!-- This site is optimized with the Yoast SEO plugin v23.4 - https:\/\/yoast.com\/wordpress\/plugins\/seo\/ -->\n<title>Pehuaj\u00f3: cambios en la Jefatura Comunal de esa ciudad, Paso y Madero - Infoecos<\/title>\n<meta name=\"robots\" content=\"index, follow, max-snippet:-1, max-image-preview:large, max-video-preview:-1\" \/>\n<link rel=\"canonical\" href=\"https:\/\/infoecos.com.ar\/index.php\/pehuajo-cambios-en-la-jefatura-comunal-de-esa-ciudad-paso-y-madero\/\" \/>\n<meta property=\"og:locale\" content=\"es_ES\" \/>\n<meta property=\"og:type\" content=\"article\" \/>\n<meta property=\"og:title\" content=\"Pehuaj\u00f3: cambios en la Jefatura Comunal de esa ciudad, Paso y Madero - Infoecos\" \/>\n<meta property=\"og:description\" content=\"El Subcomisario Franco Joaqu\u00edn Cid asumi\u00f3 el cargo de jefe de la Estaci\u00f3n relevando al Comisario Jorge Cervigno\" \/>\n<meta property=\"og:url\" content=\"https:\/\/infoecos.com.ar\/index.php\/pehuajo-cambios-en-la-jefatura-comunal-de-esa-ciudad-paso-y-madero\/\" \/>\n<meta property=\"og:site_name\" content=\"Infoecos\" \/>\n<meta property=\"article:publisher\" content=\"https:\/\/www.facebook.com\/profile.php?id=100063200290284\" \/>\n<meta property=\"article:published_time\" content=\"2024-09-02T18:54:13+00:00\" \/>\n<meta property=\"article:modified_time\" content=\"2024-09-02T18:54:14+00:00\" \/>\n<meta property=\"og:image\" content=\"https:\/\/infoecos.com.ar\/wp-content\/uploads\/2024\/09\/image-10.png\" \/>\n\t<meta property=\"og:image:width\" content=\"508\" \/>\n\t<meta property=\"og:image:height\" content=\"258\" \/>\n\t<meta property=\"og:image:type\" content=\"image\/png\" \/>\n<meta name=\"author\" content=\"Jorge Matheus\" \/>\n<meta name=\"twitter:card\" content=\"summary_large_image\" \/>\n<meta name=\"twitter:creator\" content=\"@infoecos\" \/>\n<meta name=\"twitter:site\" content=\"@infoecos\" \/>\n<meta name=\"twitter:label1\" content=\"Escrito por\" \/>\n\t<meta name=\"twitter:data1\" content=\"Jorge Matheus\" \/>\n\t<meta name=\"twitter:label2\" content=\"Tiempo de lectura\" \/>\n\t<meta name=\"twitter:data2\" content=\"1 minuto\" \/>\n<script type=\"application\/ld+json\" class=\"yoast-schema-graph\">{\"@context\":\"https:\/\/schema.org\",\"@graph\":[{\"@type\":\"Article\",\"@id\":\"https:\/\/infoecos.com.ar\/index.php\/pehuajo-cambios-en-la-jefatura-comunal-de-esa-ciudad-paso-y-madero\/#article\",\"isPartOf\":{\"@id\":\"https:\/\/infoecos.com.ar\/index.php\/pehuajo-cambios-en-la-jefatura-comunal-de-esa-ciudad-paso-y-madero\/\"},\"author\":{\"name\":\"Jorge Matheus\",\"@id\":\"https:\/\/infoecos.com.ar\/#\/schema\/person\/8f5ace5ce73b4b4aac4b7245aee6f191\"},\"headline\":\"Pehuaj\u00f3: cambios en la Jefatura Comunal de esa ciudad, Paso y Madero\",\"datePublished\":\"2024-09-02T18:54:13+00:00\",\"dateModified\":\"2024-09-02T18:54:14+00:00\",\"mainEntityOfPage\":{\"@id\":\"https:\/\/infoecos.com.ar\/index.php\/pehuajo-cambios-en-la-jefatura-comunal-de-esa-ciudad-paso-y-madero\/\"},\"wordCount\":103,\"publisher\":{\"@id\":\"https:\/\/infoecos.com.ar\/#organization\"},\"image\":{\"@id\":\"https:\/\/infoecos.com.ar\/index.php\/pehuajo-cambios-en-la-jefatura-comunal-de-esa-ciudad-paso-y-madero\/#primaryimage\"},\"thumbnailUrl\":\"https:\/\/infoecos.com.ar\/wp-content\/uploads\/2024\/09\/image-10.png\",\"articleSection\":[\"Noticia Principal\"],\"inLanguage\":\"es\"},{\"@type\":\"WebPage\",\"@id\":\"https:\/\/infoecos.com.ar\/index.php\/pehuajo-cambios-en-la-jefatura-comunal-de-esa-ciudad-paso-y-madero\/\",\"url\":\"https:\/\/infoecos.com.ar\/index.php\/pehuajo-cambios-en-la-jefatura-comunal-de-esa-ciudad-paso-y-madero\/\",\"name\":\"Pehuaj\u00f3: cambios en la Jefatura Comunal de esa ciudad, Paso y Madero - Infoecos\",\"isPartOf\":{\"@id\":\"https:\/\/infoecos.com.ar\/#website\"},\"primaryImageOfPage\":{\"@id\":\"https:\/\/infoecos.com.ar\/index.php\/pehuajo-cambios-en-la-jefatura-comunal-de-esa-ciudad-paso-y-madero\/#primaryimage\"},\"image\":{\"@id\":\"https:\/\/infoecos.com.ar\/index.php\/pehuajo-cambios-en-la-jefatura-comunal-de-esa-ciudad-paso-y-madero\/#primaryimage\"},\"thumbnailUrl\":\"https:\/\/infoecos.com.ar\/wp-content\/uploads\/2024\/09\/image-10.png\",\"datePublished\":\"2024-09-02T18:54:13+00:00\",\"dateModified\":\"2024-09-02T18:54:14+00:00\",\"breadcrumb\":{\"@id\":\"https:\/\/infoecos.com.ar\/index.php\/pehuajo-cambios-en-la-jefatura-comunal-de-esa-ciudad-paso-y-madero\/#breadcrumb\"},\"inLanguage\":\"es\",\"potentialAction\":[{\"@type\":\"ReadAction\",\"target\":[\"https:\/\/infoecos.com.ar\/index.php\/pehuajo-cambios-en-la-jefatura-comunal-de-esa-ciudad-paso-y-madero\/\"]}]},{\"@type\":\"ImageObject\",\"inLanguage\":\"es\",\"@id\":\"https:\/\/infoecos.com.ar\/index.php\/pehuajo-cambios-en-la-jefatura-comunal-de-esa-ciudad-paso-y-madero\/#primaryimage\",\"url\":\"https:\/\/infoecos.com.ar\/wp-content\/uploads\/2024\/09\/image-10.png\",\"contentUrl\":\"https:\/\/infoecos.com.ar\/wp-content\/uploads\/2024\/09\/image-10.png\",\"width\":508,\"height\":258},{\"@type\":\"BreadcrumbList\",\"@id\":\"https:\/\/infoecos.com.ar\/index.php\/pehuajo-cambios-en-la-jefatura-comunal-de-esa-ciudad-paso-y-madero\/#breadcrumb\",\"itemListElement\":[{\"@type\":\"ListItem\",\"position\":1,\"name\":\"Portada\",\"item\":\"https:\/\/infoecos.com.ar\/\"},{\"@type\":\"ListItem\",\"position\":2,\"name\":\"Pehuaj\u00f3: cambios en la Jefatura Comunal de esa ciudad, Paso y Madero\"}]},{\"@type\":\"WebSite\",\"@id\":\"https:\/\/infoecos.com.ar\/#website\",\"url\":\"https:\/\/infoecos.com.ar\/\",\"name\":\"Infoecos\",\"description\":\"Noticias de trenque lauquen y la zona\",\"publisher\":{\"@id\":\"https:\/\/infoecos.com.ar\/#organization\"},\"alternateName\":\"Noticias\",\"potentialAction\":[{\"@type\":\"SearchAction\",\"target\":{\"@type\":\"EntryPoint\",\"urlTemplate\":\"https:\/\/infoecos.com.ar\/?s={search_term_string}\"},\"query-input\":{\"@type\":\"PropertyValueSpecification\",\"valueRequired\":true,\"valueName\":\"search_term_string\"}}],\"inLanguage\":\"es\"},{\"@type\":\"Organization\",\"@id\":\"https:\/\/infoecos.com.ar\/#organization\",\"name\":\"Infoecos\",\"alternateName\":\"Noticias\",\"url\":\"https:\/\/infoecos.com.ar\/\",\"logo\":{\"@type\":\"ImageObject\",\"inLanguage\":\"es\",\"@id\":\"https:\/\/infoecos.com.ar\/#\/schema\/logo\/image\/\",\"url\":\"https:\/\/infoecos.com.ar\/wp-content\/uploads\/2024\/03\/cropped-logo.png\",\"contentUrl\":\"https:\/\/infoecos.com.ar\/wp-content\/uploads\/2024\/03\/cropped-logo.png\",\"width\":374,\"height\":90,\"caption\":\"Infoecos\"},\"image\":{\"@id\":\"https:\/\/infoecos.com.ar\/#\/schema\/logo\/image\/\"},\"sameAs\":[\"https:\/\/www.facebook.com\/profile.php?id=100063200290284\",\"https:\/\/x.com\/infoecos\"]},{\"@type\":\"Person\",\"@id\":\"https:\/\/infoecos.com.ar\/#\/schema\/person\/8f5ace5ce73b4b4aac4b7245aee6f191\",\"name\":\"Jorge Matheus\",\"url\":\"https:\/\/infoecos.com.ar\/index.php\/author\/jomatheus\/\"}]}<\/script>\n<!-- \/ Yoast SEO plugin. -->","yoast_head_json":{"title":"Pehuaj\u00f3: cambios en la Jefatura Comunal de esa ciudad, Paso y Madero - Infoecos","robots":{"index":"index","follow":"follow","max-snippet":"max-snippet:-1","max-image-preview":"max-image-preview:large","max-video-preview":"max-video-preview:-1"},"canonical":"https:\/\/infoecos.com.ar\/index.php\/pehuajo-cambios-en-la-jefatura-comunal-de-esa-ciudad-paso-y-madero\/","og_locale":"es_ES","og_type":"article","og_title":"Pehuaj\u00f3: cambios en la Jefatura Comunal de esa ciudad, Paso y Madero - Infoecos","og_description":"El Subcomisario Franco Joaqu\u00edn Cid asumi\u00f3 el cargo de jefe de la Estaci\u00f3n relevando al Comisario Jorge Cervigno","og_url":"https:\/\/infoecos.com.ar\/index.php\/pehuajo-cambios-en-la-jefatura-comunal-de-esa-ciudad-paso-y-madero\/","og_site_name":"Infoecos","article_publisher":"https:\/\/www.facebook.com\/profile.php?id=100063200290284","article_published_time":"2024-09-02T18:54:13+00:00","article_modified_time":"2024-09-02T18:54:14+00:00","og_image":[{"width":508,"height":258,"url":"https:\/\/infoecos.com.ar\/wp-content\/uploads\/2024\/09\/image-10.png","type":"image\/png"}],"author":"Jorge Matheus","twitter_card":"summary_large_image","twitter_creator":"@infoecos","twitter_site":"@infoecos","twitter_misc":{"Escrito por":"Jorge Matheus","Tiempo de lectura":"1 minuto"},"schema":{"@context":"https:\/\/schema.org","@graph":[{"@type":"Article","@id":"https:\/\/infoecos.com.ar\/index.php\/pehuajo-cambios-en-la-jefatura-comunal-de-esa-ciudad-paso-y-madero\/#article","isPartOf":{"@id":"https:\/\/infoecos.com.ar\/index.php\/pehuajo-cambios-en-la-jefatura-comunal-de-esa-ciudad-paso-y-madero\/"},"author":{"name":"Jorge Matheus","@id":"https:\/\/infoecos.com.ar\/#\/schema\/person\/8f5ace5ce73b4b4aac4b7245aee6f191"},"headline":"Pehuaj\u00f3: cambios en la Jefatura Comunal de esa ciudad, Paso y Madero","datePublished":"2024-09-02T18:54:13+00:00","dateModified":"2024-09-02T18:54:14+00:00","mainEntityOfPage":{"@id":"https:\/\/infoecos.com.ar\/index.php\/pehuajo-cambios-en-la-jefatura-comunal-de-esa-ciudad-paso-y-madero\/"},"wordCount":103,"publisher":{"@id":"https:\/\/infoecos.com.ar\/#organization"},"image":{"@id":"https:\/\/infoecos.com.ar\/index.php\/pehuajo-cambios-en-la-jefatura-comunal-de-esa-ciudad-paso-y-madero\/#primaryimage"},"thumbnailUrl":"https:\/\/infoecos.com.ar\/wp-content\/uploads\/2024\/09\/image-10.png","articleSection":["Noticia Principal"],"inLanguage":"es"},{"@type":"WebPage","@id":"https:\/\/infoecos.com.ar\/index.php\/pehuajo-cambios-en-la-jefatura-comunal-de-esa-ciudad-paso-y-madero\/","url":"https:\/\/infoecos.com.ar\/index.php\/pehuajo-cambios-en-la-jefatura-comunal-de-esa-ciudad-paso-y-madero\/","name":"Pehuaj\u00f3: cambios en la Jefatura Comunal de esa ciudad, Paso y Madero - Infoecos","isPartOf":{"@id":"https:\/\/infoecos.com.ar\/#website"},"primaryImageOfPage":{"@id":"https:\/\/infoecos.com.ar\/index.php\/pehuajo-cambios-en-la-jefatura-comunal-de-esa-ciudad-paso-y-madero\/#primaryimage"},"image":{"@id":"https:\/\/infoecos.com.ar\/index.php\/pehuajo-cambios-en-la-jefatura-comunal-de-esa-ciudad-paso-y-madero\/#primaryimage"},"thumbnailUrl":"https:\/\/infoecos.com.ar\/wp-content\/uploads\/2024\/09\/image-10.png","datePublished":"2024-09-02T18:54:13+00:00","dateModified":"2024-09-02T18:54:14+00:00","breadcrumb":{"@id":"https:\/\/infoecos.com.ar\/index.php\/pehuajo-cambios-en-la-jefatura-comunal-de-esa-ciudad-paso-y-madero\/#breadcrumb"},"inLanguage":"es","potentialAction":[{"@type":"ReadAction","target":["https:\/\/infoecos.com.ar\/index.php\/pehuajo-cambios-en-la-jefatura-comunal-de-esa-ciudad-paso-y-madero\/"]}]},{"@type":"ImageObject","inLanguage":"es","@id":"https:\/\/infoecos.com.ar\/index.php\/pehuajo-cambios-en-la-jefatura-comunal-de-esa-ciudad-paso-y-madero\/#primaryimage","url":"https:\/\/infoecos.com.ar\/wp-content\/uploads\/2024\/09\/image-10.png","contentUrl":"https:\/\/infoecos.com.ar\/wp-content\/uploads\/2024\/09\/image-10.png","width":508,"height":258},{"@type":"BreadcrumbList","@id":"https:\/\/infoecos.com.ar\/index.php\/pehuajo-cambios-en-la-jefatura-comunal-de-esa-ciudad-paso-y-madero\/#breadcrumb","itemListElement":[{"@type":"ListItem","position":1,"name":"Portada","item":"https:\/\/infoecos.com.ar\/"},{"@type":"ListItem","position":2,"name":"Pehuaj\u00f3: cambios en la Jefatura Comunal de esa ciudad, Paso y Madero"}]},{"@type":"WebSite","@id":"https:\/\/infoecos.com.ar\/#website","url":"https:\/\/infoecos.com.ar\/","name":"Infoecos","description":"Noticias de trenque lauquen y la zona","publisher":{"@id":"https:\/\/infoecos.com.ar\/#organization"},"alternateName":"Noticias","potentialAction":[{"@type":"SearchAction","target":{"@type":"EntryPoint","urlTemplate":"https:\/\/infoecos.com.ar\/?s={search_term_string}"},"query-input":{"@type":"PropertyValueSpecification","valueRequired":true,"valueName":"search_term_string"}}],"inLanguage":"es"},{"@type":"Organization","@id":"https:\/\/infoecos.com.ar\/#organization","name":"Infoecos","alternateName":"Noticias","url":"https:\/\/infoecos.com.ar\/","logo":{"@type":"ImageObject","inLanguage":"es","@id":"https:\/\/infoecos.com.ar\/#\/schema\/logo\/image\/","url":"https:\/\/infoecos.com.ar\/wp-content\/uploads\/2024\/03\/cropped-logo.png","contentUrl":"https:\/\/infoecos.com.ar\/wp-content\/uploads\/2024\/03\/cropped-logo.png","width":374,"height":90,"caption":"Infoecos"},"image":{"@id":"https:\/\/infoecos.com.ar\/#\/schema\/logo\/image\/"},"sameAs":["https:\/\/www.facebook.com\/profile.php?id=100063200290284","https:\/\/x.com\/infoecos"]},{"@type":"Person","@id":"https:\/\/infoecos.com.ar\/#\/schema\/person\/8f5ace5ce73b4b4aac4b7245aee6f191","name":"Jorge Matheus","url":"https:\/\/infoecos.com.ar\/index.php\/author\/jomatheus\/"}]}},"featured_image_urls":{"full":["https:\/\/infoecos.com.ar\/wp-content\/uploads\/2024\/09\/image-10.png",508,258,false],"thumbnail":["https:\/\/infoecos.com.ar\/wp-content\/uploads\/2024\/09\/image-10-300x150.png",300,150,true],"medium":["https:\/\/infoecos.com.ar\/wp-content\/uploads\/2024\/09\/image-10.png",508,258,false],"medium_large":["https:\/\/infoecos.com.ar\/wp-content\/uploads\/2024\/09\/image-10.png",508,258,false],"large":["https:\/\/infoecos.com.ar\/wp-content\/uploads\/2024\/09\/image-10.png",508,258,false],"1536x1536":["https:\/\/infoecos.com.ar\/wp-content\/uploads\/2024\/09\/image-10.png",508,258,false],"2048x2048":["https:\/\/infoecos.com.ar\/wp-content\/uploads\/2024\/09\/image-10.png",508,258,false],"covernews-slider-full":["https:\/\/infoecos.com.ar\/wp-content\/uploads\/2024\/09\/image-10.png",508,258,false],"covernews-slider-center":["https:\/\/infoecos.com.ar\/wp-content\/uploads\/2024\/09\/image-10.png",508,258,false],"covernews-featured":["https:\/\/infoecos.com.ar\/wp-content\/uploads\/2024\/09\/image-10.png",508,258,false],"covernews-medium":["https:\/\/infoecos.com.ar\/wp-content\/uploads\/2024\/09\/image-10.png",508,258,false],"covernews-medium-square":["https:\/\/infoecos.com.ar\/wp-content\/uploads\/2024\/09\/image-10-400x250.png",400,250,true]},"author_info":{"info":["Jorge Matheus"]},"category_info":"<a href=\"https:\/\/infoecos.com.ar\/index.php\/category\/noticia-principal\/\" rel=\"category tag\">Noticia Principal<\/a>","tag_info":"Noticia Principal","comment_count":"0","_links":{"self":[{"href":"https:\/\/infoecos.com.ar\/index.php\/wp-json\/wp\/v2\/posts\/129574"}],"collection":[{"href":"https:\/\/infoecos.com.ar\/index.php\/wp-json\/wp\/v2\/posts"}],"about":[{"href":"https:\/\/infoecos.com.ar\/index.php\/wp-json\/wp\/v2\/types\/post"}],"author":[{"embeddable":true,"href":"https:\/\/infoecos.com.ar\/index.php\/wp-json\/wp\/v2\/users\/2"}],"replies":[{"embeddable":true,"href":"https:\/\/infoecos.com.ar\/index.php\/wp-json\/wp\/v2\/comments?post=129574"}],"version-history":[{"count":1,"href":"https:\/\/infoecos.com.ar\/index.php\/wp-json\/wp\/v2\/posts\/129574\/revisions"}],"predecessor-version":[{"id":129576,"href":"https:\/\/infoecos.com.ar\/index.php\/wp-json\/wp\/v2\/posts\/129574\/revisions\/129576"}],"wp:featuredmedia":[{"embeddable":true,"href":"https:\/\/infoecos.com.ar\/index.php\/wp-json\/wp\/v2\/media\/129575"}],"wp:attachment":[{"href":"https:\/\/infoecos.com.ar\/index.php\/wp-json\/wp\/v2\/media?parent=129574"}],"wp:term":[{"taxonomy":"category","embeddable":true,"href":"https:\/\/infoecos.com.ar\/index.php\/wp-json\/wp\/v2\/categories?post=129574"},{"taxonomy":"post_tag","embeddable":true,"href":"https:\/\/infoecos.com.ar\/index.php\/wp-json\/wp\/v2\/tags?post=129574"}],"curies":[{"name":"wp","href":"https:\/\/api.w.org\/{rel}","templated":true}]}}