{"id":129643,"date":"2024-09-02T20:37:22","date_gmt":"2024-09-02T23:37:22","guid":{"rendered":"https:\/\/infoecos.com.ar\/?p=129643"},"modified":"2024-09-02T20:37:23","modified_gmt":"2024-09-02T23:37:23","slug":"clima-t-lauquen-la-estimacion-para-el-martes-y-miercoles-da-cuenta-que-bajaria-la-temperatura","status":"publish","type":"post","link":"https:\/\/infoecos.com.ar\/index.php\/clima-t-lauquen-la-estimacion-para-el-martes-y-miercoles-da-cuenta-que-bajaria-la-temperatura\/","title":{"rendered":"Clima T.Lauquen: la estimaci\u00f3n para el martes y mi\u00e9rcoles da cuenta que bajar\u00eda la temperatura"},"content":{"rendered":"\n<p class=\"has-text-align-center\"><strong><mark style=\"background-color:rgba(0, 0, 0, 0)\" class=\"has-inline-color has-vivid-cyan-blue-color\">Sensores Clim\u00e1ticos Municipalidad de Trenque Lauquen <\/mark><\/strong><\/p>\n\n\n\n<p class=\"has-text-align-center\"><strong>Valores Meteorol\u00f3gicos<\/strong><\/p>\n\n\n\n<p><strong>Temperatura M\u00e1xima<\/strong>: 22.3\u00b0<\/p>\n\n\n\n<p><strong>Temperatura M\u00ednima<\/strong>: 8\u00b0<\/p>\n\n\n\n<figure class=\"wp-block-image aligncenter size-full\"><img loading=\"lazy\" decoding=\"async\" width=\"602\" height=\"322\" src=\"https:\/\/infoecos.com.ar\/wp-content\/uploads\/2024\/09\/image-22.png\" alt=\"\" class=\"wp-image-129644\"\/><\/figure>\n\n\n\n<p class=\"has-text-align-center\"><strong><mark style=\"background-color:rgba(0, 0, 0, 0)\" class=\"has-inline-color has-vivid-cyan-blue-color\">Servicio Meteorol\u00f3gico Nacional<\/mark><\/strong><\/p>\n\n\n\n<p class=\"has-text-align-center\"><strong>Pron\u00f3stico v\u00e1lido hasta el Jueves en Trenque Lauquen y zona<\/strong><\/p>\n\n\n\n<p><strong>Descender\u00eda la temperatura este martes y mi\u00e9rcoles, para volver a aumentar el jueves, d\u00eda en que se producir\u00edan fuertes vientos de hasta 59 km\/h.<\/strong><\/p>\n\n\n\n<figure class=\"wp-block-image aligncenter size-full\"><img loading=\"lazy\" decoding=\"async\" width=\"470\" height=\"255\" src=\"https:\/\/infoecos.com.ar\/wp-content\/uploads\/2024\/09\/image-23.png\" alt=\"\" class=\"wp-image-129645\"\/><\/figure>\n\n\n\n<figure class=\"wp-block-image aligncenter size-full is-resized\"><img loading=\"lazy\" decoding=\"async\" width=\"960\" height=\"1280\" src=\"https:\/\/infoecos.com.ar\/wp-content\/uploads\/2024\/09\/image-24.png\" alt=\"\" class=\"wp-image-129646\" style=\"width:394px;height:auto\" srcset=\"https:\/\/infoecos.com.ar\/wp-content\/uploads\/2024\/09\/image-24.png 960w, https:\/\/infoecos.com.ar\/wp-content\/uploads\/2024\/09\/image-24-600x800.png 600w, https:\/\/infoecos.com.ar\/wp-content\/uploads\/2024\/09\/image-24-768x1024.png 768w\" sizes=\"(max-width: 960px) 100vw, 960px\" \/><\/figure>\n","protected":false},"excerpt":{"rendered":"<p>Descender\u00eda la temperatura este martes y mi\u00e9rcoles, para volver a aumentar el jueves, d\u00eda en que se producir\u00edan fuertes vientos de hasta 59 km\/h<\/p>\n","protected":false},"author":2,"featured_media":129646,"comment_status":"closed","ping_status":"open","sticky":false,"template":"","format":"standard","meta":{"footnotes":""},"categories":[1612],"tags":[],"class_list":["post-129643","post","type-post","status-publish","format-standard","has-post-thumbnail","hentry","category-noticia-principal"],"yoast_head":"<!-- This site is optimized with the Yoast SEO plugin v23.4 - https:\/\/yoast.com\/wordpress\/plugins\/seo\/ -->\n<title>Clima T.Lauquen: la estimaci\u00f3n para el martes y mi\u00e9rcoles da cuenta que bajar\u00eda la temperatura - Infoecos<\/title>\n<meta name=\"robots\" content=\"index, follow, max-snippet:-1, max-image-preview:large, max-video-preview:-1\" \/>\n<link rel=\"canonical\" href=\"https:\/\/infoecos.com.ar\/index.php\/clima-t-lauquen-la-estimacion-para-el-martes-y-miercoles-da-cuenta-que-bajaria-la-temperatura\/\" \/>\n<meta property=\"og:locale\" content=\"es_ES\" \/>\n<meta property=\"og:type\" content=\"article\" \/>\n<meta property=\"og:title\" content=\"Clima T.Lauquen: la estimaci\u00f3n para el martes y mi\u00e9rcoles da cuenta que bajar\u00eda la temperatura - Infoecos\" \/>\n<meta property=\"og:description\" content=\"Descender\u00eda la temperatura este martes y mi\u00e9rcoles, para volver a aumentar el jueves, d\u00eda en que se producir\u00edan fuertes vientos de hasta 59 km\/h\" \/>\n<meta property=\"og:url\" content=\"https:\/\/infoecos.com.ar\/index.php\/clima-t-lauquen-la-estimacion-para-el-martes-y-miercoles-da-cuenta-que-bajaria-la-temperatura\/\" \/>\n<meta property=\"og:site_name\" content=\"Infoecos\" \/>\n<meta property=\"article:publisher\" content=\"https:\/\/www.facebook.com\/profile.php?id=100063200290284\" \/>\n<meta property=\"article:published_time\" content=\"2024-09-02T23:37:22+00:00\" \/>\n<meta property=\"article:modified_time\" content=\"2024-09-02T23:37:23+00:00\" \/>\n<meta property=\"og:image\" content=\"https:\/\/infoecos.com.ar\/wp-content\/uploads\/2024\/09\/image-24.png\" \/>\n\t<meta property=\"og:image:width\" content=\"640\" \/>\n\t<meta property=\"og:image:height\" content=\"853\" \/>\n\t<meta property=\"og:image:type\" content=\"image\/png\" \/>\n<meta name=\"author\" content=\"Jorge Matheus\" \/>\n<meta name=\"twitter:card\" content=\"summary_large_image\" \/>\n<meta name=\"twitter:creator\" content=\"@infoecos\" \/>\n<meta name=\"twitter:site\" content=\"@infoecos\" \/>\n<meta name=\"twitter:label1\" content=\"Escrito por\" \/>\n\t<meta name=\"twitter:data1\" content=\"Jorge Matheus\" \/>\n\t<meta name=\"twitter:label2\" content=\"Tiempo de lectura\" \/>\n\t<meta name=\"twitter:data2\" content=\"2 minutos\" \/>\n<script type=\"application\/ld+json\" class=\"yoast-schema-graph\">{\"@context\":\"https:\/\/schema.org\",\"@graph\":[{\"@type\":\"Article\",\"@id\":\"https:\/\/infoecos.com.ar\/index.php\/clima-t-lauquen-la-estimacion-para-el-martes-y-miercoles-da-cuenta-que-bajaria-la-temperatura\/#article\",\"isPartOf\":{\"@id\":\"https:\/\/infoecos.com.ar\/index.php\/clima-t-lauquen-la-estimacion-para-el-martes-y-miercoles-da-cuenta-que-bajaria-la-temperatura\/\"},\"author\":{\"name\":\"Jorge Matheus\",\"@id\":\"https:\/\/infoecos.com.ar\/#\/schema\/person\/8f5ace5ce73b4b4aac4b7245aee6f191\"},\"headline\":\"Clima T.Lauquen: la estimaci\u00f3n para el martes y mi\u00e9rcoles da cuenta que bajar\u00eda la temperatura\",\"datePublished\":\"2024-09-02T23:37:22+00:00\",\"dateModified\":\"2024-09-02T23:37:23+00:00\",\"mainEntityOfPage\":{\"@id\":\"https:\/\/infoecos.com.ar\/index.php\/clima-t-lauquen-la-estimacion-para-el-martes-y-miercoles-da-cuenta-que-bajaria-la-temperatura\/\"},\"wordCount\":79,\"publisher\":{\"@id\":\"https:\/\/infoecos.com.ar\/#organization\"},\"image\":{\"@id\":\"https:\/\/infoecos.com.ar\/index.php\/clima-t-lauquen-la-estimacion-para-el-martes-y-miercoles-da-cuenta-que-bajaria-la-temperatura\/#primaryimage\"},\"thumbnailUrl\":\"https:\/\/infoecos.com.ar\/wp-content\/uploads\/2024\/09\/image-24.png\",\"articleSection\":[\"Noticia Principal\"],\"inLanguage\":\"es\"},{\"@type\":\"WebPage\",\"@id\":\"https:\/\/infoecos.com.ar\/index.php\/clima-t-lauquen-la-estimacion-para-el-martes-y-miercoles-da-cuenta-que-bajaria-la-temperatura\/\",\"url\":\"https:\/\/infoecos.com.ar\/index.php\/clima-t-lauquen-la-estimacion-para-el-martes-y-miercoles-da-cuenta-que-bajaria-la-temperatura\/\",\"name\":\"Clima T.Lauquen: la estimaci\u00f3n para el martes y mi\u00e9rcoles da cuenta que bajar\u00eda la temperatura - Infoecos\",\"isPartOf\":{\"@id\":\"https:\/\/infoecos.com.ar\/#website\"},\"primaryImageOfPage\":{\"@id\":\"https:\/\/infoecos.com.ar\/index.php\/clima-t-lauquen-la-estimacion-para-el-martes-y-miercoles-da-cuenta-que-bajaria-la-temperatura\/#primaryimage\"},\"image\":{\"@id\":\"https:\/\/infoecos.com.ar\/index.php\/clima-t-lauquen-la-estimacion-para-el-martes-y-miercoles-da-cuenta-que-bajaria-la-temperatura\/#primaryimage\"},\"thumbnailUrl\":\"https:\/\/infoecos.com.ar\/wp-content\/uploads\/2024\/09\/image-24.png\",\"datePublished\":\"2024-09-02T23:37:22+00:00\",\"dateModified\":\"2024-09-02T23:37:23+00:00\",\"breadcrumb\":{\"@id\":\"https:\/\/infoecos.com.ar\/index.php\/clima-t-lauquen-la-estimacion-para-el-martes-y-miercoles-da-cuenta-que-bajaria-la-temperatura\/#breadcrumb\"},\"inLanguage\":\"es\",\"potentialAction\":[{\"@type\":\"ReadAction\",\"target\":[\"https:\/\/infoecos.com.ar\/index.php\/clima-t-lauquen-la-estimacion-para-el-martes-y-miercoles-da-cuenta-que-bajaria-la-temperatura\/\"]}]},{\"@type\":\"ImageObject\",\"inLanguage\":\"es\",\"@id\":\"https:\/\/infoecos.com.ar\/index.php\/clima-t-lauquen-la-estimacion-para-el-martes-y-miercoles-da-cuenta-que-bajaria-la-temperatura\/#primaryimage\",\"url\":\"https:\/\/infoecos.com.ar\/wp-content\/uploads\/2024\/09\/image-24.png\",\"contentUrl\":\"https:\/\/infoecos.com.ar\/wp-content\/uploads\/2024\/09\/image-24.png\",\"width\":960,\"height\":1280},{\"@type\":\"BreadcrumbList\",\"@id\":\"https:\/\/infoecos.com.ar\/index.php\/clima-t-lauquen-la-estimacion-para-el-martes-y-miercoles-da-cuenta-que-bajaria-la-temperatura\/#breadcrumb\",\"itemListElement\":[{\"@type\":\"ListItem\",\"position\":1,\"name\":\"Portada\",\"item\":\"https:\/\/infoecos.com.ar\/\"},{\"@type\":\"ListItem\",\"position\":2,\"name\":\"Clima T.Lauquen: la estimaci\u00f3n para el martes y mi\u00e9rcoles da cuenta que bajar\u00eda la temperatura\"}]},{\"@type\":\"WebSite\",\"@id\":\"https:\/\/infoecos.com.ar\/#website\",\"url\":\"https:\/\/infoecos.com.ar\/\",\"name\":\"Infoecos\",\"description\":\"Noticias de trenque lauquen y la zona\",\"publisher\":{\"@id\":\"https:\/\/infoecos.com.ar\/#organization\"},\"alternateName\":\"Noticias\",\"potentialAction\":[{\"@type\":\"SearchAction\",\"target\":{\"@type\":\"EntryPoint\",\"urlTemplate\":\"https:\/\/infoecos.com.ar\/?s={search_term_string}\"},\"query-input\":{\"@type\":\"PropertyValueSpecification\",\"valueRequired\":true,\"valueName\":\"search_term_string\"}}],\"inLanguage\":\"es\"},{\"@type\":\"Organization\",\"@id\":\"https:\/\/infoecos.com.ar\/#organization\",\"name\":\"Infoecos\",\"alternateName\":\"Noticias\",\"url\":\"https:\/\/infoecos.com.ar\/\",\"logo\":{\"@type\":\"ImageObject\",\"inLanguage\":\"es\",\"@id\":\"https:\/\/infoecos.com.ar\/#\/schema\/logo\/image\/\",\"url\":\"https:\/\/infoecos.com.ar\/wp-content\/uploads\/2024\/03\/cropped-logo.png\",\"contentUrl\":\"https:\/\/infoecos.com.ar\/wp-content\/uploads\/2024\/03\/cropped-logo.png\",\"width\":374,\"height\":90,\"caption\":\"Infoecos\"},\"image\":{\"@id\":\"https:\/\/infoecos.com.ar\/#\/schema\/logo\/image\/\"},\"sameAs\":[\"https:\/\/www.facebook.com\/profile.php?id=100063200290284\",\"https:\/\/x.com\/infoecos\"]},{\"@type\":\"Person\",\"@id\":\"https:\/\/infoecos.com.ar\/#\/schema\/person\/8f5ace5ce73b4b4aac4b7245aee6f191\",\"name\":\"Jorge Matheus\",\"url\":\"https:\/\/infoecos.com.ar\/index.php\/author\/jomatheus\/\"}]}<\/script>\n<!-- \/ Yoast SEO plugin. -->","yoast_head_json":{"title":"Clima T.Lauquen: la estimaci\u00f3n para el martes y mi\u00e9rcoles da cuenta que bajar\u00eda la temperatura - Infoecos","robots":{"index":"index","follow":"follow","max-snippet":"max-snippet:-1","max-image-preview":"max-image-preview:large","max-video-preview":"max-video-preview:-1"},"canonical":"https:\/\/infoecos.com.ar\/index.php\/clima-t-lauquen-la-estimacion-para-el-martes-y-miercoles-da-cuenta-que-bajaria-la-temperatura\/","og_locale":"es_ES","og_type":"article","og_title":"Clima T.Lauquen: la estimaci\u00f3n para el martes y mi\u00e9rcoles da cuenta que bajar\u00eda la temperatura - Infoecos","og_description":"Descender\u00eda la temperatura este martes y mi\u00e9rcoles, para volver a aumentar el jueves, d\u00eda en que se producir\u00edan fuertes vientos de hasta 59 km\/h","og_url":"https:\/\/infoecos.com.ar\/index.php\/clima-t-lauquen-la-estimacion-para-el-martes-y-miercoles-da-cuenta-que-bajaria-la-temperatura\/","og_site_name":"Infoecos","article_publisher":"https:\/\/www.facebook.com\/profile.php?id=100063200290284","article_published_time":"2024-09-02T23:37:22+00:00","article_modified_time":"2024-09-02T23:37:23+00:00","og_image":[{"url":"https:\/\/infoecos.com.ar\/wp-content\/uploads\/2024\/09\/image-24.png","width":640,"height":853,"type":"image\/png"}],"author":"Jorge Matheus","twitter_card":"summary_large_image","twitter_creator":"@infoecos","twitter_site":"@infoecos","twitter_misc":{"Escrito por":"Jorge Matheus","Tiempo de lectura":"2 minutos"},"schema":{"@context":"https:\/\/schema.org","@graph":[{"@type":"Article","@id":"https:\/\/infoecos.com.ar\/index.php\/clima-t-lauquen-la-estimacion-para-el-martes-y-miercoles-da-cuenta-que-bajaria-la-temperatura\/#article","isPartOf":{"@id":"https:\/\/infoecos.com.ar\/index.php\/clima-t-lauquen-la-estimacion-para-el-martes-y-miercoles-da-cuenta-que-bajaria-la-temperatura\/"},"author":{"name":"Jorge Matheus","@id":"https:\/\/infoecos.com.ar\/#\/schema\/person\/8f5ace5ce73b4b4aac4b7245aee6f191"},"headline":"Clima T.Lauquen: la estimaci\u00f3n para el martes y mi\u00e9rcoles da cuenta que bajar\u00eda la temperatura","datePublished":"2024-09-02T23:37:22+00:00","dateModified":"2024-09-02T23:37:23+00:00","mainEntityOfPage":{"@id":"https:\/\/infoecos.com.ar\/index.php\/clima-t-lauquen-la-estimacion-para-el-martes-y-miercoles-da-cuenta-que-bajaria-la-temperatura\/"},"wordCount":79,"publisher":{"@id":"https:\/\/infoecos.com.ar\/#organization"},"image":{"@id":"https:\/\/infoecos.com.ar\/index.php\/clima-t-lauquen-la-estimacion-para-el-martes-y-miercoles-da-cuenta-que-bajaria-la-temperatura\/#primaryimage"},"thumbnailUrl":"https:\/\/infoecos.com.ar\/wp-content\/uploads\/2024\/09\/image-24.png","articleSection":["Noticia Principal"],"inLanguage":"es"},{"@type":"WebPage","@id":"https:\/\/infoecos.com.ar\/index.php\/clima-t-lauquen-la-estimacion-para-el-martes-y-miercoles-da-cuenta-que-bajaria-la-temperatura\/","url":"https:\/\/infoecos.com.ar\/index.php\/clima-t-lauquen-la-estimacion-para-el-martes-y-miercoles-da-cuenta-que-bajaria-la-temperatura\/","name":"Clima T.Lauquen: la estimaci\u00f3n para el martes y mi\u00e9rcoles da cuenta que bajar\u00eda la temperatura - Infoecos","isPartOf":{"@id":"https:\/\/infoecos.com.ar\/#website"},"primaryImageOfPage":{"@id":"https:\/\/infoecos.com.ar\/index.php\/clima-t-lauquen-la-estimacion-para-el-martes-y-miercoles-da-cuenta-que-bajaria-la-temperatura\/#primaryimage"},"image":{"@id":"https:\/\/infoecos.com.ar\/index.php\/clima-t-lauquen-la-estimacion-para-el-martes-y-miercoles-da-cuenta-que-bajaria-la-temperatura\/#primaryimage"},"thumbnailUrl":"https:\/\/infoecos.com.ar\/wp-content\/uploads\/2024\/09\/image-24.png","datePublished":"2024-09-02T23:37:22+00:00","dateModified":"2024-09-02T23:37:23+00:00","breadcrumb":{"@id":"https:\/\/infoecos.com.ar\/index.php\/clima-t-lauquen-la-estimacion-para-el-martes-y-miercoles-da-cuenta-que-bajaria-la-temperatura\/#breadcrumb"},"inLanguage":"es","potentialAction":[{"@type":"ReadAction","target":["https:\/\/infoecos.com.ar\/index.php\/clima-t-lauquen-la-estimacion-para-el-martes-y-miercoles-da-cuenta-que-bajaria-la-temperatura\/"]}]},{"@type":"ImageObject","inLanguage":"es","@id":"https:\/\/infoecos.com.ar\/index.php\/clima-t-lauquen-la-estimacion-para-el-martes-y-miercoles-da-cuenta-que-bajaria-la-temperatura\/#primaryimage","url":"https:\/\/infoecos.com.ar\/wp-content\/uploads\/2024\/09\/image-24.png","contentUrl":"https:\/\/infoecos.com.ar\/wp-content\/uploads\/2024\/09\/image-24.png","width":960,"height":1280},{"@type":"BreadcrumbList","@id":"https:\/\/infoecos.com.ar\/index.php\/clima-t-lauquen-la-estimacion-para-el-martes-y-miercoles-da-cuenta-que-bajaria-la-temperatura\/#breadcrumb","itemListElement":[{"@type":"ListItem","position":1,"name":"Portada","item":"https:\/\/infoecos.com.ar\/"},{"@type":"ListItem","position":2,"name":"Clima T.Lauquen: la estimaci\u00f3n para el martes y mi\u00e9rcoles da cuenta que bajar\u00eda la temperatura"}]},{"@type":"WebSite","@id":"https:\/\/infoecos.com.ar\/#website","url":"https:\/\/infoecos.com.ar\/","name":"Infoecos","description":"Noticias de trenque lauquen y la zona","publisher":{"@id":"https:\/\/infoecos.com.ar\/#organization"},"alternateName":"Noticias","potentialAction":[{"@type":"SearchAction","target":{"@type":"EntryPoint","urlTemplate":"https:\/\/infoecos.com.ar\/?s={search_term_string}"},"query-input":{"@type":"PropertyValueSpecification","valueRequired":true,"valueName":"search_term_string"}}],"inLanguage":"es"},{"@type":"Organization","@id":"https:\/\/infoecos.com.ar\/#organization","name":"Infoecos","alternateName":"Noticias","url":"https:\/\/infoecos.com.ar\/","logo":{"@type":"ImageObject","inLanguage":"es","@id":"https:\/\/infoecos.com.ar\/#\/schema\/logo\/image\/","url":"https:\/\/infoecos.com.ar\/wp-content\/uploads\/2024\/03\/cropped-logo.png","contentUrl":"https:\/\/infoecos.com.ar\/wp-content\/uploads\/2024\/03\/cropped-logo.png","width":374,"height":90,"caption":"Infoecos"},"image":{"@id":"https:\/\/infoecos.com.ar\/#\/schema\/logo\/image\/"},"sameAs":["https:\/\/www.facebook.com\/profile.php?id=100063200290284","https:\/\/x.com\/infoecos"]},{"@type":"Person","@id":"https:\/\/infoecos.com.ar\/#\/schema\/person\/8f5ace5ce73b4b4aac4b7245aee6f191","name":"Jorge Matheus","url":"https:\/\/infoecos.com.ar\/index.php\/author\/jomatheus\/"}]}},"featured_image_urls":{"full":["https:\/\/infoecos.com.ar\/wp-content\/uploads\/2024\/09\/image-24.png",960,1280,false],"thumbnail":["https:\/\/infoecos.com.ar\/wp-content\/uploads\/2024\/09\/image-24-300x150.png",300,150,true],"medium":["https:\/\/infoecos.com.ar\/wp-content\/uploads\/2024\/09\/image-24-600x800.png",600,800,true],"medium_large":["https:\/\/infoecos.com.ar\/wp-content\/uploads\/2024\/09\/image-24-768x1024.png",640,853,true],"large":["https:\/\/infoecos.com.ar\/wp-content\/uploads\/2024\/09\/image-24.png",640,853,false],"1536x1536":["https:\/\/infoecos.com.ar\/wp-content\/uploads\/2024\/09\/image-24.png",960,1280,false],"2048x2048":["https:\/\/infoecos.com.ar\/wp-content\/uploads\/2024\/09\/image-24.png",960,1280,false],"covernews-slider-full":["https:\/\/infoecos.com.ar\/wp-content\/uploads\/2024\/09\/image-24-960x715.png",960,715,true],"covernews-slider-center":["https:\/\/infoecos.com.ar\/wp-content\/uploads\/2024\/09\/image-24-800x500.png",800,500,true],"covernews-featured":["https:\/\/infoecos.com.ar\/wp-content\/uploads\/2024\/09\/image-24.png",960,1280,false],"covernews-medium":["https:\/\/infoecos.com.ar\/wp-content\/uploads\/2024\/09\/image-24-540x340.png",540,340,true],"covernews-medium-square":["https:\/\/infoecos.com.ar\/wp-content\/uploads\/2024\/09\/image-24-400x250.png",400,250,true]},"author_info":{"info":["Jorge Matheus"]},"category_info":"<a href=\"https:\/\/infoecos.com.ar\/index.php\/category\/noticia-principal\/\" rel=\"category tag\">Noticia Principal<\/a>","tag_info":"Noticia Principal","comment_count":"0","_links":{"self":[{"href":"https:\/\/infoecos.com.ar\/index.php\/wp-json\/wp\/v2\/posts\/129643"}],"collection":[{"href":"https:\/\/infoecos.com.ar\/index.php\/wp-json\/wp\/v2\/posts"}],"about":[{"href":"https:\/\/infoecos.com.ar\/index.php\/wp-json\/wp\/v2\/types\/post"}],"author":[{"embeddable":true,"href":"https:\/\/infoecos.com.ar\/index.php\/wp-json\/wp\/v2\/users\/2"}],"replies":[{"embeddable":true,"href":"https:\/\/infoecos.com.ar\/index.php\/wp-json\/wp\/v2\/comments?post=129643"}],"version-history":[{"count":1,"href":"https:\/\/infoecos.com.ar\/index.php\/wp-json\/wp\/v2\/posts\/129643\/revisions"}],"predecessor-version":[{"id":129647,"href":"https:\/\/infoecos.com.ar\/index.php\/wp-json\/wp\/v2\/posts\/129643\/revisions\/129647"}],"wp:featuredmedia":[{"embeddable":true,"href":"https:\/\/infoecos.com.ar\/index.php\/wp-json\/wp\/v2\/media\/129646"}],"wp:attachment":[{"href":"https:\/\/infoecos.com.ar\/index.php\/wp-json\/wp\/v2\/media?parent=129643"}],"wp:term":[{"taxonomy":"category","embeddable":true,"href":"https:\/\/infoecos.com.ar\/index.php\/wp-json\/wp\/v2\/categories?post=129643"},{"taxonomy":"post_tag","embeddable":true,"href":"https:\/\/infoecos.com.ar\/index.php\/wp-json\/wp\/v2\/tags?post=129643"}],"curies":[{"name":"wp","href":"https:\/\/api.w.org\/{rel}","templated":true}]}}