{"id":129693,"date":"2024-09-06T18:52:26","date_gmt":"2024-09-06T21:52:26","guid":{"rendered":"https:\/\/infoecos.com.ar\/?p=129693"},"modified":"2024-09-09T23:29:44","modified_gmt":"2024-09-10T02:29:44","slug":"general-villegas-infraestructura-servicios-basicos-impuestos-y-esperanza-como-ejes-de-los-discursos-en-la-expo-rural-que-comenzo-este-viernes","status":"publish","type":"post","link":"https:\/\/infoecos.com.ar\/index.php\/general-villegas-infraestructura-servicios-basicos-impuestos-y-esperanza-como-ejes-de-los-discursos-en-la-expo-rural-que-comenzo-este-viernes\/","title":{"rendered":"General Villegas: infraestructura, servicios b\u00e1sicos, impuestos y esperanza como ejes de los discursos en la Expo Rural que comenz\u00f3 este viernes"},"content":{"rendered":"\n<figure class=\"wp-block-image alignright size-full is-resized\"><img loading=\"lazy\" decoding=\"async\" width=\"1600\" height=\"900\" src=\"https:\/\/infoecos.com.ar\/wp-content\/uploads\/2024\/09\/WhatsApp-Image-2024-09-06-at-09.53.26.jpeg\" alt=\"\" class=\"wp-image-129694\" style=\"width:364px;height:auto\" srcset=\"https:\/\/infoecos.com.ar\/wp-content\/uploads\/2024\/09\/WhatsApp-Image-2024-09-06-at-09.53.26.jpeg 1600w, https:\/\/infoecos.com.ar\/wp-content\/uploads\/2024\/09\/WhatsApp-Image-2024-09-06-at-09.53.26-800x450.jpeg 800w, https:\/\/infoecos.com.ar\/wp-content\/uploads\/2024\/09\/WhatsApp-Image-2024-09-06-at-09.53.26-768x432.jpeg 768w, https:\/\/infoecos.com.ar\/wp-content\/uploads\/2024\/09\/WhatsApp-Image-2024-09-06-at-09.53.26-1536x864.jpeg 1536w, https:\/\/infoecos.com.ar\/wp-content\/uploads\/2024\/09\/WhatsApp-Image-2024-09-06-at-09.53.26-1024x576.jpeg 1024w\" sizes=\"(max-width: 1600px) 100vw, 1600px\" \/><\/figure>\n\n\n\n<p>Se realiza desde este viernes en General Villegas, despu\u00e9s de un par\u00e9ntesis de cinco a\u00f1os, la Exposici\u00f3n Rural, que habr\u00e1 de extenderse hasta el pr\u00f3ximo domingo.<\/p>\n\n\n\n<p>Se dispusieron para la venta 70 stands los que fueron vendidos.<\/p>\n\n\n\n<p>En el acto de inauguraci\u00f3n, desarrollado a las 8 de la ma\u00f1ana estuvieron presentes autoridades municipales, policiales, comisi\u00f3n directiva de la entidad agropecuaria, representantes de instituciones y entidades intermedias, productores agropecuarios, comerciantes, expositores y p\u00fablico.<\/p>\n\n\n\n<p>El presidente actual de la Sociedad Rural del partido de General Villegas, Santiago Mocorrea, destac\u00f3 la importancia de la colaboraci\u00f3n entre la entidad y la comunidad para desarrollar un proyecto beneficioso para la regi\u00f3n. Agradeci\u00f3 a quienes hicieron posible la edici\u00f3n de este a\u00f1o de la Expo Rural y subray\u00f3 que la producci\u00f3n agr\u00edcola enfrenta desaf\u00edos debido a la falta de infraestructura y servicios b\u00e1sicos en zonas productivas, as\u00ed como el alto nivel de impuestos que perjudica a los productores.<\/p>\n\n\n\n<figure class=\"wp-block-gallery has-nested-images columns-default is-cropped wp-block-gallery-1 is-layout-flex wp-block-gallery-is-layout-flex\">\n<figure class=\"wp-block-image size-large\"><img loading=\"lazy\" decoding=\"async\" width=\"1600\" height=\"900\" data-id=\"129702\" src=\"https:\/\/infoecos.com.ar\/wp-content\/uploads\/2024\/09\/WhatsApp-Image-2024-09-06-at-10.09.53.jpeg\" alt=\"\" class=\"wp-image-129702\" srcset=\"https:\/\/infoecos.com.ar\/wp-content\/uploads\/2024\/09\/WhatsApp-Image-2024-09-06-at-10.09.53.jpeg 1600w, https:\/\/infoecos.com.ar\/wp-content\/uploads\/2024\/09\/WhatsApp-Image-2024-09-06-at-10.09.53-800x450.jpeg 800w, https:\/\/infoecos.com.ar\/wp-content\/uploads\/2024\/09\/WhatsApp-Image-2024-09-06-at-10.09.53-768x432.jpeg 768w, https:\/\/infoecos.com.ar\/wp-content\/uploads\/2024\/09\/WhatsApp-Image-2024-09-06-at-10.09.53-1536x864.jpeg 1536w, https:\/\/infoecos.com.ar\/wp-content\/uploads\/2024\/09\/WhatsApp-Image-2024-09-06-at-10.09.53-1024x576.jpeg 1024w\" sizes=\"(max-width: 1600px) 100vw, 1600px\" \/><\/figure>\n\n\n\n<figure class=\"wp-block-image size-large\"><img loading=\"lazy\" decoding=\"async\" width=\"1600\" height=\"900\" data-id=\"129701\" src=\"https:\/\/infoecos.com.ar\/wp-content\/uploads\/2024\/09\/WhatsApp-Image-2024-09-06-at-10.22.24.jpeg\" alt=\"\" class=\"wp-image-129701\" srcset=\"https:\/\/infoecos.com.ar\/wp-content\/uploads\/2024\/09\/WhatsApp-Image-2024-09-06-at-10.22.24.jpeg 1600w, https:\/\/infoecos.com.ar\/wp-content\/uploads\/2024\/09\/WhatsApp-Image-2024-09-06-at-10.22.24-800x450.jpeg 800w, https:\/\/infoecos.com.ar\/wp-content\/uploads\/2024\/09\/WhatsApp-Image-2024-09-06-at-10.22.24-768x432.jpeg 768w, https:\/\/infoecos.com.ar\/wp-content\/uploads\/2024\/09\/WhatsApp-Image-2024-09-06-at-10.22.24-1536x864.jpeg 1536w, https:\/\/infoecos.com.ar\/wp-content\/uploads\/2024\/09\/WhatsApp-Image-2024-09-06-at-10.22.24-1024x576.jpeg 1024w\" sizes=\"(max-width: 1600px) 100vw, 1600px\" \/><\/figure>\n<\/figure>\n\n\n\n<p>Mocorrea mencion\u00f3 adem\u00e1s la esperanza de un cambio positivo con nuevas pol\u00edticas y resalt\u00f3 la necesidad de que la producci\u00f3n sea reconocida y valorada adecuadamente. Felicit\u00f3 a todos los equipos que trabajaron incansablemente para organizar el evento y agradeci\u00f3 al intendente Gilberto Alegre y a su equipo de gobierno por apoyar el evento y hacerlo posible.<\/p>\n\n\n\n<figure class=\"wp-block-gallery has-nested-images columns-default is-cropped wp-block-gallery-2 is-layout-flex wp-block-gallery-is-layout-flex\">\n<figure class=\"wp-block-image size-large\"><img loading=\"lazy\" decoding=\"async\" width=\"1600\" height=\"900\" data-id=\"129696\" src=\"https:\/\/infoecos.com.ar\/wp-content\/uploads\/2024\/09\/WhatsApp-Image-2024-09-06-at-09.53.38.jpeg\" alt=\"\" class=\"wp-image-129696\" srcset=\"https:\/\/infoecos.com.ar\/wp-content\/uploads\/2024\/09\/WhatsApp-Image-2024-09-06-at-09.53.38.jpeg 1600w, https:\/\/infoecos.com.ar\/wp-content\/uploads\/2024\/09\/WhatsApp-Image-2024-09-06-at-09.53.38-800x450.jpeg 800w, https:\/\/infoecos.com.ar\/wp-content\/uploads\/2024\/09\/WhatsApp-Image-2024-09-06-at-09.53.38-768x432.jpeg 768w, https:\/\/infoecos.com.ar\/wp-content\/uploads\/2024\/09\/WhatsApp-Image-2024-09-06-at-09.53.38-1536x864.jpeg 1536w, https:\/\/infoecos.com.ar\/wp-content\/uploads\/2024\/09\/WhatsApp-Image-2024-09-06-at-09.53.38-1024x576.jpeg 1024w\" sizes=\"(max-width: 1600px) 100vw, 1600px\" \/><\/figure>\n\n\n\n<figure class=\"wp-block-image size-large\"><img loading=\"lazy\" decoding=\"async\" width=\"1600\" height=\"900\" data-id=\"129695\" src=\"https:\/\/infoecos.com.ar\/wp-content\/uploads\/2024\/09\/WhatsApp-Image-2024-09-06-at-09.53.44.jpeg\" alt=\"\" class=\"wp-image-129695\" srcset=\"https:\/\/infoecos.com.ar\/wp-content\/uploads\/2024\/09\/WhatsApp-Image-2024-09-06-at-09.53.44.jpeg 1600w, https:\/\/infoecos.com.ar\/wp-content\/uploads\/2024\/09\/WhatsApp-Image-2024-09-06-at-09.53.44-800x450.jpeg 800w, https:\/\/infoecos.com.ar\/wp-content\/uploads\/2024\/09\/WhatsApp-Image-2024-09-06-at-09.53.44-768x432.jpeg 768w, https:\/\/infoecos.com.ar\/wp-content\/uploads\/2024\/09\/WhatsApp-Image-2024-09-06-at-09.53.44-1536x864.jpeg 1536w, https:\/\/infoecos.com.ar\/wp-content\/uploads\/2024\/09\/WhatsApp-Image-2024-09-06-at-09.53.44-1024x576.jpeg 1024w\" sizes=\"(max-width: 1600px) 100vw, 1600px\" \/><\/figure>\n\n\n\n<figure class=\"wp-block-image size-large\"><img loading=\"lazy\" decoding=\"async\" width=\"1600\" height=\"900\" data-id=\"129697\" src=\"https:\/\/infoecos.com.ar\/wp-content\/uploads\/2024\/09\/WhatsApp-Image-2024-09-06-at-09.54.01.jpeg\" alt=\"\" class=\"wp-image-129697\" srcset=\"https:\/\/infoecos.com.ar\/wp-content\/uploads\/2024\/09\/WhatsApp-Image-2024-09-06-at-09.54.01.jpeg 1600w, https:\/\/infoecos.com.ar\/wp-content\/uploads\/2024\/09\/WhatsApp-Image-2024-09-06-at-09.54.01-800x450.jpeg 800w, https:\/\/infoecos.com.ar\/wp-content\/uploads\/2024\/09\/WhatsApp-Image-2024-09-06-at-09.54.01-768x432.jpeg 768w, https:\/\/infoecos.com.ar\/wp-content\/uploads\/2024\/09\/WhatsApp-Image-2024-09-06-at-09.54.01-1536x864.jpeg 1536w, https:\/\/infoecos.com.ar\/wp-content\/uploads\/2024\/09\/WhatsApp-Image-2024-09-06-at-09.54.01-1024x576.jpeg 1024w\" sizes=\"(max-width: 1600px) 100vw, 1600px\" \/><\/figure>\n<\/figure>\n\n\n\n<p><strong>El intendente apunt\u00f3 reclamos a nivel nacional<\/strong><\/p>\n\n\n\n<p>El intendente Gilberto Alegre, por su parte, reclam\u00f3 una mejor infraestructura, como rutas y caminos, que beneficie a las comunidades productoras, al preguntar \u00abc\u00f3mo es posible tener rutas como la 33 (por el mal estado) que necesitamos para llevar al puerto nuestra producci\u00f3n. Esto nos da la pauta que los gobiernos centrales son ciegos y sordos, no les interesamos. Hace a\u00f1os que venimos reclamando y no hay respuestas\u00bb y refiri\u00f3 adem\u00e1s que \u00abtambi\u00e9n nos pasa con los caminos provinciales. \u00bfC\u00f3mo puede ser que se aporte tantos recursos por el impuesto inmobiliario y ac\u00e1 no llega nada?\u00bb<\/p>\n\n\n\n<p>Tambi\u00e9n plante\u00f3 la importancia de que los productores hagan o\u00edr su voz ante la injusticia econ\u00f3mica y la falta de retribuci\u00f3n acorde a lo que aportan indicando que \u00abno importa lo que nosotros aportemos, lo que importa es en qu\u00e9 gastan el dinero y ah\u00ed obviamente tiene que estar dirigido nuestro reclamo. Hoy venimos a demostrar el potencial que tiene el campo, lo que produce nuestra zona. Pedimos que se nos reconozca como un pueblo productor, como una zona muy rica que aporta mucho a las arcas de la Naci\u00f3n, pero no somos retribuidos como corresponde\u00bb.<\/p>\n\n\n\n<figure class=\"wp-block-gallery has-nested-images columns-default is-cropped wp-block-gallery-3 is-layout-flex wp-block-gallery-is-layout-flex\">\n<figure class=\"wp-block-image size-large\"><img loading=\"lazy\" decoding=\"async\" width=\"1600\" height=\"900\" data-id=\"129698\" src=\"https:\/\/infoecos.com.ar\/wp-content\/uploads\/2024\/09\/WhatsApp-Image-2024-09-06-at-09.54.19.jpeg\" alt=\"\" class=\"wp-image-129698\" srcset=\"https:\/\/infoecos.com.ar\/wp-content\/uploads\/2024\/09\/WhatsApp-Image-2024-09-06-at-09.54.19.jpeg 1600w, https:\/\/infoecos.com.ar\/wp-content\/uploads\/2024\/09\/WhatsApp-Image-2024-09-06-at-09.54.19-800x450.jpeg 800w, https:\/\/infoecos.com.ar\/wp-content\/uploads\/2024\/09\/WhatsApp-Image-2024-09-06-at-09.54.19-768x432.jpeg 768w, https:\/\/infoecos.com.ar\/wp-content\/uploads\/2024\/09\/WhatsApp-Image-2024-09-06-at-09.54.19-1536x864.jpeg 1536w, https:\/\/infoecos.com.ar\/wp-content\/uploads\/2024\/09\/WhatsApp-Image-2024-09-06-at-09.54.19-1024x576.jpeg 1024w\" sizes=\"(max-width: 1600px) 100vw, 1600px\" \/><\/figure>\n\n\n\n<figure class=\"wp-block-image size-large\"><img loading=\"lazy\" decoding=\"async\" width=\"1601\" height=\"901\" data-id=\"129700\" src=\"https:\/\/infoecos.com.ar\/wp-content\/uploads\/2024\/09\/WhatsApp-Image-2024-09-06-at-09.56.36.jpeg\" alt=\"\" class=\"wp-image-129700\" srcset=\"https:\/\/infoecos.com.ar\/wp-content\/uploads\/2024\/09\/WhatsApp-Image-2024-09-06-at-09.56.36.jpeg 1601w, https:\/\/infoecos.com.ar\/wp-content\/uploads\/2024\/09\/WhatsApp-Image-2024-09-06-at-09.56.36-800x450.jpeg 800w, https:\/\/infoecos.com.ar\/wp-content\/uploads\/2024\/09\/WhatsApp-Image-2024-09-06-at-09.56.36-768x432.jpeg 768w, https:\/\/infoecos.com.ar\/wp-content\/uploads\/2024\/09\/WhatsApp-Image-2024-09-06-at-09.56.36-1536x864.jpeg 1536w, https:\/\/infoecos.com.ar\/wp-content\/uploads\/2024\/09\/WhatsApp-Image-2024-09-06-at-09.56.36-1024x576.jpeg 1024w\" sizes=\"(max-width: 1601px) 100vw, 1601px\" \/><\/figure>\n\n\n\n<figure class=\"wp-block-image size-large\"><img loading=\"lazy\" decoding=\"async\" width=\"1600\" height=\"900\" data-id=\"129699\" src=\"https:\/\/infoecos.com.ar\/wp-content\/uploads\/2024\/09\/WhatsApp-Image-2024-09-06-at-10.04.39.jpeg\" alt=\"\" class=\"wp-image-129699\" srcset=\"https:\/\/infoecos.com.ar\/wp-content\/uploads\/2024\/09\/WhatsApp-Image-2024-09-06-at-10.04.39.jpeg 1600w, https:\/\/infoecos.com.ar\/wp-content\/uploads\/2024\/09\/WhatsApp-Image-2024-09-06-at-10.04.39-800x450.jpeg 800w, https:\/\/infoecos.com.ar\/wp-content\/uploads\/2024\/09\/WhatsApp-Image-2024-09-06-at-10.04.39-768x432.jpeg 768w, https:\/\/infoecos.com.ar\/wp-content\/uploads\/2024\/09\/WhatsApp-Image-2024-09-06-at-10.04.39-1536x864.jpeg 1536w, https:\/\/infoecos.com.ar\/wp-content\/uploads\/2024\/09\/WhatsApp-Image-2024-09-06-at-10.04.39-1024x576.jpeg 1024w\" sizes=\"(max-width: 1600px) 100vw, 1600px\" \/><\/figure>\n<\/figure>\n","protected":false},"excerpt":{"rendered":"<p>En el acto de inauguraci\u00f3n, desarrollado a las 8 de la ma\u00f1ana estuvieron presentes autoridades municipales, policiales, comisi\u00f3n directiva de la entidad agropecuaria, representantes de instituciones y entidades intermedias, productores agropecuarios, comerciantes, expositores y p\u00fablico<\/p>\n","protected":false},"author":2,"featured_media":129694,"comment_status":"closed","ping_status":"open","sticky":false,"template":"","format":"standard","meta":{"footnotes":""},"categories":[1612],"tags":[1500],"class_list":["post-129693","post","type-post","status-publish","format-standard","has-post-thumbnail","hentry","category-noticia-principal","tag-regional"],"yoast_head":"<!-- This site is optimized with the Yoast SEO plugin v23.4 - https:\/\/yoast.com\/wordpress\/plugins\/seo\/ -->\n<title>General Villegas: infraestructura, servicios b\u00e1sicos, impuestos y esperanza como ejes de los discursos en la Expo Rural que comenz\u00f3 este viernes - Infoecos<\/title>\n<meta name=\"robots\" content=\"index, follow, max-snippet:-1, max-image-preview:large, max-video-preview:-1\" \/>\n<link rel=\"canonical\" href=\"https:\/\/infoecos.com.ar\/index.php\/general-villegas-infraestructura-servicios-basicos-impuestos-y-esperanza-como-ejes-de-los-discursos-en-la-expo-rural-que-comenzo-este-viernes\/\" \/>\n<meta property=\"og:locale\" content=\"es_ES\" \/>\n<meta property=\"og:type\" content=\"article\" \/>\n<meta property=\"og:title\" content=\"General Villegas: infraestructura, servicios b\u00e1sicos, impuestos y esperanza como ejes de los discursos en la Expo Rural que comenz\u00f3 este viernes - Infoecos\" \/>\n<meta property=\"og:description\" content=\"En el acto de inauguraci\u00f3n, desarrollado a las 8 de la ma\u00f1ana estuvieron presentes autoridades municipales, policiales, comisi\u00f3n directiva de la entidad agropecuaria, representantes de instituciones y entidades intermedias, productores agropecuarios, comerciantes, expositores y p\u00fablico\" \/>\n<meta property=\"og:url\" content=\"https:\/\/infoecos.com.ar\/index.php\/general-villegas-infraestructura-servicios-basicos-impuestos-y-esperanza-como-ejes-de-los-discursos-en-la-expo-rural-que-comenzo-este-viernes\/\" \/>\n<meta property=\"og:site_name\" content=\"Infoecos\" \/>\n<meta property=\"article:publisher\" content=\"https:\/\/www.facebook.com\/profile.php?id=100063200290284\" \/>\n<meta property=\"article:published_time\" content=\"2024-09-06T21:52:26+00:00\" \/>\n<meta property=\"article:modified_time\" content=\"2024-09-10T02:29:44+00:00\" \/>\n<meta property=\"og:image\" content=\"https:\/\/infoecos.com.ar\/wp-content\/uploads\/2024\/09\/WhatsApp-Image-2024-09-06-at-09.53.26.jpeg\" \/>\n\t<meta property=\"og:image:width\" content=\"1600\" \/>\n\t<meta property=\"og:image:height\" content=\"900\" \/>\n\t<meta property=\"og:image:type\" content=\"image\/jpeg\" \/>\n<meta name=\"author\" content=\"Jorge Matheus\" \/>\n<meta name=\"twitter:card\" content=\"summary_large_image\" \/>\n<meta name=\"twitter:creator\" content=\"@infoecos\" \/>\n<meta name=\"twitter:site\" content=\"@infoecos\" \/>\n<meta name=\"twitter:label1\" content=\"Escrito por\" \/>\n\t<meta name=\"twitter:data1\" content=\"Jorge Matheus\" \/>\n\t<meta name=\"twitter:label2\" content=\"Tiempo de lectura\" \/>\n\t<meta name=\"twitter:data2\" content=\"4 minutos\" \/>\n<script type=\"application\/ld+json\" class=\"yoast-schema-graph\">{\"@context\":\"https:\/\/schema.org\",\"@graph\":[{\"@type\":\"Article\",\"@id\":\"https:\/\/infoecos.com.ar\/index.php\/general-villegas-infraestructura-servicios-basicos-impuestos-y-esperanza-como-ejes-de-los-discursos-en-la-expo-rural-que-comenzo-este-viernes\/#article\",\"isPartOf\":{\"@id\":\"https:\/\/infoecos.com.ar\/index.php\/general-villegas-infraestructura-servicios-basicos-impuestos-y-esperanza-como-ejes-de-los-discursos-en-la-expo-rural-que-comenzo-este-viernes\/\"},\"author\":{\"name\":\"Jorge Matheus\",\"@id\":\"https:\/\/infoecos.com.ar\/#\/schema\/person\/8f5ace5ce73b4b4aac4b7245aee6f191\"},\"headline\":\"General Villegas: infraestructura, servicios b\u00e1sicos, impuestos y esperanza como ejes de los discursos en la Expo Rural que comenz\u00f3 este viernes\",\"datePublished\":\"2024-09-06T21:52:26+00:00\",\"dateModified\":\"2024-09-10T02:29:44+00:00\",\"mainEntityOfPage\":{\"@id\":\"https:\/\/infoecos.com.ar\/index.php\/general-villegas-infraestructura-servicios-basicos-impuestos-y-esperanza-como-ejes-de-los-discursos-en-la-expo-rural-que-comenzo-este-viernes\/\"},\"wordCount\":457,\"publisher\":{\"@id\":\"https:\/\/infoecos.com.ar\/#organization\"},\"image\":{\"@id\":\"https:\/\/infoecos.com.ar\/index.php\/general-villegas-infraestructura-servicios-basicos-impuestos-y-esperanza-como-ejes-de-los-discursos-en-la-expo-rural-que-comenzo-este-viernes\/#primaryimage\"},\"thumbnailUrl\":\"https:\/\/infoecos.com.ar\/wp-content\/uploads\/2024\/09\/WhatsApp-Image-2024-09-06-at-09.53.26.jpeg\",\"keywords\":[\"REGIONAL\"],\"articleSection\":[\"Noticia Principal\"],\"inLanguage\":\"es\"},{\"@type\":\"WebPage\",\"@id\":\"https:\/\/infoecos.com.ar\/index.php\/general-villegas-infraestructura-servicios-basicos-impuestos-y-esperanza-como-ejes-de-los-discursos-en-la-expo-rural-que-comenzo-este-viernes\/\",\"url\":\"https:\/\/infoecos.com.ar\/index.php\/general-villegas-infraestructura-servicios-basicos-impuestos-y-esperanza-como-ejes-de-los-discursos-en-la-expo-rural-que-comenzo-este-viernes\/\",\"name\":\"General Villegas: infraestructura, servicios b\u00e1sicos, impuestos y esperanza como ejes de los discursos en la Expo Rural que comenz\u00f3 este viernes - Infoecos\",\"isPartOf\":{\"@id\":\"https:\/\/infoecos.com.ar\/#website\"},\"primaryImageOfPage\":{\"@id\":\"https:\/\/infoecos.com.ar\/index.php\/general-villegas-infraestructura-servicios-basicos-impuestos-y-esperanza-como-ejes-de-los-discursos-en-la-expo-rural-que-comenzo-este-viernes\/#primaryimage\"},\"image\":{\"@id\":\"https:\/\/infoecos.com.ar\/index.php\/general-villegas-infraestructura-servicios-basicos-impuestos-y-esperanza-como-ejes-de-los-discursos-en-la-expo-rural-que-comenzo-este-viernes\/#primaryimage\"},\"thumbnailUrl\":\"https:\/\/infoecos.com.ar\/wp-content\/uploads\/2024\/09\/WhatsApp-Image-2024-09-06-at-09.53.26.jpeg\",\"datePublished\":\"2024-09-06T21:52:26+00:00\",\"dateModified\":\"2024-09-10T02:29:44+00:00\",\"breadcrumb\":{\"@id\":\"https:\/\/infoecos.com.ar\/index.php\/general-villegas-infraestructura-servicios-basicos-impuestos-y-esperanza-como-ejes-de-los-discursos-en-la-expo-rural-que-comenzo-este-viernes\/#breadcrumb\"},\"inLanguage\":\"es\",\"potentialAction\":[{\"@type\":\"ReadAction\",\"target\":[\"https:\/\/infoecos.com.ar\/index.php\/general-villegas-infraestructura-servicios-basicos-impuestos-y-esperanza-como-ejes-de-los-discursos-en-la-expo-rural-que-comenzo-este-viernes\/\"]}]},{\"@type\":\"ImageObject\",\"inLanguage\":\"es\",\"@id\":\"https:\/\/infoecos.com.ar\/index.php\/general-villegas-infraestructura-servicios-basicos-impuestos-y-esperanza-como-ejes-de-los-discursos-en-la-expo-rural-que-comenzo-este-viernes\/#primaryimage\",\"url\":\"https:\/\/infoecos.com.ar\/wp-content\/uploads\/2024\/09\/WhatsApp-Image-2024-09-06-at-09.53.26.jpeg\",\"contentUrl\":\"https:\/\/infoecos.com.ar\/wp-content\/uploads\/2024\/09\/WhatsApp-Image-2024-09-06-at-09.53.26.jpeg\",\"width\":1600,\"height\":900},{\"@type\":\"BreadcrumbList\",\"@id\":\"https:\/\/infoecos.com.ar\/index.php\/general-villegas-infraestructura-servicios-basicos-impuestos-y-esperanza-como-ejes-de-los-discursos-en-la-expo-rural-que-comenzo-este-viernes\/#breadcrumb\",\"itemListElement\":[{\"@type\":\"ListItem\",\"position\":1,\"name\":\"Portada\",\"item\":\"https:\/\/infoecos.com.ar\/\"},{\"@type\":\"ListItem\",\"position\":2,\"name\":\"General Villegas: infraestructura, servicios b\u00e1sicos, impuestos y esperanza como ejes de los discursos en la Expo Rural que comenz\u00f3 este viernes\"}]},{\"@type\":\"WebSite\",\"@id\":\"https:\/\/infoecos.com.ar\/#website\",\"url\":\"https:\/\/infoecos.com.ar\/\",\"name\":\"Infoecos\",\"description\":\"Noticias de trenque lauquen y la zona\",\"publisher\":{\"@id\":\"https:\/\/infoecos.com.ar\/#organization\"},\"alternateName\":\"Noticias\",\"potentialAction\":[{\"@type\":\"SearchAction\",\"target\":{\"@type\":\"EntryPoint\",\"urlTemplate\":\"https:\/\/infoecos.com.ar\/?s={search_term_string}\"},\"query-input\":{\"@type\":\"PropertyValueSpecification\",\"valueRequired\":true,\"valueName\":\"search_term_string\"}}],\"inLanguage\":\"es\"},{\"@type\":\"Organization\",\"@id\":\"https:\/\/infoecos.com.ar\/#organization\",\"name\":\"Infoecos\",\"alternateName\":\"Noticias\",\"url\":\"https:\/\/infoecos.com.ar\/\",\"logo\":{\"@type\":\"ImageObject\",\"inLanguage\":\"es\",\"@id\":\"https:\/\/infoecos.com.ar\/#\/schema\/logo\/image\/\",\"url\":\"https:\/\/infoecos.com.ar\/wp-content\/uploads\/2024\/03\/cropped-logo.png\",\"contentUrl\":\"https:\/\/infoecos.com.ar\/wp-content\/uploads\/2024\/03\/cropped-logo.png\",\"width\":374,\"height\":90,\"caption\":\"Infoecos\"},\"image\":{\"@id\":\"https:\/\/infoecos.com.ar\/#\/schema\/logo\/image\/\"},\"sameAs\":[\"https:\/\/www.facebook.com\/profile.php?id=100063200290284\",\"https:\/\/x.com\/infoecos\"]},{\"@type\":\"Person\",\"@id\":\"https:\/\/infoecos.com.ar\/#\/schema\/person\/8f5ace5ce73b4b4aac4b7245aee6f191\",\"name\":\"Jorge Matheus\",\"url\":\"https:\/\/infoecos.com.ar\/index.php\/author\/jomatheus\/\"}]}<\/script>\n<!-- \/ Yoast SEO plugin. -->","yoast_head_json":{"title":"General Villegas: infraestructura, servicios b\u00e1sicos, impuestos y esperanza como ejes de los discursos en la Expo Rural que comenz\u00f3 este viernes - Infoecos","robots":{"index":"index","follow":"follow","max-snippet":"max-snippet:-1","max-image-preview":"max-image-preview:large","max-video-preview":"max-video-preview:-1"},"canonical":"https:\/\/infoecos.com.ar\/index.php\/general-villegas-infraestructura-servicios-basicos-impuestos-y-esperanza-como-ejes-de-los-discursos-en-la-expo-rural-que-comenzo-este-viernes\/","og_locale":"es_ES","og_type":"article","og_title":"General Villegas: infraestructura, servicios b\u00e1sicos, impuestos y esperanza como ejes de los discursos en la Expo Rural que comenz\u00f3 este viernes - Infoecos","og_description":"En el acto de inauguraci\u00f3n, desarrollado a las 8 de la ma\u00f1ana estuvieron presentes autoridades municipales, policiales, comisi\u00f3n directiva de la entidad agropecuaria, representantes de instituciones y entidades intermedias, productores agropecuarios, comerciantes, expositores y p\u00fablico","og_url":"https:\/\/infoecos.com.ar\/index.php\/general-villegas-infraestructura-servicios-basicos-impuestos-y-esperanza-como-ejes-de-los-discursos-en-la-expo-rural-que-comenzo-este-viernes\/","og_site_name":"Infoecos","article_publisher":"https:\/\/www.facebook.com\/profile.php?id=100063200290284","article_published_time":"2024-09-06T21:52:26+00:00","article_modified_time":"2024-09-10T02:29:44+00:00","og_image":[{"width":1600,"height":900,"url":"https:\/\/infoecos.com.ar\/wp-content\/uploads\/2024\/09\/WhatsApp-Image-2024-09-06-at-09.53.26.jpeg","type":"image\/jpeg"}],"author":"Jorge Matheus","twitter_card":"summary_large_image","twitter_creator":"@infoecos","twitter_site":"@infoecos","twitter_misc":{"Escrito por":"Jorge Matheus","Tiempo de lectura":"4 minutos"},"schema":{"@context":"https:\/\/schema.org","@graph":[{"@type":"Article","@id":"https:\/\/infoecos.com.ar\/index.php\/general-villegas-infraestructura-servicios-basicos-impuestos-y-esperanza-como-ejes-de-los-discursos-en-la-expo-rural-que-comenzo-este-viernes\/#article","isPartOf":{"@id":"https:\/\/infoecos.com.ar\/index.php\/general-villegas-infraestructura-servicios-basicos-impuestos-y-esperanza-como-ejes-de-los-discursos-en-la-expo-rural-que-comenzo-este-viernes\/"},"author":{"name":"Jorge Matheus","@id":"https:\/\/infoecos.com.ar\/#\/schema\/person\/8f5ace5ce73b4b4aac4b7245aee6f191"},"headline":"General Villegas: infraestructura, servicios b\u00e1sicos, impuestos y esperanza como ejes de los discursos en la Expo Rural que comenz\u00f3 este viernes","datePublished":"2024-09-06T21:52:26+00:00","dateModified":"2024-09-10T02:29:44+00:00","mainEntityOfPage":{"@id":"https:\/\/infoecos.com.ar\/index.php\/general-villegas-infraestructura-servicios-basicos-impuestos-y-esperanza-como-ejes-de-los-discursos-en-la-expo-rural-que-comenzo-este-viernes\/"},"wordCount":457,"publisher":{"@id":"https:\/\/infoecos.com.ar\/#organization"},"image":{"@id":"https:\/\/infoecos.com.ar\/index.php\/general-villegas-infraestructura-servicios-basicos-impuestos-y-esperanza-como-ejes-de-los-discursos-en-la-expo-rural-que-comenzo-este-viernes\/#primaryimage"},"thumbnailUrl":"https:\/\/infoecos.com.ar\/wp-content\/uploads\/2024\/09\/WhatsApp-Image-2024-09-06-at-09.53.26.jpeg","keywords":["REGIONAL"],"articleSection":["Noticia Principal"],"inLanguage":"es"},{"@type":"WebPage","@id":"https:\/\/infoecos.com.ar\/index.php\/general-villegas-infraestructura-servicios-basicos-impuestos-y-esperanza-como-ejes-de-los-discursos-en-la-expo-rural-que-comenzo-este-viernes\/","url":"https:\/\/infoecos.com.ar\/index.php\/general-villegas-infraestructura-servicios-basicos-impuestos-y-esperanza-como-ejes-de-los-discursos-en-la-expo-rural-que-comenzo-este-viernes\/","name":"General Villegas: infraestructura, servicios b\u00e1sicos, impuestos y esperanza como ejes de los discursos en la Expo Rural que comenz\u00f3 este viernes - Infoecos","isPartOf":{"@id":"https:\/\/infoecos.com.ar\/#website"},"primaryImageOfPage":{"@id":"https:\/\/infoecos.com.ar\/index.php\/general-villegas-infraestructura-servicios-basicos-impuestos-y-esperanza-como-ejes-de-los-discursos-en-la-expo-rural-que-comenzo-este-viernes\/#primaryimage"},"image":{"@id":"https:\/\/infoecos.com.ar\/index.php\/general-villegas-infraestructura-servicios-basicos-impuestos-y-esperanza-como-ejes-de-los-discursos-en-la-expo-rural-que-comenzo-este-viernes\/#primaryimage"},"thumbnailUrl":"https:\/\/infoecos.com.ar\/wp-content\/uploads\/2024\/09\/WhatsApp-Image-2024-09-06-at-09.53.26.jpeg","datePublished":"2024-09-06T21:52:26+00:00","dateModified":"2024-09-10T02:29:44+00:00","breadcrumb":{"@id":"https:\/\/infoecos.com.ar\/index.php\/general-villegas-infraestructura-servicios-basicos-impuestos-y-esperanza-como-ejes-de-los-discursos-en-la-expo-rural-que-comenzo-este-viernes\/#breadcrumb"},"inLanguage":"es","potentialAction":[{"@type":"ReadAction","target":["https:\/\/infoecos.com.ar\/index.php\/general-villegas-infraestructura-servicios-basicos-impuestos-y-esperanza-como-ejes-de-los-discursos-en-la-expo-rural-que-comenzo-este-viernes\/"]}]},{"@type":"ImageObject","inLanguage":"es","@id":"https:\/\/infoecos.com.ar\/index.php\/general-villegas-infraestructura-servicios-basicos-impuestos-y-esperanza-como-ejes-de-los-discursos-en-la-expo-rural-que-comenzo-este-viernes\/#primaryimage","url":"https:\/\/infoecos.com.ar\/wp-content\/uploads\/2024\/09\/WhatsApp-Image-2024-09-06-at-09.53.26.jpeg","contentUrl":"https:\/\/infoecos.com.ar\/wp-content\/uploads\/2024\/09\/WhatsApp-Image-2024-09-06-at-09.53.26.jpeg","width":1600,"height":900},{"@type":"BreadcrumbList","@id":"https:\/\/infoecos.com.ar\/index.php\/general-villegas-infraestructura-servicios-basicos-impuestos-y-esperanza-como-ejes-de-los-discursos-en-la-expo-rural-que-comenzo-este-viernes\/#breadcrumb","itemListElement":[{"@type":"ListItem","position":1,"name":"Portada","item":"https:\/\/infoecos.com.ar\/"},{"@type":"ListItem","position":2,"name":"General Villegas: infraestructura, servicios b\u00e1sicos, impuestos y esperanza como ejes de los discursos en la Expo Rural que comenz\u00f3 este viernes"}]},{"@type":"WebSite","@id":"https:\/\/infoecos.com.ar\/#website","url":"https:\/\/infoecos.com.ar\/","name":"Infoecos","description":"Noticias de trenque lauquen y la zona","publisher":{"@id":"https:\/\/infoecos.com.ar\/#organization"},"alternateName":"Noticias","potentialAction":[{"@type":"SearchAction","target":{"@type":"EntryPoint","urlTemplate":"https:\/\/infoecos.com.ar\/?s={search_term_string}"},"query-input":{"@type":"PropertyValueSpecification","valueRequired":true,"valueName":"search_term_string"}}],"inLanguage":"es"},{"@type":"Organization","@id":"https:\/\/infoecos.com.ar\/#organization","name":"Infoecos","alternateName":"Noticias","url":"https:\/\/infoecos.com.ar\/","logo":{"@type":"ImageObject","inLanguage":"es","@id":"https:\/\/infoecos.com.ar\/#\/schema\/logo\/image\/","url":"https:\/\/infoecos.com.ar\/wp-content\/uploads\/2024\/03\/cropped-logo.png","contentUrl":"https:\/\/infoecos.com.ar\/wp-content\/uploads\/2024\/03\/cropped-logo.png","width":374,"height":90,"caption":"Infoecos"},"image":{"@id":"https:\/\/infoecos.com.ar\/#\/schema\/logo\/image\/"},"sameAs":["https:\/\/www.facebook.com\/profile.php?id=100063200290284","https:\/\/x.com\/infoecos"]},{"@type":"Person","@id":"https:\/\/infoecos.com.ar\/#\/schema\/person\/8f5ace5ce73b4b4aac4b7245aee6f191","name":"Jorge Matheus","url":"https:\/\/infoecos.com.ar\/index.php\/author\/jomatheus\/"}]}},"featured_image_urls":{"full":["https:\/\/infoecos.com.ar\/wp-content\/uploads\/2024\/09\/WhatsApp-Image-2024-09-06-at-09.53.26.jpeg",1600,900,false],"thumbnail":["https:\/\/infoecos.com.ar\/wp-content\/uploads\/2024\/09\/WhatsApp-Image-2024-09-06-at-09.53.26-300x150.jpeg",300,150,true],"medium":["https:\/\/infoecos.com.ar\/wp-content\/uploads\/2024\/09\/WhatsApp-Image-2024-09-06-at-09.53.26-800x450.jpeg",800,450,true],"medium_large":["https:\/\/infoecos.com.ar\/wp-content\/uploads\/2024\/09\/WhatsApp-Image-2024-09-06-at-09.53.26-768x432.jpeg",640,360,true],"large":["https:\/\/infoecos.com.ar\/wp-content\/uploads\/2024\/09\/WhatsApp-Image-2024-09-06-at-09.53.26.jpeg",640,360,false],"1536x1536":["https:\/\/infoecos.com.ar\/wp-content\/uploads\/2024\/09\/WhatsApp-Image-2024-09-06-at-09.53.26-1536x864.jpeg",1536,864,true],"2048x2048":["https:\/\/infoecos.com.ar\/wp-content\/uploads\/2024\/09\/WhatsApp-Image-2024-09-06-at-09.53.26.jpeg",1600,900,false],"covernews-slider-full":["https:\/\/infoecos.com.ar\/wp-content\/uploads\/2024\/09\/WhatsApp-Image-2024-09-06-at-09.53.26-1115x715.jpeg",1115,715,true],"covernews-slider-center":["https:\/\/infoecos.com.ar\/wp-content\/uploads\/2024\/09\/WhatsApp-Image-2024-09-06-at-09.53.26-800x500.jpeg",800,500,true],"covernews-featured":["https:\/\/infoecos.com.ar\/wp-content\/uploads\/2024\/09\/WhatsApp-Image-2024-09-06-at-09.53.26-1024x576.jpeg",1024,576,true],"covernews-medium":["https:\/\/infoecos.com.ar\/wp-content\/uploads\/2024\/09\/WhatsApp-Image-2024-09-06-at-09.53.26-540x340.jpeg",540,340,true],"covernews-medium-square":["https:\/\/infoecos.com.ar\/wp-content\/uploads\/2024\/09\/WhatsApp-Image-2024-09-06-at-09.53.26-400x250.jpeg",400,250,true]},"author_info":{"info":["Jorge Matheus"]},"category_info":"<a href=\"https:\/\/infoecos.com.ar\/index.php\/category\/noticia-principal\/\" rel=\"category tag\">Noticia Principal<\/a>","tag_info":"Noticia Principal","comment_count":"0","_links":{"self":[{"href":"https:\/\/infoecos.com.ar\/index.php\/wp-json\/wp\/v2\/posts\/129693"}],"collection":[{"href":"https:\/\/infoecos.com.ar\/index.php\/wp-json\/wp\/v2\/posts"}],"about":[{"href":"https:\/\/infoecos.com.ar\/index.php\/wp-json\/wp\/v2\/types\/post"}],"author":[{"embeddable":true,"href":"https:\/\/infoecos.com.ar\/index.php\/wp-json\/wp\/v2\/users\/2"}],"replies":[{"embeddable":true,"href":"https:\/\/infoecos.com.ar\/index.php\/wp-json\/wp\/v2\/comments?post=129693"}],"version-history":[{"count":1,"href":"https:\/\/infoecos.com.ar\/index.php\/wp-json\/wp\/v2\/posts\/129693\/revisions"}],"predecessor-version":[{"id":129703,"href":"https:\/\/infoecos.com.ar\/index.php\/wp-json\/wp\/v2\/posts\/129693\/revisions\/129703"}],"wp:featuredmedia":[{"embeddable":true,"href":"https:\/\/infoecos.com.ar\/index.php\/wp-json\/wp\/v2\/media\/129694"}],"wp:attachment":[{"href":"https:\/\/infoecos.com.ar\/index.php\/wp-json\/wp\/v2\/media?parent=129693"}],"wp:term":[{"taxonomy":"category","embeddable":true,"href":"https:\/\/infoecos.com.ar\/index.php\/wp-json\/wp\/v2\/categories?post=129693"},{"taxonomy":"post_tag","embeddable":true,"href":"https:\/\/infoecos.com.ar\/index.php\/wp-json\/wp\/v2\/tags?post=129693"}],"curies":[{"name":"wp","href":"https:\/\/api.w.org\/{rel}","templated":true}]}}