{"id":129706,"date":"2024-09-09T19:22:14","date_gmt":"2024-09-09T22:22:14","guid":{"rendered":"https:\/\/infoecos.com.ar\/?p=129706"},"modified":"2024-09-09T19:22:15","modified_gmt":"2024-09-09T22:22:15","slug":"presencia-de-humo-en-el-area-metropolitana-y-en-varias-provincias-inclusive-rutas-de-la-region","status":"publish","type":"post","link":"https:\/\/infoecos.com.ar\/index.php\/presencia-de-humo-en-el-area-metropolitana-y-en-varias-provincias-inclusive-rutas-de-la-region\/","title":{"rendered":"Presencia de humo en el \u00c1rea Metropolitana y en varias provincias inclusive rutas de la regi\u00f3n"},"content":{"rendered":"\n<figure class=\"wp-block-image alignright size-full is-resized\"><img loading=\"lazy\" decoding=\"async\" width=\"420\" height=\"280\" src=\"https:\/\/infoecos.com.ar\/wp-content\/uploads\/2024\/09\/image-29.png\" alt=\"\" class=\"wp-image-129707\" style=\"width:298px;height:auto\"\/><\/figure>\n\n\n\n<p>El Servicio Meteorol\u00f3gico Nacional (SMN) emiti\u00f3 una alerta por la presencia de humo en el \u00c1rea Metropolitana de Buenos Aires (AMBA) y en varias provincias. Esta situaci\u00f3n puede persistir durante los pr\u00f3ximos d\u00edas. La presencia de humo en la calzada es una de las situaciones m\u00e1s peligrosas para los conductores, ya que la baja visibilidad dificulta ver con claridad lo que se encuentra por delante en el camino, como otros veh\u00edculos o curvas.<\/p>\n\n\n\n<p>Para conducir de manera segura ante esta condici\u00f3n extrema, la Agencia Nacional de Seguridad Vial (ANSV) recomienda las siguientes acciones para reducir el riesgo y evitar siniestros viales:<\/p>\n\n\n\n<ul class=\"wp-block-list\">\n<li>Disminuir la velocidad.<\/li>\n\n\n\n<li>Aumentar la distancia entre veh\u00edculos.<\/li>\n\n\n\n<li>Encender las luces bajas y los faros antiniebla.<\/li>\n\n\n\n<li>No circular con las balizas prendidas.<\/li>\n\n\n\n<li>Mantener el parabrisas limpio y usar el sistema de desempa\u00f1ado.<\/li>\n\n\n\n<li>Pisar el freno con suavidad y de manera intermitente.<\/li>\n\n\n\n<li>No realizar adelantamientos.<\/li>\n\n\n\n<li>No estacionar en la banquina.<\/li>\n\n\n\n<li>De ser necesario, detenerse en un lugar seguro.<\/li>\n\n\n\n<li>En moto, utilizar casco, vestimenta clara y portar alg\u00fan elemento reflectante.<\/li>\n<\/ul>\n\n\n\n<p>El organismo nacional tambi\u00e9n remarca que estas recomendaciones son igualmente v\u00e1lidas en caso de niebla y\/o neblina, ya que generan un efecto similar de baja visibilidad al conducir. L\u00ednea telef\u00f3nica 149 opci\u00f3n 2 de asistencia a las v\u00edctimas de siniestros viales<\/p>\n\n\n\n<p>La ANSV recuerda que en todo el pa\u00eds est\u00e1 disponible la L\u00ednea telef\u00f3nica 149, opci\u00f3n 2, para las personas que hayan sido parte de un siniestro vial. Esta Red Federal de Asistencia a V\u00edctimas de Siniestros Viales funciona las 24 horas y ofrece acompa\u00f1amiento y asesoramiento a las v\u00edctimas y sus familiares en las instancias posteriores a la emergencia. En lo que va de 2024, la L\u00ednea 149 ha gestionado m\u00e1s de 4 mil comunicaciones desde distintos puntos del territorio nacional.<\/p>\n","protected":false},"excerpt":{"rendered":"<p>El Servicio Meteorol\u00f3gico Nacional (SMN) emiti\u00f3 una alerta por la presencia de humo en el&#8230;<\/p>\n","protected":false},"author":2,"featured_media":129707,"comment_status":"closed","ping_status":"open","sticky":false,"template":"","format":"standard","meta":{"footnotes":""},"categories":[1612],"tags":[],"class_list":["post-129706","post","type-post","status-publish","format-standard","has-post-thumbnail","hentry","category-noticia-principal"],"yoast_head":"<!-- This site is optimized with the Yoast SEO plugin v23.4 - https:\/\/yoast.com\/wordpress\/plugins\/seo\/ -->\n<title>Presencia de humo en el \u00c1rea Metropolitana y en varias provincias inclusive rutas de la regi\u00f3n - Infoecos<\/title>\n<meta name=\"robots\" content=\"index, follow, max-snippet:-1, max-image-preview:large, max-video-preview:-1\" \/>\n<link rel=\"canonical\" href=\"https:\/\/infoecos.com.ar\/index.php\/presencia-de-humo-en-el-area-metropolitana-y-en-varias-provincias-inclusive-rutas-de-la-region\/\" \/>\n<meta property=\"og:locale\" content=\"es_ES\" \/>\n<meta property=\"og:type\" content=\"article\" \/>\n<meta property=\"og:title\" content=\"Presencia de humo en el \u00c1rea Metropolitana y en varias provincias inclusive rutas de la regi\u00f3n - Infoecos\" \/>\n<meta property=\"og:description\" content=\"El Servicio Meteorol\u00f3gico Nacional (SMN) emiti\u00f3 una alerta por la presencia de humo en el...\" \/>\n<meta property=\"og:url\" content=\"https:\/\/infoecos.com.ar\/index.php\/presencia-de-humo-en-el-area-metropolitana-y-en-varias-provincias-inclusive-rutas-de-la-region\/\" \/>\n<meta property=\"og:site_name\" content=\"Infoecos\" \/>\n<meta property=\"article:publisher\" content=\"https:\/\/www.facebook.com\/profile.php?id=100063200290284\" \/>\n<meta property=\"article:published_time\" content=\"2024-09-09T22:22:14+00:00\" \/>\n<meta property=\"article:modified_time\" content=\"2024-09-09T22:22:15+00:00\" \/>\n<meta property=\"og:image\" content=\"https:\/\/infoecos.com.ar\/wp-content\/uploads\/2024\/09\/image-29.png\" \/>\n\t<meta property=\"og:image:width\" content=\"420\" \/>\n\t<meta property=\"og:image:height\" content=\"280\" \/>\n\t<meta property=\"og:image:type\" content=\"image\/png\" \/>\n<meta name=\"author\" content=\"Jorge Matheus\" \/>\n<meta name=\"twitter:card\" content=\"summary_large_image\" \/>\n<meta name=\"twitter:creator\" content=\"@infoecos\" \/>\n<meta name=\"twitter:site\" content=\"@infoecos\" \/>\n<meta name=\"twitter:label1\" content=\"Escrito por\" \/>\n\t<meta name=\"twitter:data1\" content=\"Jorge Matheus\" \/>\n\t<meta name=\"twitter:label2\" content=\"Tiempo de lectura\" \/>\n\t<meta name=\"twitter:data2\" content=\"2 minutos\" \/>\n<script type=\"application\/ld+json\" class=\"yoast-schema-graph\">{\"@context\":\"https:\/\/schema.org\",\"@graph\":[{\"@type\":\"Article\",\"@id\":\"https:\/\/infoecos.com.ar\/index.php\/presencia-de-humo-en-el-area-metropolitana-y-en-varias-provincias-inclusive-rutas-de-la-region\/#article\",\"isPartOf\":{\"@id\":\"https:\/\/infoecos.com.ar\/index.php\/presencia-de-humo-en-el-area-metropolitana-y-en-varias-provincias-inclusive-rutas-de-la-region\/\"},\"author\":{\"name\":\"Jorge Matheus\",\"@id\":\"https:\/\/infoecos.com.ar\/#\/schema\/person\/8f5ace5ce73b4b4aac4b7245aee6f191\"},\"headline\":\"Presencia de humo en el \u00c1rea Metropolitana y en varias provincias inclusive rutas de la regi\u00f3n\",\"datePublished\":\"2024-09-09T22:22:14+00:00\",\"dateModified\":\"2024-09-09T22:22:15+00:00\",\"mainEntityOfPage\":{\"@id\":\"https:\/\/infoecos.com.ar\/index.php\/presencia-de-humo-en-el-area-metropolitana-y-en-varias-provincias-inclusive-rutas-de-la-region\/\"},\"wordCount\":326,\"publisher\":{\"@id\":\"https:\/\/infoecos.com.ar\/#organization\"},\"image\":{\"@id\":\"https:\/\/infoecos.com.ar\/index.php\/presencia-de-humo-en-el-area-metropolitana-y-en-varias-provincias-inclusive-rutas-de-la-region\/#primaryimage\"},\"thumbnailUrl\":\"https:\/\/infoecos.com.ar\/wp-content\/uploads\/2024\/09\/image-29.png\",\"articleSection\":[\"Noticia Principal\"],\"inLanguage\":\"es\"},{\"@type\":\"WebPage\",\"@id\":\"https:\/\/infoecos.com.ar\/index.php\/presencia-de-humo-en-el-area-metropolitana-y-en-varias-provincias-inclusive-rutas-de-la-region\/\",\"url\":\"https:\/\/infoecos.com.ar\/index.php\/presencia-de-humo-en-el-area-metropolitana-y-en-varias-provincias-inclusive-rutas-de-la-region\/\",\"name\":\"Presencia de humo en el \u00c1rea Metropolitana y en varias provincias inclusive rutas de la regi\u00f3n - Infoecos\",\"isPartOf\":{\"@id\":\"https:\/\/infoecos.com.ar\/#website\"},\"primaryImageOfPage\":{\"@id\":\"https:\/\/infoecos.com.ar\/index.php\/presencia-de-humo-en-el-area-metropolitana-y-en-varias-provincias-inclusive-rutas-de-la-region\/#primaryimage\"},\"image\":{\"@id\":\"https:\/\/infoecos.com.ar\/index.php\/presencia-de-humo-en-el-area-metropolitana-y-en-varias-provincias-inclusive-rutas-de-la-region\/#primaryimage\"},\"thumbnailUrl\":\"https:\/\/infoecos.com.ar\/wp-content\/uploads\/2024\/09\/image-29.png\",\"datePublished\":\"2024-09-09T22:22:14+00:00\",\"dateModified\":\"2024-09-09T22:22:15+00:00\",\"breadcrumb\":{\"@id\":\"https:\/\/infoecos.com.ar\/index.php\/presencia-de-humo-en-el-area-metropolitana-y-en-varias-provincias-inclusive-rutas-de-la-region\/#breadcrumb\"},\"inLanguage\":\"es\",\"potentialAction\":[{\"@type\":\"ReadAction\",\"target\":[\"https:\/\/infoecos.com.ar\/index.php\/presencia-de-humo-en-el-area-metropolitana-y-en-varias-provincias-inclusive-rutas-de-la-region\/\"]}]},{\"@type\":\"ImageObject\",\"inLanguage\":\"es\",\"@id\":\"https:\/\/infoecos.com.ar\/index.php\/presencia-de-humo-en-el-area-metropolitana-y-en-varias-provincias-inclusive-rutas-de-la-region\/#primaryimage\",\"url\":\"https:\/\/infoecos.com.ar\/wp-content\/uploads\/2024\/09\/image-29.png\",\"contentUrl\":\"https:\/\/infoecos.com.ar\/wp-content\/uploads\/2024\/09\/image-29.png\",\"width\":420,\"height\":280},{\"@type\":\"BreadcrumbList\",\"@id\":\"https:\/\/infoecos.com.ar\/index.php\/presencia-de-humo-en-el-area-metropolitana-y-en-varias-provincias-inclusive-rutas-de-la-region\/#breadcrumb\",\"itemListElement\":[{\"@type\":\"ListItem\",\"position\":1,\"name\":\"Portada\",\"item\":\"https:\/\/infoecos.com.ar\/\"},{\"@type\":\"ListItem\",\"position\":2,\"name\":\"Presencia de humo en el \u00c1rea Metropolitana y en varias provincias inclusive rutas de la regi\u00f3n\"}]},{\"@type\":\"WebSite\",\"@id\":\"https:\/\/infoecos.com.ar\/#website\",\"url\":\"https:\/\/infoecos.com.ar\/\",\"name\":\"Infoecos\",\"description\":\"Noticias de trenque lauquen y la zona\",\"publisher\":{\"@id\":\"https:\/\/infoecos.com.ar\/#organization\"},\"alternateName\":\"Noticias\",\"potentialAction\":[{\"@type\":\"SearchAction\",\"target\":{\"@type\":\"EntryPoint\",\"urlTemplate\":\"https:\/\/infoecos.com.ar\/?s={search_term_string}\"},\"query-input\":{\"@type\":\"PropertyValueSpecification\",\"valueRequired\":true,\"valueName\":\"search_term_string\"}}],\"inLanguage\":\"es\"},{\"@type\":\"Organization\",\"@id\":\"https:\/\/infoecos.com.ar\/#organization\",\"name\":\"Infoecos\",\"alternateName\":\"Noticias\",\"url\":\"https:\/\/infoecos.com.ar\/\",\"logo\":{\"@type\":\"ImageObject\",\"inLanguage\":\"es\",\"@id\":\"https:\/\/infoecos.com.ar\/#\/schema\/logo\/image\/\",\"url\":\"https:\/\/infoecos.com.ar\/wp-content\/uploads\/2024\/03\/cropped-logo.png\",\"contentUrl\":\"https:\/\/infoecos.com.ar\/wp-content\/uploads\/2024\/03\/cropped-logo.png\",\"width\":374,\"height\":90,\"caption\":\"Infoecos\"},\"image\":{\"@id\":\"https:\/\/infoecos.com.ar\/#\/schema\/logo\/image\/\"},\"sameAs\":[\"https:\/\/www.facebook.com\/profile.php?id=100063200290284\",\"https:\/\/x.com\/infoecos\"]},{\"@type\":\"Person\",\"@id\":\"https:\/\/infoecos.com.ar\/#\/schema\/person\/8f5ace5ce73b4b4aac4b7245aee6f191\",\"name\":\"Jorge Matheus\",\"url\":\"https:\/\/infoecos.com.ar\/index.php\/author\/jomatheus\/\"}]}<\/script>\n<!-- \/ Yoast SEO plugin. -->","yoast_head_json":{"title":"Presencia de humo en el \u00c1rea Metropolitana y en varias provincias inclusive rutas de la regi\u00f3n - Infoecos","robots":{"index":"index","follow":"follow","max-snippet":"max-snippet:-1","max-image-preview":"max-image-preview:large","max-video-preview":"max-video-preview:-1"},"canonical":"https:\/\/infoecos.com.ar\/index.php\/presencia-de-humo-en-el-area-metropolitana-y-en-varias-provincias-inclusive-rutas-de-la-region\/","og_locale":"es_ES","og_type":"article","og_title":"Presencia de humo en el \u00c1rea Metropolitana y en varias provincias inclusive rutas de la regi\u00f3n - Infoecos","og_description":"El Servicio Meteorol\u00f3gico Nacional (SMN) emiti\u00f3 una alerta por la presencia de humo en el...","og_url":"https:\/\/infoecos.com.ar\/index.php\/presencia-de-humo-en-el-area-metropolitana-y-en-varias-provincias-inclusive-rutas-de-la-region\/","og_site_name":"Infoecos","article_publisher":"https:\/\/www.facebook.com\/profile.php?id=100063200290284","article_published_time":"2024-09-09T22:22:14+00:00","article_modified_time":"2024-09-09T22:22:15+00:00","og_image":[{"width":420,"height":280,"url":"https:\/\/infoecos.com.ar\/wp-content\/uploads\/2024\/09\/image-29.png","type":"image\/png"}],"author":"Jorge Matheus","twitter_card":"summary_large_image","twitter_creator":"@infoecos","twitter_site":"@infoecos","twitter_misc":{"Escrito por":"Jorge Matheus","Tiempo de lectura":"2 minutos"},"schema":{"@context":"https:\/\/schema.org","@graph":[{"@type":"Article","@id":"https:\/\/infoecos.com.ar\/index.php\/presencia-de-humo-en-el-area-metropolitana-y-en-varias-provincias-inclusive-rutas-de-la-region\/#article","isPartOf":{"@id":"https:\/\/infoecos.com.ar\/index.php\/presencia-de-humo-en-el-area-metropolitana-y-en-varias-provincias-inclusive-rutas-de-la-region\/"},"author":{"name":"Jorge Matheus","@id":"https:\/\/infoecos.com.ar\/#\/schema\/person\/8f5ace5ce73b4b4aac4b7245aee6f191"},"headline":"Presencia de humo en el \u00c1rea Metropolitana y en varias provincias inclusive rutas de la regi\u00f3n","datePublished":"2024-09-09T22:22:14+00:00","dateModified":"2024-09-09T22:22:15+00:00","mainEntityOfPage":{"@id":"https:\/\/infoecos.com.ar\/index.php\/presencia-de-humo-en-el-area-metropolitana-y-en-varias-provincias-inclusive-rutas-de-la-region\/"},"wordCount":326,"publisher":{"@id":"https:\/\/infoecos.com.ar\/#organization"},"image":{"@id":"https:\/\/infoecos.com.ar\/index.php\/presencia-de-humo-en-el-area-metropolitana-y-en-varias-provincias-inclusive-rutas-de-la-region\/#primaryimage"},"thumbnailUrl":"https:\/\/infoecos.com.ar\/wp-content\/uploads\/2024\/09\/image-29.png","articleSection":["Noticia Principal"],"inLanguage":"es"},{"@type":"WebPage","@id":"https:\/\/infoecos.com.ar\/index.php\/presencia-de-humo-en-el-area-metropolitana-y-en-varias-provincias-inclusive-rutas-de-la-region\/","url":"https:\/\/infoecos.com.ar\/index.php\/presencia-de-humo-en-el-area-metropolitana-y-en-varias-provincias-inclusive-rutas-de-la-region\/","name":"Presencia de humo en el \u00c1rea Metropolitana y en varias provincias inclusive rutas de la regi\u00f3n - Infoecos","isPartOf":{"@id":"https:\/\/infoecos.com.ar\/#website"},"primaryImageOfPage":{"@id":"https:\/\/infoecos.com.ar\/index.php\/presencia-de-humo-en-el-area-metropolitana-y-en-varias-provincias-inclusive-rutas-de-la-region\/#primaryimage"},"image":{"@id":"https:\/\/infoecos.com.ar\/index.php\/presencia-de-humo-en-el-area-metropolitana-y-en-varias-provincias-inclusive-rutas-de-la-region\/#primaryimage"},"thumbnailUrl":"https:\/\/infoecos.com.ar\/wp-content\/uploads\/2024\/09\/image-29.png","datePublished":"2024-09-09T22:22:14+00:00","dateModified":"2024-09-09T22:22:15+00:00","breadcrumb":{"@id":"https:\/\/infoecos.com.ar\/index.php\/presencia-de-humo-en-el-area-metropolitana-y-en-varias-provincias-inclusive-rutas-de-la-region\/#breadcrumb"},"inLanguage":"es","potentialAction":[{"@type":"ReadAction","target":["https:\/\/infoecos.com.ar\/index.php\/presencia-de-humo-en-el-area-metropolitana-y-en-varias-provincias-inclusive-rutas-de-la-region\/"]}]},{"@type":"ImageObject","inLanguage":"es","@id":"https:\/\/infoecos.com.ar\/index.php\/presencia-de-humo-en-el-area-metropolitana-y-en-varias-provincias-inclusive-rutas-de-la-region\/#primaryimage","url":"https:\/\/infoecos.com.ar\/wp-content\/uploads\/2024\/09\/image-29.png","contentUrl":"https:\/\/infoecos.com.ar\/wp-content\/uploads\/2024\/09\/image-29.png","width":420,"height":280},{"@type":"BreadcrumbList","@id":"https:\/\/infoecos.com.ar\/index.php\/presencia-de-humo-en-el-area-metropolitana-y-en-varias-provincias-inclusive-rutas-de-la-region\/#breadcrumb","itemListElement":[{"@type":"ListItem","position":1,"name":"Portada","item":"https:\/\/infoecos.com.ar\/"},{"@type":"ListItem","position":2,"name":"Presencia de humo en el \u00c1rea Metropolitana y en varias provincias inclusive rutas de la regi\u00f3n"}]},{"@type":"WebSite","@id":"https:\/\/infoecos.com.ar\/#website","url":"https:\/\/infoecos.com.ar\/","name":"Infoecos","description":"Noticias de trenque lauquen y la zona","publisher":{"@id":"https:\/\/infoecos.com.ar\/#organization"},"alternateName":"Noticias","potentialAction":[{"@type":"SearchAction","target":{"@type":"EntryPoint","urlTemplate":"https:\/\/infoecos.com.ar\/?s={search_term_string}"},"query-input":{"@type":"PropertyValueSpecification","valueRequired":true,"valueName":"search_term_string"}}],"inLanguage":"es"},{"@type":"Organization","@id":"https:\/\/infoecos.com.ar\/#organization","name":"Infoecos","alternateName":"Noticias","url":"https:\/\/infoecos.com.ar\/","logo":{"@type":"ImageObject","inLanguage":"es","@id":"https:\/\/infoecos.com.ar\/#\/schema\/logo\/image\/","url":"https:\/\/infoecos.com.ar\/wp-content\/uploads\/2024\/03\/cropped-logo.png","contentUrl":"https:\/\/infoecos.com.ar\/wp-content\/uploads\/2024\/03\/cropped-logo.png","width":374,"height":90,"caption":"Infoecos"},"image":{"@id":"https:\/\/infoecos.com.ar\/#\/schema\/logo\/image\/"},"sameAs":["https:\/\/www.facebook.com\/profile.php?id=100063200290284","https:\/\/x.com\/infoecos"]},{"@type":"Person","@id":"https:\/\/infoecos.com.ar\/#\/schema\/person\/8f5ace5ce73b4b4aac4b7245aee6f191","name":"Jorge Matheus","url":"https:\/\/infoecos.com.ar\/index.php\/author\/jomatheus\/"}]}},"featured_image_urls":{"full":["https:\/\/infoecos.com.ar\/wp-content\/uploads\/2024\/09\/image-29.png",420,280,false],"thumbnail":["https:\/\/infoecos.com.ar\/wp-content\/uploads\/2024\/09\/image-29-300x150.png",300,150,true],"medium":["https:\/\/infoecos.com.ar\/wp-content\/uploads\/2024\/09\/image-29.png",420,280,false],"medium_large":["https:\/\/infoecos.com.ar\/wp-content\/uploads\/2024\/09\/image-29.png",420,280,false],"large":["https:\/\/infoecos.com.ar\/wp-content\/uploads\/2024\/09\/image-29.png",420,280,false],"1536x1536":["https:\/\/infoecos.com.ar\/wp-content\/uploads\/2024\/09\/image-29.png",420,280,false],"2048x2048":["https:\/\/infoecos.com.ar\/wp-content\/uploads\/2024\/09\/image-29.png",420,280,false],"covernews-slider-full":["https:\/\/infoecos.com.ar\/wp-content\/uploads\/2024\/09\/image-29.png",420,280,false],"covernews-slider-center":["https:\/\/infoecos.com.ar\/wp-content\/uploads\/2024\/09\/image-29.png",420,280,false],"covernews-featured":["https:\/\/infoecos.com.ar\/wp-content\/uploads\/2024\/09\/image-29.png",420,280,false],"covernews-medium":["https:\/\/infoecos.com.ar\/wp-content\/uploads\/2024\/09\/image-29.png",420,280,false],"covernews-medium-square":["https:\/\/infoecos.com.ar\/wp-content\/uploads\/2024\/09\/image-29-400x250.png",400,250,true]},"author_info":{"info":["Jorge Matheus"]},"category_info":"<a href=\"https:\/\/infoecos.com.ar\/index.php\/category\/noticia-principal\/\" rel=\"category tag\">Noticia Principal<\/a>","tag_info":"Noticia Principal","comment_count":"0","_links":{"self":[{"href":"https:\/\/infoecos.com.ar\/index.php\/wp-json\/wp\/v2\/posts\/129706"}],"collection":[{"href":"https:\/\/infoecos.com.ar\/index.php\/wp-json\/wp\/v2\/posts"}],"about":[{"href":"https:\/\/infoecos.com.ar\/index.php\/wp-json\/wp\/v2\/types\/post"}],"author":[{"embeddable":true,"href":"https:\/\/infoecos.com.ar\/index.php\/wp-json\/wp\/v2\/users\/2"}],"replies":[{"embeddable":true,"href":"https:\/\/infoecos.com.ar\/index.php\/wp-json\/wp\/v2\/comments?post=129706"}],"version-history":[{"count":1,"href":"https:\/\/infoecos.com.ar\/index.php\/wp-json\/wp\/v2\/posts\/129706\/revisions"}],"predecessor-version":[{"id":129708,"href":"https:\/\/infoecos.com.ar\/index.php\/wp-json\/wp\/v2\/posts\/129706\/revisions\/129708"}],"wp:featuredmedia":[{"embeddable":true,"href":"https:\/\/infoecos.com.ar\/index.php\/wp-json\/wp\/v2\/media\/129707"}],"wp:attachment":[{"href":"https:\/\/infoecos.com.ar\/index.php\/wp-json\/wp\/v2\/media?parent=129706"}],"wp:term":[{"taxonomy":"category","embeddable":true,"href":"https:\/\/infoecos.com.ar\/index.php\/wp-json\/wp\/v2\/categories?post=129706"},{"taxonomy":"post_tag","embeddable":true,"href":"https:\/\/infoecos.com.ar\/index.php\/wp-json\/wp\/v2\/tags?post=129706"}],"curies":[{"name":"wp","href":"https:\/\/api.w.org\/{rel}","templated":true}]}}