{"id":130070,"date":"2024-09-23T12:06:14","date_gmt":"2024-09-23T15:06:14","guid":{"rendered":"https:\/\/infoecos.com.ar\/?p=130070"},"modified":"2024-09-23T12:06:15","modified_gmt":"2024-09-23T15:06:15","slug":"t-lauquen-el-nino-accidentado-en-simini-y-estrada-fue-dado-de-alta-en-la-plata-lo-trasladan-para-que-se-encuentre-con-su-mama-que-evoluciona-favorablemente","status":"publish","type":"post","link":"https:\/\/infoecos.com.ar\/index.php\/t-lauquen-el-nino-accidentado-en-simini-y-estrada-fue-dado-de-alta-en-la-plata-lo-trasladan-para-que-se-encuentre-con-su-mama-que-evoluciona-favorablemente\/","title":{"rendered":"T.Lauquen: El ni\u00f1o accidentado en Simini y Estrada fue dado de alta en La Plata, lo trasladan para que se encuentre con su mama que evoluciona favorablemente"},"content":{"rendered":"\n<p><strong><mark style=\"background-color:rgba(0, 0, 0, 0)\" class=\"has-inline-color has-vivid-red-color\"><em>El municipio de Trenque Lauquen y otros medios locales de relaciones amistosas con el \u00e1rea de comunicaci\u00f3n del municipio que depende del secretario general, Juan Manuel Sotullo, no nos crey\u00f3 el viernes cuando se dio a conocer la grave informaci\u00f3n e incluso en partes claramente orientados desde Villegas 555 como dicen en la jerga nos baj\u00f3 el precio, se ha hecho cargo de la informaci\u00f3n vinculada con el hecho que gener\u00f3 dolor comunitario, y acaba de dar a conocer un comunicado, que esperamos se repita d\u00eda a d\u00eda.<\/em><\/mark><\/strong><\/p>\n\n\n\n<p><strong>La Direcci\u00f3n M\u00e9dica del Hospital \u201cPedro T. Orellana\u201d actualiz\u00f3 la informaci\u00f3n sobre el estado de salud de los pacientes que sufrieron distintas lesiones en un accidente entre una moto y una camioneta el viernes pasado en horas de la ma\u00f1ana en la esquina de Simini y Estrada.<\/strong><\/p>\n\n\n\n<p><strong>La paciente femenina de 22 a\u00f1os evoluciona de manera favorable internada en Sala Com\u00fan en el Hospital Municipal, sin complicaciones.<\/strong><\/p>\n\n\n\n<p><strong>En tanto que el paciente masculino de 6 meses evolucion\u00f3 favorablemente y fue dado de alta en el Hospital \u201cSor Mar\u00eda Ludovica\u201d de La Plata, y se esperaba que en la jornada de este lunes fuera trasladado por un familiar hacia la ciudad de Trenque Lauquen para reencontrarse con su mam\u00e1.<\/strong><\/p>\n\n\n\n<figure class=\"wp-block-gallery has-nested-images columns-default is-cropped wp-block-gallery-1 is-layout-flex wp-block-gallery-is-layout-flex\">\n<figure class=\"wp-block-image size-large\"><img loading=\"lazy\" decoding=\"async\" width=\"686\" height=\"305\" data-id=\"129984\" src=\"https:\/\/infoecos.com.ar\/wp-content\/uploads\/2024\/09\/image-110.png\" alt=\"\" class=\"wp-image-129984\"\/><\/figure>\n<\/figure>\n\n\n\n<p><\/p>\n","protected":false},"excerpt":{"rendered":"<p>El municipio de Trenque Lauquen y otros medios locales de relaciones amistosas con el \u00e1rea de comunicaci\u00f3n del municipio que depende del secretario general, Juan Manuel Sotullo, no nos crey\u00f3 el viernes cuando se dio a conocer la grave informaci\u00f3n e incluso en partes claramente orientados desde Villegas 555 como dicen en la jerga nos baj\u00f3 el precio, se ha hecho cargo de la informaci\u00f3n vinculada con el hecho que gener\u00f3 dolor comunitario, y acaba de dar a conocer un comunicado, que esperamos se repita d\u00eda a d\u00eda.<\/p>\n","protected":false},"author":2,"featured_media":129976,"comment_status":"closed","ping_status":"open","sticky":false,"template":"","format":"standard","meta":{"footnotes":"[]"},"categories":[1612],"tags":[],"class_list":["post-130070","post","type-post","status-publish","format-standard","has-post-thumbnail","hentry","category-noticia-principal"],"yoast_head":"<!-- This site is optimized with the Yoast SEO plugin v23.4 - https:\/\/yoast.com\/wordpress\/plugins\/seo\/ -->\n<title>T.Lauquen: El ni\u00f1o accidentado en Simini y Estrada fue dado de alta en La Plata, lo trasladan para que se encuentre con su mama que evoluciona favorablemente - Infoecos<\/title>\n<meta name=\"robots\" content=\"index, follow, max-snippet:-1, max-image-preview:large, max-video-preview:-1\" \/>\n<link rel=\"canonical\" href=\"https:\/\/infoecos.com.ar\/index.php\/t-lauquen-el-nino-accidentado-en-simini-y-estrada-fue-dado-de-alta-en-la-plata-lo-trasladan-para-que-se-encuentre-con-su-mama-que-evoluciona-favorablemente\/\" \/>\n<meta property=\"og:locale\" content=\"es_ES\" \/>\n<meta property=\"og:type\" content=\"article\" \/>\n<meta property=\"og:title\" content=\"T.Lauquen: El ni\u00f1o accidentado en Simini y Estrada fue dado de alta en La Plata, lo trasladan para que se encuentre con su mama que evoluciona favorablemente - Infoecos\" \/>\n<meta property=\"og:description\" content=\"El municipio de Trenque Lauquen y otros medios locales de relaciones amistosas con el \u00e1rea de comunicaci\u00f3n del municipio que depende del secretario general, Juan Manuel Sotullo, no nos crey\u00f3 el viernes cuando se dio a conocer la grave informaci\u00f3n e incluso en partes claramente orientados desde Villegas 555 como dicen en la jerga nos baj\u00f3 el precio, se ha hecho cargo de la informaci\u00f3n vinculada con el hecho que gener\u00f3 dolor comunitario, y acaba de dar a conocer un comunicado, que esperamos se repita d\u00eda a d\u00eda.\" \/>\n<meta property=\"og:url\" content=\"https:\/\/infoecos.com.ar\/index.php\/t-lauquen-el-nino-accidentado-en-simini-y-estrada-fue-dado-de-alta-en-la-plata-lo-trasladan-para-que-se-encuentre-con-su-mama-que-evoluciona-favorablemente\/\" \/>\n<meta property=\"og:site_name\" content=\"Infoecos\" \/>\n<meta property=\"article:publisher\" content=\"https:\/\/www.facebook.com\/profile.php?id=100063200290284\" \/>\n<meta property=\"article:published_time\" content=\"2024-09-23T15:06:14+00:00\" \/>\n<meta property=\"article:modified_time\" content=\"2024-09-23T15:06:15+00:00\" \/>\n<meta property=\"og:image\" content=\"https:\/\/infoecos.com.ar\/wp-content\/uploads\/2024\/09\/image-107.png\" \/>\n\t<meta property=\"og:image:width\" content=\"960\" \/>\n\t<meta property=\"og:image:height\" content=\"1280\" \/>\n\t<meta property=\"og:image:type\" content=\"image\/png\" \/>\n<meta name=\"author\" content=\"Jorge Matheus\" \/>\n<meta name=\"twitter:card\" content=\"summary_large_image\" \/>\n<meta name=\"twitter:creator\" content=\"@infoecos\" \/>\n<meta name=\"twitter:site\" content=\"@infoecos\" \/>\n<meta name=\"twitter:label1\" content=\"Escrito por\" \/>\n\t<meta name=\"twitter:data1\" content=\"Jorge Matheus\" \/>\n\t<meta name=\"twitter:label2\" content=\"Tiempo de lectura\" \/>\n\t<meta name=\"twitter:data2\" content=\"2 minutos\" \/>\n<script type=\"application\/ld+json\" class=\"yoast-schema-graph\">{\"@context\":\"https:\/\/schema.org\",\"@graph\":[{\"@type\":\"Article\",\"@id\":\"https:\/\/infoecos.com.ar\/index.php\/t-lauquen-el-nino-accidentado-en-simini-y-estrada-fue-dado-de-alta-en-la-plata-lo-trasladan-para-que-se-encuentre-con-su-mama-que-evoluciona-favorablemente\/#article\",\"isPartOf\":{\"@id\":\"https:\/\/infoecos.com.ar\/index.php\/t-lauquen-el-nino-accidentado-en-simini-y-estrada-fue-dado-de-alta-en-la-plata-lo-trasladan-para-que-se-encuentre-con-su-mama-que-evoluciona-favorablemente\/\"},\"author\":{\"name\":\"Jorge Matheus\",\"@id\":\"https:\/\/infoecos.com.ar\/#\/schema\/person\/8f5ace5ce73b4b4aac4b7245aee6f191\"},\"headline\":\"T.Lauquen: El ni\u00f1o accidentado en Simini y Estrada fue dado de alta en La Plata, lo trasladan para que se encuentre con su mama que evoluciona favorablemente\",\"datePublished\":\"2024-09-23T15:06:14+00:00\",\"dateModified\":\"2024-09-23T15:06:15+00:00\",\"mainEntityOfPage\":{\"@id\":\"https:\/\/infoecos.com.ar\/index.php\/t-lauquen-el-nino-accidentado-en-simini-y-estrada-fue-dado-de-alta-en-la-plata-lo-trasladan-para-que-se-encuentre-con-su-mama-que-evoluciona-favorablemente\/\"},\"wordCount\":244,\"publisher\":{\"@id\":\"https:\/\/infoecos.com.ar\/#organization\"},\"image\":{\"@id\":\"https:\/\/infoecos.com.ar\/index.php\/t-lauquen-el-nino-accidentado-en-simini-y-estrada-fue-dado-de-alta-en-la-plata-lo-trasladan-para-que-se-encuentre-con-su-mama-que-evoluciona-favorablemente\/#primaryimage\"},\"thumbnailUrl\":\"https:\/\/infoecos.com.ar\/wp-content\/uploads\/2024\/09\/image-107.png\",\"articleSection\":[\"Noticia Principal\"],\"inLanguage\":\"es\"},{\"@type\":\"WebPage\",\"@id\":\"https:\/\/infoecos.com.ar\/index.php\/t-lauquen-el-nino-accidentado-en-simini-y-estrada-fue-dado-de-alta-en-la-plata-lo-trasladan-para-que-se-encuentre-con-su-mama-que-evoluciona-favorablemente\/\",\"url\":\"https:\/\/infoecos.com.ar\/index.php\/t-lauquen-el-nino-accidentado-en-simini-y-estrada-fue-dado-de-alta-en-la-plata-lo-trasladan-para-que-se-encuentre-con-su-mama-que-evoluciona-favorablemente\/\",\"name\":\"T.Lauquen: El ni\u00f1o accidentado en Simini y Estrada fue dado de alta en La Plata, lo trasladan para que se encuentre con su mama que evoluciona favorablemente - Infoecos\",\"isPartOf\":{\"@id\":\"https:\/\/infoecos.com.ar\/#website\"},\"primaryImageOfPage\":{\"@id\":\"https:\/\/infoecos.com.ar\/index.php\/t-lauquen-el-nino-accidentado-en-simini-y-estrada-fue-dado-de-alta-en-la-plata-lo-trasladan-para-que-se-encuentre-con-su-mama-que-evoluciona-favorablemente\/#primaryimage\"},\"image\":{\"@id\":\"https:\/\/infoecos.com.ar\/index.php\/t-lauquen-el-nino-accidentado-en-simini-y-estrada-fue-dado-de-alta-en-la-plata-lo-trasladan-para-que-se-encuentre-con-su-mama-que-evoluciona-favorablemente\/#primaryimage\"},\"thumbnailUrl\":\"https:\/\/infoecos.com.ar\/wp-content\/uploads\/2024\/09\/image-107.png\",\"datePublished\":\"2024-09-23T15:06:14+00:00\",\"dateModified\":\"2024-09-23T15:06:15+00:00\",\"breadcrumb\":{\"@id\":\"https:\/\/infoecos.com.ar\/index.php\/t-lauquen-el-nino-accidentado-en-simini-y-estrada-fue-dado-de-alta-en-la-plata-lo-trasladan-para-que-se-encuentre-con-su-mama-que-evoluciona-favorablemente\/#breadcrumb\"},\"inLanguage\":\"es\",\"potentialAction\":[{\"@type\":\"ReadAction\",\"target\":[\"https:\/\/infoecos.com.ar\/index.php\/t-lauquen-el-nino-accidentado-en-simini-y-estrada-fue-dado-de-alta-en-la-plata-lo-trasladan-para-que-se-encuentre-con-su-mama-que-evoluciona-favorablemente\/\"]}]},{\"@type\":\"ImageObject\",\"inLanguage\":\"es\",\"@id\":\"https:\/\/infoecos.com.ar\/index.php\/t-lauquen-el-nino-accidentado-en-simini-y-estrada-fue-dado-de-alta-en-la-plata-lo-trasladan-para-que-se-encuentre-con-su-mama-que-evoluciona-favorablemente\/#primaryimage\",\"url\":\"https:\/\/infoecos.com.ar\/wp-content\/uploads\/2024\/09\/image-107.png\",\"contentUrl\":\"https:\/\/infoecos.com.ar\/wp-content\/uploads\/2024\/09\/image-107.png\",\"width\":960,\"height\":1280},{\"@type\":\"BreadcrumbList\",\"@id\":\"https:\/\/infoecos.com.ar\/index.php\/t-lauquen-el-nino-accidentado-en-simini-y-estrada-fue-dado-de-alta-en-la-plata-lo-trasladan-para-que-se-encuentre-con-su-mama-que-evoluciona-favorablemente\/#breadcrumb\",\"itemListElement\":[{\"@type\":\"ListItem\",\"position\":1,\"name\":\"Portada\",\"item\":\"https:\/\/infoecos.com.ar\/\"},{\"@type\":\"ListItem\",\"position\":2,\"name\":\"T.Lauquen: El ni\u00f1o accidentado en Simini y Estrada fue dado de alta en La Plata, lo trasladan para que se encuentre con su mama que evoluciona favorablemente\"}]},{\"@type\":\"WebSite\",\"@id\":\"https:\/\/infoecos.com.ar\/#website\",\"url\":\"https:\/\/infoecos.com.ar\/\",\"name\":\"Infoecos\",\"description\":\"Noticias de trenque lauquen y la zona\",\"publisher\":{\"@id\":\"https:\/\/infoecos.com.ar\/#organization\"},\"alternateName\":\"Noticias\",\"potentialAction\":[{\"@type\":\"SearchAction\",\"target\":{\"@type\":\"EntryPoint\",\"urlTemplate\":\"https:\/\/infoecos.com.ar\/?s={search_term_string}\"},\"query-input\":{\"@type\":\"PropertyValueSpecification\",\"valueRequired\":true,\"valueName\":\"search_term_string\"}}],\"inLanguage\":\"es\"},{\"@type\":\"Organization\",\"@id\":\"https:\/\/infoecos.com.ar\/#organization\",\"name\":\"Infoecos\",\"alternateName\":\"Noticias\",\"url\":\"https:\/\/infoecos.com.ar\/\",\"logo\":{\"@type\":\"ImageObject\",\"inLanguage\":\"es\",\"@id\":\"https:\/\/infoecos.com.ar\/#\/schema\/logo\/image\/\",\"url\":\"https:\/\/infoecos.com.ar\/wp-content\/uploads\/2024\/03\/cropped-logo.png\",\"contentUrl\":\"https:\/\/infoecos.com.ar\/wp-content\/uploads\/2024\/03\/cropped-logo.png\",\"width\":374,\"height\":90,\"caption\":\"Infoecos\"},\"image\":{\"@id\":\"https:\/\/infoecos.com.ar\/#\/schema\/logo\/image\/\"},\"sameAs\":[\"https:\/\/www.facebook.com\/profile.php?id=100063200290284\",\"https:\/\/x.com\/infoecos\"]},{\"@type\":\"Person\",\"@id\":\"https:\/\/infoecos.com.ar\/#\/schema\/person\/8f5ace5ce73b4b4aac4b7245aee6f191\",\"name\":\"Jorge Matheus\",\"url\":\"https:\/\/infoecos.com.ar\/index.php\/author\/jomatheus\/\"}]}<\/script>\n<!-- \/ Yoast SEO plugin. -->","yoast_head_json":{"title":"T.Lauquen: El ni\u00f1o accidentado en Simini y Estrada fue dado de alta en La Plata, lo trasladan para que se encuentre con su mama que evoluciona favorablemente - Infoecos","robots":{"index":"index","follow":"follow","max-snippet":"max-snippet:-1","max-image-preview":"max-image-preview:large","max-video-preview":"max-video-preview:-1"},"canonical":"https:\/\/infoecos.com.ar\/index.php\/t-lauquen-el-nino-accidentado-en-simini-y-estrada-fue-dado-de-alta-en-la-plata-lo-trasladan-para-que-se-encuentre-con-su-mama-que-evoluciona-favorablemente\/","og_locale":"es_ES","og_type":"article","og_title":"T.Lauquen: El ni\u00f1o accidentado en Simini y Estrada fue dado de alta en La Plata, lo trasladan para que se encuentre con su mama que evoluciona favorablemente - Infoecos","og_description":"El municipio de Trenque Lauquen y otros medios locales de relaciones amistosas con el \u00e1rea de comunicaci\u00f3n del municipio que depende del secretario general, Juan Manuel Sotullo, no nos crey\u00f3 el viernes cuando se dio a conocer la grave informaci\u00f3n e incluso en partes claramente orientados desde Villegas 555 como dicen en la jerga nos baj\u00f3 el precio, se ha hecho cargo de la informaci\u00f3n vinculada con el hecho que gener\u00f3 dolor comunitario, y acaba de dar a conocer un comunicado, que esperamos se repita d\u00eda a d\u00eda.","og_url":"https:\/\/infoecos.com.ar\/index.php\/t-lauquen-el-nino-accidentado-en-simini-y-estrada-fue-dado-de-alta-en-la-plata-lo-trasladan-para-que-se-encuentre-con-su-mama-que-evoluciona-favorablemente\/","og_site_name":"Infoecos","article_publisher":"https:\/\/www.facebook.com\/profile.php?id=100063200290284","article_published_time":"2024-09-23T15:06:14+00:00","article_modified_time":"2024-09-23T15:06:15+00:00","og_image":[{"width":960,"height":1280,"url":"https:\/\/infoecos.com.ar\/wp-content\/uploads\/2024\/09\/image-107.png","type":"image\/png"}],"author":"Jorge Matheus","twitter_card":"summary_large_image","twitter_creator":"@infoecos","twitter_site":"@infoecos","twitter_misc":{"Escrito por":"Jorge Matheus","Tiempo de lectura":"2 minutos"},"schema":{"@context":"https:\/\/schema.org","@graph":[{"@type":"Article","@id":"https:\/\/infoecos.com.ar\/index.php\/t-lauquen-el-nino-accidentado-en-simini-y-estrada-fue-dado-de-alta-en-la-plata-lo-trasladan-para-que-se-encuentre-con-su-mama-que-evoluciona-favorablemente\/#article","isPartOf":{"@id":"https:\/\/infoecos.com.ar\/index.php\/t-lauquen-el-nino-accidentado-en-simini-y-estrada-fue-dado-de-alta-en-la-plata-lo-trasladan-para-que-se-encuentre-con-su-mama-que-evoluciona-favorablemente\/"},"author":{"name":"Jorge Matheus","@id":"https:\/\/infoecos.com.ar\/#\/schema\/person\/8f5ace5ce73b4b4aac4b7245aee6f191"},"headline":"T.Lauquen: El ni\u00f1o accidentado en Simini y Estrada fue dado de alta en La Plata, lo trasladan para que se encuentre con su mama que evoluciona favorablemente","datePublished":"2024-09-23T15:06:14+00:00","dateModified":"2024-09-23T15:06:15+00:00","mainEntityOfPage":{"@id":"https:\/\/infoecos.com.ar\/index.php\/t-lauquen-el-nino-accidentado-en-simini-y-estrada-fue-dado-de-alta-en-la-plata-lo-trasladan-para-que-se-encuentre-con-su-mama-que-evoluciona-favorablemente\/"},"wordCount":244,"publisher":{"@id":"https:\/\/infoecos.com.ar\/#organization"},"image":{"@id":"https:\/\/infoecos.com.ar\/index.php\/t-lauquen-el-nino-accidentado-en-simini-y-estrada-fue-dado-de-alta-en-la-plata-lo-trasladan-para-que-se-encuentre-con-su-mama-que-evoluciona-favorablemente\/#primaryimage"},"thumbnailUrl":"https:\/\/infoecos.com.ar\/wp-content\/uploads\/2024\/09\/image-107.png","articleSection":["Noticia Principal"],"inLanguage":"es"},{"@type":"WebPage","@id":"https:\/\/infoecos.com.ar\/index.php\/t-lauquen-el-nino-accidentado-en-simini-y-estrada-fue-dado-de-alta-en-la-plata-lo-trasladan-para-que-se-encuentre-con-su-mama-que-evoluciona-favorablemente\/","url":"https:\/\/infoecos.com.ar\/index.php\/t-lauquen-el-nino-accidentado-en-simini-y-estrada-fue-dado-de-alta-en-la-plata-lo-trasladan-para-que-se-encuentre-con-su-mama-que-evoluciona-favorablemente\/","name":"T.Lauquen: El ni\u00f1o accidentado en Simini y Estrada fue dado de alta en La Plata, lo trasladan para que se encuentre con su mama que evoluciona favorablemente - Infoecos","isPartOf":{"@id":"https:\/\/infoecos.com.ar\/#website"},"primaryImageOfPage":{"@id":"https:\/\/infoecos.com.ar\/index.php\/t-lauquen-el-nino-accidentado-en-simini-y-estrada-fue-dado-de-alta-en-la-plata-lo-trasladan-para-que-se-encuentre-con-su-mama-que-evoluciona-favorablemente\/#primaryimage"},"image":{"@id":"https:\/\/infoecos.com.ar\/index.php\/t-lauquen-el-nino-accidentado-en-simini-y-estrada-fue-dado-de-alta-en-la-plata-lo-trasladan-para-que-se-encuentre-con-su-mama-que-evoluciona-favorablemente\/#primaryimage"},"thumbnailUrl":"https:\/\/infoecos.com.ar\/wp-content\/uploads\/2024\/09\/image-107.png","datePublished":"2024-09-23T15:06:14+00:00","dateModified":"2024-09-23T15:06:15+00:00","breadcrumb":{"@id":"https:\/\/infoecos.com.ar\/index.php\/t-lauquen-el-nino-accidentado-en-simini-y-estrada-fue-dado-de-alta-en-la-plata-lo-trasladan-para-que-se-encuentre-con-su-mama-que-evoluciona-favorablemente\/#breadcrumb"},"inLanguage":"es","potentialAction":[{"@type":"ReadAction","target":["https:\/\/infoecos.com.ar\/index.php\/t-lauquen-el-nino-accidentado-en-simini-y-estrada-fue-dado-de-alta-en-la-plata-lo-trasladan-para-que-se-encuentre-con-su-mama-que-evoluciona-favorablemente\/"]}]},{"@type":"ImageObject","inLanguage":"es","@id":"https:\/\/infoecos.com.ar\/index.php\/t-lauquen-el-nino-accidentado-en-simini-y-estrada-fue-dado-de-alta-en-la-plata-lo-trasladan-para-que-se-encuentre-con-su-mama-que-evoluciona-favorablemente\/#primaryimage","url":"https:\/\/infoecos.com.ar\/wp-content\/uploads\/2024\/09\/image-107.png","contentUrl":"https:\/\/infoecos.com.ar\/wp-content\/uploads\/2024\/09\/image-107.png","width":960,"height":1280},{"@type":"BreadcrumbList","@id":"https:\/\/infoecos.com.ar\/index.php\/t-lauquen-el-nino-accidentado-en-simini-y-estrada-fue-dado-de-alta-en-la-plata-lo-trasladan-para-que-se-encuentre-con-su-mama-que-evoluciona-favorablemente\/#breadcrumb","itemListElement":[{"@type":"ListItem","position":1,"name":"Portada","item":"https:\/\/infoecos.com.ar\/"},{"@type":"ListItem","position":2,"name":"T.Lauquen: El ni\u00f1o accidentado en Simini y Estrada fue dado de alta en La Plata, lo trasladan para que se encuentre con su mama que evoluciona favorablemente"}]},{"@type":"WebSite","@id":"https:\/\/infoecos.com.ar\/#website","url":"https:\/\/infoecos.com.ar\/","name":"Infoecos","description":"Noticias de trenque lauquen y la zona","publisher":{"@id":"https:\/\/infoecos.com.ar\/#organization"},"alternateName":"Noticias","potentialAction":[{"@type":"SearchAction","target":{"@type":"EntryPoint","urlTemplate":"https:\/\/infoecos.com.ar\/?s={search_term_string}"},"query-input":{"@type":"PropertyValueSpecification","valueRequired":true,"valueName":"search_term_string"}}],"inLanguage":"es"},{"@type":"Organization","@id":"https:\/\/infoecos.com.ar\/#organization","name":"Infoecos","alternateName":"Noticias","url":"https:\/\/infoecos.com.ar\/","logo":{"@type":"ImageObject","inLanguage":"es","@id":"https:\/\/infoecos.com.ar\/#\/schema\/logo\/image\/","url":"https:\/\/infoecos.com.ar\/wp-content\/uploads\/2024\/03\/cropped-logo.png","contentUrl":"https:\/\/infoecos.com.ar\/wp-content\/uploads\/2024\/03\/cropped-logo.png","width":374,"height":90,"caption":"Infoecos"},"image":{"@id":"https:\/\/infoecos.com.ar\/#\/schema\/logo\/image\/"},"sameAs":["https:\/\/www.facebook.com\/profile.php?id=100063200290284","https:\/\/x.com\/infoecos"]},{"@type":"Person","@id":"https:\/\/infoecos.com.ar\/#\/schema\/person\/8f5ace5ce73b4b4aac4b7245aee6f191","name":"Jorge Matheus","url":"https:\/\/infoecos.com.ar\/index.php\/author\/jomatheus\/"}]}},"featured_image_urls":{"full":["https:\/\/infoecos.com.ar\/wp-content\/uploads\/2024\/09\/image-107.png",960,1280,false],"thumbnail":["https:\/\/infoecos.com.ar\/wp-content\/uploads\/2024\/09\/image-107-300x150.png",300,150,true],"medium":["https:\/\/infoecos.com.ar\/wp-content\/uploads\/2024\/09\/image-107-600x800.png",600,800,true],"medium_large":["https:\/\/infoecos.com.ar\/wp-content\/uploads\/2024\/09\/image-107-768x1024.png",640,853,true],"large":["https:\/\/infoecos.com.ar\/wp-content\/uploads\/2024\/09\/image-107.png",640,853,false],"1536x1536":["https:\/\/infoecos.com.ar\/wp-content\/uploads\/2024\/09\/image-107.png",960,1280,false],"2048x2048":["https:\/\/infoecos.com.ar\/wp-content\/uploads\/2024\/09\/image-107.png",960,1280,false],"covernews-slider-full":["https:\/\/infoecos.com.ar\/wp-content\/uploads\/2024\/09\/image-107-960x715.png",960,715,true],"covernews-slider-center":["https:\/\/infoecos.com.ar\/wp-content\/uploads\/2024\/09\/image-107-800x500.png",800,500,true],"covernews-featured":["https:\/\/infoecos.com.ar\/wp-content\/uploads\/2024\/09\/image-107.png",960,1280,false],"covernews-medium":["https:\/\/infoecos.com.ar\/wp-content\/uploads\/2024\/09\/image-107-540x340.png",540,340,true],"covernews-medium-square":["https:\/\/infoecos.com.ar\/wp-content\/uploads\/2024\/09\/image-107-400x250.png",400,250,true]},"author_info":{"info":["Jorge Matheus"]},"category_info":"<a href=\"https:\/\/infoecos.com.ar\/index.php\/category\/noticia-principal\/\" rel=\"category tag\">Noticia Principal<\/a>","tag_info":"Noticia Principal","comment_count":"0","_links":{"self":[{"href":"https:\/\/infoecos.com.ar\/index.php\/wp-json\/wp\/v2\/posts\/130070"}],"collection":[{"href":"https:\/\/infoecos.com.ar\/index.php\/wp-json\/wp\/v2\/posts"}],"about":[{"href":"https:\/\/infoecos.com.ar\/index.php\/wp-json\/wp\/v2\/types\/post"}],"author":[{"embeddable":true,"href":"https:\/\/infoecos.com.ar\/index.php\/wp-json\/wp\/v2\/users\/2"}],"replies":[{"embeddable":true,"href":"https:\/\/infoecos.com.ar\/index.php\/wp-json\/wp\/v2\/comments?post=130070"}],"version-history":[{"count":1,"href":"https:\/\/infoecos.com.ar\/index.php\/wp-json\/wp\/v2\/posts\/130070\/revisions"}],"predecessor-version":[{"id":130071,"href":"https:\/\/infoecos.com.ar\/index.php\/wp-json\/wp\/v2\/posts\/130070\/revisions\/130071"}],"wp:featuredmedia":[{"embeddable":true,"href":"https:\/\/infoecos.com.ar\/index.php\/wp-json\/wp\/v2\/media\/129976"}],"wp:attachment":[{"href":"https:\/\/infoecos.com.ar\/index.php\/wp-json\/wp\/v2\/media?parent=130070"}],"wp:term":[{"taxonomy":"category","embeddable":true,"href":"https:\/\/infoecos.com.ar\/index.php\/wp-json\/wp\/v2\/categories?post=130070"},{"taxonomy":"post_tag","embeddable":true,"href":"https:\/\/infoecos.com.ar\/index.php\/wp-json\/wp\/v2\/tags?post=130070"}],"curies":[{"name":"wp","href":"https:\/\/api.w.org\/{rel}","templated":true}]}}