{"id":130568,"date":"2024-10-03T23:01:04","date_gmt":"2024-10-04T02:01:04","guid":{"rendered":"https:\/\/infoecos.com.ar\/?p=130568"},"modified":"2024-10-04T09:21:14","modified_gmt":"2024-10-04T12:21:14","slug":"clima-trenque-lauquen-se-estiman-vientos-de-hasta-69-kilometros-para-este-jueves","status":"publish","type":"post","link":"https:\/\/infoecos.com.ar\/index.php\/clima-trenque-lauquen-se-estiman-vientos-de-hasta-69-kilometros-para-este-jueves\/","title":{"rendered":"Clima Trenque Lauquen: se estiman vientos de hasta 69 kil\u00f3metros para este jueves"},"content":{"rendered":"\n<p class=\"has-text-align-center\"><strong>Servicio Meteorol\u00f3gico Nacional<\/strong><\/p>\n\n\n\n<p>Puede haber vientos de hasta 69 kil\u00f3metros por hora en horas de la tarde, con temperatura m\u00e1xima estimada en 28\u00b0. Tambi\u00e9n se estiman vientos intensos de hasta 50 kil\u00f3metros el s\u00e1bado y domingo. <\/p>\n\n\n\n<figure class=\"wp-block-image aligncenter size-full\"><img loading=\"lazy\" decoding=\"async\" width=\"476\" height=\"259\" src=\"https:\/\/infoecos.com.ar\/wp-content\/uploads\/2024\/10\/image-33.png\" alt=\"\" class=\"wp-image-130569\"\/><\/figure>\n\n\n\n<p class=\"has-text-align-center\"><strong>Sensores Clim\u00e1ticos de la Municipalidad de Trenque Lauquen<\/strong><\/p>\n\n\n\n<p><strong>La temperatura m\u00e1xima de este jueves:<\/strong> 24.6\u00b0<\/p>\n\n\n\n<p><strong>La temperatura m\u00ednima de este jueves:<\/strong> -0.2\u00b0<\/p>\n\n\n\n<figure class=\"wp-block-image aligncenter size-full\"><img loading=\"lazy\" decoding=\"async\" width=\"609\" height=\"311\" src=\"https:\/\/infoecos.com.ar\/wp-content\/uploads\/2024\/10\/image-34.png\" alt=\"\" class=\"wp-image-130570\"\/><\/figure>\n\n\n\n<figure class=\"wp-block-image aligncenter size-full is-resized\"><img loading=\"lazy\" decoding=\"async\" width=\"800\" height=\"534\" src=\"https:\/\/infoecos.com.ar\/wp-content\/uploads\/2024\/10\/image-35.png\" alt=\"\" class=\"wp-image-130571\" style=\"width:470px;height:auto\" srcset=\"https:\/\/infoecos.com.ar\/wp-content\/uploads\/2024\/10\/image-35.png 800w, https:\/\/infoecos.com.ar\/wp-content\/uploads\/2024\/10\/image-35-768x513.png 768w\" sizes=\"(max-width: 800px) 100vw, 800px\" \/><\/figure>\n","protected":false},"excerpt":{"rendered":"<p>La temperatura m\u00e1xima de este jueves lleg\u00f3 a los 24.6\u00b0 y la m\u00ednima estuvo por debajo del cero<\/p>\n","protected":false},"author":2,"featured_media":130571,"comment_status":"closed","ping_status":"open","sticky":false,"template":"","format":"standard","meta":{"footnotes":""},"categories":[1613],"tags":[],"class_list":["post-130568","post","type-post","status-publish","format-standard","has-post-thumbnail","hentry","category-noticia-secundaria"],"yoast_head":"<!-- This site is optimized with the Yoast SEO plugin v23.4 - https:\/\/yoast.com\/wordpress\/plugins\/seo\/ -->\n<title>Clima Trenque Lauquen: se estiman vientos de hasta 69 kil\u00f3metros para este jueves - Infoecos<\/title>\n<meta name=\"robots\" content=\"index, follow, max-snippet:-1, max-image-preview:large, max-video-preview:-1\" \/>\n<link rel=\"canonical\" href=\"https:\/\/infoecos.com.ar\/index.php\/clima-trenque-lauquen-se-estiman-vientos-de-hasta-69-kilometros-para-este-jueves\/\" \/>\n<meta property=\"og:locale\" content=\"es_ES\" \/>\n<meta property=\"og:type\" content=\"article\" \/>\n<meta property=\"og:title\" content=\"Clima Trenque Lauquen: se estiman vientos de hasta 69 kil\u00f3metros para este jueves - Infoecos\" \/>\n<meta property=\"og:description\" content=\"La temperatura m\u00e1xima de este jueves lleg\u00f3 a los 24.6\u00b0 y la m\u00ednima estuvo por debajo del cero\" \/>\n<meta property=\"og:url\" content=\"https:\/\/infoecos.com.ar\/index.php\/clima-trenque-lauquen-se-estiman-vientos-de-hasta-69-kilometros-para-este-jueves\/\" \/>\n<meta property=\"og:site_name\" content=\"Infoecos\" \/>\n<meta property=\"article:publisher\" content=\"https:\/\/www.facebook.com\/profile.php?id=100063200290284\" \/>\n<meta property=\"article:published_time\" content=\"2024-10-04T02:01:04+00:00\" \/>\n<meta property=\"article:modified_time\" content=\"2024-10-04T12:21:14+00:00\" \/>\n<meta property=\"og:image\" content=\"https:\/\/infoecos.com.ar\/wp-content\/uploads\/2024\/10\/image-35.png\" \/>\n\t<meta property=\"og:image:width\" content=\"800\" \/>\n\t<meta property=\"og:image:height\" content=\"534\" \/>\n\t<meta property=\"og:image:type\" content=\"image\/png\" \/>\n<meta name=\"author\" content=\"Jorge Matheus\" \/>\n<meta name=\"twitter:card\" content=\"summary_large_image\" \/>\n<meta name=\"twitter:creator\" content=\"@infoecos\" \/>\n<meta name=\"twitter:site\" content=\"@infoecos\" \/>\n<meta name=\"twitter:label1\" content=\"Escrito por\" \/>\n\t<meta name=\"twitter:data1\" content=\"Jorge Matheus\" \/>\n\t<meta name=\"twitter:label2\" content=\"Tiempo de lectura\" \/>\n\t<meta name=\"twitter:data2\" content=\"2 minutos\" \/>\n<script type=\"application\/ld+json\" class=\"yoast-schema-graph\">{\"@context\":\"https:\/\/schema.org\",\"@graph\":[{\"@type\":\"Article\",\"@id\":\"https:\/\/infoecos.com.ar\/index.php\/clima-trenque-lauquen-se-estiman-vientos-de-hasta-69-kilometros-para-este-jueves\/#article\",\"isPartOf\":{\"@id\":\"https:\/\/infoecos.com.ar\/index.php\/clima-trenque-lauquen-se-estiman-vientos-de-hasta-69-kilometros-para-este-jueves\/\"},\"author\":{\"name\":\"Jorge Matheus\",\"@id\":\"https:\/\/infoecos.com.ar\/#\/schema\/person\/8f5ace5ce73b4b4aac4b7245aee6f191\"},\"headline\":\"Clima Trenque Lauquen: se estiman vientos de hasta 69 kil\u00f3metros para este jueves\",\"datePublished\":\"2024-10-04T02:01:04+00:00\",\"dateModified\":\"2024-10-04T12:21:14+00:00\",\"mainEntityOfPage\":{\"@id\":\"https:\/\/infoecos.com.ar\/index.php\/clima-trenque-lauquen-se-estiman-vientos-de-hasta-69-kilometros-para-este-jueves\/\"},\"wordCount\":76,\"publisher\":{\"@id\":\"https:\/\/infoecos.com.ar\/#organization\"},\"image\":{\"@id\":\"https:\/\/infoecos.com.ar\/index.php\/clima-trenque-lauquen-se-estiman-vientos-de-hasta-69-kilometros-para-este-jueves\/#primaryimage\"},\"thumbnailUrl\":\"https:\/\/infoecos.com.ar\/wp-content\/uploads\/2024\/10\/image-35.png\",\"articleSection\":[\"Noticia Secundaria\"],\"inLanguage\":\"es\"},{\"@type\":\"WebPage\",\"@id\":\"https:\/\/infoecos.com.ar\/index.php\/clima-trenque-lauquen-se-estiman-vientos-de-hasta-69-kilometros-para-este-jueves\/\",\"url\":\"https:\/\/infoecos.com.ar\/index.php\/clima-trenque-lauquen-se-estiman-vientos-de-hasta-69-kilometros-para-este-jueves\/\",\"name\":\"Clima Trenque Lauquen: se estiman vientos de hasta 69 kil\u00f3metros para este jueves - Infoecos\",\"isPartOf\":{\"@id\":\"https:\/\/infoecos.com.ar\/#website\"},\"primaryImageOfPage\":{\"@id\":\"https:\/\/infoecos.com.ar\/index.php\/clima-trenque-lauquen-se-estiman-vientos-de-hasta-69-kilometros-para-este-jueves\/#primaryimage\"},\"image\":{\"@id\":\"https:\/\/infoecos.com.ar\/index.php\/clima-trenque-lauquen-se-estiman-vientos-de-hasta-69-kilometros-para-este-jueves\/#primaryimage\"},\"thumbnailUrl\":\"https:\/\/infoecos.com.ar\/wp-content\/uploads\/2024\/10\/image-35.png\",\"datePublished\":\"2024-10-04T02:01:04+00:00\",\"dateModified\":\"2024-10-04T12:21:14+00:00\",\"breadcrumb\":{\"@id\":\"https:\/\/infoecos.com.ar\/index.php\/clima-trenque-lauquen-se-estiman-vientos-de-hasta-69-kilometros-para-este-jueves\/#breadcrumb\"},\"inLanguage\":\"es\",\"potentialAction\":[{\"@type\":\"ReadAction\",\"target\":[\"https:\/\/infoecos.com.ar\/index.php\/clima-trenque-lauquen-se-estiman-vientos-de-hasta-69-kilometros-para-este-jueves\/\"]}]},{\"@type\":\"ImageObject\",\"inLanguage\":\"es\",\"@id\":\"https:\/\/infoecos.com.ar\/index.php\/clima-trenque-lauquen-se-estiman-vientos-de-hasta-69-kilometros-para-este-jueves\/#primaryimage\",\"url\":\"https:\/\/infoecos.com.ar\/wp-content\/uploads\/2024\/10\/image-35.png\",\"contentUrl\":\"https:\/\/infoecos.com.ar\/wp-content\/uploads\/2024\/10\/image-35.png\",\"width\":800,\"height\":534},{\"@type\":\"BreadcrumbList\",\"@id\":\"https:\/\/infoecos.com.ar\/index.php\/clima-trenque-lauquen-se-estiman-vientos-de-hasta-69-kilometros-para-este-jueves\/#breadcrumb\",\"itemListElement\":[{\"@type\":\"ListItem\",\"position\":1,\"name\":\"Portada\",\"item\":\"https:\/\/infoecos.com.ar\/\"},{\"@type\":\"ListItem\",\"position\":2,\"name\":\"Clima Trenque Lauquen: se estiman vientos de hasta 69 kil\u00f3metros para este jueves\"}]},{\"@type\":\"WebSite\",\"@id\":\"https:\/\/infoecos.com.ar\/#website\",\"url\":\"https:\/\/infoecos.com.ar\/\",\"name\":\"Infoecos\",\"description\":\"Noticias de trenque lauquen y la zona\",\"publisher\":{\"@id\":\"https:\/\/infoecos.com.ar\/#organization\"},\"alternateName\":\"Noticias\",\"potentialAction\":[{\"@type\":\"SearchAction\",\"target\":{\"@type\":\"EntryPoint\",\"urlTemplate\":\"https:\/\/infoecos.com.ar\/?s={search_term_string}\"},\"query-input\":{\"@type\":\"PropertyValueSpecification\",\"valueRequired\":true,\"valueName\":\"search_term_string\"}}],\"inLanguage\":\"es\"},{\"@type\":\"Organization\",\"@id\":\"https:\/\/infoecos.com.ar\/#organization\",\"name\":\"Infoecos\",\"alternateName\":\"Noticias\",\"url\":\"https:\/\/infoecos.com.ar\/\",\"logo\":{\"@type\":\"ImageObject\",\"inLanguage\":\"es\",\"@id\":\"https:\/\/infoecos.com.ar\/#\/schema\/logo\/image\/\",\"url\":\"https:\/\/infoecos.com.ar\/wp-content\/uploads\/2024\/03\/cropped-logo.png\",\"contentUrl\":\"https:\/\/infoecos.com.ar\/wp-content\/uploads\/2024\/03\/cropped-logo.png\",\"width\":374,\"height\":90,\"caption\":\"Infoecos\"},\"image\":{\"@id\":\"https:\/\/infoecos.com.ar\/#\/schema\/logo\/image\/\"},\"sameAs\":[\"https:\/\/www.facebook.com\/profile.php?id=100063200290284\",\"https:\/\/x.com\/infoecos\"]},{\"@type\":\"Person\",\"@id\":\"https:\/\/infoecos.com.ar\/#\/schema\/person\/8f5ace5ce73b4b4aac4b7245aee6f191\",\"name\":\"Jorge Matheus\",\"url\":\"https:\/\/infoecos.com.ar\/index.php\/author\/jomatheus\/\"}]}<\/script>\n<!-- \/ Yoast SEO plugin. -->","yoast_head_json":{"title":"Clima Trenque Lauquen: se estiman vientos de hasta 69 kil\u00f3metros para este jueves - Infoecos","robots":{"index":"index","follow":"follow","max-snippet":"max-snippet:-1","max-image-preview":"max-image-preview:large","max-video-preview":"max-video-preview:-1"},"canonical":"https:\/\/infoecos.com.ar\/index.php\/clima-trenque-lauquen-se-estiman-vientos-de-hasta-69-kilometros-para-este-jueves\/","og_locale":"es_ES","og_type":"article","og_title":"Clima Trenque Lauquen: se estiman vientos de hasta 69 kil\u00f3metros para este jueves - Infoecos","og_description":"La temperatura m\u00e1xima de este jueves lleg\u00f3 a los 24.6\u00b0 y la m\u00ednima estuvo por debajo del cero","og_url":"https:\/\/infoecos.com.ar\/index.php\/clima-trenque-lauquen-se-estiman-vientos-de-hasta-69-kilometros-para-este-jueves\/","og_site_name":"Infoecos","article_publisher":"https:\/\/www.facebook.com\/profile.php?id=100063200290284","article_published_time":"2024-10-04T02:01:04+00:00","article_modified_time":"2024-10-04T12:21:14+00:00","og_image":[{"width":800,"height":534,"url":"https:\/\/infoecos.com.ar\/wp-content\/uploads\/2024\/10\/image-35.png","type":"image\/png"}],"author":"Jorge Matheus","twitter_card":"summary_large_image","twitter_creator":"@infoecos","twitter_site":"@infoecos","twitter_misc":{"Escrito por":"Jorge Matheus","Tiempo de lectura":"2 minutos"},"schema":{"@context":"https:\/\/schema.org","@graph":[{"@type":"Article","@id":"https:\/\/infoecos.com.ar\/index.php\/clima-trenque-lauquen-se-estiman-vientos-de-hasta-69-kilometros-para-este-jueves\/#article","isPartOf":{"@id":"https:\/\/infoecos.com.ar\/index.php\/clima-trenque-lauquen-se-estiman-vientos-de-hasta-69-kilometros-para-este-jueves\/"},"author":{"name":"Jorge Matheus","@id":"https:\/\/infoecos.com.ar\/#\/schema\/person\/8f5ace5ce73b4b4aac4b7245aee6f191"},"headline":"Clima Trenque Lauquen: se estiman vientos de hasta 69 kil\u00f3metros para este jueves","datePublished":"2024-10-04T02:01:04+00:00","dateModified":"2024-10-04T12:21:14+00:00","mainEntityOfPage":{"@id":"https:\/\/infoecos.com.ar\/index.php\/clima-trenque-lauquen-se-estiman-vientos-de-hasta-69-kilometros-para-este-jueves\/"},"wordCount":76,"publisher":{"@id":"https:\/\/infoecos.com.ar\/#organization"},"image":{"@id":"https:\/\/infoecos.com.ar\/index.php\/clima-trenque-lauquen-se-estiman-vientos-de-hasta-69-kilometros-para-este-jueves\/#primaryimage"},"thumbnailUrl":"https:\/\/infoecos.com.ar\/wp-content\/uploads\/2024\/10\/image-35.png","articleSection":["Noticia Secundaria"],"inLanguage":"es"},{"@type":"WebPage","@id":"https:\/\/infoecos.com.ar\/index.php\/clima-trenque-lauquen-se-estiman-vientos-de-hasta-69-kilometros-para-este-jueves\/","url":"https:\/\/infoecos.com.ar\/index.php\/clima-trenque-lauquen-se-estiman-vientos-de-hasta-69-kilometros-para-este-jueves\/","name":"Clima Trenque Lauquen: se estiman vientos de hasta 69 kil\u00f3metros para este jueves - Infoecos","isPartOf":{"@id":"https:\/\/infoecos.com.ar\/#website"},"primaryImageOfPage":{"@id":"https:\/\/infoecos.com.ar\/index.php\/clima-trenque-lauquen-se-estiman-vientos-de-hasta-69-kilometros-para-este-jueves\/#primaryimage"},"image":{"@id":"https:\/\/infoecos.com.ar\/index.php\/clima-trenque-lauquen-se-estiman-vientos-de-hasta-69-kilometros-para-este-jueves\/#primaryimage"},"thumbnailUrl":"https:\/\/infoecos.com.ar\/wp-content\/uploads\/2024\/10\/image-35.png","datePublished":"2024-10-04T02:01:04+00:00","dateModified":"2024-10-04T12:21:14+00:00","breadcrumb":{"@id":"https:\/\/infoecos.com.ar\/index.php\/clima-trenque-lauquen-se-estiman-vientos-de-hasta-69-kilometros-para-este-jueves\/#breadcrumb"},"inLanguage":"es","potentialAction":[{"@type":"ReadAction","target":["https:\/\/infoecos.com.ar\/index.php\/clima-trenque-lauquen-se-estiman-vientos-de-hasta-69-kilometros-para-este-jueves\/"]}]},{"@type":"ImageObject","inLanguage":"es","@id":"https:\/\/infoecos.com.ar\/index.php\/clima-trenque-lauquen-se-estiman-vientos-de-hasta-69-kilometros-para-este-jueves\/#primaryimage","url":"https:\/\/infoecos.com.ar\/wp-content\/uploads\/2024\/10\/image-35.png","contentUrl":"https:\/\/infoecos.com.ar\/wp-content\/uploads\/2024\/10\/image-35.png","width":800,"height":534},{"@type":"BreadcrumbList","@id":"https:\/\/infoecos.com.ar\/index.php\/clima-trenque-lauquen-se-estiman-vientos-de-hasta-69-kilometros-para-este-jueves\/#breadcrumb","itemListElement":[{"@type":"ListItem","position":1,"name":"Portada","item":"https:\/\/infoecos.com.ar\/"},{"@type":"ListItem","position":2,"name":"Clima Trenque Lauquen: se estiman vientos de hasta 69 kil\u00f3metros para este jueves"}]},{"@type":"WebSite","@id":"https:\/\/infoecos.com.ar\/#website","url":"https:\/\/infoecos.com.ar\/","name":"Infoecos","description":"Noticias de trenque lauquen y la zona","publisher":{"@id":"https:\/\/infoecos.com.ar\/#organization"},"alternateName":"Noticias","potentialAction":[{"@type":"SearchAction","target":{"@type":"EntryPoint","urlTemplate":"https:\/\/infoecos.com.ar\/?s={search_term_string}"},"query-input":{"@type":"PropertyValueSpecification","valueRequired":true,"valueName":"search_term_string"}}],"inLanguage":"es"},{"@type":"Organization","@id":"https:\/\/infoecos.com.ar\/#organization","name":"Infoecos","alternateName":"Noticias","url":"https:\/\/infoecos.com.ar\/","logo":{"@type":"ImageObject","inLanguage":"es","@id":"https:\/\/infoecos.com.ar\/#\/schema\/logo\/image\/","url":"https:\/\/infoecos.com.ar\/wp-content\/uploads\/2024\/03\/cropped-logo.png","contentUrl":"https:\/\/infoecos.com.ar\/wp-content\/uploads\/2024\/03\/cropped-logo.png","width":374,"height":90,"caption":"Infoecos"},"image":{"@id":"https:\/\/infoecos.com.ar\/#\/schema\/logo\/image\/"},"sameAs":["https:\/\/www.facebook.com\/profile.php?id=100063200290284","https:\/\/x.com\/infoecos"]},{"@type":"Person","@id":"https:\/\/infoecos.com.ar\/#\/schema\/person\/8f5ace5ce73b4b4aac4b7245aee6f191","name":"Jorge Matheus","url":"https:\/\/infoecos.com.ar\/index.php\/author\/jomatheus\/"}]}},"featured_image_urls":{"full":["https:\/\/infoecos.com.ar\/wp-content\/uploads\/2024\/10\/image-35.png",800,534,false],"thumbnail":["https:\/\/infoecos.com.ar\/wp-content\/uploads\/2024\/10\/image-35-300x150.png",300,150,true],"medium":["https:\/\/infoecos.com.ar\/wp-content\/uploads\/2024\/10\/image-35.png",800,534,false],"medium_large":["https:\/\/infoecos.com.ar\/wp-content\/uploads\/2024\/10\/image-35-768x513.png",640,428,true],"large":["https:\/\/infoecos.com.ar\/wp-content\/uploads\/2024\/10\/image-35.png",640,427,false],"1536x1536":["https:\/\/infoecos.com.ar\/wp-content\/uploads\/2024\/10\/image-35.png",800,534,false],"2048x2048":["https:\/\/infoecos.com.ar\/wp-content\/uploads\/2024\/10\/image-35.png",800,534,false],"covernews-slider-full":["https:\/\/infoecos.com.ar\/wp-content\/uploads\/2024\/10\/image-35.png",800,534,false],"covernews-slider-center":["https:\/\/infoecos.com.ar\/wp-content\/uploads\/2024\/10\/image-35-800x500.png",800,500,true],"covernews-featured":["https:\/\/infoecos.com.ar\/wp-content\/uploads\/2024\/10\/image-35.png",800,534,false],"covernews-medium":["https:\/\/infoecos.com.ar\/wp-content\/uploads\/2024\/10\/image-35-540x340.png",540,340,true],"covernews-medium-square":["https:\/\/infoecos.com.ar\/wp-content\/uploads\/2024\/10\/image-35-400x250.png",400,250,true]},"author_info":{"info":["Jorge Matheus"]},"category_info":"<a href=\"https:\/\/infoecos.com.ar\/index.php\/category\/noticia-secundaria\/\" rel=\"category tag\">Noticia Secundaria<\/a>","tag_info":"Noticia Secundaria","comment_count":"0","_links":{"self":[{"href":"https:\/\/infoecos.com.ar\/index.php\/wp-json\/wp\/v2\/posts\/130568"}],"collection":[{"href":"https:\/\/infoecos.com.ar\/index.php\/wp-json\/wp\/v2\/posts"}],"about":[{"href":"https:\/\/infoecos.com.ar\/index.php\/wp-json\/wp\/v2\/types\/post"}],"author":[{"embeddable":true,"href":"https:\/\/infoecos.com.ar\/index.php\/wp-json\/wp\/v2\/users\/2"}],"replies":[{"embeddable":true,"href":"https:\/\/infoecos.com.ar\/index.php\/wp-json\/wp\/v2\/comments?post=130568"}],"version-history":[{"count":1,"href":"https:\/\/infoecos.com.ar\/index.php\/wp-json\/wp\/v2\/posts\/130568\/revisions"}],"predecessor-version":[{"id":130572,"href":"https:\/\/infoecos.com.ar\/index.php\/wp-json\/wp\/v2\/posts\/130568\/revisions\/130572"}],"wp:featuredmedia":[{"embeddable":true,"href":"https:\/\/infoecos.com.ar\/index.php\/wp-json\/wp\/v2\/media\/130571"}],"wp:attachment":[{"href":"https:\/\/infoecos.com.ar\/index.php\/wp-json\/wp\/v2\/media?parent=130568"}],"wp:term":[{"taxonomy":"category","embeddable":true,"href":"https:\/\/infoecos.com.ar\/index.php\/wp-json\/wp\/v2\/categories?post=130568"},{"taxonomy":"post_tag","embeddable":true,"href":"https:\/\/infoecos.com.ar\/index.php\/wp-json\/wp\/v2\/tags?post=130568"}],"curies":[{"name":"wp","href":"https:\/\/api.w.org\/{rel}","templated":true}]}}