{"id":130587,"date":"2024-10-04T14:21:04","date_gmt":"2024-10-04T17:21:04","guid":{"rendered":"https:\/\/infoecos.com.ar\/?p=130587"},"modified":"2024-10-04T14:21:05","modified_gmt":"2024-10-04T17:21:05","slug":"t-lauquen-hasta-las-18-horas-se-realiza-en-el-polo-cientifico-la-expo-futuro-joven","status":"publish","type":"post","link":"https:\/\/infoecos.com.ar\/index.php\/t-lauquen-hasta-las-18-horas-se-realiza-en-el-polo-cientifico-la-expo-futuro-joven\/","title":{"rendered":"T.Lauquen: hasta las 18 horas se realiza en el Polo Cient\u00edfico la Expo Futuro Joven"},"content":{"rendered":"\n<p>Con la participaci\u00f3n de estudiantes secundarios de establecimientos educativos del distrito y el acompa\u00f1amiento de las instituciones de los distintos niveles educativos -terciario, universitario y oficios-, empresas y emprendedores, se realiza la 1era edici\u00f3n de la Expo Futuro Joven, hasta las 18.<\/p>\n\n\n\n<figure class=\"wp-block-gallery has-nested-images columns-default is-cropped wp-block-gallery-1 is-layout-flex wp-block-gallery-is-layout-flex\">\n<figure class=\"wp-block-image size-large\"><img loading=\"lazy\" decoding=\"async\" width=\"1600\" height=\"1070\" data-id=\"130592\" src=\"https:\/\/infoecos.com.ar\/wp-content\/uploads\/2024\/10\/DSC_9122-1600x1070.jpg\" alt=\"\" class=\"wp-image-130592\" srcset=\"https:\/\/infoecos.com.ar\/wp-content\/uploads\/2024\/10\/DSC_9122-1600x1070.jpg 1600w, https:\/\/infoecos.com.ar\/wp-content\/uploads\/2024\/10\/DSC_9122-800x535.jpg 800w, https:\/\/infoecos.com.ar\/wp-content\/uploads\/2024\/10\/DSC_9122-768x513.jpg 768w, https:\/\/infoecos.com.ar\/wp-content\/uploads\/2024\/10\/DSC_9122-1536x1027.jpg 1536w, https:\/\/infoecos.com.ar\/wp-content\/uploads\/2024\/10\/DSC_9122-2048x1369.jpg 2048w, https:\/\/infoecos.com.ar\/wp-content\/uploads\/2024\/10\/DSC_9122-1024x684.jpg 1024w\" sizes=\"(max-width: 1600px) 100vw, 1600px\" \/><\/figure>\n\n\n\n<figure class=\"wp-block-image size-large\"><img loading=\"lazy\" decoding=\"async\" width=\"1600\" height=\"1070\" data-id=\"130590\" src=\"https:\/\/infoecos.com.ar\/wp-content\/uploads\/2024\/10\/DSC_9124-1600x1070.jpg\" alt=\"\" class=\"wp-image-130590\" srcset=\"https:\/\/infoecos.com.ar\/wp-content\/uploads\/2024\/10\/DSC_9124-1600x1070.jpg 1600w, https:\/\/infoecos.com.ar\/wp-content\/uploads\/2024\/10\/DSC_9124-800x535.jpg 800w, https:\/\/infoecos.com.ar\/wp-content\/uploads\/2024\/10\/DSC_9124-768x513.jpg 768w, https:\/\/infoecos.com.ar\/wp-content\/uploads\/2024\/10\/DSC_9124-1536x1027.jpg 1536w, https:\/\/infoecos.com.ar\/wp-content\/uploads\/2024\/10\/DSC_9124-2048x1369.jpg 2048w, https:\/\/infoecos.com.ar\/wp-content\/uploads\/2024\/10\/DSC_9124-1024x684.jpg 1024w\" sizes=\"(max-width: 1600px) 100vw, 1600px\" \/><\/figure>\n\n\n\n<figure class=\"wp-block-image size-large\"><img loading=\"lazy\" decoding=\"async\" width=\"1600\" height=\"1070\" data-id=\"130591\" src=\"https:\/\/infoecos.com.ar\/wp-content\/uploads\/2024\/10\/DSC_9128-1600x1070.jpg\" alt=\"\" class=\"wp-image-130591\" srcset=\"https:\/\/infoecos.com.ar\/wp-content\/uploads\/2024\/10\/DSC_9128-1600x1070.jpg 1600w, https:\/\/infoecos.com.ar\/wp-content\/uploads\/2024\/10\/DSC_9128-800x535.jpg 800w, https:\/\/infoecos.com.ar\/wp-content\/uploads\/2024\/10\/DSC_9128-768x513.jpg 768w, https:\/\/infoecos.com.ar\/wp-content\/uploads\/2024\/10\/DSC_9128-1536x1027.jpg 1536w, https:\/\/infoecos.com.ar\/wp-content\/uploads\/2024\/10\/DSC_9128-2048x1369.jpg 2048w, https:\/\/infoecos.com.ar\/wp-content\/uploads\/2024\/10\/DSC_9128-1024x684.jpg 1024w\" sizes=\"(max-width: 1600px) 100vw, 1600px\" \/><\/figure>\n\n\n\n<figure class=\"wp-block-image size-large\"><img loading=\"lazy\" decoding=\"async\" width=\"1600\" height=\"1070\" data-id=\"130589\" src=\"https:\/\/infoecos.com.ar\/wp-content\/uploads\/2024\/10\/DSC_9130-1600x1070.jpg\" alt=\"\" class=\"wp-image-130589\" srcset=\"https:\/\/infoecos.com.ar\/wp-content\/uploads\/2024\/10\/DSC_9130-1600x1070.jpg 1600w, https:\/\/infoecos.com.ar\/wp-content\/uploads\/2024\/10\/DSC_9130-800x535.jpg 800w, https:\/\/infoecos.com.ar\/wp-content\/uploads\/2024\/10\/DSC_9130-768x513.jpg 768w, https:\/\/infoecos.com.ar\/wp-content\/uploads\/2024\/10\/DSC_9130-1536x1027.jpg 1536w, https:\/\/infoecos.com.ar\/wp-content\/uploads\/2024\/10\/DSC_9130-2048x1369.jpg 2048w, https:\/\/infoecos.com.ar\/wp-content\/uploads\/2024\/10\/DSC_9130-1024x684.jpg 1024w\" sizes=\"(max-width: 1600px) 100vw, 1600px\" \/><\/figure>\n\n\n\n<figure class=\"wp-block-image size-large\"><img loading=\"lazy\" decoding=\"async\" width=\"1600\" height=\"1070\" data-id=\"130588\" src=\"https:\/\/infoecos.com.ar\/wp-content\/uploads\/2024\/10\/DSC_9132-1600x1070.jpg\" alt=\"\" class=\"wp-image-130588\" srcset=\"https:\/\/infoecos.com.ar\/wp-content\/uploads\/2024\/10\/DSC_9132-1600x1070.jpg 1600w, https:\/\/infoecos.com.ar\/wp-content\/uploads\/2024\/10\/DSC_9132-800x535.jpg 800w, https:\/\/infoecos.com.ar\/wp-content\/uploads\/2024\/10\/DSC_9132-768x513.jpg 768w, https:\/\/infoecos.com.ar\/wp-content\/uploads\/2024\/10\/DSC_9132-1536x1027.jpg 1536w, https:\/\/infoecos.com.ar\/wp-content\/uploads\/2024\/10\/DSC_9132-2048x1369.jpg 2048w, https:\/\/infoecos.com.ar\/wp-content\/uploads\/2024\/10\/DSC_9132-1024x684.jpg 1024w\" sizes=\"(max-width: 1600px) 100vw, 1600px\" \/><\/figure>\n\n\n\n<figure class=\"wp-block-image size-large\"><img loading=\"lazy\" decoding=\"async\" width=\"1600\" height=\"1070\" data-id=\"130593\" src=\"https:\/\/infoecos.com.ar\/wp-content\/uploads\/2024\/10\/DSC_9137-1600x1070.jpg\" alt=\"\" class=\"wp-image-130593\" srcset=\"https:\/\/infoecos.com.ar\/wp-content\/uploads\/2024\/10\/DSC_9137-1600x1070.jpg 1600w, https:\/\/infoecos.com.ar\/wp-content\/uploads\/2024\/10\/DSC_9137-800x535.jpg 800w, https:\/\/infoecos.com.ar\/wp-content\/uploads\/2024\/10\/DSC_9137-768x513.jpg 768w, https:\/\/infoecos.com.ar\/wp-content\/uploads\/2024\/10\/DSC_9137-1536x1027.jpg 1536w, https:\/\/infoecos.com.ar\/wp-content\/uploads\/2024\/10\/DSC_9137-2048x1369.jpg 2048w, https:\/\/infoecos.com.ar\/wp-content\/uploads\/2024\/10\/DSC_9137-1024x684.jpg 1024w\" sizes=\"(max-width: 1600px) 100vw, 1600px\" \/><\/figure>\n<\/figure>\n\n\n\n<p>La Expo es organizada por la Municipalidad de Trenque Lauquen, a trav\u00e9s de la subsecretar\u00eda de Producci\u00f3n y Desarrollo Econ\u00f3mico, oficina de Empleo, oficina de Juventudes y Polo Ambiental Trenque Lauquen, en conjunto con la Jefatura Distrital de Educaci\u00f3n.<\/p>\n\n\n\n<p>De la jornada, participan las universidades: UNLP, SIGLO XXI, UBA, UNS, UNICEN, UTN (Buenos Aires, Neuqu\u00e9n, y Regional Trenque Lauquen), LEMAC UTN, CEU Trenque Lauquen (UCASAL, UCA, UB), UNNOBA, Instituto CIEC, Centro Universitario Rivadavia, Aula 360 \u2013 Instituto Laboral, Institutos Superiores de Formaci\u00f3n Docente, Conservatorio de m\u00fasica de Pehuaj\u00f3; Escuela Municipal con su oferta del programa UBA XXI; y el Centro de Formaci\u00f3n Integral.<\/p>\n\n\n\n<figure class=\"wp-block-gallery has-nested-images columns-default is-cropped wp-block-gallery-2 is-layout-flex wp-block-gallery-is-layout-flex\">\n<figure class=\"wp-block-image size-large\"><img loading=\"lazy\" decoding=\"async\" width=\"1600\" height=\"1070\" data-id=\"130606\" src=\"https:\/\/infoecos.com.ar\/wp-content\/uploads\/2024\/10\/DSC_9264-1600x1070.jpg\" alt=\"\" class=\"wp-image-130606\" srcset=\"https:\/\/infoecos.com.ar\/wp-content\/uploads\/2024\/10\/DSC_9264-1600x1070.jpg 1600w, https:\/\/infoecos.com.ar\/wp-content\/uploads\/2024\/10\/DSC_9264-800x535.jpg 800w, https:\/\/infoecos.com.ar\/wp-content\/uploads\/2024\/10\/DSC_9264-768x513.jpg 768w, https:\/\/infoecos.com.ar\/wp-content\/uploads\/2024\/10\/DSC_9264-1536x1027.jpg 1536w, https:\/\/infoecos.com.ar\/wp-content\/uploads\/2024\/10\/DSC_9264-2048x1369.jpg 2048w, https:\/\/infoecos.com.ar\/wp-content\/uploads\/2024\/10\/DSC_9264-1024x684.jpg 1024w\" sizes=\"(max-width: 1600px) 100vw, 1600px\" \/><\/figure>\n\n\n\n<figure class=\"wp-block-image size-large\"><img loading=\"lazy\" decoding=\"async\" width=\"1600\" height=\"1070\" data-id=\"130608\" src=\"https:\/\/infoecos.com.ar\/wp-content\/uploads\/2024\/10\/DSC_9266-1600x1070.jpg\" alt=\"\" class=\"wp-image-130608\" srcset=\"https:\/\/infoecos.com.ar\/wp-content\/uploads\/2024\/10\/DSC_9266-1600x1070.jpg 1600w, https:\/\/infoecos.com.ar\/wp-content\/uploads\/2024\/10\/DSC_9266-800x535.jpg 800w, https:\/\/infoecos.com.ar\/wp-content\/uploads\/2024\/10\/DSC_9266-768x513.jpg 768w, https:\/\/infoecos.com.ar\/wp-content\/uploads\/2024\/10\/DSC_9266-1536x1027.jpg 1536w, https:\/\/infoecos.com.ar\/wp-content\/uploads\/2024\/10\/DSC_9266-2048x1369.jpg 2048w, https:\/\/infoecos.com.ar\/wp-content\/uploads\/2024\/10\/DSC_9266-1024x684.jpg 1024w\" sizes=\"(max-width: 1600px) 100vw, 1600px\" \/><\/figure>\n\n\n\n<figure class=\"wp-block-image size-large\"><img loading=\"lazy\" decoding=\"async\" width=\"1600\" height=\"1070\" data-id=\"130607\" src=\"https:\/\/infoecos.com.ar\/wp-content\/uploads\/2024\/10\/DSC_9268-1600x1070.jpg\" alt=\"\" class=\"wp-image-130607\" srcset=\"https:\/\/infoecos.com.ar\/wp-content\/uploads\/2024\/10\/DSC_9268-1600x1070.jpg 1600w, https:\/\/infoecos.com.ar\/wp-content\/uploads\/2024\/10\/DSC_9268-800x535.jpg 800w, https:\/\/infoecos.com.ar\/wp-content\/uploads\/2024\/10\/DSC_9268-768x513.jpg 768w, https:\/\/infoecos.com.ar\/wp-content\/uploads\/2024\/10\/DSC_9268-1536x1027.jpg 1536w, https:\/\/infoecos.com.ar\/wp-content\/uploads\/2024\/10\/DSC_9268-2048x1369.jpg 2048w, https:\/\/infoecos.com.ar\/wp-content\/uploads\/2024\/10\/DSC_9268-1024x684.jpg 1024w\" sizes=\"(max-width: 1600px) 100vw, 1600px\" \/><\/figure>\n\n\n\n<figure class=\"wp-block-image size-large\"><img loading=\"lazy\" decoding=\"async\" width=\"1600\" height=\"1070\" data-id=\"130609\" src=\"https:\/\/infoecos.com.ar\/wp-content\/uploads\/2024\/10\/DSC_9277-1600x1070.jpg\" alt=\"\" class=\"wp-image-130609\" srcset=\"https:\/\/infoecos.com.ar\/wp-content\/uploads\/2024\/10\/DSC_9277-1600x1070.jpg 1600w, https:\/\/infoecos.com.ar\/wp-content\/uploads\/2024\/10\/DSC_9277-800x535.jpg 800w, https:\/\/infoecos.com.ar\/wp-content\/uploads\/2024\/10\/DSC_9277-768x513.jpg 768w, https:\/\/infoecos.com.ar\/wp-content\/uploads\/2024\/10\/DSC_9277-1536x1027.jpg 1536w, https:\/\/infoecos.com.ar\/wp-content\/uploads\/2024\/10\/DSC_9277-2048x1369.jpg 2048w, https:\/\/infoecos.com.ar\/wp-content\/uploads\/2024\/10\/DSC_9277-1024x684.jpg 1024w\" sizes=\"(max-width: 1600px) 100vw, 1600px\" \/><\/figure>\n\n\n\n<figure class=\"wp-block-image size-large\"><img loading=\"lazy\" decoding=\"async\" width=\"1600\" height=\"1070\" data-id=\"130610\" src=\"https:\/\/infoecos.com.ar\/wp-content\/uploads\/2024\/10\/DSC_9281-1600x1070.jpg\" alt=\"\" class=\"wp-image-130610\" srcset=\"https:\/\/infoecos.com.ar\/wp-content\/uploads\/2024\/10\/DSC_9281-1600x1070.jpg 1600w, https:\/\/infoecos.com.ar\/wp-content\/uploads\/2024\/10\/DSC_9281-800x535.jpg 800w, https:\/\/infoecos.com.ar\/wp-content\/uploads\/2024\/10\/DSC_9281-768x513.jpg 768w, https:\/\/infoecos.com.ar\/wp-content\/uploads\/2024\/10\/DSC_9281-1536x1027.jpg 1536w, https:\/\/infoecos.com.ar\/wp-content\/uploads\/2024\/10\/DSC_9281-2048x1369.jpg 2048w, https:\/\/infoecos.com.ar\/wp-content\/uploads\/2024\/10\/DSC_9281-1024x684.jpg 1024w\" sizes=\"(max-width: 1600px) 100vw, 1600px\" \/><\/figure>\n\n\n\n<figure class=\"wp-block-image size-large\"><img loading=\"lazy\" decoding=\"async\" width=\"1600\" height=\"1070\" data-id=\"130611\" src=\"https:\/\/infoecos.com.ar\/wp-content\/uploads\/2024\/10\/DSC_9283-1600x1070.jpg\" alt=\"\" class=\"wp-image-130611\" srcset=\"https:\/\/infoecos.com.ar\/wp-content\/uploads\/2024\/10\/DSC_9283-1600x1070.jpg 1600w, https:\/\/infoecos.com.ar\/wp-content\/uploads\/2024\/10\/DSC_9283-800x535.jpg 800w, https:\/\/infoecos.com.ar\/wp-content\/uploads\/2024\/10\/DSC_9283-768x513.jpg 768w, https:\/\/infoecos.com.ar\/wp-content\/uploads\/2024\/10\/DSC_9283-1536x1027.jpg 1536w, https:\/\/infoecos.com.ar\/wp-content\/uploads\/2024\/10\/DSC_9283-2048x1369.jpg 2048w, https:\/\/infoecos.com.ar\/wp-content\/uploads\/2024\/10\/DSC_9283-1024x684.jpg 1024w\" sizes=\"(max-width: 1600px) 100vw, 1600px\" \/><\/figure>\n<\/figure>\n\n\n\n<p>Est\u00e1n presentes las siguientes empresas: Girasolazo (Pereda Agro), Cargill, Scannia, Agenzia Scala, Siclo rural, Fincas El Para\u00edso, Wood Idea, Eres Agro, Hoy te la debo, Qui\u00e9n por m\u00ed, Nova, Apus bioconstrucci\u00f3n y BAPRO; stands de instituciones juveniles: (Ateneo SRTL) que fomentan la participaci\u00f3n de los j\u00f3venes en actividades de voluntariado y proyectos comunitarios y entretenimiento al aire libre; el cami\u00f3n tecnol\u00f3gico de Larti Innova; stands de Oficinas Municipales: Juventudes, Empleo, Polo Cient\u00edfico, Polo Ambiental, Espacios Verdes, oficina de G\u00e9nero, programa Envi\u00f3n, Discapacidad y Deporte.<\/p>\n\n\n\n<figure class=\"wp-block-gallery has-nested-images columns-default is-cropped wp-block-gallery-3 is-layout-flex wp-block-gallery-is-layout-flex\">\n<figure class=\"wp-block-image size-large\"><img loading=\"lazy\" decoding=\"async\" width=\"1600\" height=\"1070\" data-id=\"130601\" src=\"https:\/\/infoecos.com.ar\/wp-content\/uploads\/2024\/10\/DSC_9177-1600x1070.jpg\" alt=\"\" class=\"wp-image-130601\" srcset=\"https:\/\/infoecos.com.ar\/wp-content\/uploads\/2024\/10\/DSC_9177-1600x1070.jpg 1600w, https:\/\/infoecos.com.ar\/wp-content\/uploads\/2024\/10\/DSC_9177-800x535.jpg 800w, https:\/\/infoecos.com.ar\/wp-content\/uploads\/2024\/10\/DSC_9177-768x513.jpg 768w, https:\/\/infoecos.com.ar\/wp-content\/uploads\/2024\/10\/DSC_9177-1536x1027.jpg 1536w, https:\/\/infoecos.com.ar\/wp-content\/uploads\/2024\/10\/DSC_9177-2048x1369.jpg 2048w, https:\/\/infoecos.com.ar\/wp-content\/uploads\/2024\/10\/DSC_9177-1024x684.jpg 1024w\" sizes=\"(max-width: 1600px) 100vw, 1600px\" \/><\/figure>\n\n\n\n<figure class=\"wp-block-image size-large\"><img loading=\"lazy\" decoding=\"async\" width=\"1600\" height=\"1070\" data-id=\"130602\" src=\"https:\/\/infoecos.com.ar\/wp-content\/uploads\/2024\/10\/DSC_9182-1600x1070.jpg\" alt=\"\" class=\"wp-image-130602\" srcset=\"https:\/\/infoecos.com.ar\/wp-content\/uploads\/2024\/10\/DSC_9182-1600x1070.jpg 1600w, https:\/\/infoecos.com.ar\/wp-content\/uploads\/2024\/10\/DSC_9182-800x535.jpg 800w, https:\/\/infoecos.com.ar\/wp-content\/uploads\/2024\/10\/DSC_9182-768x513.jpg 768w, https:\/\/infoecos.com.ar\/wp-content\/uploads\/2024\/10\/DSC_9182-1536x1027.jpg 1536w, https:\/\/infoecos.com.ar\/wp-content\/uploads\/2024\/10\/DSC_9182-2048x1369.jpg 2048w, https:\/\/infoecos.com.ar\/wp-content\/uploads\/2024\/10\/DSC_9182-1024x684.jpg 1024w\" sizes=\"(max-width: 1600px) 100vw, 1600px\" \/><\/figure>\n\n\n\n<figure class=\"wp-block-image size-large\"><img loading=\"lazy\" decoding=\"async\" width=\"1600\" height=\"1070\" data-id=\"130604\" src=\"https:\/\/infoecos.com.ar\/wp-content\/uploads\/2024\/10\/DSC_9215-1600x1070.jpg\" alt=\"\" class=\"wp-image-130604\" srcset=\"https:\/\/infoecos.com.ar\/wp-content\/uploads\/2024\/10\/DSC_9215-1600x1070.jpg 1600w, https:\/\/infoecos.com.ar\/wp-content\/uploads\/2024\/10\/DSC_9215-800x535.jpg 800w, https:\/\/infoecos.com.ar\/wp-content\/uploads\/2024\/10\/DSC_9215-768x513.jpg 768w, https:\/\/infoecos.com.ar\/wp-content\/uploads\/2024\/10\/DSC_9215-1536x1027.jpg 1536w, https:\/\/infoecos.com.ar\/wp-content\/uploads\/2024\/10\/DSC_9215-2048x1369.jpg 2048w, https:\/\/infoecos.com.ar\/wp-content\/uploads\/2024\/10\/DSC_9215-1024x684.jpg 1024w\" sizes=\"(max-width: 1600px) 100vw, 1600px\" \/><\/figure>\n\n\n\n<figure class=\"wp-block-image size-large\"><img loading=\"lazy\" decoding=\"async\" width=\"1600\" height=\"1070\" data-id=\"130603\" src=\"https:\/\/infoecos.com.ar\/wp-content\/uploads\/2024\/10\/DSC_9220-1600x1070.jpg\" alt=\"\" class=\"wp-image-130603\" srcset=\"https:\/\/infoecos.com.ar\/wp-content\/uploads\/2024\/10\/DSC_9220-1600x1070.jpg 1600w, https:\/\/infoecos.com.ar\/wp-content\/uploads\/2024\/10\/DSC_9220-800x535.jpg 800w, https:\/\/infoecos.com.ar\/wp-content\/uploads\/2024\/10\/DSC_9220-768x513.jpg 768w, https:\/\/infoecos.com.ar\/wp-content\/uploads\/2024\/10\/DSC_9220-1536x1027.jpg 1536w, https:\/\/infoecos.com.ar\/wp-content\/uploads\/2024\/10\/DSC_9220-2048x1369.jpg 2048w, https:\/\/infoecos.com.ar\/wp-content\/uploads\/2024\/10\/DSC_9220-1024x684.jpg 1024w\" sizes=\"(max-width: 1600px) 100vw, 1600px\" \/><\/figure>\n<\/figure>\n\n\n\n<p>En el escenario principal y en el interior del Polo Cient\u00edfico hay charlas habr\u00e1 charlas con diferentes tem\u00e1ticas, como primer empleo, bioconstrucci\u00f3n, emprendedurismo, trabajos remotos y flexibles, inteligencia artificial, ciencia e investigaci\u00f3n, ambiente, profesionales de carreras tradicionales, expertos en oficios.<\/p>\n\n\n\n<p>Durante el acto de apertura se destac\u00f3 que las empresas que participan se denominan de alto impacto y que apuntan no solo a obtener un beneficio econ\u00f3mico sino tambi\u00e9n, generar un impacto social y ambiental. Ellas son: Wood Idea, Lartirigoyen, Siclo Rural, Pereda Agro y Cargill.<\/p>\n","protected":false},"excerpt":{"rendered":"<p>La Expo es organizada por la Municipalidad de Trenque Lauquen, a trav\u00e9s de la subsecretar\u00eda de Producci\u00f3n y Desarrollo Econ\u00f3mico, oficina de Empleo, oficina de Juventudes y Polo Ambiental Trenque Lauquen, en conjunto con la Jefatura Distrital de Educaci\u00f3n<\/p>\n","protected":false},"author":2,"featured_media":130594,"comment_status":"closed","ping_status":"open","sticky":false,"template":"","format":"standard","meta":{"footnotes":""},"categories":[1612],"tags":[],"class_list":["post-130587","post","type-post","status-publish","format-standard","has-post-thumbnail","hentry","category-noticia-principal"],"yoast_head":"<!-- This site is optimized with the Yoast SEO plugin v23.4 - https:\/\/yoast.com\/wordpress\/plugins\/seo\/ -->\n<title>T.Lauquen: hasta las 18 horas se realiza en el Polo Cient\u00edfico la Expo Futuro Joven - Infoecos<\/title>\n<meta name=\"robots\" content=\"index, follow, max-snippet:-1, max-image-preview:large, max-video-preview:-1\" \/>\n<link rel=\"canonical\" href=\"https:\/\/infoecos.com.ar\/index.php\/t-lauquen-hasta-las-18-horas-se-realiza-en-el-polo-cientifico-la-expo-futuro-joven\/\" \/>\n<meta property=\"og:locale\" content=\"es_ES\" \/>\n<meta property=\"og:type\" content=\"article\" \/>\n<meta property=\"og:title\" content=\"T.Lauquen: hasta las 18 horas se realiza en el Polo Cient\u00edfico la Expo Futuro Joven - Infoecos\" \/>\n<meta property=\"og:description\" content=\"La Expo es organizada por la Municipalidad de Trenque Lauquen, a trav\u00e9s de la subsecretar\u00eda de Producci\u00f3n y Desarrollo Econ\u00f3mico, oficina de Empleo, oficina de Juventudes y Polo Ambiental Trenque Lauquen, en conjunto con la Jefatura Distrital de Educaci\u00f3n\" \/>\n<meta property=\"og:url\" content=\"https:\/\/infoecos.com.ar\/index.php\/t-lauquen-hasta-las-18-horas-se-realiza-en-el-polo-cientifico-la-expo-futuro-joven\/\" \/>\n<meta property=\"og:site_name\" content=\"Infoecos\" \/>\n<meta property=\"article:publisher\" content=\"https:\/\/www.facebook.com\/profile.php?id=100063200290284\" \/>\n<meta property=\"article:published_time\" content=\"2024-10-04T17:21:04+00:00\" \/>\n<meta property=\"article:modified_time\" content=\"2024-10-04T17:21:05+00:00\" \/>\n<meta property=\"og:image\" content=\"https:\/\/infoecos.com.ar\/wp-content\/uploads\/2024\/10\/DSC_9166-scaled.jpg\" \/>\n\t<meta property=\"og:image:width\" content=\"2560\" \/>\n\t<meta property=\"og:image:height\" content=\"1711\" \/>\n\t<meta property=\"og:image:type\" content=\"image\/jpeg\" \/>\n<meta name=\"author\" content=\"Jorge Matheus\" \/>\n<meta name=\"twitter:card\" content=\"summary_large_image\" \/>\n<meta name=\"twitter:creator\" content=\"@infoecos\" \/>\n<meta name=\"twitter:site\" content=\"@infoecos\" \/>\n<meta name=\"twitter:label1\" content=\"Escrito por\" \/>\n\t<meta name=\"twitter:data1\" content=\"Jorge Matheus\" \/>\n\t<meta name=\"twitter:label2\" content=\"Tiempo de lectura\" \/>\n\t<meta name=\"twitter:data2\" content=\"5 minutos\" \/>\n<script type=\"application\/ld+json\" class=\"yoast-schema-graph\">{\"@context\":\"https:\/\/schema.org\",\"@graph\":[{\"@type\":\"Article\",\"@id\":\"https:\/\/infoecos.com.ar\/index.php\/t-lauquen-hasta-las-18-horas-se-realiza-en-el-polo-cientifico-la-expo-futuro-joven\/#article\",\"isPartOf\":{\"@id\":\"https:\/\/infoecos.com.ar\/index.php\/t-lauquen-hasta-las-18-horas-se-realiza-en-el-polo-cientifico-la-expo-futuro-joven\/\"},\"author\":{\"name\":\"Jorge Matheus\",\"@id\":\"https:\/\/infoecos.com.ar\/#\/schema\/person\/8f5ace5ce73b4b4aac4b7245aee6f191\"},\"headline\":\"T.Lauquen: hasta las 18 horas se realiza en el Polo Cient\u00edfico la Expo Futuro Joven\",\"datePublished\":\"2024-10-04T17:21:04+00:00\",\"dateModified\":\"2024-10-04T17:21:05+00:00\",\"mainEntityOfPage\":{\"@id\":\"https:\/\/infoecos.com.ar\/index.php\/t-lauquen-hasta-las-18-horas-se-realiza-en-el-polo-cientifico-la-expo-futuro-joven\/\"},\"wordCount\":357,\"publisher\":{\"@id\":\"https:\/\/infoecos.com.ar\/#organization\"},\"image\":{\"@id\":\"https:\/\/infoecos.com.ar\/index.php\/t-lauquen-hasta-las-18-horas-se-realiza-en-el-polo-cientifico-la-expo-futuro-joven\/#primaryimage\"},\"thumbnailUrl\":\"https:\/\/infoecos.com.ar\/wp-content\/uploads\/2024\/10\/DSC_9166-scaled.jpg\",\"articleSection\":[\"Noticia Principal\"],\"inLanguage\":\"es\"},{\"@type\":\"WebPage\",\"@id\":\"https:\/\/infoecos.com.ar\/index.php\/t-lauquen-hasta-las-18-horas-se-realiza-en-el-polo-cientifico-la-expo-futuro-joven\/\",\"url\":\"https:\/\/infoecos.com.ar\/index.php\/t-lauquen-hasta-las-18-horas-se-realiza-en-el-polo-cientifico-la-expo-futuro-joven\/\",\"name\":\"T.Lauquen: hasta las 18 horas se realiza en el Polo Cient\u00edfico la Expo Futuro Joven - Infoecos\",\"isPartOf\":{\"@id\":\"https:\/\/infoecos.com.ar\/#website\"},\"primaryImageOfPage\":{\"@id\":\"https:\/\/infoecos.com.ar\/index.php\/t-lauquen-hasta-las-18-horas-se-realiza-en-el-polo-cientifico-la-expo-futuro-joven\/#primaryimage\"},\"image\":{\"@id\":\"https:\/\/infoecos.com.ar\/index.php\/t-lauquen-hasta-las-18-horas-se-realiza-en-el-polo-cientifico-la-expo-futuro-joven\/#primaryimage\"},\"thumbnailUrl\":\"https:\/\/infoecos.com.ar\/wp-content\/uploads\/2024\/10\/DSC_9166-scaled.jpg\",\"datePublished\":\"2024-10-04T17:21:04+00:00\",\"dateModified\":\"2024-10-04T17:21:05+00:00\",\"breadcrumb\":{\"@id\":\"https:\/\/infoecos.com.ar\/index.php\/t-lauquen-hasta-las-18-horas-se-realiza-en-el-polo-cientifico-la-expo-futuro-joven\/#breadcrumb\"},\"inLanguage\":\"es\",\"potentialAction\":[{\"@type\":\"ReadAction\",\"target\":[\"https:\/\/infoecos.com.ar\/index.php\/t-lauquen-hasta-las-18-horas-se-realiza-en-el-polo-cientifico-la-expo-futuro-joven\/\"]}]},{\"@type\":\"ImageObject\",\"inLanguage\":\"es\",\"@id\":\"https:\/\/infoecos.com.ar\/index.php\/t-lauquen-hasta-las-18-horas-se-realiza-en-el-polo-cientifico-la-expo-futuro-joven\/#primaryimage\",\"url\":\"https:\/\/infoecos.com.ar\/wp-content\/uploads\/2024\/10\/DSC_9166-scaled.jpg\",\"contentUrl\":\"https:\/\/infoecos.com.ar\/wp-content\/uploads\/2024\/10\/DSC_9166-scaled.jpg\",\"width\":2560,\"height\":1711},{\"@type\":\"BreadcrumbList\",\"@id\":\"https:\/\/infoecos.com.ar\/index.php\/t-lauquen-hasta-las-18-horas-se-realiza-en-el-polo-cientifico-la-expo-futuro-joven\/#breadcrumb\",\"itemListElement\":[{\"@type\":\"ListItem\",\"position\":1,\"name\":\"Portada\",\"item\":\"https:\/\/infoecos.com.ar\/\"},{\"@type\":\"ListItem\",\"position\":2,\"name\":\"T.Lauquen: hasta las 18 horas se realiza en el Polo Cient\u00edfico la Expo Futuro Joven\"}]},{\"@type\":\"WebSite\",\"@id\":\"https:\/\/infoecos.com.ar\/#website\",\"url\":\"https:\/\/infoecos.com.ar\/\",\"name\":\"Infoecos\",\"description\":\"Noticias de trenque lauquen y la zona\",\"publisher\":{\"@id\":\"https:\/\/infoecos.com.ar\/#organization\"},\"alternateName\":\"Noticias\",\"potentialAction\":[{\"@type\":\"SearchAction\",\"target\":{\"@type\":\"EntryPoint\",\"urlTemplate\":\"https:\/\/infoecos.com.ar\/?s={search_term_string}\"},\"query-input\":{\"@type\":\"PropertyValueSpecification\",\"valueRequired\":true,\"valueName\":\"search_term_string\"}}],\"inLanguage\":\"es\"},{\"@type\":\"Organization\",\"@id\":\"https:\/\/infoecos.com.ar\/#organization\",\"name\":\"Infoecos\",\"alternateName\":\"Noticias\",\"url\":\"https:\/\/infoecos.com.ar\/\",\"logo\":{\"@type\":\"ImageObject\",\"inLanguage\":\"es\",\"@id\":\"https:\/\/infoecos.com.ar\/#\/schema\/logo\/image\/\",\"url\":\"https:\/\/infoecos.com.ar\/wp-content\/uploads\/2024\/03\/cropped-logo.png\",\"contentUrl\":\"https:\/\/infoecos.com.ar\/wp-content\/uploads\/2024\/03\/cropped-logo.png\",\"width\":374,\"height\":90,\"caption\":\"Infoecos\"},\"image\":{\"@id\":\"https:\/\/infoecos.com.ar\/#\/schema\/logo\/image\/\"},\"sameAs\":[\"https:\/\/www.facebook.com\/profile.php?id=100063200290284\",\"https:\/\/x.com\/infoecos\"]},{\"@type\":\"Person\",\"@id\":\"https:\/\/infoecos.com.ar\/#\/schema\/person\/8f5ace5ce73b4b4aac4b7245aee6f191\",\"name\":\"Jorge Matheus\",\"url\":\"https:\/\/infoecos.com.ar\/index.php\/author\/jomatheus\/\"}]}<\/script>\n<!-- \/ Yoast SEO plugin. -->","yoast_head_json":{"title":"T.Lauquen: hasta las 18 horas se realiza en el Polo Cient\u00edfico la Expo Futuro Joven - Infoecos","robots":{"index":"index","follow":"follow","max-snippet":"max-snippet:-1","max-image-preview":"max-image-preview:large","max-video-preview":"max-video-preview:-1"},"canonical":"https:\/\/infoecos.com.ar\/index.php\/t-lauquen-hasta-las-18-horas-se-realiza-en-el-polo-cientifico-la-expo-futuro-joven\/","og_locale":"es_ES","og_type":"article","og_title":"T.Lauquen: hasta las 18 horas se realiza en el Polo Cient\u00edfico la Expo Futuro Joven - Infoecos","og_description":"La Expo es organizada por la Municipalidad de Trenque Lauquen, a trav\u00e9s de la subsecretar\u00eda de Producci\u00f3n y Desarrollo Econ\u00f3mico, oficina de Empleo, oficina de Juventudes y Polo Ambiental Trenque Lauquen, en conjunto con la Jefatura Distrital de Educaci\u00f3n","og_url":"https:\/\/infoecos.com.ar\/index.php\/t-lauquen-hasta-las-18-horas-se-realiza-en-el-polo-cientifico-la-expo-futuro-joven\/","og_site_name":"Infoecos","article_publisher":"https:\/\/www.facebook.com\/profile.php?id=100063200290284","article_published_time":"2024-10-04T17:21:04+00:00","article_modified_time":"2024-10-04T17:21:05+00:00","og_image":[{"width":2560,"height":1711,"url":"https:\/\/infoecos.com.ar\/wp-content\/uploads\/2024\/10\/DSC_9166-scaled.jpg","type":"image\/jpeg"}],"author":"Jorge Matheus","twitter_card":"summary_large_image","twitter_creator":"@infoecos","twitter_site":"@infoecos","twitter_misc":{"Escrito por":"Jorge Matheus","Tiempo de lectura":"5 minutos"},"schema":{"@context":"https:\/\/schema.org","@graph":[{"@type":"Article","@id":"https:\/\/infoecos.com.ar\/index.php\/t-lauquen-hasta-las-18-horas-se-realiza-en-el-polo-cientifico-la-expo-futuro-joven\/#article","isPartOf":{"@id":"https:\/\/infoecos.com.ar\/index.php\/t-lauquen-hasta-las-18-horas-se-realiza-en-el-polo-cientifico-la-expo-futuro-joven\/"},"author":{"name":"Jorge Matheus","@id":"https:\/\/infoecos.com.ar\/#\/schema\/person\/8f5ace5ce73b4b4aac4b7245aee6f191"},"headline":"T.Lauquen: hasta las 18 horas se realiza en el Polo Cient\u00edfico la Expo Futuro Joven","datePublished":"2024-10-04T17:21:04+00:00","dateModified":"2024-10-04T17:21:05+00:00","mainEntityOfPage":{"@id":"https:\/\/infoecos.com.ar\/index.php\/t-lauquen-hasta-las-18-horas-se-realiza-en-el-polo-cientifico-la-expo-futuro-joven\/"},"wordCount":357,"publisher":{"@id":"https:\/\/infoecos.com.ar\/#organization"},"image":{"@id":"https:\/\/infoecos.com.ar\/index.php\/t-lauquen-hasta-las-18-horas-se-realiza-en-el-polo-cientifico-la-expo-futuro-joven\/#primaryimage"},"thumbnailUrl":"https:\/\/infoecos.com.ar\/wp-content\/uploads\/2024\/10\/DSC_9166-scaled.jpg","articleSection":["Noticia Principal"],"inLanguage":"es"},{"@type":"WebPage","@id":"https:\/\/infoecos.com.ar\/index.php\/t-lauquen-hasta-las-18-horas-se-realiza-en-el-polo-cientifico-la-expo-futuro-joven\/","url":"https:\/\/infoecos.com.ar\/index.php\/t-lauquen-hasta-las-18-horas-se-realiza-en-el-polo-cientifico-la-expo-futuro-joven\/","name":"T.Lauquen: hasta las 18 horas se realiza en el Polo Cient\u00edfico la Expo Futuro Joven - Infoecos","isPartOf":{"@id":"https:\/\/infoecos.com.ar\/#website"},"primaryImageOfPage":{"@id":"https:\/\/infoecos.com.ar\/index.php\/t-lauquen-hasta-las-18-horas-se-realiza-en-el-polo-cientifico-la-expo-futuro-joven\/#primaryimage"},"image":{"@id":"https:\/\/infoecos.com.ar\/index.php\/t-lauquen-hasta-las-18-horas-se-realiza-en-el-polo-cientifico-la-expo-futuro-joven\/#primaryimage"},"thumbnailUrl":"https:\/\/infoecos.com.ar\/wp-content\/uploads\/2024\/10\/DSC_9166-scaled.jpg","datePublished":"2024-10-04T17:21:04+00:00","dateModified":"2024-10-04T17:21:05+00:00","breadcrumb":{"@id":"https:\/\/infoecos.com.ar\/index.php\/t-lauquen-hasta-las-18-horas-se-realiza-en-el-polo-cientifico-la-expo-futuro-joven\/#breadcrumb"},"inLanguage":"es","potentialAction":[{"@type":"ReadAction","target":["https:\/\/infoecos.com.ar\/index.php\/t-lauquen-hasta-las-18-horas-se-realiza-en-el-polo-cientifico-la-expo-futuro-joven\/"]}]},{"@type":"ImageObject","inLanguage":"es","@id":"https:\/\/infoecos.com.ar\/index.php\/t-lauquen-hasta-las-18-horas-se-realiza-en-el-polo-cientifico-la-expo-futuro-joven\/#primaryimage","url":"https:\/\/infoecos.com.ar\/wp-content\/uploads\/2024\/10\/DSC_9166-scaled.jpg","contentUrl":"https:\/\/infoecos.com.ar\/wp-content\/uploads\/2024\/10\/DSC_9166-scaled.jpg","width":2560,"height":1711},{"@type":"BreadcrumbList","@id":"https:\/\/infoecos.com.ar\/index.php\/t-lauquen-hasta-las-18-horas-se-realiza-en-el-polo-cientifico-la-expo-futuro-joven\/#breadcrumb","itemListElement":[{"@type":"ListItem","position":1,"name":"Portada","item":"https:\/\/infoecos.com.ar\/"},{"@type":"ListItem","position":2,"name":"T.Lauquen: hasta las 18 horas se realiza en el Polo Cient\u00edfico la Expo Futuro Joven"}]},{"@type":"WebSite","@id":"https:\/\/infoecos.com.ar\/#website","url":"https:\/\/infoecos.com.ar\/","name":"Infoecos","description":"Noticias de trenque lauquen y la zona","publisher":{"@id":"https:\/\/infoecos.com.ar\/#organization"},"alternateName":"Noticias","potentialAction":[{"@type":"SearchAction","target":{"@type":"EntryPoint","urlTemplate":"https:\/\/infoecos.com.ar\/?s={search_term_string}"},"query-input":{"@type":"PropertyValueSpecification","valueRequired":true,"valueName":"search_term_string"}}],"inLanguage":"es"},{"@type":"Organization","@id":"https:\/\/infoecos.com.ar\/#organization","name":"Infoecos","alternateName":"Noticias","url":"https:\/\/infoecos.com.ar\/","logo":{"@type":"ImageObject","inLanguage":"es","@id":"https:\/\/infoecos.com.ar\/#\/schema\/logo\/image\/","url":"https:\/\/infoecos.com.ar\/wp-content\/uploads\/2024\/03\/cropped-logo.png","contentUrl":"https:\/\/infoecos.com.ar\/wp-content\/uploads\/2024\/03\/cropped-logo.png","width":374,"height":90,"caption":"Infoecos"},"image":{"@id":"https:\/\/infoecos.com.ar\/#\/schema\/logo\/image\/"},"sameAs":["https:\/\/www.facebook.com\/profile.php?id=100063200290284","https:\/\/x.com\/infoecos"]},{"@type":"Person","@id":"https:\/\/infoecos.com.ar\/#\/schema\/person\/8f5ace5ce73b4b4aac4b7245aee6f191","name":"Jorge Matheus","url":"https:\/\/infoecos.com.ar\/index.php\/author\/jomatheus\/"}]}},"featured_image_urls":{"full":["https:\/\/infoecos.com.ar\/wp-content\/uploads\/2024\/10\/DSC_9166-scaled.jpg",2560,1711,false],"thumbnail":["https:\/\/infoecos.com.ar\/wp-content\/uploads\/2024\/10\/DSC_9166-300x150.jpg",300,150,true],"medium":["https:\/\/infoecos.com.ar\/wp-content\/uploads\/2024\/10\/DSC_9166-800x535.jpg",800,535,true],"medium_large":["https:\/\/infoecos.com.ar\/wp-content\/uploads\/2024\/10\/DSC_9166-768x513.jpg",640,428,true],"large":["https:\/\/infoecos.com.ar\/wp-content\/uploads\/2024\/10\/DSC_9166-1600x1070.jpg",640,428,true],"1536x1536":["https:\/\/infoecos.com.ar\/wp-content\/uploads\/2024\/10\/DSC_9166-1536x1027.jpg",1536,1027,true],"2048x2048":["https:\/\/infoecos.com.ar\/wp-content\/uploads\/2024\/10\/DSC_9166-2048x1369.jpg",2048,1369,true],"covernews-slider-full":["https:\/\/infoecos.com.ar\/wp-content\/uploads\/2024\/10\/DSC_9166-1115x715.jpg",1115,715,true],"covernews-slider-center":["https:\/\/infoecos.com.ar\/wp-content\/uploads\/2024\/10\/DSC_9166-800x500.jpg",800,500,true],"covernews-featured":["https:\/\/infoecos.com.ar\/wp-content\/uploads\/2024\/10\/DSC_9166-scaled.jpg",1024,684,false],"covernews-medium":["https:\/\/infoecos.com.ar\/wp-content\/uploads\/2024\/10\/DSC_9166-scaled.jpg",509,340,false],"covernews-medium-square":["https:\/\/infoecos.com.ar\/wp-content\/uploads\/2024\/10\/DSC_9166-scaled.jpg",374,250,false]},"author_info":{"info":["Jorge Matheus"]},"category_info":"<a href=\"https:\/\/infoecos.com.ar\/index.php\/category\/noticia-principal\/\" rel=\"category tag\">Noticia Principal<\/a>","tag_info":"Noticia Principal","comment_count":"0","_links":{"self":[{"href":"https:\/\/infoecos.com.ar\/index.php\/wp-json\/wp\/v2\/posts\/130587"}],"collection":[{"href":"https:\/\/infoecos.com.ar\/index.php\/wp-json\/wp\/v2\/posts"}],"about":[{"href":"https:\/\/infoecos.com.ar\/index.php\/wp-json\/wp\/v2\/types\/post"}],"author":[{"embeddable":true,"href":"https:\/\/infoecos.com.ar\/index.php\/wp-json\/wp\/v2\/users\/2"}],"replies":[{"embeddable":true,"href":"https:\/\/infoecos.com.ar\/index.php\/wp-json\/wp\/v2\/comments?post=130587"}],"version-history":[{"count":1,"href":"https:\/\/infoecos.com.ar\/index.php\/wp-json\/wp\/v2\/posts\/130587\/revisions"}],"predecessor-version":[{"id":130612,"href":"https:\/\/infoecos.com.ar\/index.php\/wp-json\/wp\/v2\/posts\/130587\/revisions\/130612"}],"wp:featuredmedia":[{"embeddable":true,"href":"https:\/\/infoecos.com.ar\/index.php\/wp-json\/wp\/v2\/media\/130594"}],"wp:attachment":[{"href":"https:\/\/infoecos.com.ar\/index.php\/wp-json\/wp\/v2\/media?parent=130587"}],"wp:term":[{"taxonomy":"category","embeddable":true,"href":"https:\/\/infoecos.com.ar\/index.php\/wp-json\/wp\/v2\/categories?post=130587"},{"taxonomy":"post_tag","embeddable":true,"href":"https:\/\/infoecos.com.ar\/index.php\/wp-json\/wp\/v2\/tags?post=130587"}],"curies":[{"name":"wp","href":"https:\/\/api.w.org\/{rel}","templated":true}]}}