{"id":130745,"date":"2024-10-08T12:20:24","date_gmt":"2024-10-08T15:20:24","guid":{"rendered":"https:\/\/infoecos.com.ar\/?p=130745"},"modified":"2024-10-08T12:20:25","modified_gmt":"2024-10-08T15:20:25","slug":"busquedas-laborales-disponibles-en-la-oficina-de-servicios-para-el-empleo-de-trenque-lauquen","status":"publish","type":"post","link":"https:\/\/infoecos.com.ar\/index.php\/busquedas-laborales-disponibles-en-la-oficina-de-servicios-para-el-empleo-de-trenque-lauquen\/","title":{"rendered":"B\u00fasquedas laborales disponibles en la oficina de Servicios para el Empleo de Trenque Lauquen"},"content":{"rendered":"\n<p>La oficina de Servicios para el Empleo informa las b\u00fasquedas laborales disponibles. Los interesados\/as en alguna de ellas pueden comunicarse por tel\u00e9fono, de lunes a viernes de 7 a 13, al (2392) 60-2784; o por correo electr\u00f3nico a busquedasempleo@trenquelauquen.gov.ar o acercarse hasta el primer piso del Centro C\u00edvico, donde funciona la Oficina.<\/p>\n\n\n\n<p><strong>ACOMPA\u00d1ANTE TERAP\u00c9UTICO I<\/strong>: Preferentemente sexo masculino, mayor de 25 a\u00f1os con experiencia comprobable y matr\u00edcula habilitante. Disponibilidad para trabajar de lunes a viernes en turno tarde. La facturaci\u00f3n se realiza a prepaga.<\/p>\n\n\n\n<p><strong>ACOMPA\u00d1ANTE TERAP\u00c9UTICO II:<\/strong> Sexo femenino, mayor de 25 a\u00f1os con experiencia comprobable y matr\u00edcula habilitante. Para acompa\u00f1ar a persona con discapacidad (enfermedad de Parkinson), que se moviliza por sus propios medios. Disponibilidad para trabajar de lunes a viernes de 8:30 a 11:30 y de 16 a 20. La facturaci\u00f3n se realiza a IOMA.<\/p>\n\n\n\n<p><strong>SOLDADOR:<\/strong> Sexo masculino, con experiencia en soldaduras y trabajos metal\u00fargicos. Disponibilidad para trabajar de lunes a viernes de 7 a 12 y de 15 a 19.<\/p>\n\n\n\n<p><strong>VENDEDOR DE CALLE:<\/strong> Sexo masculino, mayor de 35 a\u00f1os con secundario completo, con experiencia y referencias comprobables. Se debe contar con movilidad propia (autom\u00f3vil EXCLUYENTE). Las tareas a desarrollar son venta y cobranza de productos industriales (herramientas, insumos, etc.) captura de clientes y reactivaci\u00f3n. Disponibilidad para trabajar de lunes a viernes 10 horas por d\u00eda.<\/p>\n\n\n\n<p><strong>OPERARIO DE PLANTA DE FITOSANITARIOS:<\/strong> Sexo masculino, mayor de 25 a\u00f1os con secundario completo. Se requiere experiencia y referencias comprobables (Excluyente). Las tareas a realizar ser\u00e1n: carga de bidones y control de stock. Disponibilidad para trabajar de lunes a viernes de 8 a 17.<\/p>\n\n\n\n<p><strong>RESPONSABLE DE PLANTA DE SILO:<\/strong> Sexo masculino, de 25 a 40 a\u00f1os, con secundario completo y experiencia m\u00ednima de 1 a\u00f1o con personal a cargo. Las tareas a realizar ser\u00e1n: log\u00edstica de camiones, manejo de balanza y organizaci\u00f3n de equipo. Disponibilidad para trabajar de lunes a viernes 8 horas, y los s\u00e1bados mediod\u00eda. (En temporada de cosecha, se trabaja tambi\u00e9n fines de semana). Tendr\u00e1 que contar con licencia de conducir para trasladarse hacia la planta (la movilidad se la facilita la empresa).<\/p>\n\n\n\n<p><strong>ADMINISTRATIVO: <\/strong>Sexo femenino, mayor de 21 a\u00f1os, con secundario completo. Es excluyente contar con experiencia y referencias comprobables.\u00a0 Las tareas a realizar ser\u00e1n: atenci\u00f3n al p\u00fablico, planillas de Excel, cobro y seguimiento de cuentas corrientes y manejo de redes sociales. Disponibilidad para trabajar de lunes a viernes de 9 a 12:30 y de 16 a 19 (invierno) \/ 17 a 20 (verano).<\/p>\n","protected":false},"excerpt":{"rendered":"<p>Los interesados\/as en alguna de ellas pueden comunicarse por tel\u00e9fono, de lunes a viernes de 7 a 13, al (2392) 60-2784; o por correo electr\u00f3nico a busquedasempleo@trenquelauquen.gov.ar o acercarse hasta el primer piso del Centro C\u00edvico, donde funciona la Oficina<\/p>\n","protected":false},"author":2,"featured_media":124120,"comment_status":"closed","ping_status":"open","sticky":false,"template":"","format":"standard","meta":{"footnotes":""},"categories":[1613],"tags":[],"class_list":["post-130745","post","type-post","status-publish","format-standard","has-post-thumbnail","hentry","category-noticia-secundaria"],"yoast_head":"<!-- This site is optimized with the Yoast SEO plugin v23.4 - https:\/\/yoast.com\/wordpress\/plugins\/seo\/ -->\n<title>B\u00fasquedas laborales disponibles en la oficina de Servicios para el Empleo de Trenque Lauquen - Infoecos<\/title>\n<meta name=\"robots\" content=\"index, follow, max-snippet:-1, max-image-preview:large, max-video-preview:-1\" \/>\n<link rel=\"canonical\" href=\"https:\/\/infoecos.com.ar\/index.php\/busquedas-laborales-disponibles-en-la-oficina-de-servicios-para-el-empleo-de-trenque-lauquen\/\" \/>\n<meta property=\"og:locale\" content=\"es_ES\" \/>\n<meta property=\"og:type\" content=\"article\" \/>\n<meta property=\"og:title\" content=\"B\u00fasquedas laborales disponibles en la oficina de Servicios para el Empleo de Trenque Lauquen - Infoecos\" \/>\n<meta property=\"og:description\" content=\"Los interesados\/as en alguna de ellas pueden comunicarse por tel\u00e9fono, de lunes a viernes de 7 a 13, al (2392) 60-2784; o por correo electr\u00f3nico a busquedasempleo@trenquelauquen.gov.ar o acercarse hasta el primer piso del Centro C\u00edvico, donde funciona la Oficina\" \/>\n<meta property=\"og:url\" content=\"https:\/\/infoecos.com.ar\/index.php\/busquedas-laborales-disponibles-en-la-oficina-de-servicios-para-el-empleo-de-trenque-lauquen\/\" \/>\n<meta property=\"og:site_name\" content=\"Infoecos\" \/>\n<meta property=\"article:publisher\" content=\"https:\/\/www.facebook.com\/profile.php?id=100063200290284\" \/>\n<meta property=\"article:published_time\" content=\"2024-10-08T15:20:24+00:00\" \/>\n<meta property=\"article:modified_time\" content=\"2024-10-08T15:20:25+00:00\" \/>\n<meta property=\"og:image\" content=\"https:\/\/infoecos.com.ar\/wp-content\/uploads\/2024\/05\/centrocivicotl.jpg\" \/>\n\t<meta property=\"og:image:width\" content=\"1080\" \/>\n\t<meta property=\"og:image:height\" content=\"675\" \/>\n\t<meta property=\"og:image:type\" content=\"image\/jpeg\" \/>\n<meta name=\"author\" content=\"Jorge Matheus\" \/>\n<meta name=\"twitter:card\" content=\"summary_large_image\" \/>\n<meta name=\"twitter:creator\" content=\"@infoecos\" \/>\n<meta name=\"twitter:site\" content=\"@infoecos\" \/>\n<meta name=\"twitter:label1\" content=\"Escrito por\" \/>\n\t<meta name=\"twitter:data1\" content=\"Jorge Matheus\" \/>\n\t<meta name=\"twitter:label2\" content=\"Tiempo de lectura\" \/>\n\t<meta name=\"twitter:data2\" content=\"3 minutos\" \/>\n<script type=\"application\/ld+json\" class=\"yoast-schema-graph\">{\"@context\":\"https:\/\/schema.org\",\"@graph\":[{\"@type\":\"Article\",\"@id\":\"https:\/\/infoecos.com.ar\/index.php\/busquedas-laborales-disponibles-en-la-oficina-de-servicios-para-el-empleo-de-trenque-lauquen\/#article\",\"isPartOf\":{\"@id\":\"https:\/\/infoecos.com.ar\/index.php\/busquedas-laborales-disponibles-en-la-oficina-de-servicios-para-el-empleo-de-trenque-lauquen\/\"},\"author\":{\"name\":\"Jorge Matheus\",\"@id\":\"https:\/\/infoecos.com.ar\/#\/schema\/person\/8f5ace5ce73b4b4aac4b7245aee6f191\"},\"headline\":\"B\u00fasquedas laborales disponibles en la oficina de Servicios para el Empleo de Trenque Lauquen\",\"datePublished\":\"2024-10-08T15:20:24+00:00\",\"dateModified\":\"2024-10-08T15:20:25+00:00\",\"mainEntityOfPage\":{\"@id\":\"https:\/\/infoecos.com.ar\/index.php\/busquedas-laborales-disponibles-en-la-oficina-de-servicios-para-el-empleo-de-trenque-lauquen\/\"},\"wordCount\":430,\"publisher\":{\"@id\":\"https:\/\/infoecos.com.ar\/#organization\"},\"image\":{\"@id\":\"https:\/\/infoecos.com.ar\/index.php\/busquedas-laborales-disponibles-en-la-oficina-de-servicios-para-el-empleo-de-trenque-lauquen\/#primaryimage\"},\"thumbnailUrl\":\"https:\/\/infoecos.com.ar\/wp-content\/uploads\/2024\/05\/centrocivicotl.jpg\",\"articleSection\":[\"Noticia Secundaria\"],\"inLanguage\":\"es\"},{\"@type\":\"WebPage\",\"@id\":\"https:\/\/infoecos.com.ar\/index.php\/busquedas-laborales-disponibles-en-la-oficina-de-servicios-para-el-empleo-de-trenque-lauquen\/\",\"url\":\"https:\/\/infoecos.com.ar\/index.php\/busquedas-laborales-disponibles-en-la-oficina-de-servicios-para-el-empleo-de-trenque-lauquen\/\",\"name\":\"B\u00fasquedas laborales disponibles en la oficina de Servicios para el Empleo de Trenque Lauquen - Infoecos\",\"isPartOf\":{\"@id\":\"https:\/\/infoecos.com.ar\/#website\"},\"primaryImageOfPage\":{\"@id\":\"https:\/\/infoecos.com.ar\/index.php\/busquedas-laborales-disponibles-en-la-oficina-de-servicios-para-el-empleo-de-trenque-lauquen\/#primaryimage\"},\"image\":{\"@id\":\"https:\/\/infoecos.com.ar\/index.php\/busquedas-laborales-disponibles-en-la-oficina-de-servicios-para-el-empleo-de-trenque-lauquen\/#primaryimage\"},\"thumbnailUrl\":\"https:\/\/infoecos.com.ar\/wp-content\/uploads\/2024\/05\/centrocivicotl.jpg\",\"datePublished\":\"2024-10-08T15:20:24+00:00\",\"dateModified\":\"2024-10-08T15:20:25+00:00\",\"breadcrumb\":{\"@id\":\"https:\/\/infoecos.com.ar\/index.php\/busquedas-laborales-disponibles-en-la-oficina-de-servicios-para-el-empleo-de-trenque-lauquen\/#breadcrumb\"},\"inLanguage\":\"es\",\"potentialAction\":[{\"@type\":\"ReadAction\",\"target\":[\"https:\/\/infoecos.com.ar\/index.php\/busquedas-laborales-disponibles-en-la-oficina-de-servicios-para-el-empleo-de-trenque-lauquen\/\"]}]},{\"@type\":\"ImageObject\",\"inLanguage\":\"es\",\"@id\":\"https:\/\/infoecos.com.ar\/index.php\/busquedas-laborales-disponibles-en-la-oficina-de-servicios-para-el-empleo-de-trenque-lauquen\/#primaryimage\",\"url\":\"https:\/\/infoecos.com.ar\/wp-content\/uploads\/2024\/05\/centrocivicotl.jpg\",\"contentUrl\":\"https:\/\/infoecos.com.ar\/wp-content\/uploads\/2024\/05\/centrocivicotl.jpg\",\"width\":1080,\"height\":675},{\"@type\":\"BreadcrumbList\",\"@id\":\"https:\/\/infoecos.com.ar\/index.php\/busquedas-laborales-disponibles-en-la-oficina-de-servicios-para-el-empleo-de-trenque-lauquen\/#breadcrumb\",\"itemListElement\":[{\"@type\":\"ListItem\",\"position\":1,\"name\":\"Portada\",\"item\":\"https:\/\/infoecos.com.ar\/\"},{\"@type\":\"ListItem\",\"position\":2,\"name\":\"B\u00fasquedas laborales disponibles en la oficina de Servicios para el Empleo de Trenque Lauquen\"}]},{\"@type\":\"WebSite\",\"@id\":\"https:\/\/infoecos.com.ar\/#website\",\"url\":\"https:\/\/infoecos.com.ar\/\",\"name\":\"Infoecos\",\"description\":\"Noticias de trenque lauquen y la zona\",\"publisher\":{\"@id\":\"https:\/\/infoecos.com.ar\/#organization\"},\"alternateName\":\"Noticias\",\"potentialAction\":[{\"@type\":\"SearchAction\",\"target\":{\"@type\":\"EntryPoint\",\"urlTemplate\":\"https:\/\/infoecos.com.ar\/?s={search_term_string}\"},\"query-input\":{\"@type\":\"PropertyValueSpecification\",\"valueRequired\":true,\"valueName\":\"search_term_string\"}}],\"inLanguage\":\"es\"},{\"@type\":\"Organization\",\"@id\":\"https:\/\/infoecos.com.ar\/#organization\",\"name\":\"Infoecos\",\"alternateName\":\"Noticias\",\"url\":\"https:\/\/infoecos.com.ar\/\",\"logo\":{\"@type\":\"ImageObject\",\"inLanguage\":\"es\",\"@id\":\"https:\/\/infoecos.com.ar\/#\/schema\/logo\/image\/\",\"url\":\"https:\/\/infoecos.com.ar\/wp-content\/uploads\/2024\/03\/cropped-logo.png\",\"contentUrl\":\"https:\/\/infoecos.com.ar\/wp-content\/uploads\/2024\/03\/cropped-logo.png\",\"width\":374,\"height\":90,\"caption\":\"Infoecos\"},\"image\":{\"@id\":\"https:\/\/infoecos.com.ar\/#\/schema\/logo\/image\/\"},\"sameAs\":[\"https:\/\/www.facebook.com\/profile.php?id=100063200290284\",\"https:\/\/x.com\/infoecos\"]},{\"@type\":\"Person\",\"@id\":\"https:\/\/infoecos.com.ar\/#\/schema\/person\/8f5ace5ce73b4b4aac4b7245aee6f191\",\"name\":\"Jorge Matheus\",\"url\":\"https:\/\/infoecos.com.ar\/index.php\/author\/jomatheus\/\"}]}<\/script>\n<!-- \/ Yoast SEO plugin. -->","yoast_head_json":{"title":"B\u00fasquedas laborales disponibles en la oficina de Servicios para el Empleo de Trenque Lauquen - Infoecos","robots":{"index":"index","follow":"follow","max-snippet":"max-snippet:-1","max-image-preview":"max-image-preview:large","max-video-preview":"max-video-preview:-1"},"canonical":"https:\/\/infoecos.com.ar\/index.php\/busquedas-laborales-disponibles-en-la-oficina-de-servicios-para-el-empleo-de-trenque-lauquen\/","og_locale":"es_ES","og_type":"article","og_title":"B\u00fasquedas laborales disponibles en la oficina de Servicios para el Empleo de Trenque Lauquen - Infoecos","og_description":"Los interesados\/as en alguna de ellas pueden comunicarse por tel\u00e9fono, de lunes a viernes de 7 a 13, al (2392) 60-2784; o por correo electr\u00f3nico a busquedasempleo@trenquelauquen.gov.ar o acercarse hasta el primer piso del Centro C\u00edvico, donde funciona la Oficina","og_url":"https:\/\/infoecos.com.ar\/index.php\/busquedas-laborales-disponibles-en-la-oficina-de-servicios-para-el-empleo-de-trenque-lauquen\/","og_site_name":"Infoecos","article_publisher":"https:\/\/www.facebook.com\/profile.php?id=100063200290284","article_published_time":"2024-10-08T15:20:24+00:00","article_modified_time":"2024-10-08T15:20:25+00:00","og_image":[{"width":1080,"height":675,"url":"https:\/\/infoecos.com.ar\/wp-content\/uploads\/2024\/05\/centrocivicotl.jpg","type":"image\/jpeg"}],"author":"Jorge Matheus","twitter_card":"summary_large_image","twitter_creator":"@infoecos","twitter_site":"@infoecos","twitter_misc":{"Escrito por":"Jorge Matheus","Tiempo de lectura":"3 minutos"},"schema":{"@context":"https:\/\/schema.org","@graph":[{"@type":"Article","@id":"https:\/\/infoecos.com.ar\/index.php\/busquedas-laborales-disponibles-en-la-oficina-de-servicios-para-el-empleo-de-trenque-lauquen\/#article","isPartOf":{"@id":"https:\/\/infoecos.com.ar\/index.php\/busquedas-laborales-disponibles-en-la-oficina-de-servicios-para-el-empleo-de-trenque-lauquen\/"},"author":{"name":"Jorge Matheus","@id":"https:\/\/infoecos.com.ar\/#\/schema\/person\/8f5ace5ce73b4b4aac4b7245aee6f191"},"headline":"B\u00fasquedas laborales disponibles en la oficina de Servicios para el Empleo de Trenque Lauquen","datePublished":"2024-10-08T15:20:24+00:00","dateModified":"2024-10-08T15:20:25+00:00","mainEntityOfPage":{"@id":"https:\/\/infoecos.com.ar\/index.php\/busquedas-laborales-disponibles-en-la-oficina-de-servicios-para-el-empleo-de-trenque-lauquen\/"},"wordCount":430,"publisher":{"@id":"https:\/\/infoecos.com.ar\/#organization"},"image":{"@id":"https:\/\/infoecos.com.ar\/index.php\/busquedas-laborales-disponibles-en-la-oficina-de-servicios-para-el-empleo-de-trenque-lauquen\/#primaryimage"},"thumbnailUrl":"https:\/\/infoecos.com.ar\/wp-content\/uploads\/2024\/05\/centrocivicotl.jpg","articleSection":["Noticia Secundaria"],"inLanguage":"es"},{"@type":"WebPage","@id":"https:\/\/infoecos.com.ar\/index.php\/busquedas-laborales-disponibles-en-la-oficina-de-servicios-para-el-empleo-de-trenque-lauquen\/","url":"https:\/\/infoecos.com.ar\/index.php\/busquedas-laborales-disponibles-en-la-oficina-de-servicios-para-el-empleo-de-trenque-lauquen\/","name":"B\u00fasquedas laborales disponibles en la oficina de Servicios para el Empleo de Trenque Lauquen - Infoecos","isPartOf":{"@id":"https:\/\/infoecos.com.ar\/#website"},"primaryImageOfPage":{"@id":"https:\/\/infoecos.com.ar\/index.php\/busquedas-laborales-disponibles-en-la-oficina-de-servicios-para-el-empleo-de-trenque-lauquen\/#primaryimage"},"image":{"@id":"https:\/\/infoecos.com.ar\/index.php\/busquedas-laborales-disponibles-en-la-oficina-de-servicios-para-el-empleo-de-trenque-lauquen\/#primaryimage"},"thumbnailUrl":"https:\/\/infoecos.com.ar\/wp-content\/uploads\/2024\/05\/centrocivicotl.jpg","datePublished":"2024-10-08T15:20:24+00:00","dateModified":"2024-10-08T15:20:25+00:00","breadcrumb":{"@id":"https:\/\/infoecos.com.ar\/index.php\/busquedas-laborales-disponibles-en-la-oficina-de-servicios-para-el-empleo-de-trenque-lauquen\/#breadcrumb"},"inLanguage":"es","potentialAction":[{"@type":"ReadAction","target":["https:\/\/infoecos.com.ar\/index.php\/busquedas-laborales-disponibles-en-la-oficina-de-servicios-para-el-empleo-de-trenque-lauquen\/"]}]},{"@type":"ImageObject","inLanguage":"es","@id":"https:\/\/infoecos.com.ar\/index.php\/busquedas-laborales-disponibles-en-la-oficina-de-servicios-para-el-empleo-de-trenque-lauquen\/#primaryimage","url":"https:\/\/infoecos.com.ar\/wp-content\/uploads\/2024\/05\/centrocivicotl.jpg","contentUrl":"https:\/\/infoecos.com.ar\/wp-content\/uploads\/2024\/05\/centrocivicotl.jpg","width":1080,"height":675},{"@type":"BreadcrumbList","@id":"https:\/\/infoecos.com.ar\/index.php\/busquedas-laborales-disponibles-en-la-oficina-de-servicios-para-el-empleo-de-trenque-lauquen\/#breadcrumb","itemListElement":[{"@type":"ListItem","position":1,"name":"Portada","item":"https:\/\/infoecos.com.ar\/"},{"@type":"ListItem","position":2,"name":"B\u00fasquedas laborales disponibles en la oficina de Servicios para el Empleo de Trenque Lauquen"}]},{"@type":"WebSite","@id":"https:\/\/infoecos.com.ar\/#website","url":"https:\/\/infoecos.com.ar\/","name":"Infoecos","description":"Noticias de trenque lauquen y la zona","publisher":{"@id":"https:\/\/infoecos.com.ar\/#organization"},"alternateName":"Noticias","potentialAction":[{"@type":"SearchAction","target":{"@type":"EntryPoint","urlTemplate":"https:\/\/infoecos.com.ar\/?s={search_term_string}"},"query-input":{"@type":"PropertyValueSpecification","valueRequired":true,"valueName":"search_term_string"}}],"inLanguage":"es"},{"@type":"Organization","@id":"https:\/\/infoecos.com.ar\/#organization","name":"Infoecos","alternateName":"Noticias","url":"https:\/\/infoecos.com.ar\/","logo":{"@type":"ImageObject","inLanguage":"es","@id":"https:\/\/infoecos.com.ar\/#\/schema\/logo\/image\/","url":"https:\/\/infoecos.com.ar\/wp-content\/uploads\/2024\/03\/cropped-logo.png","contentUrl":"https:\/\/infoecos.com.ar\/wp-content\/uploads\/2024\/03\/cropped-logo.png","width":374,"height":90,"caption":"Infoecos"},"image":{"@id":"https:\/\/infoecos.com.ar\/#\/schema\/logo\/image\/"},"sameAs":["https:\/\/www.facebook.com\/profile.php?id=100063200290284","https:\/\/x.com\/infoecos"]},{"@type":"Person","@id":"https:\/\/infoecos.com.ar\/#\/schema\/person\/8f5ace5ce73b4b4aac4b7245aee6f191","name":"Jorge Matheus","url":"https:\/\/infoecos.com.ar\/index.php\/author\/jomatheus\/"}]}},"featured_image_urls":{"full":["https:\/\/infoecos.com.ar\/wp-content\/uploads\/2024\/05\/centrocivicotl.jpg",1080,675,false],"thumbnail":["https:\/\/infoecos.com.ar\/wp-content\/uploads\/2024\/05\/centrocivicotl-300x150.jpg",300,150,true],"medium":["https:\/\/infoecos.com.ar\/wp-content\/uploads\/2024\/05\/centrocivicotl-800x500.jpg",800,500,true],"medium_large":["https:\/\/infoecos.com.ar\/wp-content\/uploads\/2024\/05\/centrocivicotl-768x480.jpg",640,400,true],"large":["https:\/\/infoecos.com.ar\/wp-content\/uploads\/2024\/05\/centrocivicotl.jpg",640,400,false],"1536x1536":["https:\/\/infoecos.com.ar\/wp-content\/uploads\/2024\/05\/centrocivicotl.jpg",1080,675,false],"2048x2048":["https:\/\/infoecos.com.ar\/wp-content\/uploads\/2024\/05\/centrocivicotl.jpg",1080,675,false],"covernews-slider-full":["https:\/\/infoecos.com.ar\/wp-content\/uploads\/2024\/05\/centrocivicotl.jpg",1080,675,false],"covernews-slider-center":["https:\/\/infoecos.com.ar\/wp-content\/uploads\/2024\/05\/centrocivicotl-800x500.jpg",800,500,true],"covernews-featured":["https:\/\/infoecos.com.ar\/wp-content\/uploads\/2024\/05\/centrocivicotl-1024x640.jpg",1024,640,true],"covernews-medium":["https:\/\/infoecos.com.ar\/wp-content\/uploads\/2024\/05\/centrocivicotl-540x340.jpg",540,340,true],"covernews-medium-square":["https:\/\/infoecos.com.ar\/wp-content\/uploads\/2024\/05\/centrocivicotl-400x250.jpg",400,250,true]},"author_info":{"info":["Jorge Matheus"]},"category_info":"<a href=\"https:\/\/infoecos.com.ar\/index.php\/category\/noticia-secundaria\/\" rel=\"category tag\">Noticia Secundaria<\/a>","tag_info":"Noticia Secundaria","comment_count":"0","_links":{"self":[{"href":"https:\/\/infoecos.com.ar\/index.php\/wp-json\/wp\/v2\/posts\/130745"}],"collection":[{"href":"https:\/\/infoecos.com.ar\/index.php\/wp-json\/wp\/v2\/posts"}],"about":[{"href":"https:\/\/infoecos.com.ar\/index.php\/wp-json\/wp\/v2\/types\/post"}],"author":[{"embeddable":true,"href":"https:\/\/infoecos.com.ar\/index.php\/wp-json\/wp\/v2\/users\/2"}],"replies":[{"embeddable":true,"href":"https:\/\/infoecos.com.ar\/index.php\/wp-json\/wp\/v2\/comments?post=130745"}],"version-history":[{"count":1,"href":"https:\/\/infoecos.com.ar\/index.php\/wp-json\/wp\/v2\/posts\/130745\/revisions"}],"predecessor-version":[{"id":130746,"href":"https:\/\/infoecos.com.ar\/index.php\/wp-json\/wp\/v2\/posts\/130745\/revisions\/130746"}],"wp:featuredmedia":[{"embeddable":true,"href":"https:\/\/infoecos.com.ar\/index.php\/wp-json\/wp\/v2\/media\/124120"}],"wp:attachment":[{"href":"https:\/\/infoecos.com.ar\/index.php\/wp-json\/wp\/v2\/media?parent=130745"}],"wp:term":[{"taxonomy":"category","embeddable":true,"href":"https:\/\/infoecos.com.ar\/index.php\/wp-json\/wp\/v2\/categories?post=130745"},{"taxonomy":"post_tag","embeddable":true,"href":"https:\/\/infoecos.com.ar\/index.php\/wp-json\/wp\/v2\/tags?post=130745"}],"curies":[{"name":"wp","href":"https:\/\/api.w.org\/{rel}","templated":true}]}}