{"id":130900,"date":"2024-10-12T13:05:24","date_gmt":"2024-10-12T16:05:24","guid":{"rendered":"https:\/\/infoecos.com.ar\/?p=130900"},"modified":"2024-10-12T13:14:28","modified_gmt":"2024-10-12T16:14:28","slug":"el-misil-de-san-vicente-primero-en-la-clasificacion-y-felipe-bernasconi-en-el-noveno","status":"publish","type":"post","link":"https:\/\/infoecos.com.ar\/index.php\/el-misil-de-san-vicente-primero-en-la-clasificacion-y-felipe-bernasconi-en-el-noveno\/","title":{"rendered":"El misil de San Vicente, Gast\u00f3n Iansa, primero en la clasificaci\u00f3n y Felipe Bernasconi noveno, para las pruebas del domingo"},"content":{"rendered":"\n<p>El sanvicentino, quien encabeza la Copa Coronaci\u00f3n de la divisional, consigui\u00f3 en La Plata la \u00abpole\u00bb con el Chevrolet de Canning Motorsport, y se erige nuevamente como candidato en esta ronda.<\/p>\n\n\n\n<p>El trenquelauquense se ubic\u00f3 en la novena posici\u00f3n. <\/p>\n\n\n\n<p>Ma\u00f1ana domingo a las 8.34 se realizar\u00e1 la primera serie, a las 8.57 se iniciar\u00e1 la segunda y a las 12.50 se corre la final. <\/p>\n\n\n\n<figure class=\"wp-block-image size-full\"><img loading=\"lazy\" decoding=\"async\" width=\"774\" height=\"540\" src=\"https:\/\/infoecos.com.ar\/wp-content\/uploads\/2024\/10\/image-104.png\" alt=\"\" class=\"wp-image-130901\" srcset=\"https:\/\/infoecos.com.ar\/wp-content\/uploads\/2024\/10\/image-104.png 774w, https:\/\/infoecos.com.ar\/wp-content\/uploads\/2024\/10\/image-104-768x536.png 768w\" sizes=\"(max-width: 774px) 100vw, 774px\" \/><\/figure>\n","protected":false},"excerpt":{"rendered":"<p>Ma\u00f1ana domingo a las 8.34 se realizar\u00e1 la primera serie, a las 8.57 se iniciar\u00e1 la segunda y a las 12.50 se corre la final<\/p>\n","protected":false},"author":2,"featured_media":123065,"comment_status":"closed","ping_status":"open","sticky":false,"template":"","format":"standard","meta":{"footnotes":""},"categories":[1612],"tags":[],"class_list":["post-130900","post","type-post","status-publish","format-standard","has-post-thumbnail","hentry","category-noticia-principal"],"yoast_head":"<!-- This site is optimized with the Yoast SEO plugin v23.4 - https:\/\/yoast.com\/wordpress\/plugins\/seo\/ -->\n<title>El misil de San Vicente, Gast\u00f3n Iansa, primero en la clasificaci\u00f3n y Felipe Bernasconi noveno, para las pruebas del domingo - Infoecos<\/title>\n<meta name=\"robots\" content=\"index, follow, max-snippet:-1, max-image-preview:large, max-video-preview:-1\" \/>\n<link rel=\"canonical\" href=\"https:\/\/infoecos.com.ar\/index.php\/el-misil-de-san-vicente-primero-en-la-clasificacion-y-felipe-bernasconi-en-el-noveno\/\" \/>\n<meta property=\"og:locale\" content=\"es_ES\" \/>\n<meta property=\"og:type\" content=\"article\" \/>\n<meta property=\"og:title\" content=\"El misil de San Vicente, Gast\u00f3n Iansa, primero en la clasificaci\u00f3n y Felipe Bernasconi noveno, para las pruebas del domingo - Infoecos\" \/>\n<meta property=\"og:description\" content=\"Ma\u00f1ana domingo a las 8.34 se realizar\u00e1 la primera serie, a las 8.57 se iniciar\u00e1 la segunda y a las 12.50 se corre la final\" \/>\n<meta property=\"og:url\" content=\"https:\/\/infoecos.com.ar\/index.php\/el-misil-de-san-vicente-primero-en-la-clasificacion-y-felipe-bernasconi-en-el-noveno\/\" \/>\n<meta property=\"og:site_name\" content=\"Infoecos\" \/>\n<meta property=\"article:publisher\" content=\"https:\/\/www.facebook.com\/profile.php?id=100063200290284\" \/>\n<meta property=\"article:published_time\" content=\"2024-10-12T16:05:24+00:00\" \/>\n<meta property=\"article:modified_time\" content=\"2024-10-12T16:14:28+00:00\" \/>\n<meta property=\"og:image\" content=\"https:\/\/infoecos.com.ar\/wp-content\/uploads\/2024\/04\/image-254.png\" \/>\n\t<meta property=\"og:image:width\" content=\"976\" \/>\n\t<meta property=\"og:image:height\" content=\"651\" \/>\n\t<meta property=\"og:image:type\" content=\"image\/png\" \/>\n<meta name=\"author\" content=\"Jorge Matheus\" \/>\n<meta name=\"twitter:card\" content=\"summary_large_image\" \/>\n<meta name=\"twitter:creator\" content=\"@infoecos\" \/>\n<meta name=\"twitter:site\" content=\"@infoecos\" \/>\n<meta name=\"twitter:label1\" content=\"Escrito por\" \/>\n\t<meta name=\"twitter:data1\" content=\"Jorge Matheus\" \/>\n\t<meta name=\"twitter:label2\" content=\"Tiempo de lectura\" \/>\n\t<meta name=\"twitter:data2\" content=\"1 minuto\" \/>\n<script type=\"application\/ld+json\" class=\"yoast-schema-graph\">{\"@context\":\"https:\/\/schema.org\",\"@graph\":[{\"@type\":\"Article\",\"@id\":\"https:\/\/infoecos.com.ar\/index.php\/el-misil-de-san-vicente-primero-en-la-clasificacion-y-felipe-bernasconi-en-el-noveno\/#article\",\"isPartOf\":{\"@id\":\"https:\/\/infoecos.com.ar\/index.php\/el-misil-de-san-vicente-primero-en-la-clasificacion-y-felipe-bernasconi-en-el-noveno\/\"},\"author\":{\"name\":\"Jorge Matheus\",\"@id\":\"https:\/\/infoecos.com.ar\/#\/schema\/person\/8f5ace5ce73b4b4aac4b7245aee6f191\"},\"headline\":\"El misil de San Vicente, Gast\u00f3n Iansa, primero en la clasificaci\u00f3n y Felipe Bernasconi noveno, para las pruebas del domingo\",\"datePublished\":\"2024-10-12T16:05:24+00:00\",\"dateModified\":\"2024-10-12T16:14:28+00:00\",\"mainEntityOfPage\":{\"@id\":\"https:\/\/infoecos.com.ar\/index.php\/el-misil-de-san-vicente-primero-en-la-clasificacion-y-felipe-bernasconi-en-el-noveno\/\"},\"wordCount\":86,\"publisher\":{\"@id\":\"https:\/\/infoecos.com.ar\/#organization\"},\"image\":{\"@id\":\"https:\/\/infoecos.com.ar\/index.php\/el-misil-de-san-vicente-primero-en-la-clasificacion-y-felipe-bernasconi-en-el-noveno\/#primaryimage\"},\"thumbnailUrl\":\"https:\/\/infoecos.com.ar\/wp-content\/uploads\/2024\/04\/image-254.png\",\"articleSection\":[\"Noticia Principal\"],\"inLanguage\":\"es\"},{\"@type\":\"WebPage\",\"@id\":\"https:\/\/infoecos.com.ar\/index.php\/el-misil-de-san-vicente-primero-en-la-clasificacion-y-felipe-bernasconi-en-el-noveno\/\",\"url\":\"https:\/\/infoecos.com.ar\/index.php\/el-misil-de-san-vicente-primero-en-la-clasificacion-y-felipe-bernasconi-en-el-noveno\/\",\"name\":\"El misil de San Vicente, Gast\u00f3n Iansa, primero en la clasificaci\u00f3n y Felipe Bernasconi noveno, para las pruebas del domingo - Infoecos\",\"isPartOf\":{\"@id\":\"https:\/\/infoecos.com.ar\/#website\"},\"primaryImageOfPage\":{\"@id\":\"https:\/\/infoecos.com.ar\/index.php\/el-misil-de-san-vicente-primero-en-la-clasificacion-y-felipe-bernasconi-en-el-noveno\/#primaryimage\"},\"image\":{\"@id\":\"https:\/\/infoecos.com.ar\/index.php\/el-misil-de-san-vicente-primero-en-la-clasificacion-y-felipe-bernasconi-en-el-noveno\/#primaryimage\"},\"thumbnailUrl\":\"https:\/\/infoecos.com.ar\/wp-content\/uploads\/2024\/04\/image-254.png\",\"datePublished\":\"2024-10-12T16:05:24+00:00\",\"dateModified\":\"2024-10-12T16:14:28+00:00\",\"breadcrumb\":{\"@id\":\"https:\/\/infoecos.com.ar\/index.php\/el-misil-de-san-vicente-primero-en-la-clasificacion-y-felipe-bernasconi-en-el-noveno\/#breadcrumb\"},\"inLanguage\":\"es\",\"potentialAction\":[{\"@type\":\"ReadAction\",\"target\":[\"https:\/\/infoecos.com.ar\/index.php\/el-misil-de-san-vicente-primero-en-la-clasificacion-y-felipe-bernasconi-en-el-noveno\/\"]}]},{\"@type\":\"ImageObject\",\"inLanguage\":\"es\",\"@id\":\"https:\/\/infoecos.com.ar\/index.php\/el-misil-de-san-vicente-primero-en-la-clasificacion-y-felipe-bernasconi-en-el-noveno\/#primaryimage\",\"url\":\"https:\/\/infoecos.com.ar\/wp-content\/uploads\/2024\/04\/image-254.png\",\"contentUrl\":\"https:\/\/infoecos.com.ar\/wp-content\/uploads\/2024\/04\/image-254.png\",\"width\":976,\"height\":651},{\"@type\":\"BreadcrumbList\",\"@id\":\"https:\/\/infoecos.com.ar\/index.php\/el-misil-de-san-vicente-primero-en-la-clasificacion-y-felipe-bernasconi-en-el-noveno\/#breadcrumb\",\"itemListElement\":[{\"@type\":\"ListItem\",\"position\":1,\"name\":\"Portada\",\"item\":\"https:\/\/infoecos.com.ar\/\"},{\"@type\":\"ListItem\",\"position\":2,\"name\":\"El misil de San Vicente, Gast\u00f3n Iansa, primero en la clasificaci\u00f3n y Felipe Bernasconi noveno, para las pruebas del domingo\"}]},{\"@type\":\"WebSite\",\"@id\":\"https:\/\/infoecos.com.ar\/#website\",\"url\":\"https:\/\/infoecos.com.ar\/\",\"name\":\"Infoecos\",\"description\":\"Noticias de trenque lauquen y la zona\",\"publisher\":{\"@id\":\"https:\/\/infoecos.com.ar\/#organization\"},\"alternateName\":\"Noticias\",\"potentialAction\":[{\"@type\":\"SearchAction\",\"target\":{\"@type\":\"EntryPoint\",\"urlTemplate\":\"https:\/\/infoecos.com.ar\/?s={search_term_string}\"},\"query-input\":{\"@type\":\"PropertyValueSpecification\",\"valueRequired\":true,\"valueName\":\"search_term_string\"}}],\"inLanguage\":\"es\"},{\"@type\":\"Organization\",\"@id\":\"https:\/\/infoecos.com.ar\/#organization\",\"name\":\"Infoecos\",\"alternateName\":\"Noticias\",\"url\":\"https:\/\/infoecos.com.ar\/\",\"logo\":{\"@type\":\"ImageObject\",\"inLanguage\":\"es\",\"@id\":\"https:\/\/infoecos.com.ar\/#\/schema\/logo\/image\/\",\"url\":\"https:\/\/infoecos.com.ar\/wp-content\/uploads\/2024\/03\/cropped-logo.png\",\"contentUrl\":\"https:\/\/infoecos.com.ar\/wp-content\/uploads\/2024\/03\/cropped-logo.png\",\"width\":374,\"height\":90,\"caption\":\"Infoecos\"},\"image\":{\"@id\":\"https:\/\/infoecos.com.ar\/#\/schema\/logo\/image\/\"},\"sameAs\":[\"https:\/\/www.facebook.com\/profile.php?id=100063200290284\",\"https:\/\/x.com\/infoecos\"]},{\"@type\":\"Person\",\"@id\":\"https:\/\/infoecos.com.ar\/#\/schema\/person\/8f5ace5ce73b4b4aac4b7245aee6f191\",\"name\":\"Jorge Matheus\",\"url\":\"https:\/\/infoecos.com.ar\/index.php\/author\/jomatheus\/\"}]}<\/script>\n<!-- \/ Yoast SEO plugin. -->","yoast_head_json":{"title":"El misil de San Vicente, Gast\u00f3n Iansa, primero en la clasificaci\u00f3n y Felipe Bernasconi noveno, para las pruebas del domingo - Infoecos","robots":{"index":"index","follow":"follow","max-snippet":"max-snippet:-1","max-image-preview":"max-image-preview:large","max-video-preview":"max-video-preview:-1"},"canonical":"https:\/\/infoecos.com.ar\/index.php\/el-misil-de-san-vicente-primero-en-la-clasificacion-y-felipe-bernasconi-en-el-noveno\/","og_locale":"es_ES","og_type":"article","og_title":"El misil de San Vicente, Gast\u00f3n Iansa, primero en la clasificaci\u00f3n y Felipe Bernasconi noveno, para las pruebas del domingo - Infoecos","og_description":"Ma\u00f1ana domingo a las 8.34 se realizar\u00e1 la primera serie, a las 8.57 se iniciar\u00e1 la segunda y a las 12.50 se corre la final","og_url":"https:\/\/infoecos.com.ar\/index.php\/el-misil-de-san-vicente-primero-en-la-clasificacion-y-felipe-bernasconi-en-el-noveno\/","og_site_name":"Infoecos","article_publisher":"https:\/\/www.facebook.com\/profile.php?id=100063200290284","article_published_time":"2024-10-12T16:05:24+00:00","article_modified_time":"2024-10-12T16:14:28+00:00","og_image":[{"width":976,"height":651,"url":"https:\/\/infoecos.com.ar\/wp-content\/uploads\/2024\/04\/image-254.png","type":"image\/png"}],"author":"Jorge Matheus","twitter_card":"summary_large_image","twitter_creator":"@infoecos","twitter_site":"@infoecos","twitter_misc":{"Escrito por":"Jorge Matheus","Tiempo de lectura":"1 minuto"},"schema":{"@context":"https:\/\/schema.org","@graph":[{"@type":"Article","@id":"https:\/\/infoecos.com.ar\/index.php\/el-misil-de-san-vicente-primero-en-la-clasificacion-y-felipe-bernasconi-en-el-noveno\/#article","isPartOf":{"@id":"https:\/\/infoecos.com.ar\/index.php\/el-misil-de-san-vicente-primero-en-la-clasificacion-y-felipe-bernasconi-en-el-noveno\/"},"author":{"name":"Jorge Matheus","@id":"https:\/\/infoecos.com.ar\/#\/schema\/person\/8f5ace5ce73b4b4aac4b7245aee6f191"},"headline":"El misil de San Vicente, Gast\u00f3n Iansa, primero en la clasificaci\u00f3n y Felipe Bernasconi noveno, para las pruebas del domingo","datePublished":"2024-10-12T16:05:24+00:00","dateModified":"2024-10-12T16:14:28+00:00","mainEntityOfPage":{"@id":"https:\/\/infoecos.com.ar\/index.php\/el-misil-de-san-vicente-primero-en-la-clasificacion-y-felipe-bernasconi-en-el-noveno\/"},"wordCount":86,"publisher":{"@id":"https:\/\/infoecos.com.ar\/#organization"},"image":{"@id":"https:\/\/infoecos.com.ar\/index.php\/el-misil-de-san-vicente-primero-en-la-clasificacion-y-felipe-bernasconi-en-el-noveno\/#primaryimage"},"thumbnailUrl":"https:\/\/infoecos.com.ar\/wp-content\/uploads\/2024\/04\/image-254.png","articleSection":["Noticia Principal"],"inLanguage":"es"},{"@type":"WebPage","@id":"https:\/\/infoecos.com.ar\/index.php\/el-misil-de-san-vicente-primero-en-la-clasificacion-y-felipe-bernasconi-en-el-noveno\/","url":"https:\/\/infoecos.com.ar\/index.php\/el-misil-de-san-vicente-primero-en-la-clasificacion-y-felipe-bernasconi-en-el-noveno\/","name":"El misil de San Vicente, Gast\u00f3n Iansa, primero en la clasificaci\u00f3n y Felipe Bernasconi noveno, para las pruebas del domingo - Infoecos","isPartOf":{"@id":"https:\/\/infoecos.com.ar\/#website"},"primaryImageOfPage":{"@id":"https:\/\/infoecos.com.ar\/index.php\/el-misil-de-san-vicente-primero-en-la-clasificacion-y-felipe-bernasconi-en-el-noveno\/#primaryimage"},"image":{"@id":"https:\/\/infoecos.com.ar\/index.php\/el-misil-de-san-vicente-primero-en-la-clasificacion-y-felipe-bernasconi-en-el-noveno\/#primaryimage"},"thumbnailUrl":"https:\/\/infoecos.com.ar\/wp-content\/uploads\/2024\/04\/image-254.png","datePublished":"2024-10-12T16:05:24+00:00","dateModified":"2024-10-12T16:14:28+00:00","breadcrumb":{"@id":"https:\/\/infoecos.com.ar\/index.php\/el-misil-de-san-vicente-primero-en-la-clasificacion-y-felipe-bernasconi-en-el-noveno\/#breadcrumb"},"inLanguage":"es","potentialAction":[{"@type":"ReadAction","target":["https:\/\/infoecos.com.ar\/index.php\/el-misil-de-san-vicente-primero-en-la-clasificacion-y-felipe-bernasconi-en-el-noveno\/"]}]},{"@type":"ImageObject","inLanguage":"es","@id":"https:\/\/infoecos.com.ar\/index.php\/el-misil-de-san-vicente-primero-en-la-clasificacion-y-felipe-bernasconi-en-el-noveno\/#primaryimage","url":"https:\/\/infoecos.com.ar\/wp-content\/uploads\/2024\/04\/image-254.png","contentUrl":"https:\/\/infoecos.com.ar\/wp-content\/uploads\/2024\/04\/image-254.png","width":976,"height":651},{"@type":"BreadcrumbList","@id":"https:\/\/infoecos.com.ar\/index.php\/el-misil-de-san-vicente-primero-en-la-clasificacion-y-felipe-bernasconi-en-el-noveno\/#breadcrumb","itemListElement":[{"@type":"ListItem","position":1,"name":"Portada","item":"https:\/\/infoecos.com.ar\/"},{"@type":"ListItem","position":2,"name":"El misil de San Vicente, Gast\u00f3n Iansa, primero en la clasificaci\u00f3n y Felipe Bernasconi noveno, para las pruebas del domingo"}]},{"@type":"WebSite","@id":"https:\/\/infoecos.com.ar\/#website","url":"https:\/\/infoecos.com.ar\/","name":"Infoecos","description":"Noticias de trenque lauquen y la zona","publisher":{"@id":"https:\/\/infoecos.com.ar\/#organization"},"alternateName":"Noticias","potentialAction":[{"@type":"SearchAction","target":{"@type":"EntryPoint","urlTemplate":"https:\/\/infoecos.com.ar\/?s={search_term_string}"},"query-input":{"@type":"PropertyValueSpecification","valueRequired":true,"valueName":"search_term_string"}}],"inLanguage":"es"},{"@type":"Organization","@id":"https:\/\/infoecos.com.ar\/#organization","name":"Infoecos","alternateName":"Noticias","url":"https:\/\/infoecos.com.ar\/","logo":{"@type":"ImageObject","inLanguage":"es","@id":"https:\/\/infoecos.com.ar\/#\/schema\/logo\/image\/","url":"https:\/\/infoecos.com.ar\/wp-content\/uploads\/2024\/03\/cropped-logo.png","contentUrl":"https:\/\/infoecos.com.ar\/wp-content\/uploads\/2024\/03\/cropped-logo.png","width":374,"height":90,"caption":"Infoecos"},"image":{"@id":"https:\/\/infoecos.com.ar\/#\/schema\/logo\/image\/"},"sameAs":["https:\/\/www.facebook.com\/profile.php?id=100063200290284","https:\/\/x.com\/infoecos"]},{"@type":"Person","@id":"https:\/\/infoecos.com.ar\/#\/schema\/person\/8f5ace5ce73b4b4aac4b7245aee6f191","name":"Jorge Matheus","url":"https:\/\/infoecos.com.ar\/index.php\/author\/jomatheus\/"}]}},"featured_image_urls":{"full":["https:\/\/infoecos.com.ar\/wp-content\/uploads\/2024\/04\/image-254.png",976,651,false],"thumbnail":["https:\/\/infoecos.com.ar\/wp-content\/uploads\/2024\/04\/image-254-300x150.png",300,150,true],"medium":["https:\/\/infoecos.com.ar\/wp-content\/uploads\/2024\/04\/image-254-800x534.png",800,534,true],"medium_large":["https:\/\/infoecos.com.ar\/wp-content\/uploads\/2024\/04\/image-254-768x512.png",640,427,true],"large":["https:\/\/infoecos.com.ar\/wp-content\/uploads\/2024\/04\/image-254.png",640,427,false],"1536x1536":["https:\/\/infoecos.com.ar\/wp-content\/uploads\/2024\/04\/image-254.png",976,651,false],"2048x2048":["https:\/\/infoecos.com.ar\/wp-content\/uploads\/2024\/04\/image-254.png",976,651,false],"covernews-slider-full":["https:\/\/infoecos.com.ar\/wp-content\/uploads\/2024\/04\/image-254.png",976,651,false],"covernews-slider-center":["https:\/\/infoecos.com.ar\/wp-content\/uploads\/2024\/04\/image-254-800x500.png",800,500,true],"covernews-featured":["https:\/\/infoecos.com.ar\/wp-content\/uploads\/2024\/04\/image-254.png",976,651,false],"covernews-medium":["https:\/\/infoecos.com.ar\/wp-content\/uploads\/2024\/04\/image-254-540x340.png",540,340,true],"covernews-medium-square":["https:\/\/infoecos.com.ar\/wp-content\/uploads\/2024\/04\/image-254-400x250.png",400,250,true]},"author_info":{"info":["Jorge Matheus"]},"category_info":"<a href=\"https:\/\/infoecos.com.ar\/index.php\/category\/noticia-principal\/\" rel=\"category tag\">Noticia Principal<\/a>","tag_info":"Noticia Principal","comment_count":"0","_links":{"self":[{"href":"https:\/\/infoecos.com.ar\/index.php\/wp-json\/wp\/v2\/posts\/130900"}],"collection":[{"href":"https:\/\/infoecos.com.ar\/index.php\/wp-json\/wp\/v2\/posts"}],"about":[{"href":"https:\/\/infoecos.com.ar\/index.php\/wp-json\/wp\/v2\/types\/post"}],"author":[{"embeddable":true,"href":"https:\/\/infoecos.com.ar\/index.php\/wp-json\/wp\/v2\/users\/2"}],"replies":[{"embeddable":true,"href":"https:\/\/infoecos.com.ar\/index.php\/wp-json\/wp\/v2\/comments?post=130900"}],"version-history":[{"count":3,"href":"https:\/\/infoecos.com.ar\/index.php\/wp-json\/wp\/v2\/posts\/130900\/revisions"}],"predecessor-version":[{"id":130904,"href":"https:\/\/infoecos.com.ar\/index.php\/wp-json\/wp\/v2\/posts\/130900\/revisions\/130904"}],"wp:featuredmedia":[{"embeddable":true,"href":"https:\/\/infoecos.com.ar\/index.php\/wp-json\/wp\/v2\/media\/123065"}],"wp:attachment":[{"href":"https:\/\/infoecos.com.ar\/index.php\/wp-json\/wp\/v2\/media?parent=130900"}],"wp:term":[{"taxonomy":"category","embeddable":true,"href":"https:\/\/infoecos.com.ar\/index.php\/wp-json\/wp\/v2\/categories?post=130900"},{"taxonomy":"post_tag","embeddable":true,"href":"https:\/\/infoecos.com.ar\/index.php\/wp-json\/wp\/v2\/tags?post=130900"}],"curies":[{"name":"wp","href":"https:\/\/api.w.org\/{rel}","templated":true}]}}