{"id":130918,"date":"2024-10-13T09:52:40","date_gmt":"2024-10-13T12:52:40","guid":{"rendered":"https:\/\/infoecos.com.ar\/?p=130918"},"modified":"2024-10-13T09:52:41","modified_gmt":"2024-10-13T12:52:41","slug":"en-bragado-culmina-este-domingo-la-53-fiesta-nacional-del-caballo","status":"publish","type":"post","link":"https:\/\/infoecos.com.ar\/index.php\/en-bragado-culmina-este-domingo-la-53-fiesta-nacional-del-caballo\/","title":{"rendered":"En Bragado culmina este domingo la 53\u00b0 Fiesta Nacional del Caballo"},"content":{"rendered":"\n<figure class=\"wp-block-image alignright size-full is-resized\"><img loading=\"lazy\" decoding=\"async\" width=\"1200\" height=\"900\" src=\"https:\/\/infoecos.com.ar\/wp-content\/uploads\/2024\/10\/image-112.png\" alt=\"\" class=\"wp-image-130921\" style=\"width:423px;height:auto\" srcset=\"https:\/\/infoecos.com.ar\/wp-content\/uploads\/2024\/10\/image-112.png 1200w, https:\/\/infoecos.com.ar\/wp-content\/uploads\/2024\/10\/image-112-800x600.png 800w, https:\/\/infoecos.com.ar\/wp-content\/uploads\/2024\/10\/image-112-768x576.png 768w, https:\/\/infoecos.com.ar\/wp-content\/uploads\/2024\/10\/image-112-1024x768.png 1024w\" sizes=\"(max-width: 1200px) 100vw, 1200px\" \/><\/figure>\n\n\n\n<p>Se cierra hoy la Fiesta Nacional del Caballo, la que ha tenido una respuesta magn\u00edfica.<\/p>\n\n\n\n<p>Se concretar\u00e1 el paseo criollo, se servir\u00e1 el almuerzo criollo y por la tarde se llevar\u00e1 a cabo la Jineteada en el Campo de destrezas Don Abel Figuer\u00f3n. En materia de n\u00fameros art\u00edsticos, hoy actuar\u00e1 el D\u00fao Coplanacu.<\/p>\n\n\n\n<p>El s\u00e1bado, el escenario mayor fue testigo de una serie de presentaciones que llenaron de m\u00fasica y emoci\u00f3n a los presentes, destaca el sitio bragadotv.com.ar. <\/p>\n\n\n\n<p>Uno de los momentos m\u00e1s esperados de la noche fue la\u00a0elecci\u00f3n de la nueva embajadora de la fiesta<strong>.<\/strong>\u00a0El t\u00edtulo fue otorgado a\u00a0Delfina Echeverr\u00eda,\u00a0quien recibi\u00f3 la banda de manos de la embajadora saliente, Lucrecia Sequeiro.<\/p>\n\n\n\n<figure class=\"wp-block-image aligncenter size-full\"><img loading=\"lazy\" decoding=\"async\" width=\"526\" height=\"536\" src=\"https:\/\/infoecos.com.ar\/wp-content\/uploads\/2024\/10\/image-110.png\" alt=\"\" class=\"wp-image-130919\"\/><\/figure>\n\n\n\n<figure class=\"wp-block-image aligncenter size-full is-resized\"><img loading=\"lazy\" decoding=\"async\" width=\"1090\" height=\"1200\" src=\"https:\/\/infoecos.com.ar\/wp-content\/uploads\/2024\/10\/image-111.png\" alt=\"\" class=\"wp-image-130920\" style=\"width:408px;height:auto\" srcset=\"https:\/\/infoecos.com.ar\/wp-content\/uploads\/2024\/10\/image-111.png 1090w, https:\/\/infoecos.com.ar\/wp-content\/uploads\/2024\/10\/image-111-727x800.png 727w, https:\/\/infoecos.com.ar\/wp-content\/uploads\/2024\/10\/image-111-768x846.png 768w, https:\/\/infoecos.com.ar\/wp-content\/uploads\/2024\/10\/image-111-1024x1127.png 1024w\" sizes=\"(max-width: 1090px) 100vw, 1090px\" \/><\/figure>\n","protected":false},"excerpt":{"rendered":"<p>El s\u00e1bado, el escenario mayor fue testigo de una serie de presentaciones que llenaron de m\u00fasica y emoci\u00f3n a los presentes, destaca el sitio bragadotv.com.ar<\/p>\n","protected":false},"author":2,"featured_media":130921,"comment_status":"closed","ping_status":"open","sticky":false,"template":"","format":"standard","meta":{"footnotes":""},"categories":[1612],"tags":[],"class_list":["post-130918","post","type-post","status-publish","format-standard","has-post-thumbnail","hentry","category-noticia-principal"],"yoast_head":"<!-- This site is optimized with the Yoast SEO plugin v23.4 - https:\/\/yoast.com\/wordpress\/plugins\/seo\/ -->\n<title>En Bragado culmina este domingo la 53\u00b0 Fiesta Nacional del Caballo - Infoecos<\/title>\n<meta name=\"robots\" content=\"index, follow, max-snippet:-1, max-image-preview:large, max-video-preview:-1\" \/>\n<link rel=\"canonical\" href=\"https:\/\/infoecos.com.ar\/index.php\/en-bragado-culmina-este-domingo-la-53-fiesta-nacional-del-caballo\/\" \/>\n<meta property=\"og:locale\" content=\"es_ES\" \/>\n<meta property=\"og:type\" content=\"article\" \/>\n<meta property=\"og:title\" content=\"En Bragado culmina este domingo la 53\u00b0 Fiesta Nacional del Caballo - Infoecos\" \/>\n<meta property=\"og:description\" content=\"El s\u00e1bado, el escenario mayor fue testigo de una serie de presentaciones que llenaron de m\u00fasica y emoci\u00f3n a los presentes, destaca el sitio bragadotv.com.ar\" \/>\n<meta property=\"og:url\" content=\"https:\/\/infoecos.com.ar\/index.php\/en-bragado-culmina-este-domingo-la-53-fiesta-nacional-del-caballo\/\" \/>\n<meta property=\"og:site_name\" content=\"Infoecos\" \/>\n<meta property=\"article:publisher\" content=\"https:\/\/www.facebook.com\/profile.php?id=100063200290284\" \/>\n<meta property=\"article:published_time\" content=\"2024-10-13T12:52:40+00:00\" \/>\n<meta property=\"article:modified_time\" content=\"2024-10-13T12:52:41+00:00\" \/>\n<meta property=\"og:image\" content=\"https:\/\/infoecos.com.ar\/wp-content\/uploads\/2024\/10\/image-112.png\" \/>\n\t<meta property=\"og:image:width\" content=\"640\" \/>\n\t<meta property=\"og:image:height\" content=\"480\" \/>\n\t<meta property=\"og:image:type\" content=\"image\/png\" \/>\n<meta name=\"author\" content=\"Jorge Matheus\" \/>\n<meta name=\"twitter:card\" content=\"summary_large_image\" \/>\n<meta name=\"twitter:creator\" content=\"@infoecos\" \/>\n<meta name=\"twitter:site\" content=\"@infoecos\" \/>\n<meta name=\"twitter:label1\" content=\"Escrito por\" \/>\n\t<meta name=\"twitter:data1\" content=\"Jorge Matheus\" \/>\n\t<meta name=\"twitter:label2\" content=\"Tiempo de lectura\" \/>\n\t<meta name=\"twitter:data2\" content=\"2 minutos\" \/>\n<script type=\"application\/ld+json\" class=\"yoast-schema-graph\">{\"@context\":\"https:\/\/schema.org\",\"@graph\":[{\"@type\":\"Article\",\"@id\":\"https:\/\/infoecos.com.ar\/index.php\/en-bragado-culmina-este-domingo-la-53-fiesta-nacional-del-caballo\/#article\",\"isPartOf\":{\"@id\":\"https:\/\/infoecos.com.ar\/index.php\/en-bragado-culmina-este-domingo-la-53-fiesta-nacional-del-caballo\/\"},\"author\":{\"name\":\"Jorge Matheus\",\"@id\":\"https:\/\/infoecos.com.ar\/#\/schema\/person\/8f5ace5ce73b4b4aac4b7245aee6f191\"},\"headline\":\"En Bragado culmina este domingo la 53\u00b0 Fiesta Nacional del Caballo\",\"datePublished\":\"2024-10-13T12:52:40+00:00\",\"dateModified\":\"2024-10-13T12:52:41+00:00\",\"mainEntityOfPage\":{\"@id\":\"https:\/\/infoecos.com.ar\/index.php\/en-bragado-culmina-este-domingo-la-53-fiesta-nacional-del-caballo\/\"},\"wordCount\":140,\"publisher\":{\"@id\":\"https:\/\/infoecos.com.ar\/#organization\"},\"image\":{\"@id\":\"https:\/\/infoecos.com.ar\/index.php\/en-bragado-culmina-este-domingo-la-53-fiesta-nacional-del-caballo\/#primaryimage\"},\"thumbnailUrl\":\"https:\/\/infoecos.com.ar\/wp-content\/uploads\/2024\/10\/image-112.png\",\"articleSection\":[\"Noticia Principal\"],\"inLanguage\":\"es\"},{\"@type\":\"WebPage\",\"@id\":\"https:\/\/infoecos.com.ar\/index.php\/en-bragado-culmina-este-domingo-la-53-fiesta-nacional-del-caballo\/\",\"url\":\"https:\/\/infoecos.com.ar\/index.php\/en-bragado-culmina-este-domingo-la-53-fiesta-nacional-del-caballo\/\",\"name\":\"En Bragado culmina este domingo la 53\u00b0 Fiesta Nacional del Caballo - Infoecos\",\"isPartOf\":{\"@id\":\"https:\/\/infoecos.com.ar\/#website\"},\"primaryImageOfPage\":{\"@id\":\"https:\/\/infoecos.com.ar\/index.php\/en-bragado-culmina-este-domingo-la-53-fiesta-nacional-del-caballo\/#primaryimage\"},\"image\":{\"@id\":\"https:\/\/infoecos.com.ar\/index.php\/en-bragado-culmina-este-domingo-la-53-fiesta-nacional-del-caballo\/#primaryimage\"},\"thumbnailUrl\":\"https:\/\/infoecos.com.ar\/wp-content\/uploads\/2024\/10\/image-112.png\",\"datePublished\":\"2024-10-13T12:52:40+00:00\",\"dateModified\":\"2024-10-13T12:52:41+00:00\",\"breadcrumb\":{\"@id\":\"https:\/\/infoecos.com.ar\/index.php\/en-bragado-culmina-este-domingo-la-53-fiesta-nacional-del-caballo\/#breadcrumb\"},\"inLanguage\":\"es\",\"potentialAction\":[{\"@type\":\"ReadAction\",\"target\":[\"https:\/\/infoecos.com.ar\/index.php\/en-bragado-culmina-este-domingo-la-53-fiesta-nacional-del-caballo\/\"]}]},{\"@type\":\"ImageObject\",\"inLanguage\":\"es\",\"@id\":\"https:\/\/infoecos.com.ar\/index.php\/en-bragado-culmina-este-domingo-la-53-fiesta-nacional-del-caballo\/#primaryimage\",\"url\":\"https:\/\/infoecos.com.ar\/wp-content\/uploads\/2024\/10\/image-112.png\",\"contentUrl\":\"https:\/\/infoecos.com.ar\/wp-content\/uploads\/2024\/10\/image-112.png\",\"width\":1200,\"height\":900},{\"@type\":\"BreadcrumbList\",\"@id\":\"https:\/\/infoecos.com.ar\/index.php\/en-bragado-culmina-este-domingo-la-53-fiesta-nacional-del-caballo\/#breadcrumb\",\"itemListElement\":[{\"@type\":\"ListItem\",\"position\":1,\"name\":\"Portada\",\"item\":\"https:\/\/infoecos.com.ar\/\"},{\"@type\":\"ListItem\",\"position\":2,\"name\":\"En Bragado culmina este domingo la 53\u00b0 Fiesta Nacional del Caballo\"}]},{\"@type\":\"WebSite\",\"@id\":\"https:\/\/infoecos.com.ar\/#website\",\"url\":\"https:\/\/infoecos.com.ar\/\",\"name\":\"Infoecos\",\"description\":\"Noticias de trenque lauquen y la zona\",\"publisher\":{\"@id\":\"https:\/\/infoecos.com.ar\/#organization\"},\"alternateName\":\"Noticias\",\"potentialAction\":[{\"@type\":\"SearchAction\",\"target\":{\"@type\":\"EntryPoint\",\"urlTemplate\":\"https:\/\/infoecos.com.ar\/?s={search_term_string}\"},\"query-input\":{\"@type\":\"PropertyValueSpecification\",\"valueRequired\":true,\"valueName\":\"search_term_string\"}}],\"inLanguage\":\"es\"},{\"@type\":\"Organization\",\"@id\":\"https:\/\/infoecos.com.ar\/#organization\",\"name\":\"Infoecos\",\"alternateName\":\"Noticias\",\"url\":\"https:\/\/infoecos.com.ar\/\",\"logo\":{\"@type\":\"ImageObject\",\"inLanguage\":\"es\",\"@id\":\"https:\/\/infoecos.com.ar\/#\/schema\/logo\/image\/\",\"url\":\"https:\/\/infoecos.com.ar\/wp-content\/uploads\/2024\/03\/cropped-logo.png\",\"contentUrl\":\"https:\/\/infoecos.com.ar\/wp-content\/uploads\/2024\/03\/cropped-logo.png\",\"width\":374,\"height\":90,\"caption\":\"Infoecos\"},\"image\":{\"@id\":\"https:\/\/infoecos.com.ar\/#\/schema\/logo\/image\/\"},\"sameAs\":[\"https:\/\/www.facebook.com\/profile.php?id=100063200290284\",\"https:\/\/x.com\/infoecos\"]},{\"@type\":\"Person\",\"@id\":\"https:\/\/infoecos.com.ar\/#\/schema\/person\/8f5ace5ce73b4b4aac4b7245aee6f191\",\"name\":\"Jorge Matheus\",\"url\":\"https:\/\/infoecos.com.ar\/index.php\/author\/jomatheus\/\"}]}<\/script>\n<!-- \/ Yoast SEO plugin. -->","yoast_head_json":{"title":"En Bragado culmina este domingo la 53\u00b0 Fiesta Nacional del Caballo - Infoecos","robots":{"index":"index","follow":"follow","max-snippet":"max-snippet:-1","max-image-preview":"max-image-preview:large","max-video-preview":"max-video-preview:-1"},"canonical":"https:\/\/infoecos.com.ar\/index.php\/en-bragado-culmina-este-domingo-la-53-fiesta-nacional-del-caballo\/","og_locale":"es_ES","og_type":"article","og_title":"En Bragado culmina este domingo la 53\u00b0 Fiesta Nacional del Caballo - Infoecos","og_description":"El s\u00e1bado, el escenario mayor fue testigo de una serie de presentaciones que llenaron de m\u00fasica y emoci\u00f3n a los presentes, destaca el sitio bragadotv.com.ar","og_url":"https:\/\/infoecos.com.ar\/index.php\/en-bragado-culmina-este-domingo-la-53-fiesta-nacional-del-caballo\/","og_site_name":"Infoecos","article_publisher":"https:\/\/www.facebook.com\/profile.php?id=100063200290284","article_published_time":"2024-10-13T12:52:40+00:00","article_modified_time":"2024-10-13T12:52:41+00:00","og_image":[{"url":"https:\/\/infoecos.com.ar\/wp-content\/uploads\/2024\/10\/image-112.png","width":640,"height":480,"type":"image\/png"}],"author":"Jorge Matheus","twitter_card":"summary_large_image","twitter_creator":"@infoecos","twitter_site":"@infoecos","twitter_misc":{"Escrito por":"Jorge Matheus","Tiempo de lectura":"2 minutos"},"schema":{"@context":"https:\/\/schema.org","@graph":[{"@type":"Article","@id":"https:\/\/infoecos.com.ar\/index.php\/en-bragado-culmina-este-domingo-la-53-fiesta-nacional-del-caballo\/#article","isPartOf":{"@id":"https:\/\/infoecos.com.ar\/index.php\/en-bragado-culmina-este-domingo-la-53-fiesta-nacional-del-caballo\/"},"author":{"name":"Jorge Matheus","@id":"https:\/\/infoecos.com.ar\/#\/schema\/person\/8f5ace5ce73b4b4aac4b7245aee6f191"},"headline":"En Bragado culmina este domingo la 53\u00b0 Fiesta Nacional del Caballo","datePublished":"2024-10-13T12:52:40+00:00","dateModified":"2024-10-13T12:52:41+00:00","mainEntityOfPage":{"@id":"https:\/\/infoecos.com.ar\/index.php\/en-bragado-culmina-este-domingo-la-53-fiesta-nacional-del-caballo\/"},"wordCount":140,"publisher":{"@id":"https:\/\/infoecos.com.ar\/#organization"},"image":{"@id":"https:\/\/infoecos.com.ar\/index.php\/en-bragado-culmina-este-domingo-la-53-fiesta-nacional-del-caballo\/#primaryimage"},"thumbnailUrl":"https:\/\/infoecos.com.ar\/wp-content\/uploads\/2024\/10\/image-112.png","articleSection":["Noticia Principal"],"inLanguage":"es"},{"@type":"WebPage","@id":"https:\/\/infoecos.com.ar\/index.php\/en-bragado-culmina-este-domingo-la-53-fiesta-nacional-del-caballo\/","url":"https:\/\/infoecos.com.ar\/index.php\/en-bragado-culmina-este-domingo-la-53-fiesta-nacional-del-caballo\/","name":"En Bragado culmina este domingo la 53\u00b0 Fiesta Nacional del Caballo - Infoecos","isPartOf":{"@id":"https:\/\/infoecos.com.ar\/#website"},"primaryImageOfPage":{"@id":"https:\/\/infoecos.com.ar\/index.php\/en-bragado-culmina-este-domingo-la-53-fiesta-nacional-del-caballo\/#primaryimage"},"image":{"@id":"https:\/\/infoecos.com.ar\/index.php\/en-bragado-culmina-este-domingo-la-53-fiesta-nacional-del-caballo\/#primaryimage"},"thumbnailUrl":"https:\/\/infoecos.com.ar\/wp-content\/uploads\/2024\/10\/image-112.png","datePublished":"2024-10-13T12:52:40+00:00","dateModified":"2024-10-13T12:52:41+00:00","breadcrumb":{"@id":"https:\/\/infoecos.com.ar\/index.php\/en-bragado-culmina-este-domingo-la-53-fiesta-nacional-del-caballo\/#breadcrumb"},"inLanguage":"es","potentialAction":[{"@type":"ReadAction","target":["https:\/\/infoecos.com.ar\/index.php\/en-bragado-culmina-este-domingo-la-53-fiesta-nacional-del-caballo\/"]}]},{"@type":"ImageObject","inLanguage":"es","@id":"https:\/\/infoecos.com.ar\/index.php\/en-bragado-culmina-este-domingo-la-53-fiesta-nacional-del-caballo\/#primaryimage","url":"https:\/\/infoecos.com.ar\/wp-content\/uploads\/2024\/10\/image-112.png","contentUrl":"https:\/\/infoecos.com.ar\/wp-content\/uploads\/2024\/10\/image-112.png","width":1200,"height":900},{"@type":"BreadcrumbList","@id":"https:\/\/infoecos.com.ar\/index.php\/en-bragado-culmina-este-domingo-la-53-fiesta-nacional-del-caballo\/#breadcrumb","itemListElement":[{"@type":"ListItem","position":1,"name":"Portada","item":"https:\/\/infoecos.com.ar\/"},{"@type":"ListItem","position":2,"name":"En Bragado culmina este domingo la 53\u00b0 Fiesta Nacional del Caballo"}]},{"@type":"WebSite","@id":"https:\/\/infoecos.com.ar\/#website","url":"https:\/\/infoecos.com.ar\/","name":"Infoecos","description":"Noticias de trenque lauquen y la zona","publisher":{"@id":"https:\/\/infoecos.com.ar\/#organization"},"alternateName":"Noticias","potentialAction":[{"@type":"SearchAction","target":{"@type":"EntryPoint","urlTemplate":"https:\/\/infoecos.com.ar\/?s={search_term_string}"},"query-input":{"@type":"PropertyValueSpecification","valueRequired":true,"valueName":"search_term_string"}}],"inLanguage":"es"},{"@type":"Organization","@id":"https:\/\/infoecos.com.ar\/#organization","name":"Infoecos","alternateName":"Noticias","url":"https:\/\/infoecos.com.ar\/","logo":{"@type":"ImageObject","inLanguage":"es","@id":"https:\/\/infoecos.com.ar\/#\/schema\/logo\/image\/","url":"https:\/\/infoecos.com.ar\/wp-content\/uploads\/2024\/03\/cropped-logo.png","contentUrl":"https:\/\/infoecos.com.ar\/wp-content\/uploads\/2024\/03\/cropped-logo.png","width":374,"height":90,"caption":"Infoecos"},"image":{"@id":"https:\/\/infoecos.com.ar\/#\/schema\/logo\/image\/"},"sameAs":["https:\/\/www.facebook.com\/profile.php?id=100063200290284","https:\/\/x.com\/infoecos"]},{"@type":"Person","@id":"https:\/\/infoecos.com.ar\/#\/schema\/person\/8f5ace5ce73b4b4aac4b7245aee6f191","name":"Jorge Matheus","url":"https:\/\/infoecos.com.ar\/index.php\/author\/jomatheus\/"}]}},"featured_image_urls":{"full":["https:\/\/infoecos.com.ar\/wp-content\/uploads\/2024\/10\/image-112.png",1200,900,false],"thumbnail":["https:\/\/infoecos.com.ar\/wp-content\/uploads\/2024\/10\/image-112-300x150.png",300,150,true],"medium":["https:\/\/infoecos.com.ar\/wp-content\/uploads\/2024\/10\/image-112-800x600.png",800,600,true],"medium_large":["https:\/\/infoecos.com.ar\/wp-content\/uploads\/2024\/10\/image-112-768x576.png",640,480,true],"large":["https:\/\/infoecos.com.ar\/wp-content\/uploads\/2024\/10\/image-112.png",640,480,false],"1536x1536":["https:\/\/infoecos.com.ar\/wp-content\/uploads\/2024\/10\/image-112.png",1200,900,false],"2048x2048":["https:\/\/infoecos.com.ar\/wp-content\/uploads\/2024\/10\/image-112.png",1200,900,false],"covernews-slider-full":["https:\/\/infoecos.com.ar\/wp-content\/uploads\/2024\/10\/image-112-1115x715.png",1115,715,true],"covernews-slider-center":["https:\/\/infoecos.com.ar\/wp-content\/uploads\/2024\/10\/image-112-800x500.png",800,500,true],"covernews-featured":["https:\/\/infoecos.com.ar\/wp-content\/uploads\/2024\/10\/image-112-1024x768.png",1024,768,true],"covernews-medium":["https:\/\/infoecos.com.ar\/wp-content\/uploads\/2024\/10\/image-112-540x340.png",540,340,true],"covernews-medium-square":["https:\/\/infoecos.com.ar\/wp-content\/uploads\/2024\/10\/image-112-400x250.png",400,250,true]},"author_info":{"info":["Jorge Matheus"]},"category_info":"<a href=\"https:\/\/infoecos.com.ar\/index.php\/category\/noticia-principal\/\" rel=\"category tag\">Noticia Principal<\/a>","tag_info":"Noticia Principal","comment_count":"0","_links":{"self":[{"href":"https:\/\/infoecos.com.ar\/index.php\/wp-json\/wp\/v2\/posts\/130918"}],"collection":[{"href":"https:\/\/infoecos.com.ar\/index.php\/wp-json\/wp\/v2\/posts"}],"about":[{"href":"https:\/\/infoecos.com.ar\/index.php\/wp-json\/wp\/v2\/types\/post"}],"author":[{"embeddable":true,"href":"https:\/\/infoecos.com.ar\/index.php\/wp-json\/wp\/v2\/users\/2"}],"replies":[{"embeddable":true,"href":"https:\/\/infoecos.com.ar\/index.php\/wp-json\/wp\/v2\/comments?post=130918"}],"version-history":[{"count":1,"href":"https:\/\/infoecos.com.ar\/index.php\/wp-json\/wp\/v2\/posts\/130918\/revisions"}],"predecessor-version":[{"id":130922,"href":"https:\/\/infoecos.com.ar\/index.php\/wp-json\/wp\/v2\/posts\/130918\/revisions\/130922"}],"wp:featuredmedia":[{"embeddable":true,"href":"https:\/\/infoecos.com.ar\/index.php\/wp-json\/wp\/v2\/media\/130921"}],"wp:attachment":[{"href":"https:\/\/infoecos.com.ar\/index.php\/wp-json\/wp\/v2\/media?parent=130918"}],"wp:term":[{"taxonomy":"category","embeddable":true,"href":"https:\/\/infoecos.com.ar\/index.php\/wp-json\/wp\/v2\/categories?post=130918"},{"taxonomy":"post_tag","embeddable":true,"href":"https:\/\/infoecos.com.ar\/index.php\/wp-json\/wp\/v2\/tags?post=130918"}],"curies":[{"name":"wp","href":"https:\/\/api.w.org\/{rel}","templated":true}]}}